{"id":35879,"date":"2020-03-03T19:35:24","date_gmt":"2020-03-03T22:35:24","guid":{"rendered":"https:\/\/blogdafeira.com.br\/home\/?p=35879"},"modified":"2020-04-22T13:41:47","modified_gmt":"2020-04-22T16:41:47","slug":"justica-acusa-ronaldo-em-fraude-colbert-comenta-havera-de-confirmar-inocencia","status":"publish","type":"post","link":"https:\/\/blogdafeira.com.br\/home\/2020\/03\/03\/justica-acusa-ronaldo-em-fraude-colbert-comenta-havera-de-confirmar-inocencia\/","title":{"rendered":"Justi\u00e7a acusa Ronaldo em fraude;  Colbert comenta: &#8220;haver\u00e1 de confirmar inoc\u00eancia&#8221;"},"content":{"rendered":"<div id=\"blogd-1444506982\" class=\"blogd-fim-do-post-mobile blogd-entity-placement\" style=\"margin-left: auto;margin-right: auto;text-align: center;\"><a href=\"https:\/\/www.sefaz.feiradesantana.ba.gov.br\/\" target=\"_blank\" aria-label=\"728&#215;90 (6)\"><img loading=\"lazy\" decoding=\"async\" src=\"https:\/\/blogdafeira.com.br\/home\/wp-content\/uploads\/2026\/03\/728x90-6.gif\" alt=\"\"  class=\"no-lazyload\" width=\"728\" height=\"90\"  style=\"display: inline-block;\" \/><\/a><\/div><p>O ex-prefeito de Feira de Santana, Jos\u00e9 Ronaldo teve os bens bloqueados hoje pela Justi\u00e7a Federal, por envolvimento em um desvio de recursos p\u00fablicos destinados \u00e0 sa\u00fade, o caso da cooperativa que levou \u00e0 pris\u00e3o o m\u00e9dico. Aroldo Dourado e outras pessoas.<\/p><div id=\"blogd-2244462555\" class=\"blogd-conteudo-2-mobile blogd-entity-placement\"><a href=\"https:\/\/feirenses.com.br\/\" target=\"_blank\" aria-label=\"feirenses\"><img loading=\"lazy\" decoding=\"async\" src=\"https:\/\/blogdafeira.com.br\/home\/wp-content\/uploads\/2026\/04\/feirenses.png\" alt=\"\"  srcset=\"https:\/\/blogdafeira.com.br\/home\/wp-content\/uploads\/2026\/04\/feirenses.png 300w, https:\/\/blogdafeira.com.br\/home\/wp-content\/uploads\/2026\/04\/feirenses-170x45.png 170w, https:\/\/blogdafeira.com.br\/home\/wp-content\/uploads\/2026\/04\/feirenses-280x74.png 280w\" sizes=\"(max-width: 300px) 100vw, 300px\" class=\"no-lazyload\" width=\"300\" height=\"79\"  style=\"display: inline-block;\" \/><\/a><\/div>\n<p>O processo se desenrola h\u00e1 mais de\u00a0 dois anos mas somente agora o ex-prefeito e sua ent\u00e3o (e atual) secret\u00e1ria de Sa\u00fade, Denise Mascarenhas foram oficial e publicamente envolvidos no &#8220;rombo&#8221; no tesouro municipal.<\/p>\n<p><em>Os contratos da prefeitura com a empresa ultrapassaram R$ 285 milh\u00f5es apenas em um ano, diz\u00a0<\/em>a not\u00edcia do bloqueio divulgada em primeira m\u00e3o pelo rep\u00f3rter Alexandre Galv\u00e3o no site <strong><a href=\"https:\/\/www.metro1.com.br\/noticias\/bahia\/88337,feira-de-santana-liminar-bloqueia-bens-de-jose-ronaldo-apos-suposta-fraude-em-licitacoes\">Metro1<\/a><\/strong><\/p>\n<p>Logo ap\u00f3s a not\u00edcia se espalhar o\u00a0 ex-prefeito falou a\u00a0 radialistas.<\/p>\n<p>Do site do\u00a0 programa<strong><a href=\"https:\/\/m.deolhonacidade.net\/noticias\/74753\/o-povo-de-feira-me-conhece-tudo-o-que-tenho-foi-conquistado-com-meus-esforcos-afirma-ronaldo.html\">&#8220;De Olho na Not\u00edcia&#8221;<\/a><\/strong> :<\/p>\n<p><span style=\"font-weight: 400;\"><em>&#8220;Isso \u00e9 chato, claro que \u00e9, quem teve uma vida como eu, 50 anos de servidor p\u00fablico, sem ter nada na vida, e vem uma decis\u00e3o dessas, que nem fui ouvido, baseado numa informa\u00e7\u00e3o de um t\u00e9cnico, \u00e9 complicado<\/em>.&#8221;<\/span><\/p>\n<p>Ronaldo relacionou bens que possui e que segundo ele est\u00e3o longe do valor do boqueio, 24 milh\u00f5es.<\/p>\n<p>O juiz federal Alex Schramm de Rocha determinou o bloqueio de bens em <strong>at\u00e9 R$ 24 milh\u00f5es<\/strong> dele e outras <b>quatro pessoas.<\/b><\/p>\n<p>O site da Prefeitura divulgou a opini\u00e3o do prefeito Colbert Martins Filho que manifesta confian\u00e7a nos servidores envolvidos: Denise Lima Mascarenhas (ex-secret\u00e1ria de Sa\u00fade), Antonio Rosa de Assis, Jos\u00e9 Gil Ramos Lima da Penha e Cleudson Santos Almeida.<\/p>\n<p>E sobre o ex-prefeito afirmou: <em>\u201c\u00c9 um homem honrado, com mais de 50 anos de vida p\u00fablica sem qualquer m\u00e1cula \u00e0 sua imagem e que tem grande credibilidade junto a popula\u00e7\u00e3o. Haver\u00e1 de confirmar a sua inoc\u00eancia\u201d.\u00a0<\/em><\/p>\n<div id=\"blogd-1672098856\" class=\"blogd-final-post blogd-entity-placement\"><a href=\"https:\/\/www.feiradesantana.ba.leg.br\/\" target=\"_blank\" aria-label=\"BANNER-SITE-ENTREGADECHEQUE-CAMARADEFEIRA\"><img loading=\"lazy\" decoding=\"async\" src=\"https:\/\/blogdafeira.com.br\/home\/wp-content\/uploads\/2026\/03\/BANNER-SITE-ENTREGADECHEQUE-CAMARADEFEIRA.gif\" alt=\"\"  class=\"no-lazyload\" width=\"728\" height=\"90\"   \/><\/a><\/div><p>Leia a liminar completa <a href=\"https:\/\/blogdafeira.com.br\/artigos\/liminar_bloqueio_jose_ronaldo.pdf\" target=\"_blank\" rel=\"noopener noreferrer\">aqui<\/a><\/p>\n","protected":false},"excerpt":{"rendered":"<p>O ex-prefeito de Feira de Santana, Jos\u00e9 Ronaldo teve os bens bloqueados hoje pela Justi\u00e7a Federal, por envolvimento em um desvio de recursos p\u00fablicos destinados \u00e0 sa\u00fade, o caso da cooperativa que levou \u00e0 pris\u00e3o o m\u00e9dico. Aroldo Dourado e outras pessoas. O processo se desenrola h\u00e1 mais de\u00a0 dois anos mas somente agora o<\/p>\n","protected":false},"author":8,"featured_media":35880,"comment_status":"closed","ping_status":"open","sticky":false,"template":"","format":"standard","meta":{"jetpack_post_was_ever_published":false,"cybocfi_hide_featured_image":"","_jetpack_newsletter_access":"","_jetpack_dont_email_post_to_subs":false,"_jetpack_newsletter_tier_id":0,"_jetpack_memberships_contains_paywalled_content":false,"_jetpack_memberships_contains_paid_content":false,"footnotes":"","jetpack_publicize_message":"","jetpack_publicize_feature_enabled":true,"jetpack_social_post_already_shared":true,"jetpack_social_options":{"image_generator_settings":{"template":"highway","default_image_id":0,"font":"","enabled":false},"version":2}},"categories":[3],"tags":[18,8,629,11],"class_list":["post-35879","post","type-post","status-publish","format-standard","has-post-thumbnail","hentry","category-cidade","tag-bahia","tag-feira-de-santana","tag-fraudes","tag-jose-ronaldo"],"jetpack_publicize_connections":[],"jetpack_featured_media_url":"https:\/\/blogdafeira.com.br\/home\/wp-content\/uploads\/2020\/03\/332020183256.jpg","jetpack_shortlink":"https:\/\/wp.me\/p3niVf-9kH","jetpack_sharing_enabled":true,"jetpack-related-posts":[{"id":43439,"url":"https:\/\/blogdafeira.com.br\/home\/2021\/02\/13\/fraude-na-saude-publica-pode-impedir-candidatura-de-ronaldo-em-2022\/","url_meta":{"origin":35879,"position":0},"title":"Fraude na sa\u00fade p\u00fablica pode impedir candidatura de Ronaldo em 2022","author":"Blog da Feira","date":"13\/02\/2021","format":false,"excerpt":"O ex-prefeito Jos\u00e9 Ronaldo confessou esta semana em um programa de r\u00e1dio que pode n\u00e3o ser candidato em 2022. \"Primeiro vamos ver se posso ser candidato\", disse a um radialista que lhe perguntou sobre suas inten\u00e7\u00f5es eleitorais em 2022. Mesmo sem citar o caso diretamente, o ex-prefeito referia-se ao seu\u2026","rel":"","context":"Em &quot;Home&quot;","block_context":{"text":"Home","link":"https:\/\/blogdafeira.com.br\/home\/categoria\/raiz\/"},"img":{"alt_text":"","src":"https:\/\/i0.wp.com\/blogdafeira.com.br\/home\/wp-content\/uploads\/2021\/02\/images.jpeg?resize=350%2C200&ssl=1","width":350,"height":200,"srcset":"https:\/\/i0.wp.com\/blogdafeira.com.br\/home\/wp-content\/uploads\/2021\/02\/images.jpeg?resize=350%2C200&ssl=1 1x, https:\/\/i0.wp.com\/blogdafeira.com.br\/home\/wp-content\/uploads\/2021\/02\/images.jpeg?resize=525%2C300&ssl=1 1.5x"},"classes":[]},{"id":46697,"url":"https:\/\/blogdafeira.com.br\/home\/2021\/07\/28\/ronaldo-diz-que-vai-provar-inocencia-na-fraude-de-100-milhoes-em-feira\/","url_meta":{"origin":35879,"position":1},"title":"Ronaldo diz que vai provar inoc\u00eancia na fraude de 100 milh\u00f5es em Feira","author":"Blog da Feira","date":"28\/07\/2021","format":false,"excerpt":"O ex-prefeito de Feira, Jos\u00e9 Ronaldo (DEM) diz hoje no jornal A Tarde, coluna do jornalista Levi Vasconcelos que vai provar sua inoc\u00eancia na fraude de 100 milh\u00f5es de reais pela qual \u00e9 r\u00e9u em um processo na Justi\u00e7a Federal. A fraude foi descoberta na 'Opera\u00e7\u00e3o Pytiocampa' que prendeu dono\u2026","rel":"","context":"Em &quot;Cidade&quot;","block_context":{"text":"Cidade","link":"https:\/\/blogdafeira.com.br\/home\/categoria\/cidade\/"},"img":{"alt_text":"","src":"https:\/\/i0.wp.com\/blogdafeira.com.br\/home\/wp-content\/uploads\/2021\/07\/Screenshot_20210728-0637443.png?resize=350%2C200&ssl=1","width":350,"height":200,"srcset":"https:\/\/i0.wp.com\/blogdafeira.com.br\/home\/wp-content\/uploads\/2021\/07\/Screenshot_20210728-0637443.png?resize=350%2C200&ssl=1 1x, https:\/\/i0.wp.com\/blogdafeira.com.br\/home\/wp-content\/uploads\/2021\/07\/Screenshot_20210728-0637443.png?resize=525%2C300&ssl=1 1.5x, https:\/\/i0.wp.com\/blogdafeira.com.br\/home\/wp-content\/uploads\/2021\/07\/Screenshot_20210728-0637443.png?resize=700%2C400&ssl=1 2x"},"classes":[]},{"id":31514,"url":"https:\/\/blogdafeira.com.br\/home\/2019\/05\/28\/vereadores-governistas-de-feira-de-santana-nao-explicam-caos-na-saude-apenas-fazem-elogios-a-ze-ronaldo\/","url_meta":{"origin":35879,"position":2},"title":"Vereadores governistas de Feira de Santana n\u00e3o explicam caos na sa\u00fade; apenas fazem elogios a Z\u00e9 Ronaldo","author":"J\u00e2nio R\u00eago","date":"28\/05\/2019","format":false,"excerpt":"'Um bom pai de fam\u00edlia, um bom amigo, um homem honrado, do bem, sens\u00edvel com os mais necesitados....\" foi com elogios desse tipo ao ex-prefeito Jos\u00e9 Ronaldo de Carvalho que os vereadores governistas 'defenderam' o governo do munic\u00edp\u00edo das den\u00fancias de caos na sa\u00fade p\u00fablica, apresentadas durante um pronunciamento do\u2026","rel":"","context":"Em &quot;Home&quot;","block_context":{"text":"Home","link":"https:\/\/blogdafeira.com.br\/home\/categoria\/raiz\/"},"img":{"alt_text":"","src":"https:\/\/i0.wp.com\/blogdafeira.com.br\/home\/wp-content\/uploads\/2019\/05\/Vereador-Roberto-Tourinho.jpg?resize=350%2C200","width":350,"height":200},"classes":[]},{"id":30872,"url":"https:\/\/blogdafeira.com.br\/home\/2019\/02\/28\/psol-mostra-a-cara-dos-vereadores-de-feira-que-nao-querem-fiscalizar-a-fraude-na-saude-municipal\/","url_meta":{"origin":35879,"position":3},"title":"PSOL mostra a cara dos vereadores de Feira que n\u00e3o querem fiscalizar a fraude na sa\u00fade municipal","author":"J\u00e2nio R\u00eago","date":"28\/02\/2019","format":false,"excerpt":"Autor da iniciativa de pedir uma CPI para o desvio de dinheiro da sa\u00fade p\u00fablica de Feira de Santana ( em seguida adotada pelo vereador Roberto Tourinho (PV),) o PSOL de Feira divulga e disteibui um cartaz com os rostos dos vereadores que se negaram a assinar o pedido de\u2026","rel":"","context":"Em &quot;Home&quot;","block_context":{"text":"Home","link":"https:\/\/blogdafeira.com.br\/home\/categoria\/raiz\/"},"img":{"alt_text":"","src":"https:\/\/i0.wp.com\/blogdafeira.com.br\/home\/wp-content\/uploads\/2019\/02\/FB_IMG_1551385271909.jpg?resize=350%2C200&ssl=1","width":350,"height":200,"srcset":"https:\/\/i0.wp.com\/blogdafeira.com.br\/home\/wp-content\/uploads\/2019\/02\/FB_IMG_1551385271909.jpg?resize=350%2C200&ssl=1 1x, https:\/\/i0.wp.com\/blogdafeira.com.br\/home\/wp-content\/uploads\/2019\/02\/FB_IMG_1551385271909.jpg?resize=525%2C300&ssl=1 1.5x, https:\/\/i0.wp.com\/blogdafeira.com.br\/home\/wp-content\/uploads\/2019\/02\/FB_IMG_1551385271909.jpg?resize=700%2C400&ssl=1 2x"},"classes":[]},{"id":63230,"url":"https:\/\/blogdafeira.com.br\/home\/2024\/08\/13\/ex-secretaria-acusada-de-desvio-de-dinheiro-do-sus-e-candidata-pelo-partido-de-bolsonaro\/","url_meta":{"origin":35879,"position":4},"title":"Ex-secret\u00e1ria acusada de desvio de dinheiro do SUS \u00e9 candidata pelo partido de Bolsonaro","author":"Blog da Feira","date":"13\/08\/2024","format":false,"excerpt":"A ex-secret\u00e1ria de Sa\u00fade de Feira de Santana, Denise Mascarenhas, r\u00e9 em processo na Justi\u00e7a Federal acusada de improbidade administrativa com recurso do SUS (Sistema \u00danico de Sa\u00fade),\u00a0 \u00e9 candidata a vereadora pelo PL, partido do ex-presidente Bolsonaro. Denise ocupou o cargo de Secret\u00e1ria por mais de 10 anos. (2005\/2008\u2026","rel":"","context":"Em &quot;Elei\u00e7\u00f5es 2024&quot;","block_context":{"text":"Elei\u00e7\u00f5es 2024","link":"https:\/\/blogdafeira.com.br\/home\/categoria\/politica\/eleicoes-2024\/"},"img":{"alt_text":"","src":"https:\/\/i0.wp.com\/blogdafeira.com.br\/home\/wp-content\/uploads\/2024\/08\/denise-mascarenhas-e1713345349114.jpg.webp?resize=350%2C200&ssl=1","width":350,"height":200,"srcset":"https:\/\/i0.wp.com\/blogdafeira.com.br\/home\/wp-content\/uploads\/2024\/08\/denise-mascarenhas-e1713345349114.jpg.webp?resize=350%2C200&ssl=1 1x, https:\/\/i0.wp.com\/blogdafeira.com.br\/home\/wp-content\/uploads\/2024\/08\/denise-mascarenhas-e1713345349114.jpg.webp?resize=525%2C300&ssl=1 1.5x, https:\/\/i0.wp.com\/blogdafeira.com.br\/home\/wp-content\/uploads\/2024\/08\/denise-mascarenhas-e1713345349114.jpg.webp?resize=700%2C400&ssl=1 2x"},"classes":[]},{"id":31304,"url":"https:\/\/blogdafeira.com.br\/home\/2019\/05\/01\/desembargadores-jogam-no-lixo-acao-de-promotores-de-feira-contra-o-ex-prefeito-ze-ronaldo\/","url_meta":{"origin":35879,"position":5},"title":"Desembargadores jogam no lixo a\u00e7\u00e3o de promotores de Feira contra o ex-prefeito Z\u00e9 Ronaldo","author":"J\u00e2nio R\u00eago","date":"01\/05\/2019","format":false,"excerpt":"Considerada fr\u00e1gil em fundamentos e provas desde o in\u00edcio, a a\u00e7\u00e3o jur\u00eddica movida por promotores de Feira de Santana contra o ex-prefeito Jos\u00e9 Ronaldo (DEM) foi literalmente para o lixo do Tribunal de Justi\u00e7a da Bahia que a extinguiu, a pedido dos advogados de Ronaldo, para vergonha e poss\u00edvel dolo\u2026","rel":"","context":"Em &quot;Home&quot;","block_context":{"text":"Home","link":"https:\/\/blogdafeira.com.br\/home\/categoria\/raiz\/"},"img":{"alt_text":"","src":"https:\/\/i0.wp.com\/blogdafeira.com.br\/home\/wp-content\/uploads\/2017\/03\/ronaldo-orisa-gomes.jpg?resize=350%2C200","width":350,"height":200,"srcset":"https:\/\/i0.wp.com\/blogdafeira.com.br\/home\/wp-content\/uploads\/2017\/03\/ronaldo-orisa-gomes.jpg?resize=350%2C200 1x, https:\/\/i0.wp.com\/blogdafeira.com.br\/home\/wp-content\/uploads\/2017\/03\/ronaldo-orisa-gomes.jpg?resize=525%2C300 1.5x"},"classes":[]}],"_links":{"self":[{"href":"https:\/\/blogdafeira.com.br\/home\/wp-json\/wp\/v2\/posts\/35879","targetHints":{"allow":["GET"]}}],"collection":[{"href":"https:\/\/blogdafeira.com.br\/home\/wp-json\/wp\/v2\/posts"}],"about":[{"href":"https:\/\/blogdafeira.com.br\/home\/wp-json\/wp\/v2\/types\/post"}],"author":[{"embeddable":true,"href":"https:\/\/blogdafeira.com.br\/home\/wp-json\/wp\/v2\/users\/8"}],"replies":[{"embeddable":true,"href":"https:\/\/blogdafeira.com.br\/home\/wp-json\/wp\/v2\/comments?post=35879"}],"version-history":[{"count":8,"href":"https:\/\/blogdafeira.com.br\/home\/wp-json\/wp\/v2\/posts\/35879\/revisions"}],"predecessor-version":[{"id":35908,"href":"https:\/\/blogdafeira.com.br\/home\/wp-json\/wp\/v2\/posts\/35879\/revisions\/35908"}],"wp:featuredmedia":[{"embeddable":true,"href":"https:\/\/blogdafeira.com.br\/home\/wp-json\/wp\/v2\/media\/35880"}],"wp:attachment":[{"href":"https:\/\/blogdafeira.com.br\/home\/wp-json\/wp\/v2\/media?parent=35879"}],"wp:term":[{"taxonomy":"category","embeddable":true,"href":"https:\/\/blogdafeira.com.br\/home\/wp-json\/wp\/v2\/categories?post=35879"},{"taxonomy":"post_tag","embeddable":true,"href":"https:\/\/blogdafeira.com.br\/home\/wp-json\/wp\/v2\/tags?post=35879"}],"curies":[{"name":"wp","href":"https:\/\/api.w.org\/{rel}","templated":true}]}}