{"id":36103,"date":"2020-03-11T11:18:00","date_gmt":"2020-03-11T14:18:00","guid":{"rendered":"https:\/\/blogdafeira.com.br\/home\/?p=36103"},"modified":"2020-04-22T13:41:46","modified_gmt":"2020-04-22T16:41:46","slug":"adiamento-da-micareta-pode-ser-inevitavel","status":"publish","type":"post","link":"https:\/\/blogdafeira.com.br\/home\/2020\/03\/11\/adiamento-da-micareta-pode-ser-inevitavel\/","title":{"rendered":"Adiamento da Micareta pode ser inevit\u00e1vel"},"content":{"rendered":"<p>&nbsp;<\/p>\n<div id=\"blogd-1517938102\" class=\"blogd-fim-do-post-mobile blogd-entity-placement\" style=\"margin-left: auto;margin-right: auto;text-align: center;\"><a href=\"https:\/\/www.sefaz.feiradesantana.ba.gov.br\/\" target=\"_blank\" aria-label=\"728&#215;90 (6)\"><img loading=\"lazy\" decoding=\"async\" src=\"https:\/\/blogdafeira.com.br\/home\/wp-content\/uploads\/2026\/03\/728x90-6.gif\" alt=\"\"  class=\"no-lazyload\" width=\"728\" height=\"90\"  style=\"display: inline-block;\" \/><\/a><\/div><p><span style=\"font-weight: 400;\">\u00c9 muito oportuna a proposta de adiamento da Micareta apresentada \u00e0 prefeitura da Feira de Santana pela Fiscaliza\u00e7\u00e3o Preventiva Integrada (FPI). A sugest\u00e3o se deve \u00e0 epidemia do coronav\u00edrus, que come\u00e7ou na China e se espalhou por boa parte do mundo. Aqui mesmo, no munic\u00edpio, j\u00e1 foram confirmados dois casos. A Micareta est\u00e1 programa para o per\u00edodo de 23 a 26 de abril. Por enquanto o prefeito Colbert Filho \u2013 que, inclusive, \u00e9 m\u00e9dico \u2013 descartou o adiamento.<\/span><\/p><div id=\"blogd-2300607908\" class=\"blogd-conteudo-2-mobile blogd-entity-placement\"><a href=\"https:\/\/feirenses.com.br\/\" target=\"_blank\" aria-label=\"feirenses\"><img loading=\"lazy\" decoding=\"async\" src=\"https:\/\/blogdafeira.com.br\/home\/wp-content\/uploads\/2026\/04\/feirenses.png\" alt=\"\"  srcset=\"https:\/\/blogdafeira.com.br\/home\/wp-content\/uploads\/2026\/04\/feirenses.png 300w, https:\/\/blogdafeira.com.br\/home\/wp-content\/uploads\/2026\/04\/feirenses-170x45.png 170w, https:\/\/blogdafeira.com.br\/home\/wp-content\/uploads\/2026\/04\/feirenses-280x74.png 280w\" sizes=\"(max-width: 300px) 100vw, 300px\" class=\"no-lazyload\" width=\"300\" height=\"79\"  style=\"display: inline-block;\" \/><\/a><\/div>\n<p><span style=\"font-weight: 400;\">\u00c0 primeira vista, pode parecer precipita\u00e7\u00e3o adiar a folia feirense. Afinal, at\u00e9 o momento, foram detectados dois casos, conforme se apontou. E todas as autoridades \u2013 municipais e estaduais \u2013 asseguram que todos os protocolos est\u00e3o sendo seguidos, que tudo est\u00e1 sob controle. N\u00e3o haveria raz\u00f5es para p\u00e2nico, nem para o adiamento da Micareta. Pelo menos at\u00e9 o momento, \u00e9 bom ressaltar.<\/span><\/p>\n<p><span style=\"font-weight: 400;\">A quest\u00e3o \u00e9 que o pr\u00f3prio Minist\u00e9rio da Sa\u00fade prev\u00ea que os casos da doen\u00e7a devem crescer \u201cexponencialmente\u201d \u2013 a express\u00e3o \u00e9 do pr\u00f3prio minist\u00e9rio \u2013 em at\u00e9 duas semanas e meia. \u00c9 o equivalente a cerca de dezoito dias. Em meados de mar\u00e7o, portanto, a doen\u00e7a estaria se aproximando do seu patamar mais elevado. Preocupante, porque estaremos a pouco mais de 20 dias da Micareta.<\/span><\/p>\n<p><span style=\"font-weight: 400;\">O mais inquietante, por\u00e9m, \u00e9 que o pr\u00f3prio Minist\u00e9rio da Sa\u00fade estima que a doen\u00e7a tende a permanecer nesse patamar elevado \u2013 um \u201cplat\u00f4\u201d, conforme express\u00e3o t\u00e9cnica \u2013 por at\u00e9 oito semanas. A partir de ent\u00e3o, os registros come\u00e7ariam a declinar. Note-se que este \u00e9 o cen\u00e1rio mais desfavor\u00e1vel projetado. Mas \u00e9 sempre bom consider\u00e1-lo.<\/span><\/p>\n<p><b>Precau\u00e7\u00e3o \u00e9 imprescind\u00edvel<\/b><\/p>\n<p><span style=\"font-weight: 400;\">O Brasil vive um momento turbulento demais para que se invista no p\u00e2nico e no \u201cquanto pior melhor\u201d, que \u00e9 a estrat\u00e9gia da turma encarapitada no Planalto. \u00c9 necess\u00e1rio, portanto, tratar da quest\u00e3o do coronav\u00edrus com responsabilidade. Mas a precau\u00e7\u00e3o \u00e9 imprescind\u00edvel, sobretudo porque a rede p\u00fablica de sa\u00fade, no Brasil, claudica com o desmonte sistem\u00e1tico e a falta de recursos que se v\u00ea a\u00ed.<\/span><\/p>\n<p><span style=\"font-weight: 400;\">Assim, talvez l\u00e1 adiante, se constate que o adiamento da Micareta seja o mais prudente. A festa pode aguardar um momento mais oportuno para acontecer. O que n\u00e3o se pode \u00e9 colocar a popula\u00e7\u00e3o em risco \u2013 sobretudo idosos, crian\u00e7as e gente com sa\u00fade fr\u00e1gil \u2013 em nome de uma tradi\u00e7\u00e3o ou dos lucros dos empres\u00e1rios da folia.<\/span><\/p>\n<p><span style=\"font-weight: 400;\">Problema mesmo seriam hospitais superlotados, gente \u00e0 espera de atendimento nos corredores e, o que \u00e9 pior, mortes que poderiam ser evitadas. Enfim, a trag\u00e9dia que o brasileiro se acostumou a ver no dia-a-dia no notici\u00e1rio. S\u00f3 que potencializada no contexto de uma grave epidemia.<\/span><\/p>\n<p><span style=\"font-weight: 400;\">Os pr\u00f3ximos dias v\u00e3o indicar qual o melhor caminho a seguir. O fato \u00e9 que, por prud\u00eancia, muita gente deve evitar a Micareta feirense em 2020, mesmo que o adiamento n\u00e3o ocorra. \u00c9 o mais sensato: num Pa\u00eds presidido por amadores e em que o acesso \u00e0 sa\u00fade \u00e9 luxo, cada um que cuide de si.<\/span><\/p>\n<div id=\"blogd-867014178\" class=\"blogd-final-post blogd-entity-placement\"><a href=\"https:\/\/www.feiradesantana.ba.leg.br\/\" target=\"_blank\" aria-label=\"BANNER-SITE-ENTREGADECHEQUE-CAMARADEFEIRA\"><img loading=\"lazy\" decoding=\"async\" src=\"https:\/\/blogdafeira.com.br\/home\/wp-content\/uploads\/2026\/03\/BANNER-SITE-ENTREGADECHEQUE-CAMARADEFEIRA.gif\" alt=\"\"  class=\"no-lazyload\" width=\"728\" height=\"90\"   \/><\/a><\/div><p><span style=\"font-weight: 400;\">\u00c9 o que prega a popular \u201clei do murici\u201d.<\/span><\/p>\n","protected":false},"excerpt":{"rendered":"<p>&nbsp; \u00c9 muito oportuna a proposta de adiamento da Micareta apresentada \u00e0 prefeitura da Feira de Santana pela Fiscaliza\u00e7\u00e3o Preventiva Integrada (FPI). A sugest\u00e3o se deve \u00e0 epidemia do coronav\u00edrus, que come\u00e7ou na China e se espalhou por boa parte do mundo. Aqui mesmo, no munic\u00edpio, j\u00e1 foram confirmados dois casos. A Micareta est\u00e1 programa<\/p>\n","protected":false},"author":13,"featured_media":36107,"comment_status":"closed","ping_status":"open","sticky":false,"template":"","format":"standard","meta":{"jetpack_post_was_ever_published":false,"cybocfi_hide_featured_image":"","_jetpack_newsletter_access":"","_jetpack_dont_email_post_to_subs":false,"_jetpack_newsletter_tier_id":0,"_jetpack_memberships_contains_paywalled_content":false,"_jetpack_memberships_contains_paid_content":false,"footnotes":"","jetpack_publicize_message":"","jetpack_publicize_feature_enabled":true,"jetpack_social_post_already_shared":true,"jetpack_social_options":{"image_generator_settings":{"template":"highway","default_image_id":0,"font":"","enabled":false},"version":2}},"categories":[3,592,4],"tags":[],"class_list":["post-36103","post","type-post","status-publish","format-standard","has-post-thumbnail","hentry","category-cidade","category-colunistas","category-cultura"],"jetpack_publicize_connections":[],"jetpack_featured_media_url":"https:\/\/blogdafeira.com.br\/home\/wp-content\/uploads\/2020\/03\/2382019095739.jpg","jetpack_shortlink":"https:\/\/wp.me\/p3niVf-9oj","jetpack_sharing_enabled":true,"jetpack-related-posts":[{"id":36572,"url":"https:\/\/blogdafeira.com.br\/home\/2020\/03\/24\/quem-ganha-e-quem-perde-com-o-adiamento-das-eleicoes\/","url_meta":{"origin":36103,"position":0},"title":"Quem ganha e quem perde com o adiamento das elei\u00e7\u00f5es","author":"Andr\u00e9 Pomponet","date":"24\/03\/2020","format":false,"excerpt":"A epidemia de coronav\u00edrus trouxe um ingrediente novo para o cen\u00e1rio pol\u00edtico brasileiro: a possibilidade de adiamento das elei\u00e7\u00f5es municipais de 2020. Algumas das principais lideran\u00e7as pol\u00edticas do Pa\u00eds evitam abordar a quest\u00e3o no momento. Afinal, a prioridade \u00e9 o combate ao coronav\u00edrus. Mas, nos bastidores, os coment\u00e1rios fervilham. E\u2026","rel":"","context":"Em &quot;Colunistas&quot;","block_context":{"text":"Colunistas","link":"https:\/\/blogdafeira.com.br\/home\/categoria\/colunistas\/"},"img":{"alt_text":"","src":"https:\/\/i0.wp.com\/blogdafeira.com.br\/home\/wp-content\/uploads\/2020\/03\/elei%C3%A7%C3%A3o.jpg?resize=350%2C200&ssl=1","width":350,"height":200,"srcset":"https:\/\/i0.wp.com\/blogdafeira.com.br\/home\/wp-content\/uploads\/2020\/03\/elei%C3%A7%C3%A3o.jpg?resize=350%2C200&ssl=1 1x, https:\/\/i0.wp.com\/blogdafeira.com.br\/home\/wp-content\/uploads\/2020\/03\/elei%C3%A7%C3%A3o.jpg?resize=525%2C300&ssl=1 1.5x, https:\/\/i0.wp.com\/blogdafeira.com.br\/home\/wp-content\/uploads\/2020\/03\/elei%C3%A7%C3%A3o.jpg?resize=700%2C400&ssl=1 2x"},"classes":[]},{"id":37323,"url":"https:\/\/blogdafeira.com.br\/home\/2020\/04\/23\/micareta-foi-a-primeira-vitima-do-covid-19-em-feira\/","url_meta":{"origin":36103,"position":1},"title":"Micareta foi a primeira v\u00edtima da Covid-19 em Feira","author":"Andr\u00e9 Pomponet","date":"23\/04\/2020","format":false,"excerpt":"Foi muito lembrado, nas m\u00eddias sociais, que a Micareta 2020 deveria come\u00e7ar hoje (23). A folia foi a primeira v\u00edtima da Covid-19: na primeira quinzena de mar\u00e7o a prefeitura anunciou o adiamento, sem nova data prevista. Naquele momento muita gente se espantou com a suspens\u00e3o. N\u00e3o faltou quem apostasse que\u2026","rel":"","context":"Em &quot;Cidade&quot;","block_context":{"text":"Cidade","link":"https:\/\/blogdafeira.com.br\/home\/categoria\/cidade\/"},"img":{"alt_text":"","src":"https:\/\/i0.wp.com\/blogdafeira.com.br\/home\/wp-content\/uploads\/2020\/04\/micareta.jpg?resize=350%2C200&ssl=1","width":350,"height":200,"srcset":"https:\/\/i0.wp.com\/blogdafeira.com.br\/home\/wp-content\/uploads\/2020\/04\/micareta.jpg?resize=350%2C200&ssl=1 1x, https:\/\/i0.wp.com\/blogdafeira.com.br\/home\/wp-content\/uploads\/2020\/04\/micareta.jpg?resize=525%2C300&ssl=1 1.5x"},"classes":[]},{"id":37862,"url":"https:\/\/blogdafeira.com.br\/home\/2020\/05\/17\/presidente-da-assembleia-legislativa-da-bahia-e-favoravel-ao-adiamento-do-enem\/","url_meta":{"origin":36103,"position":2},"title":"Presidente da Assembleia Legislativa da Bahia \u00e9 favor\u00e1vel ao adiamento do Enem","author":"Blog da Feira","date":"17\/05\/2020","format":false,"excerpt":"\u201cSou favor\u00e1vel ao adiamento do Enem. N\u00e3o \u00e9 justo que alunos de escolas privadas, com aulas online, disputem uma vaga com outros estudantes que n\u00e3o t\u00eam as mesmas aulas virtuais ou, sequer, tenham acesso \u00e0 internet: apenas 36% dos alunos da rede p\u00fablica no pa\u00eds se interligam \u00e0 web em\u2026","rel":"","context":"Em &quot;Bahia&quot;","block_context":{"text":"Bahia","link":"https:\/\/blogdafeira.com.br\/home\/categoria\/bahia\/"},"img":{"alt_text":"","src":"https:\/\/i0.wp.com\/blogdafeira.com.br\/home\/wp-content\/uploads\/2020\/05\/TV-Enem.jpeg?resize=350%2C200&ssl=1","width":350,"height":200,"srcset":"https:\/\/i0.wp.com\/blogdafeira.com.br\/home\/wp-content\/uploads\/2020\/05\/TV-Enem.jpeg?resize=350%2C200&ssl=1 1x, https:\/\/i0.wp.com\/blogdafeira.com.br\/home\/wp-content\/uploads\/2020\/05\/TV-Enem.jpeg?resize=525%2C300&ssl=1 1.5x, https:\/\/i0.wp.com\/blogdafeira.com.br\/home\/wp-content\/uploads\/2020\/05\/TV-Enem.jpeg?resize=700%2C400&ssl=1 2x, https:\/\/i0.wp.com\/blogdafeira.com.br\/home\/wp-content\/uploads\/2020\/05\/TV-Enem.jpeg?resize=1050%2C600&ssl=1 3x"},"classes":[]},{"id":43026,"url":"https:\/\/blogdafeira.com.br\/home\/2021\/01\/14\/jeronimo-reitera-ao-mec-pedido-de-adiamento-do-enem\/","url_meta":{"origin":36103,"position":3},"title":"Jer\u00f4nimo reitera ao MEC pedido de adiamento do ENEM","author":"Blog da Feira","date":"14\/01\/2021","format":false,"excerpt":"A Secretaria da Educa\u00e7\u00e3o do Estado da Bahia (SEC) reiterou, por meio de Of\u00edcio, encaminhado ao Instituto Nacional de Estudos e Pesquisas Educacionais An\u00edsio Teixeira (INEP), \u00f3rg\u00e3o ligado ao Minist\u00e9rio da Educa\u00e7\u00e3o (MEC), o pedido de adiamento da aplica\u00e7\u00e3o da prova do Exame Nacional do Ensino M\u00e9dio (ENEM). Segundo o\u2026","rel":"","context":"Em &quot;Bahia&quot;","block_context":{"text":"Bahia","link":"https:\/\/blogdafeira.com.br\/home\/categoria\/bahia\/"},"img":{"alt_text":"","src":"https:\/\/i0.wp.com\/blogdafeira.com.br\/home\/wp-content\/uploads\/2021\/01\/images-1.jpeg?resize=350%2C200&ssl=1","width":350,"height":200,"srcset":"https:\/\/i0.wp.com\/blogdafeira.com.br\/home\/wp-content\/uploads\/2021\/01\/images-1.jpeg?resize=350%2C200&ssl=1 1x, https:\/\/i0.wp.com\/blogdafeira.com.br\/home\/wp-content\/uploads\/2021\/01\/images-1.jpeg?resize=525%2C300&ssl=1 1.5x, https:\/\/i0.wp.com\/blogdafeira.com.br\/home\/wp-content\/uploads\/2021\/01\/images-1.jpeg?resize=700%2C400&ssl=1 2x"},"classes":[]},{"id":46028,"url":"https:\/\/blogdafeira.com.br\/home\/2021\/06\/26\/colbert-suspende-eleicao-de-diretores-de-escolas-para-evitar-aglomeracao\/","url_meta":{"origin":36103,"position":4},"title":"Colbert suspende elei\u00e7\u00e3o de diretores de escolas &#8216;para evitar aglomera\u00e7\u00e3o&#8217;","author":"Blog da Feira","date":"26\/06\/2021","format":false,"excerpt":"A elei\u00e7\u00e3o direta dos diretores e vice-diretores das escolas da Rede Municipal de Educa\u00e7\u00e3o, prevista na lei municipal n\u00ba 3.392, de 2013, foi adiada para 31 de maio de 2022. A \u00faltima elei\u00e7\u00e3o aconteceu em 2017 e o mandato atual teria dura\u00e7\u00e3o at\u00e9 dezembro deste ano. A elei\u00e7\u00e3o estava prevista\u2026","rel":"","context":"Em &quot;Geral&quot;","block_context":{"text":"Geral","link":"https:\/\/blogdafeira.com.br\/home\/categoria\/geral\/"},"img":{"alt_text":"","src":"https:\/\/i0.wp.com\/blogdafeira.com.br\/home\/wp-content\/uploads\/2021\/06\/corona-420x280_c-420x280_c.jpg?resize=350%2C200&ssl=1","width":350,"height":200},"classes":[]},{"id":36770,"url":"https:\/\/blogdafeira.com.br\/home\/2020\/03\/31\/adiada-realocacao-de-camelos-para-shopping-popular\/","url_meta":{"origin":36103,"position":5},"title":"Adiada realoca\u00e7\u00e3o de camel\u00f4s para &#8216;Shopping Popular&#8217;","author":"Blog da Feira","date":"31\/03\/2020","format":false,"excerpt":"A retirada e reloca\u00e7\u00e3o dos vendedores ambulantes\u00a0cadastrados no Centro Comercial Popular, que deveria acontecer at\u00e9 o \u00faltimo domingo, 29, foram suspensas por tempo indeterminado. A medida, adotada pelo prefeito Colbert\u00a0 Martins Filho, est\u00e1 sendo divulgada pela Secretaria de Trabalho, Turismo e Desenvolvimento Econ\u00f4mico (Settdec). O adiamento atende as recomenda\u00e7\u00f5es de\u2026","rel":"","context":"Em &quot;Cidade&quot;","block_context":{"text":"Cidade","link":"https:\/\/blogdafeira.com.br\/home\/categoria\/cidade\/"},"img":{"alt_text":"","src":"https:\/\/i0.wp.com\/blogdafeira.com.br\/home\/wp-content\/uploads\/2020\/01\/20191211_110230_HDR.jpg?resize=350%2C200&ssl=1","width":350,"height":200,"srcset":"https:\/\/i0.wp.com\/blogdafeira.com.br\/home\/wp-content\/uploads\/2020\/01\/20191211_110230_HDR.jpg?resize=350%2C200&ssl=1 1x, https:\/\/i0.wp.com\/blogdafeira.com.br\/home\/wp-content\/uploads\/2020\/01\/20191211_110230_HDR.jpg?resize=525%2C300&ssl=1 1.5x, https:\/\/i0.wp.com\/blogdafeira.com.br\/home\/wp-content\/uploads\/2020\/01\/20191211_110230_HDR.jpg?resize=700%2C400&ssl=1 2x, https:\/\/i0.wp.com\/blogdafeira.com.br\/home\/wp-content\/uploads\/2020\/01\/20191211_110230_HDR.jpg?resize=1050%2C600&ssl=1 3x, https:\/\/i0.wp.com\/blogdafeira.com.br\/home\/wp-content\/uploads\/2020\/01\/20191211_110230_HDR.jpg?resize=1400%2C800&ssl=1 4x"},"classes":[]}],"_links":{"self":[{"href":"https:\/\/blogdafeira.com.br\/home\/wp-json\/wp\/v2\/posts\/36103","targetHints":{"allow":["GET"]}}],"collection":[{"href":"https:\/\/blogdafeira.com.br\/home\/wp-json\/wp\/v2\/posts"}],"about":[{"href":"https:\/\/blogdafeira.com.br\/home\/wp-json\/wp\/v2\/types\/post"}],"author":[{"embeddable":true,"href":"https:\/\/blogdafeira.com.br\/home\/wp-json\/wp\/v2\/users\/13"}],"replies":[{"embeddable":true,"href":"https:\/\/blogdafeira.com.br\/home\/wp-json\/wp\/v2\/comments?post=36103"}],"version-history":[{"count":5,"href":"https:\/\/blogdafeira.com.br\/home\/wp-json\/wp\/v2\/posts\/36103\/revisions"}],"predecessor-version":[{"id":36123,"href":"https:\/\/blogdafeira.com.br\/home\/wp-json\/wp\/v2\/posts\/36103\/revisions\/36123"}],"wp:featuredmedia":[{"embeddable":true,"href":"https:\/\/blogdafeira.com.br\/home\/wp-json\/wp\/v2\/media\/36107"}],"wp:attachment":[{"href":"https:\/\/blogdafeira.com.br\/home\/wp-json\/wp\/v2\/media?parent=36103"}],"wp:term":[{"taxonomy":"category","embeddable":true,"href":"https:\/\/blogdafeira.com.br\/home\/wp-json\/wp\/v2\/categories?post=36103"},{"taxonomy":"post_tag","embeddable":true,"href":"https:\/\/blogdafeira.com.br\/home\/wp-json\/wp\/v2\/tags?post=36103"}],"curies":[{"name":"wp","href":"https:\/\/api.w.org\/{rel}","templated":true}]}}