{"id":36277,"date":"2020-03-16T12:19:38","date_gmt":"2020-03-16T15:19:38","guid":{"rendered":"https:\/\/blogdafeira.com.br\/home\/?p=36277"},"modified":"2020-03-16T15:43:54","modified_gmt":"2020-03-16T18:43:54","slug":"secult-abre-processo-eleitoral-para-o-conselho-de-cultura-da-bahia","status":"publish","type":"post","link":"https:\/\/blogdafeira.com.br\/home\/2020\/03\/16\/secult-abre-processo-eleitoral-para-o-conselho-de-cultura-da-bahia\/","title":{"rendered":"Secult abre processo eleitoral para o Conselho de Cultura da Bahia"},"content":{"rendered":"<div id=\"blogd-2787562691\" class=\"blogd-fim-do-post-mobile blogd-entity-placement\" style=\"margin-left: auto;margin-right: auto;text-align: center;\"><a href=\"https:\/\/www.sefaz.feiradesantana.ba.gov.br\/\" target=\"_blank\" aria-label=\"728&#215;90 (6)\"><img loading=\"lazy\" decoding=\"async\" src=\"https:\/\/blogdafeira.com.br\/home\/wp-content\/uploads\/2026\/03\/728x90-6.gif\" alt=\"\"  class=\"no-lazyload\" width=\"728\" height=\"90\"  style=\"display: inline-block;\" \/><\/a><\/div><p>A Secretaria de Cultura da Bahia (SecultBA) publicou no s\u00e1bado, 14, a portaria que estabelece os crit\u00e9rios e regras para o processo que eleger\u00e1 10 novos representantes titulares da sociedade civil como Conselheiros Estaduais de Cultura, bem como seus respectivos 10 suplentes. Todos os mandatos s\u00e3o para o per\u00edodo de 2020 a 2023.<\/p><div id=\"blogd-2146063921\" class=\"blogd-conteudo-2-mobile blogd-entity-placement\"><a href=\"https:\/\/feirenses.com.br\/\" target=\"_blank\" aria-label=\"feirenses\"><img loading=\"lazy\" decoding=\"async\" src=\"https:\/\/blogdafeira.com.br\/home\/wp-content\/uploads\/2026\/04\/feirenses.png\" alt=\"\"  srcset=\"https:\/\/blogdafeira.com.br\/home\/wp-content\/uploads\/2026\/04\/feirenses.png 300w, https:\/\/blogdafeira.com.br\/home\/wp-content\/uploads\/2026\/04\/feirenses-170x45.png 170w, https:\/\/blogdafeira.com.br\/home\/wp-content\/uploads\/2026\/04\/feirenses-280x74.png 280w\" sizes=\"(max-width: 300px) 100vw, 300px\" class=\"no-lazyload\" width=\"300\" height=\"79\"  style=\"display: inline-block;\" \/><\/a><\/div>\n<p>As inscri\u00e7\u00f5es de candidaturas e eleitores est\u00e3o abertas a partir desta segunda-feira, 16 de mar\u00e7o, a 30 de abril de 2020, em\u00a0<a href=\"https:\/\/plataformavirtualdevotacao.com.br\/selecaosetorial.aspx\" target=\"_blank\" rel=\"noopener noreferrer\" data-saferedirecturl=\"https:\/\/www.google.com\/url?q=https:\/\/plataformavirtualdevotacao.com.br\/selecaosetorial.aspx&amp;source=gmail&amp;ust=1584457718036000&amp;usg=AFQjCNHI1188oZvEzFuy9GFjHZhtYAQckA\"><b>plataforma digital<\/b><\/a>\u00a0dispon\u00edvel no site\u00a0<a href=\"http:\/\/www.cultura.ba.gov.br\/\" target=\"_blank\" rel=\"noopener noreferrer\" data-saferedirecturl=\"https:\/\/www.google.com\/url?q=http:\/\/www.cultura.ba.gov.br&amp;source=gmail&amp;ust=1584457718036000&amp;usg=AFQjCNHK_E0QfeuAJfV_NOMFvuFxm27QqA\">www.cultura.ba.gov.br<\/a>.<\/p>\n<p>Metade das vagas (cinco titulares e cinco suplentes) se destinam a membros dos segmentos e processos do fazer cultural da Bahia, e a outra metade, com mesma composi\u00e7\u00e3o, a representantes dos territ\u00f3rios de identidade cultural do Estado. Tamb\u00e9m ser\u00e1 composto cadastro reserva. Os candidatos devem pertencer a territ\u00f3rios e\/ou segmentos ainda sem representa\u00e7\u00e3o na composi\u00e7\u00e3o do Conselho Estadual de Cultura para o per\u00edodo de mandato.<\/p>\n<p><b>Comiss\u00e3o eleitoral<\/b>\u00a0\u2013\u00a0Todo o processo eleitoral ser\u00e1 organizado pela Secult sob a supervis\u00e3o de uma Comiss\u00e3o Eleitoral formada por cinco membros: dois representantes indicados pela Secult, um indicado pelo Conselho Estadual de Cultura, outro pelo F\u00f3rum dos Dirigentes Municipais de Cultura e mais um pelo F\u00f3rum de Cultura da Bahia \u2013 cada um dos indicados com seus respectivos suplentes. Confira\u00a0<a href=\"http:\/\/www.cultura.ba.gov.br\/arquivos\/File\/Portaria204_2019ComissaodeEleicaodosMembrosdoCEC.pdf\" target=\"_blank\" rel=\"noopener noreferrer\" data-saferedirecturl=\"https:\/\/www.google.com\/url?q=http:\/\/www.cultura.ba.gov.br\/arquivos\/File\/Portaria204_2019ComissaodeEleicaodosMembrosdoCEC.pdf&amp;source=gmail&amp;ust=1584457718036000&amp;usg=AFQjCNGN24O1l9ysVNg2l66WSuTDUEyPNw\"><b>AQUI<\/b><\/a>\u00a0os nomes da comiss\u00e3o eleitoral.<\/p>\n<p><a href=\"https:\/\/blogdafeira.com.br\/home\/wp-content\/uploads\/2020\/03\/eleicoes2020.png\"><img loading=\"lazy\" decoding=\"async\" class=\"aligncenter  wp-image-36292\" src=\"https:\/\/blogdafeira.com.br\/home\/wp-content\/uploads\/2020\/03\/eleicoes2020-300x300.png\" alt=\"\" width=\"446\" height=\"446\" srcset=\"https:\/\/blogdafeira.com.br\/home\/wp-content\/uploads\/2020\/03\/eleicoes2020-300x300.png 300w, https:\/\/blogdafeira.com.br\/home\/wp-content\/uploads\/2020\/03\/eleicoes2020-150x150.png 150w, https:\/\/blogdafeira.com.br\/home\/wp-content\/uploads\/2020\/03\/eleicoes2020-187x187.png 187w, https:\/\/blogdafeira.com.br\/home\/wp-content\/uploads\/2020\/03\/eleicoes2020.png 732w\" sizes=\"auto, (max-width: 446px) 100vw, 446px\" \/><\/a>Esta comiss\u00e3o tem por\u00a0finalidade validar os cadastros de eleitores e registros de candidaturas; julgar os Recursos; divulgar a lista de eleitores e candidatos validados e aptos a participar da elei\u00e7\u00e3o; assegurar a lisura e a veracidade de todos os atos e procedimentos relacionados \u00e0 realiza\u00e7\u00e3o da elei\u00e7\u00e3o; apurar, divulgar e publicar os resultados da elei\u00e7\u00e3o<\/p>\n<p><b>Crit\u00e9rios\u00a0<\/b>\u2013 Para cadastrar-se como eleitor ou candidato, \u00e9 necess\u00e1rio ter no m\u00ednimo a idade completa de 18 anos e ser residente no estado da Bahia. Deve atuar no segmento ou territ\u00f3rio cultural assinalado no formul\u00e1rio de cadastramento; n\u00e3o ser ocupante de cargo comissionado em qualquer esfera da administra\u00e7\u00e3o p\u00fablica; ter conhecimento da Lei n\u00ba 12.365\/2011 (Pol\u00edtica Estadual de Cultura e Sistema Estadual de Cultura); preencher todas as declara\u00e7\u00f5es obrigat\u00f3rias.<\/p>\n<p>O Cadastramento de Eleitor deve conter a identifica\u00e7\u00e3o, curr\u00edculo resumido de atua\u00e7\u00e3o e todas as declara\u00e7\u00f5es obrigat\u00f3rias assinaladas no formul\u00e1rio online.<\/p>\n<p>No caso de candidato, deve indicar apenas um territ\u00f3rio ou segmento, com seu curr\u00edculo demonstrando atua\u00e7\u00e3o, a proposta de atua\u00e7\u00e3o no CEC e justificativa da candidatura, fotografia de rosto atual, anexada e todas as declara\u00e7\u00f5es obrigat\u00f3rias assinaladas no formul\u00e1rio de cadastramento. Deve possuir apenas um registro de candidatura.<\/p>\n<p>\u00c9 vedado ao candidato eleito ser servidor da SecultBA, de suas entidades vinculadas, ou servidor ocupante de cargo comissionado em qualquer esfera da administra\u00e7\u00e3o p\u00fablica federal, estadual ou municipal, sob pena de perder o mandato.<br \/>\ntenham representantes.<\/p>\n<p>Al\u00e9m disso, s\u00f3 poder\u00e3o se inscrever candidatos que representem segmentos ou territ\u00f3rios que n\u00e3o t\u00eam representantes no CEC para o per\u00edodo 2020-2023. A lista dos territ\u00f3rios e segmentos que podem ter candidatos aptos \u00e0 inscri\u00e7\u00e3o pode ser conferida no Anexo I do edital.<\/p>\n<div id=\"blogd-3992737933\" class=\"blogd-final-post blogd-entity-placement\"><a href=\"https:\/\/www.feiradesantana.ba.leg.br\/\" target=\"_blank\" aria-label=\"BANNER-SITE-ENTREGADECHEQUE-CAMARADEFEIRA\"><img loading=\"lazy\" decoding=\"async\" src=\"https:\/\/blogdafeira.com.br\/home\/wp-content\/uploads\/2026\/03\/BANNER-SITE-ENTREGADECHEQUE-CAMARADEFEIRA.gif\" alt=\"\"  class=\"no-lazyload\" width=\"728\" height=\"90\"   \/><\/a><\/div><p><a href=\"http:\/\/www.cultura.ba.gov.br\/arquivos\/File\/Portaria030_2020___estabelece_o_processo_eleitoral_CEC_2020_2023.pdf\" target=\"_blank\" rel=\"noopener noreferrer\" data-saferedirecturl=\"https:\/\/www.google.com\/url?q=http:\/\/www.cultura.ba.gov.br\/arquivos\/File\/Portaria030_2020___estabelece_o_processo_eleitoral_CEC_2020_2023.pdf&amp;source=gmail&amp;ust=1584457718036000&amp;usg=AFQjCNHpoaYzMJPq-ArHlbC2I24VXdhMCg\"><b>Portaria \u2013 Processo Eleitoral CEC 2020-2023<\/b><\/a><b><\/b><\/p>\n","protected":false},"excerpt":{"rendered":"<p>A Secretaria de Cultura da Bahia (SecultBA) publicou no s\u00e1bado, 14, a portaria que estabelece os crit\u00e9rios e regras para o processo que eleger\u00e1 10 novos representantes titulares da sociedade civil como Conselheiros Estaduais de Cultura, bem como seus respectivos 10 suplentes. Todos os mandatos s\u00e3o para o per\u00edodo de 2020 a 2023. As inscri\u00e7\u00f5es<\/p>\n","protected":false},"author":8,"featured_media":0,"comment_status":"closed","ping_status":"open","sticky":false,"template":"","format":"standard","meta":{"jetpack_post_was_ever_published":false,"cybocfi_hide_featured_image":"","_jetpack_newsletter_access":"","_jetpack_dont_email_post_to_subs":false,"_jetpack_newsletter_tier_id":0,"_jetpack_memberships_contains_paywalled_content":false,"_jetpack_memberships_contains_paid_content":false,"footnotes":"","jetpack_publicize_message":"","jetpack_publicize_feature_enabled":true,"jetpack_social_post_already_shared":true,"jetpack_social_options":{"image_generator_settings":{"template":"highway","default_image_id":0,"font":"","enabled":false},"version":2}},"categories":[4,1],"tags":[15,18,647,488,164,28,29,97],"class_list":["post-36277","post","type-post","status-publish","format-standard","hentry","category-cultura","category-raiz","tag-arte","tag-bahia","tag-conselho-de-cultura","tag-cultura","tag-literatura","tag-poesia","tag-poeta","tag-teatro"],"jetpack_publicize_connections":[],"jetpack_featured_media_url":"","jetpack_shortlink":"https:\/\/wp.me\/p3niVf-9r7","jetpack_sharing_enabled":true,"jetpack-related-posts":[{"id":46170,"url":"https:\/\/blogdafeira.com.br\/home\/2021\/07\/02\/um-feirense-assume-a-presidencia-do-conselho-estadual-de-cultura-da-bahia\/","url_meta":{"origin":36277,"position":0},"title":"Um feirense assume a presid\u00eancia do Conselho Estadual de Cultura da Bahia","author":"Assessoria de Comunica\u00e7\u00e3o\/ SecultBA","date":"02\/07\/2021","format":false,"excerpt":"S\u00edlvio Portugal e Adriano Pereira foram empossados na presid\u00eancia e vice do Conselho Estadual de Cultura, em solenidade virtual, transmitida ao vivo atrav\u00e9s do canal do CEC no Youtube \u00a0 e presidida pela secret\u00e1ria estadual de Cultura, Arany Santana. A nova mesa diretoria do \u00f3rg\u00e3o\u00a0 assume a gest\u00e3o do bi\u00eanio\u2026","rel":"","context":"Em &quot;Cultura&quot;","block_context":{"text":"Cultura","link":"https:\/\/blogdafeira.com.br\/home\/categoria\/cultura\/"},"img":{"alt_text":"","src":"https:\/\/i0.wp.com\/blogdafeira.com.br\/home\/wp-content\/uploads\/2021\/07\/FB_IMG_1625217590777.jpg?resize=350%2C200&ssl=1","width":350,"height":200,"srcset":"https:\/\/i0.wp.com\/blogdafeira.com.br\/home\/wp-content\/uploads\/2021\/07\/FB_IMG_1625217590777.jpg?resize=350%2C200&ssl=1 1x, https:\/\/i0.wp.com\/blogdafeira.com.br\/home\/wp-content\/uploads\/2021\/07\/FB_IMG_1625217590777.jpg?resize=525%2C300&ssl=1 1.5x, https:\/\/i0.wp.com\/blogdafeira.com.br\/home\/wp-content\/uploads\/2021\/07\/FB_IMG_1625217590777.jpg?resize=700%2C400&ssl=1 2x"},"classes":[]},{"id":45610,"url":"https:\/\/blogdafeira.com.br\/home\/2021\/05\/28\/conselho-estadual-de-cultura-tem-novo-presidente-silvio-portugal\/","url_meta":{"origin":36277,"position":1},"title":"Conselho Estadual de Cultura tem novo presidente: S\u00edlvio Portugal","author":"Assessoria de Comunica\u00e7\u00e3o\/ SecultBA","date":"28\/05\/2021","format":false,"excerpt":"A Secretaria de Cultura e o Conselho Estadual de Cultura da Bahia elegeram na manh\u00e3 desta quinta (27), os conselheiros Silvio Portugal e Adriano Pereira como presidente e vice-presidente do \u00f3rg\u00e3o. A elei\u00e7\u00e3o ocorreu de forma virtual durante a realiza\u00e7\u00e3o da 5\u00aa Sess\u00e3o Plen\u00e1ria, dispon\u00edvel no canal do CEC no\u2026","rel":"","context":"Em &quot;Cultura&quot;","block_context":{"text":"Cultura","link":"https:\/\/blogdafeira.com.br\/home\/categoria\/cultura\/"},"img":{"alt_text":"","src":"https:\/\/i0.wp.com\/blogdafeira.com.br\/home\/wp-content\/uploads\/2021\/05\/FB_IMG_1622215277843.jpg?resize=350%2C200&ssl=1","width":350,"height":200,"srcset":"https:\/\/i0.wp.com\/blogdafeira.com.br\/home\/wp-content\/uploads\/2021\/05\/FB_IMG_1622215277843.jpg?resize=350%2C200&ssl=1 1x, https:\/\/i0.wp.com\/blogdafeira.com.br\/home\/wp-content\/uploads\/2021\/05\/FB_IMG_1622215277843.jpg?resize=525%2C300&ssl=1 1.5x, https:\/\/i0.wp.com\/blogdafeira.com.br\/home\/wp-content\/uploads\/2021\/05\/FB_IMG_1622215277843.jpg?resize=700%2C400&ssl=1 2x"},"classes":[]},{"id":27657,"url":"https:\/\/blogdafeira.com.br\/home\/2017\/07\/28\/carta-de-feira-de-santana-pede-fortalecimento-da-cultura-na-bahia\/","url_meta":{"origin":36277,"position":2},"title":"&#8216;Carta de Feira de Santana&#8217; pede fortalecimento da cultura na Bahia","author":"Assessoria de Comunica\u00e7\u00e3o\/ SecultBA","date":"28\/07\/2017","format":false,"excerpt":"Reunidos durante o IV Encontro de Pol\u00edtica e Gest\u00e3o Culturais da Bahia em Feira de Santana, centenas de conselheiros, agentes, dirigentes e gestores de cultura de todo o Estado lan\u00e7aram ao fim do evento na noite desta quarta-feira, 26, uma carta aberta com reivindica\u00e7\u00f5es para uma pactua\u00e7\u00e3o que fortale\u00e7a o\u2026","rel":"","context":"Em &quot;Home&quot;","block_context":{"text":"Home","link":"https:\/\/blogdafeira.com.br\/home\/categoria\/raiz\/"},"img":{"alt_text":"1501181787foto_2","src":"https:\/\/i0.wp.com\/blogdafeira.com.br\/home\/wp-content\/uploads\/2017\/07\/1501181787Foto_2.jpg?resize=350%2C200","width":350,"height":200,"srcset":"https:\/\/i0.wp.com\/blogdafeira.com.br\/home\/wp-content\/uploads\/2017\/07\/1501181787Foto_2.jpg?resize=350%2C200 1x, https:\/\/i0.wp.com\/blogdafeira.com.br\/home\/wp-content\/uploads\/2017\/07\/1501181787Foto_2.jpg?resize=525%2C300 1.5x, https:\/\/i0.wp.com\/blogdafeira.com.br\/home\/wp-content\/uploads\/2017\/07\/1501181787Foto_2.jpg?resize=700%2C400 2x"},"classes":[]},{"id":64238,"url":"https:\/\/blogdafeira.com.br\/home\/2024\/10\/11\/lore-cerqueira-lanca-candidatura-ao-conselho-estadual-de-cultura-da-bahia-pelo-territorio-portal-do-sertao\/","url_meta":{"origin":36277,"position":3},"title":"Lore Cerqueira lan\u00e7a candidatura ao Conselho Estadual de Cultura da Bahia pelo territ\u00f3rio Portal do Sert\u00e3o","author":"Assessoria de Comunica\u00e7\u00e3o\/ SecultBA","date":"11\/10\/2024","format":false,"excerpt":"\"Forma\u00e7\u00e3o em gest\u00e3o e sustentabilidade para agentes e coletivos culturais\", \"mapeamento\" e \"rede de comunica\u00e7\u00e3o\" s\u00e3o as tr\u00eas principais propostas de atua\u00e7\u00e3o da candidata feirense ao Conselho Estadual de Cultura da Bahia, cujo prazo se encerra hoje (sexta-feira) 11, \u00e0s 23:59h, Lore Cerqueira. Multiartista, gestora e produtora cultural Lore Cerqueira\u2026","rel":"","context":"Em &quot;Cultura&quot;","block_context":{"text":"Cultura","link":"https:\/\/blogdafeira.com.br\/home\/categoria\/cultura\/"},"img":{"alt_text":"","src":"https:\/\/i0.wp.com\/blogdafeira.com.br\/home\/wp-content\/uploads\/2024\/10\/IMG-20241011-WA00673.jpg?resize=350%2C200&ssl=1","width":350,"height":200,"srcset":"https:\/\/i0.wp.com\/blogdafeira.com.br\/home\/wp-content\/uploads\/2024\/10\/IMG-20241011-WA00673.jpg?resize=350%2C200&ssl=1 1x, https:\/\/i0.wp.com\/blogdafeira.com.br\/home\/wp-content\/uploads\/2024\/10\/IMG-20241011-WA00673.jpg?resize=525%2C300&ssl=1 1.5x, https:\/\/i0.wp.com\/blogdafeira.com.br\/home\/wp-content\/uploads\/2024\/10\/IMG-20241011-WA00673.jpg?resize=700%2C400&ssl=1 2x"},"classes":[]},{"id":28150,"url":"https:\/\/blogdafeira.com.br\/home\/2017\/09\/10\/eleito-o-novo-conselho-de-cultura-de-feira-de-santana\/","url_meta":{"origin":36277,"position":4},"title":"Eleito o novo Conselho de Cultura de Feira de Santana","author":"Assessoria de Comunica\u00e7\u00e3o\/ SecultBA","date":"10\/09\/2017","format":false,"excerpt":"Uyat\u00e3 Raira, Tonho Dionorina, Viviane Macedo, T\u00e9rcia Souza, Ran Rainha Psy, Ed Machado, Pedro Henrique Caldas, \u00cdcaro de Oliveira, Henrique Mott\u00e9, Guda Moreno, Ivan Coelho s\u00e3o \u00a0novos conselheiros de Cultura de Feira de Santana eleitos no s\u00e1bado (9), no teatro do Maestro Miro, em uma assembl\u00e9ia que come\u00e7ou com inscri\u00e7\u00f5es\u2026","rel":"","context":"Em &quot;Home&quot;","block_context":{"text":"Home","link":"https:\/\/blogdafeira.com.br\/home\/categoria\/raiz\/"},"img":{"alt_text":"fb_img_1504999832775","src":"https:\/\/i0.wp.com\/blogdafeira.com.br\/home\/wp-content\/uploads\/2017\/09\/FB_IMG_1504999832775.jpg?resize=350%2C200","width":350,"height":200,"srcset":"https:\/\/i0.wp.com\/blogdafeira.com.br\/home\/wp-content\/uploads\/2017\/09\/FB_IMG_1504999832775.jpg?resize=350%2C200 1x, https:\/\/i0.wp.com\/blogdafeira.com.br\/home\/wp-content\/uploads\/2017\/09\/FB_IMG_1504999832775.jpg?resize=525%2C300 1.5x, https:\/\/i0.wp.com\/blogdafeira.com.br\/home\/wp-content\/uploads\/2017\/09\/FB_IMG_1504999832775.jpg?resize=700%2C400 2x"},"classes":[]},{"id":38074,"url":"https:\/\/blogdafeira.com.br\/home\/2020\/05\/27\/governo-do-estado-comeca-a-atualizacao-do-cadastro-cultura-da-bahia\/","url_meta":{"origin":36277,"position":5},"title":"Governo do estado come\u00e7a a atualiza\u00e7\u00e3o do Cadastro Cultural da Bahia","author":"Assessoria de Comunica\u00e7\u00e3o\/ SecultBA","date":"27\/05\/2020","format":false,"excerpt":"A Secretaria de Cultura do Estado da Bahia (SecultBA) a partir desta quinta-feira (28) abre o processo para inclus\u00e3o\u00a0\u00a0e atualiza\u00e7\u00e3o do Cadastro Cultural no Sistema de Informa\u00e7\u00f5es e Indicadores em Cultura, dispon\u00edvel em: siic.cultura.ba.gov.br\/cadastrocultural. A plataforma funciona como um mapeamento online, din\u00e2mico, georreferenciamento, sendo a responsabilidade da informa\u00e7\u00e3o assumida pelo\u2026","rel":"","context":"Em &quot;Bahia&quot;","block_context":{"text":"Bahia","link":"https:\/\/blogdafeira.com.br\/home\/categoria\/bahia\/"},"img":{"alt_text":"","src":"https:\/\/i0.wp.com\/blogdafeira.com.br\/home\/wp-content\/uploads\/2020\/05\/cadastrocultural.jpeg?resize=350%2C200&ssl=1","width":350,"height":200,"srcset":"https:\/\/i0.wp.com\/blogdafeira.com.br\/home\/wp-content\/uploads\/2020\/05\/cadastrocultural.jpeg?resize=350%2C200&ssl=1 1x, https:\/\/i0.wp.com\/blogdafeira.com.br\/home\/wp-content\/uploads\/2020\/05\/cadastrocultural.jpeg?resize=525%2C300&ssl=1 1.5x, https:\/\/i0.wp.com\/blogdafeira.com.br\/home\/wp-content\/uploads\/2020\/05\/cadastrocultural.jpeg?resize=700%2C400&ssl=1 2x, https:\/\/i0.wp.com\/blogdafeira.com.br\/home\/wp-content\/uploads\/2020\/05\/cadastrocultural.jpeg?resize=1050%2C600&ssl=1 3x"},"classes":[]}],"_links":{"self":[{"href":"https:\/\/blogdafeira.com.br\/home\/wp-json\/wp\/v2\/posts\/36277","targetHints":{"allow":["GET"]}}],"collection":[{"href":"https:\/\/blogdafeira.com.br\/home\/wp-json\/wp\/v2\/posts"}],"about":[{"href":"https:\/\/blogdafeira.com.br\/home\/wp-json\/wp\/v2\/types\/post"}],"author":[{"embeddable":true,"href":"https:\/\/blogdafeira.com.br\/home\/wp-json\/wp\/v2\/users\/8"}],"replies":[{"embeddable":true,"href":"https:\/\/blogdafeira.com.br\/home\/wp-json\/wp\/v2\/comments?post=36277"}],"version-history":[{"count":3,"href":"https:\/\/blogdafeira.com.br\/home\/wp-json\/wp\/v2\/posts\/36277\/revisions"}],"predecessor-version":[{"id":36293,"href":"https:\/\/blogdafeira.com.br\/home\/wp-json\/wp\/v2\/posts\/36277\/revisions\/36293"}],"wp:attachment":[{"href":"https:\/\/blogdafeira.com.br\/home\/wp-json\/wp\/v2\/media?parent=36277"}],"wp:term":[{"taxonomy":"category","embeddable":true,"href":"https:\/\/blogdafeira.com.br\/home\/wp-json\/wp\/v2\/categories?post=36277"},{"taxonomy":"post_tag","embeddable":true,"href":"https:\/\/blogdafeira.com.br\/home\/wp-json\/wp\/v2\/tags?post=36277"}],"curies":[{"name":"wp","href":"https:\/\/api.w.org\/{rel}","templated":true}]}}