{"id":3638,"date":"2013-07-18T12:57:20","date_gmt":"2013-07-18T15:57:20","guid":{"rendered":"http:\/\/blogdafeira.com.br\/home\/?p=3638"},"modified":"2013-07-18T12:59:06","modified_gmt":"2013-07-18T15:59:06","slug":"camelos-de-feira-ronaldo-reage-a-pressao-da-associacao-comercial","status":"publish","type":"post","link":"https:\/\/blogdafeira.com.br\/home\/2013\/07\/18\/camelos-de-feira-ronaldo-reage-a-pressao-da-associacao-comercial\/","title":{"rendered":"Camel\u00f4s de Feira: Ronaldo reage \u00e0 press\u00e3o da Associa\u00e7\u00e3o Comercial"},"content":{"rendered":"<div id=\"blogd-1940619702\" class=\"blogd-fim-do-post-mobile blogd-entity-placement\" style=\"margin-left: auto;margin-right: auto;text-align: center;\"><a href=\"https:\/\/www.sefaz.feiradesantana.ba.gov.br\/\" target=\"_blank\" aria-label=\"728&#215;90 (6)\"><img loading=\"lazy\" decoding=\"async\" src=\"https:\/\/blogdafeira.com.br\/home\/wp-content\/uploads\/2026\/03\/728x90-6.gif\" alt=\"\"  class=\"no-lazyload\" width=\"728\" height=\"90\"  style=\"display: inline-block;\" \/><\/a><\/div><p>Pressionado, durante a posse do novo presidente da Associa\u00e7\u00e3o Comercial, \u00a0por medidas mais dr\u00e1sticas em rela\u00e7\u00e3o ao Centro de Feira de Santana, o prefeito Jos\u00e9 Ronaldo reagiu:<\/p><div id=\"blogd-4265781967\" class=\"blogd-conteudo-2-mobile blogd-entity-placement\"><a href=\"https:\/\/feirenses.com.br\/\" target=\"_blank\" aria-label=\"feirenses\"><img loading=\"lazy\" decoding=\"async\" src=\"https:\/\/blogdafeira.com.br\/home\/wp-content\/uploads\/2026\/04\/feirenses.png\" alt=\"\"  srcset=\"https:\/\/blogdafeira.com.br\/home\/wp-content\/uploads\/2026\/04\/feirenses.png 300w, https:\/\/blogdafeira.com.br\/home\/wp-content\/uploads\/2026\/04\/feirenses-170x45.png 170w, https:\/\/blogdafeira.com.br\/home\/wp-content\/uploads\/2026\/04\/feirenses-280x74.png 280w\" sizes=\"(max-width: 300px) 100vw, 300px\" class=\"no-lazyload\" width=\"300\" height=\"79\"  style=\"display: inline-block;\" \/><\/a><\/div>\n<p>&#8211; <em>Queremos arrumar o Centro de Feira sem dor, atrav\u00e9s do di\u00e1logo<\/em> , ponderou o prefeito no momento em que lhe foi concedida a palavra.<\/p>\n<p>Ronaldo tamb\u00e9m refor\u00e7ou a confian\u00e7a que tem em Ant\u00f4nio Carlos Borges, \u00a0executor do \u2018Pacto da Feira\u2019 que busca o reordenamento do centro da cidade.<\/p>\n<div id=\"blogd-1980614103\" class=\"blogd-final-post blogd-entity-placement\"><a href=\"https:\/\/www.feiradesantana.ba.leg.br\/\" target=\"_blank\" aria-label=\"BANNER-SITE-ENTREGADECHEQUE-CAMARADEFEIRA\"><img loading=\"lazy\" decoding=\"async\" src=\"https:\/\/blogdafeira.com.br\/home\/wp-content\/uploads\/2026\/03\/BANNER-SITE-ENTREGADECHEQUE-CAMARADEFEIRA.gif\" alt=\"\"  class=\"no-lazyload\" width=\"728\" height=\"90\"   \/><\/a><\/div><p><em>\u201cUns acreditam nesse pacto, outros n\u00e3o. Eu confio em quem coordena esse trabalho\u201d<\/em>, afirmou Ronaldo.<\/p>\n","protected":false},"excerpt":{"rendered":"<p>Pressionado, durante a posse do novo presidente da Associa\u00e7\u00e3o Comercial, \u00a0por medidas mais dr\u00e1sticas em rela\u00e7\u00e3o ao Centro de Feira de Santana, o prefeito Jos\u00e9 Ronaldo reagiu: &#8211; Queremos arrumar o Centro de Feira sem dor, atrav\u00e9s do di\u00e1logo , ponderou o prefeito no momento em que lhe foi concedida a palavra. Ronaldo tamb\u00e9m refor\u00e7ou<\/p>\n","protected":false},"author":1,"featured_media":0,"comment_status":"closed","ping_status":"closed","sticky":false,"template":"","format":"standard","meta":{"jetpack_post_was_ever_published":false,"cybocfi_hide_featured_image":"","_jetpack_newsletter_access":"","_jetpack_dont_email_post_to_subs":false,"_jetpack_newsletter_tier_id":0,"_jetpack_memberships_contains_paywalled_content":false,"_jetpack_memberships_contains_paid_content":false,"footnotes":"","jetpack_publicize_message":"","jetpack_publicize_feature_enabled":true,"jetpack_social_post_already_shared":true,"jetpack_social_options":{"image_generator_settings":{"template":"highway","default_image_id":0,"font":"","enabled":false},"version":2}},"categories":[1],"tags":[],"class_list":["post-3638","post","type-post","status-publish","format-standard","hentry","category-raiz"],"jetpack_publicize_connections":[],"jetpack_featured_media_url":"","jetpack_shortlink":"https:\/\/wp.me\/p3niVf-WG","jetpack_sharing_enabled":true,"jetpack-related-posts":[{"id":5777,"url":"https:\/\/blogdafeira.com.br\/home\/2013\/10\/29\/cdl-e-associacao-comercial-rompem-com-o-pacto-de-feira\/","url_meta":{"origin":3638,"position":0},"title":"CDL e Associa\u00e7\u00e3o Comercial rompem com o &#8216;Pacto de Feira&#8217;","author":"Blog da Feira","date":"29\/10\/2013","format":false,"excerpt":"A Associa\u00e7\u00e3o Comercial e a C\u00e2mara de Dirigentes Lojistas\u00a0 de Feira de Santana, as duas mais importantes entidades patronais do com\u00e9rcio formal de Feira romperam com o \u2018Pacto de Feira\u2019, um programa do governo municipal para reordenamento do centro da cidade. Os empres\u00e1rio dirigentes as entidades reuniram-se nesta segunda-feira e\u2026","rel":"","context":"Em &quot;Home&quot;","block_context":{"text":"Home","link":"https:\/\/blogdafeira.com.br\/home\/categoria\/raiz\/"},"img":{"alt_text":"","src":"","width":0,"height":0},"classes":[]},{"id":5050,"url":"https:\/\/blogdafeira.com.br\/home\/2013\/09\/16\/associacao-comercial-de-feira-pediu-expulsao-violenta-de-barracas-da-kalilandia\/","url_meta":{"origin":3638,"position":1},"title":"Associa\u00e7\u00e3o Comercial de Feira pediu &#8216;expuls\u00e3o violenta&#8217; de barracas da Kalil\u00e2ndia","author":"Blog da Feira","date":"16\/09\/2013","format":false,"excerpt":"A tentativa de expuls\u00e3o de barracas que ficam localizadas no Largo de S\u00e3o Francisco, no bairro da Kalil\u00e2ndia, em Feira de Santana, na semana passada foi feita a pedido da Associa\u00e7\u00e3o Comercial de Feira de Santana. O epis\u00f3dio repercutiu esta manh\u00e3 na C\u00e2mara de Feira de Santana quando diversos vereadores,\u2026","rel":"","context":"Em &quot;Home&quot;","block_context":{"text":"Home","link":"https:\/\/blogdafeira.com.br\/home\/categoria\/raiz\/"},"img":{"alt_text":"","src":"","width":0,"height":0},"classes":[]},{"id":21108,"url":"https:\/\/blogdafeira.com.br\/home\/2016\/04\/27\/governo-ronaldo-chega-ao-fim-e-o-pacto-de-feira-nao-organizou-o-centro-2\/","url_meta":{"origin":3638,"position":2},"title":"Governo Ronaldo chega ao fim e o \u201cPacto de Feira\u201d n\u00e3o organizou o centro","author":"Blog da Feira","date":"27\/04\/2016","format":false,"excerpt":"Nesta semana no programa Acorda Cidade o radialista Dilton Coutinho comentou, acho que pela en\u00e9sima vez, uma reclama\u00e7\u00e3o de ouvinte sobre o ordenamento do centro da cidade de Feira de Santana. Dilton Coutinho, posso afirmar sem d\u00favida, \u00e9 o \u201chomem de comunica\u00e7\u00e3o\u201d mais popular e admirado\u00a0em todas as classes sociais\u2026","rel":"","context":"Em &quot;Home&quot;","block_context":{"text":"Home","link":"https:\/\/blogdafeira.com.br\/home\/categoria\/raiz\/"},"img":{"alt_text":"IMG_20160426_182409","src":"https:\/\/i0.wp.com\/blogdafeira.com.br\/home\/wp-content\/uploads\/2016\/04\/IMG_20160426_182409-576x1024.jpg?resize=350%2C200","width":350,"height":200,"srcset":"https:\/\/i0.wp.com\/blogdafeira.com.br\/home\/wp-content\/uploads\/2016\/04\/IMG_20160426_182409-576x1024.jpg?resize=350%2C200 1x, https:\/\/i0.wp.com\/blogdafeira.com.br\/home\/wp-content\/uploads\/2016\/04\/IMG_20160426_182409-576x1024.jpg?resize=525%2C300 1.5x"},"classes":[]},{"id":27997,"url":"https:\/\/blogdafeira.com.br\/home\/2017\/08\/29\/pacto-da-feira-fracassa-e-governo-usa-forca-policial-para-reprimir-os-feirantes\/","url_meta":{"origin":3638,"position":3},"title":"&#8216;Pacto da Feira&#8217; fracassa e governo usa for\u00e7a policial para reprimir os feirantes","author":"Blog da Feira","date":"29\/08\/2017","format":false,"excerpt":"Lan\u00e7ado no in\u00edcio do terceiro governo do prefeito Jos\u00e9 Ronaldo (DEM) o 'Pacto da Feira' , um plano para reordenar o centro da cidade de maneira pac\u00edfica e convincente, fracassou a olhos vistos. O \u00a0centro da cidade continuou sendo ocupado desordenadamente e agravaram-se os problemas de higiene, est\u00e9tica e mobilidade\u2026","rel":"","context":"Em &quot;Home&quot;","block_context":{"text":"Home","link":"https:\/\/blogdafeira.com.br\/home\/categoria\/raiz\/"},"img":{"alt_text":"img_20170828_101324962","src":"https:\/\/i0.wp.com\/blogdafeira.com.br\/home\/wp-content\/uploads\/2017\/08\/IMG_20170828_101324962-576x1024.jpg?resize=350%2C200","width":350,"height":200,"srcset":"https:\/\/i0.wp.com\/blogdafeira.com.br\/home\/wp-content\/uploads\/2017\/08\/IMG_20170828_101324962-576x1024.jpg?resize=350%2C200 1x, https:\/\/i0.wp.com\/blogdafeira.com.br\/home\/wp-content\/uploads\/2017\/08\/IMG_20170828_101324962-576x1024.jpg?resize=525%2C300 1.5x"},"classes":[]},{"id":17097,"url":"https:\/\/blogdafeira.com.br\/home\/2015\/10\/15\/shopping-popular-de-feiraordem-assinada-mas-sem-data-pra-comecar\/","url_meta":{"origin":3638,"position":4},"title":"Shopping Popular de Feira:ordem assinada mas sem data pra come\u00e7ar\u00a0","author":"Blog da Feira","date":"15\/10\/2015","format":false,"excerpt":"A ordem de servi\u00e7o da constru\u00e7\u00e3o do Shopping Popular foi assinada ontem, no Pa\u00e7o Municipal Maria Quit\u00e9ria, pelo prefeito Jos\u00e9 Ronaldo (DEM) \u00a0mas a data do in\u00edcio da obra ainda n\u00e3o foi definida. Lan\u00e7ado em 2013, o projeto do Shopping Popular est\u00e1 inserido no que o Governo municipal chama de\u2026","rel":"","context":"Em &quot;Home&quot;","block_context":{"text":"Home","link":"https:\/\/blogdafeira.com.br\/home\/categoria\/raiz\/"},"img":{"alt_text":"Autoriza__o Para Constru__o do Shoping Popular-fotos Silvio Tito (8)","src":"https:\/\/i0.wp.com\/blogdafeira.com.br\/home\/wp-content\/uploads\/2015\/10\/Autoriza__o-Para-Constru__o-do-Shoping-Popular-fotos-Silvio-Tito-8.jpg?resize=350%2C200","width":350,"height":200,"srcset":"https:\/\/i0.wp.com\/blogdafeira.com.br\/home\/wp-content\/uploads\/2015\/10\/Autoriza__o-Para-Constru__o-do-Shoping-Popular-fotos-Silvio-Tito-8.jpg?resize=350%2C200 1x, https:\/\/i0.wp.com\/blogdafeira.com.br\/home\/wp-content\/uploads\/2015\/10\/Autoriza__o-Para-Constru__o-do-Shoping-Popular-fotos-Silvio-Tito-8.jpg?resize=525%2C300 1.5x, https:\/\/i0.wp.com\/blogdafeira.com.br\/home\/wp-content\/uploads\/2015\/10\/Autoriza__o-Para-Constru__o-do-Shoping-Popular-fotos-Silvio-Tito-8.jpg?resize=700%2C400 2x"},"classes":[]},{"id":23644,"url":"https:\/\/blogdafeira.com.br\/home\/2016\/09\/24\/associacao-comercial-pede-a-ronaldo-uma-boquinha-no-governo-de-feira\/","url_meta":{"origin":3638,"position":5},"title":"Associa\u00e7\u00e3o Comercial pede a Ronaldo uma &#8216;boquinha&#8217; no Governo de Feira","author":"Blog da Feira","date":"24\/09\/2016","format":false,"excerpt":"Essa \u00e9 in\u00e9dita na hist\u00f3ria pol\u00edtica de Feira de Santana. A Associa\u00e7\u00e3o Comercial de Feira de Santana entregou um documento ao prefeito e candidato \u00e0 reelei\u00e7\u00e3o,Jos\u00e9 Ronaldo, onde pede que um membro da entidade classista seja nomeado para um cargo no Governo caso Ronaldo seja reeleito. E ainda escolheu o\u2026","rel":"","context":"Em &quot;Home&quot;","block_context":{"text":"Home","link":"https:\/\/blogdafeira.com.br\/home\/categoria\/raiz\/"},"img":{"alt_text":"1","src":"https:\/\/i0.wp.com\/blogdafeira.com.br\/home\/wp-content\/uploads\/2016\/09\/1.jpg?resize=350%2C200","width":350,"height":200,"srcset":"https:\/\/i0.wp.com\/blogdafeira.com.br\/home\/wp-content\/uploads\/2016\/09\/1.jpg?resize=350%2C200 1x, https:\/\/i0.wp.com\/blogdafeira.com.br\/home\/wp-content\/uploads\/2016\/09\/1.jpg?resize=525%2C300 1.5x, https:\/\/i0.wp.com\/blogdafeira.com.br\/home\/wp-content\/uploads\/2016\/09\/1.jpg?resize=700%2C400 2x"},"classes":[]}],"_links":{"self":[{"href":"https:\/\/blogdafeira.com.br\/home\/wp-json\/wp\/v2\/posts\/3638","targetHints":{"allow":["GET"]}}],"collection":[{"href":"https:\/\/blogdafeira.com.br\/home\/wp-json\/wp\/v2\/posts"}],"about":[{"href":"https:\/\/blogdafeira.com.br\/home\/wp-json\/wp\/v2\/types\/post"}],"author":[{"embeddable":true,"href":"https:\/\/blogdafeira.com.br\/home\/wp-json\/wp\/v2\/users\/1"}],"replies":[{"embeddable":true,"href":"https:\/\/blogdafeira.com.br\/home\/wp-json\/wp\/v2\/comments?post=3638"}],"version-history":[{"count":5,"href":"https:\/\/blogdafeira.com.br\/home\/wp-json\/wp\/v2\/posts\/3638\/revisions"}],"predecessor-version":[{"id":3645,"href":"https:\/\/blogdafeira.com.br\/home\/wp-json\/wp\/v2\/posts\/3638\/revisions\/3645"}],"wp:attachment":[{"href":"https:\/\/blogdafeira.com.br\/home\/wp-json\/wp\/v2\/media?parent=3638"}],"wp:term":[{"taxonomy":"category","embeddable":true,"href":"https:\/\/blogdafeira.com.br\/home\/wp-json\/wp\/v2\/categories?post=3638"},{"taxonomy":"post_tag","embeddable":true,"href":"https:\/\/blogdafeira.com.br\/home\/wp-json\/wp\/v2\/tags?post=3638"}],"curies":[{"name":"wp","href":"https:\/\/api.w.org\/{rel}","templated":true}]}}