{"id":36390,"date":"2020-03-19T17:47:57","date_gmt":"2020-03-19T20:47:57","guid":{"rendered":"https:\/\/blogdafeira.com.br\/home\/?p=36390"},"modified":"2020-03-19T17:47:57","modified_gmt":"2020-03-19T20:47:57","slug":"sabado-nao-tem-samba-nem-comercio-no-centro-da-feira","status":"publish","type":"post","link":"https:\/\/blogdafeira.com.br\/home\/2020\/03\/19\/sabado-nao-tem-samba-nem-comercio-no-centro-da-feira\/","title":{"rendered":"S\u00e1bado n\u00e3o tem samba nem com\u00e9rcio no centro da Feira"},"content":{"rendered":"<div id=\"blogd-4207823456\" class=\"blogd-fim-do-post-mobile blogd-entity-placement\" style=\"margin-left: auto;margin-right: auto;text-align: center;\"><a href=\"https:\/\/www.sefaz.feiradesantana.ba.gov.br\/\" target=\"_blank\" aria-label=\"728&#215;90 (6)\"><img loading=\"lazy\" decoding=\"async\" src=\"https:\/\/blogdafeira.com.br\/home\/wp-content\/uploads\/2026\/03\/728x90-6.gif\" alt=\"\"  class=\"no-lazyload\" width=\"728\" height=\"90\"  style=\"display: inline-block;\" \/><\/a><\/div><p>Feira em busca da transmiss\u00e3o zero do coronav\u00edrus fecha o com\u00e9rcio por sete dias.<\/p><div id=\"blogd-2520447473\" class=\"blogd-conteudo-2-mobile blogd-entity-placement\"><a href=\"https:\/\/feirenses.com.br\/\" target=\"_blank\" aria-label=\"feirenses\"><img loading=\"lazy\" decoding=\"async\" src=\"https:\/\/blogdafeira.com.br\/home\/wp-content\/uploads\/2026\/04\/feirenses.png\" alt=\"\"  srcset=\"https:\/\/blogdafeira.com.br\/home\/wp-content\/uploads\/2026\/04\/feirenses.png 300w, https:\/\/blogdafeira.com.br\/home\/wp-content\/uploads\/2026\/04\/feirenses-170x45.png 170w, https:\/\/blogdafeira.com.br\/home\/wp-content\/uploads\/2026\/04\/feirenses-280x74.png 280w\" sizes=\"(max-width: 300px) 100vw, 300px\" class=\"no-lazyload\" width=\"300\" height=\"79\"  style=\"display: inline-block;\" \/><\/a><\/div>\n<p>Neste s\u00e1bado n\u00e3o tem samba nem capoeira na pra\u00e7a do Map.<\/p>\n<p>O grande centro da cidade e o seu com\u00e9rcio radial, j\u00e1 estava desquecido desde as primeiras medidas tomadas pelos poderes p\u00fablicos.<\/p>\n<p>Hoje o prefeito Colbert Filho &#8216;bateu o martelo&#8217; e decretou o fechamento, de 21 a 29,\u00a0 em comum acordo com\u00a0 entidades do setor.<\/p>\n<div id=\"blogd-864108005\" class=\"blogd-final-post blogd-entity-placement\"><a href=\"https:\/\/www.feiradesantana.ba.leg.br\/\" target=\"_blank\" aria-label=\"BANNER-SITE-ENTREGADECHEQUE-CAMARADEFEIRA\"><img loading=\"lazy\" decoding=\"async\" src=\"https:\/\/blogdafeira.com.br\/home\/wp-content\/uploads\/2026\/03\/BANNER-SITE-ENTREGADECHEQUE-CAMARADEFEIRA.gif\" alt=\"\"  class=\"no-lazyload\" width=\"728\" height=\"90\"   \/><\/a><\/div><p>S\u00e1bado vai virar domingo.<\/p>\n","protected":false},"excerpt":{"rendered":"<p>Feira em busca da transmiss\u00e3o zero do coronav\u00edrus fecha o com\u00e9rcio por sete dias. Neste s\u00e1bado n\u00e3o tem samba nem capoeira na pra\u00e7a do Map. O grande centro da cidade e o seu com\u00e9rcio radial, j\u00e1 estava desquecido desde as primeiras medidas tomadas pelos poderes p\u00fablicos. Hoje o prefeito Colbert Filho &#8216;bateu o martelo&#8217; e<\/p>\n","protected":false},"author":8,"featured_media":36391,"comment_status":"closed","ping_status":"open","sticky":false,"template":"","format":"standard","meta":{"jetpack_post_was_ever_published":false,"cybocfi_hide_featured_image":"","_jetpack_newsletter_access":"","_jetpack_dont_email_post_to_subs":false,"_jetpack_newsletter_tier_id":0,"_jetpack_memberships_contains_paywalled_content":false,"_jetpack_memberships_contains_paid_content":false,"footnotes":"","jetpack_publicize_message":"","jetpack_publicize_feature_enabled":true,"jetpack_social_post_already_shared":true,"jetpack_social_options":{"image_generator_settings":{"template":"highway","default_image_id":0,"font":"","enabled":false},"version":2}},"categories":[3,1],"tags":[],"class_list":["post-36390","post","type-post","status-publish","format-standard","has-post-thumbnail","hentry","category-cidade","category-raiz"],"jetpack_publicize_connections":[],"jetpack_featured_media_url":"https:\/\/blogdafeira.com.br\/home\/wp-content\/uploads\/2020\/03\/20191123_111921_HDR.jpg","jetpack_shortlink":"https:\/\/wp.me\/p3niVf-9sW","jetpack_sharing_enabled":true,"jetpack-related-posts":[{"id":25655,"url":"https:\/\/blogdafeira.com.br\/home\/2017\/02\/12\/capoeiristas-demarcam-o-territorio-do-samba-no-centro-de-feira-de-santana\/","url_meta":{"origin":36390,"position":0},"title":"Capoeiristas demarcam o &#8216;territ\u00f3rio do samba&#8217; no centro de Feira de Santana","author":"Blog da Feira","date":"12\/02\/2017","format":false,"excerpt":"Dif\u00edcil \u00e9 o s\u00e1bado em que eles n\u00e3o est\u00e3o\u00a0na pra\u00e7a do velho Mercado de Feira de Santana,\u00a0na sombra daquele oitizeiro, jogando a capoeira e depois rolando\u00a0\u00a0um samba-de-roda que junta gente n\u00e3o s\u00f3 para olhar mas para sambar tamb\u00e9m... Debaixo desse oiti o poeta e folheteiro de cordel Jurivaldo Alves durante\u2026","rel":"","context":"Em &quot;Home&quot;","block_context":{"text":"Home","link":"https:\/\/blogdafeira.com.br\/home\/categoria\/raiz\/"},"img":{"alt_text":"","src":"","width":0,"height":0},"classes":[]},{"id":70027,"url":"https:\/\/blogdafeira.com.br\/home\/2025\/11\/01\/70027\/","url_meta":{"origin":36390,"position":1},"title":"Por isso tem o Samba na Pra\u00e7a do Tropeiro","author":"J\u00e2nio R\u00eago","date":"01\/11\/2025","format":false,"excerpt":"Por muitos anos, a segunda-feira, mesmo com a feira-livre j\u00e1 desfalcada e deslocada para o Centro de Abastecimento, permaneceu sendo o dia de maior movimento no com\u00e9rcio antigo do centro da Feira de Santana.\u00a0 \u00a0 \u00a0 \u00a0 \u00a0 \u00a0 \u00a0 \u00a0 \u00a0 \u00a0 \u00a0 \u00a0 \u00a0 \u00a0 \u00a0 \u00a0 Hoje\u2026","rel":"","context":"Em &quot;Colunistas&quot;","block_context":{"text":"Colunistas","link":"https:\/\/blogdafeira.com.br\/home\/categoria\/colunistas\/"},"img":{"alt_text":"","src":"https:\/\/i0.wp.com\/blogdafeira.com.br\/home\/wp-content\/uploads\/2025\/11\/Screenshot_20251101-1704142.jpg?resize=350%2C200&ssl=1","width":350,"height":200,"srcset":"https:\/\/i0.wp.com\/blogdafeira.com.br\/home\/wp-content\/uploads\/2025\/11\/Screenshot_20251101-1704142.jpg?resize=350%2C200&ssl=1 1x, https:\/\/i0.wp.com\/blogdafeira.com.br\/home\/wp-content\/uploads\/2025\/11\/Screenshot_20251101-1704142.jpg?resize=525%2C300&ssl=1 1.5x, https:\/\/i0.wp.com\/blogdafeira.com.br\/home\/wp-content\/uploads\/2025\/11\/Screenshot_20251101-1704142.jpg?resize=700%2C400&ssl=1 2x, https:\/\/i0.wp.com\/blogdafeira.com.br\/home\/wp-content\/uploads\/2025\/11\/Screenshot_20251101-1704142.jpg?resize=1050%2C600&ssl=1 3x, https:\/\/i0.wp.com\/blogdafeira.com.br\/home\/wp-content\/uploads\/2025\/11\/Screenshot_20251101-1704142.jpg?resize=1400%2C800&ssl=1 4x"},"classes":[]},{"id":72059,"url":"https:\/\/blogdafeira.com.br\/home\/2026\/04\/19\/samba-no-centro-nesta-segunda-feira-parques-abrem-na-terca-feriadao-veja-o-que-funciona-na-feira-no-feriadao\/","url_meta":{"origin":36390,"position":2},"title":"Samba no Centro nesta segunda-feira, Parques abrem na ter\u00e7a; Feriad\u00e3o: o que funciona na Feira","author":"Blog da Feira","date":"19\/04\/2026","format":false,"excerpt":"A Prefeitura de Feira de Santana estabeleceu o esquema de funcionamento dos servi\u00e7os municipais e equipamentos p\u00fablicos para o feriado prolongado de Tiradentes. As reparti\u00e7\u00f5es p\u00fablicas municipais n\u00e3o ter\u00e3o expediente nesta segunda-feira, 20, e na ter\u00e7a-feira, 21. A exce\u00e7\u00e3o, conforme decreto municipal, ser\u00e1 o atendimento na Secretaria Municipal da Fazenda,\u2026","rel":"","context":"Em &quot;Cidade&quot;","block_context":{"text":"Cidade","link":"https:\/\/blogdafeira.com.br\/home\/categoria\/cidade\/"},"img":{"alt_text":"","src":"https:\/\/i0.wp.com\/blogdafeira.com.br\/home\/wp-content\/uploads\/2026\/04\/20260419_191328.jpg?resize=350%2C200&ssl=1","width":350,"height":200,"srcset":"https:\/\/i0.wp.com\/blogdafeira.com.br\/home\/wp-content\/uploads\/2026\/04\/20260419_191328.jpg?resize=350%2C200&ssl=1 1x, https:\/\/i0.wp.com\/blogdafeira.com.br\/home\/wp-content\/uploads\/2026\/04\/20260419_191328.jpg?resize=525%2C300&ssl=1 1.5x, https:\/\/i0.wp.com\/blogdafeira.com.br\/home\/wp-content\/uploads\/2026\/04\/20260419_191328.jpg?resize=700%2C400&ssl=1 2x"},"classes":[]},{"id":29145,"url":"https:\/\/blogdafeira.com.br\/home\/2018\/03\/04\/capoeira-samba-de-roda-e-sertao-no-cenario-urbano-e-cultural-de-feira-de-santana\/","url_meta":{"origin":36390,"position":3},"title":"Capoeira, samba-de-roda e sert\u00e3o no cen\u00e1rio urbano e cultural de Feira de Santana","author":"Blog da Feira","date":"04\/03\/2018","format":false,"excerpt":"Quando se fala em capoeira l\u00e1 fora, e mesmo aqui na Bahia, \u00e9 comum as pessoas tomarem como refer\u00eancia a cidade de Salvador, imortalizada atrav\u00e9s da arte, da literatura e da publicidade como o ber\u00e7o da cultura afro do Brasil. Mas capoeira tamb\u00e9m \u00e9 'coisa' de sert\u00e3o e em Feira\u2026","rel":"","context":"Em &quot;Home&quot;","block_context":{"text":"Home","link":"https:\/\/blogdafeira.com.br\/home\/categoria\/raiz\/"},"img":{"alt_text":"","src":"https:\/\/i0.wp.com\/blogdafeira.com.br\/home\/wp-content\/uploads\/2018\/03\/IMG_20180303_122824016_BURST000_COVER_TOP-2-1024x768.jpg?resize=350%2C200","width":350,"height":200,"srcset":"https:\/\/i0.wp.com\/blogdafeira.com.br\/home\/wp-content\/uploads\/2018\/03\/IMG_20180303_122824016_BURST000_COVER_TOP-2-1024x768.jpg?resize=350%2C200 1x, https:\/\/i0.wp.com\/blogdafeira.com.br\/home\/wp-content\/uploads\/2018\/03\/IMG_20180303_122824016_BURST000_COVER_TOP-2-1024x768.jpg?resize=525%2C300 1.5x, https:\/\/i0.wp.com\/blogdafeira.com.br\/home\/wp-content\/uploads\/2018\/03\/IMG_20180303_122824016_BURST000_COVER_TOP-2-1024x768.jpg?resize=700%2C400 2x"},"classes":[]},{"id":72069,"url":"https:\/\/blogdafeira.com.br\/home\/2026\/04\/20\/o-samba-da-praca-do-tropeiro-nao-pode-parar-2\/","url_meta":{"origin":36390,"position":4},"title":"O Samba da Pra\u00e7a do Tropeiro n\u00e3o pode parar (2)","author":"J\u00e2nio R\u00eago","date":"20\/04\/2026","format":false,"excerpt":"Esse samba popular nasceu depois que a feira-livre foi deslocada para o Centro de Abastecimento. Veio a urbaniza\u00e7\u00e3o da pra\u00e7a do Tropeiro e o samba continuou pelas barracas. No s\u00e9culo passado, o samba acontecia na\u00a0 de Dona B\u00e1rbara. Eu vi\u00a0 Baio do Acordeon, com um p\u00e9 no tamborete, debulhando a\u2026","rel":"","context":"Em &quot;Colunistas&quot;","block_context":{"text":"Colunistas","link":"https:\/\/blogdafeira.com.br\/home\/categoria\/colunistas\/"},"img":{"alt_text":"","src":"https:\/\/i0.wp.com\/blogdafeira.com.br\/home\/wp-content\/uploads\/2026\/04\/Screenshot_20260420-0102283.jpg?resize=350%2C200&ssl=1","width":350,"height":200,"srcset":"https:\/\/i0.wp.com\/blogdafeira.com.br\/home\/wp-content\/uploads\/2026\/04\/Screenshot_20260420-0102283.jpg?resize=350%2C200&ssl=1 1x, https:\/\/i0.wp.com\/blogdafeira.com.br\/home\/wp-content\/uploads\/2026\/04\/Screenshot_20260420-0102283.jpg?resize=525%2C300&ssl=1 1.5x, https:\/\/i0.wp.com\/blogdafeira.com.br\/home\/wp-content\/uploads\/2026\/04\/Screenshot_20260420-0102283.jpg?resize=700%2C400&ssl=1 2x, https:\/\/i0.wp.com\/blogdafeira.com.br\/home\/wp-content\/uploads\/2026\/04\/Screenshot_20260420-0102283.jpg?resize=1050%2C600&ssl=1 3x"},"classes":[]},{"id":67711,"url":"https:\/\/blogdafeira.com.br\/home\/2025\/06\/07\/quixabeira-da-matinha-abre-a-festa-junina-no-centro-da-feira-arraia-do-comercio\/","url_meta":{"origin":36390,"position":5},"title":"Quixabeira da Matinha abre a festa junina no centro da Feira: &#8216;Arrai\u00e1 do Com\u00e9rcio&#8217;","author":"Blog da Feira","date":"07\/06\/2025","format":false,"excerpt":"\u00c9 um espet\u00e1culo do samba-de-roda do grupo Quixabeira da Matinha que abre, oficialmente, a festa junina hoje (s\u00e1bado ,7) na pra\u00e7a Bernardino Bahia, no centro de Feira de Santana, conhecida como o Arrai\u00e1 do Com\u00e9rcio. Depois da abertura solene, \u00e0s 18 horas, pelos representantes do SESC e Prefeitura de Feira,\u2026","rel":"","context":"Em &quot;Cidade&quot;","block_context":{"text":"Cidade","link":"https:\/\/blogdafeira.com.br\/home\/categoria\/cidade\/"},"img":{"alt_text":"","src":"https:\/\/i0.wp.com\/blogdafeira.com.br\/home\/wp-content\/uploads\/2025\/06\/Screenshot_20250607-071606.png?resize=350%2C200&ssl=1","width":350,"height":200,"srcset":"https:\/\/i0.wp.com\/blogdafeira.com.br\/home\/wp-content\/uploads\/2025\/06\/Screenshot_20250607-071606.png?resize=350%2C200&ssl=1 1x, https:\/\/i0.wp.com\/blogdafeira.com.br\/home\/wp-content\/uploads\/2025\/06\/Screenshot_20250607-071606.png?resize=525%2C300&ssl=1 1.5x, https:\/\/i0.wp.com\/blogdafeira.com.br\/home\/wp-content\/uploads\/2025\/06\/Screenshot_20250607-071606.png?resize=700%2C400&ssl=1 2x"},"classes":[]}],"_links":{"self":[{"href":"https:\/\/blogdafeira.com.br\/home\/wp-json\/wp\/v2\/posts\/36390","targetHints":{"allow":["GET"]}}],"collection":[{"href":"https:\/\/blogdafeira.com.br\/home\/wp-json\/wp\/v2\/posts"}],"about":[{"href":"https:\/\/blogdafeira.com.br\/home\/wp-json\/wp\/v2\/types\/post"}],"author":[{"embeddable":true,"href":"https:\/\/blogdafeira.com.br\/home\/wp-json\/wp\/v2\/users\/8"}],"replies":[{"embeddable":true,"href":"https:\/\/blogdafeira.com.br\/home\/wp-json\/wp\/v2\/comments?post=36390"}],"version-history":[{"count":1,"href":"https:\/\/blogdafeira.com.br\/home\/wp-json\/wp\/v2\/posts\/36390\/revisions"}],"predecessor-version":[{"id":36392,"href":"https:\/\/blogdafeira.com.br\/home\/wp-json\/wp\/v2\/posts\/36390\/revisions\/36392"}],"wp:featuredmedia":[{"embeddable":true,"href":"https:\/\/blogdafeira.com.br\/home\/wp-json\/wp\/v2\/media\/36391"}],"wp:attachment":[{"href":"https:\/\/blogdafeira.com.br\/home\/wp-json\/wp\/v2\/media?parent=36390"}],"wp:term":[{"taxonomy":"category","embeddable":true,"href":"https:\/\/blogdafeira.com.br\/home\/wp-json\/wp\/v2\/categories?post=36390"},{"taxonomy":"post_tag","embeddable":true,"href":"https:\/\/blogdafeira.com.br\/home\/wp-json\/wp\/v2\/tags?post=36390"}],"curies":[{"name":"wp","href":"https:\/\/api.w.org\/{rel}","templated":true}]}}