{"id":36447,"date":"2020-03-21T12:41:47","date_gmt":"2020-03-21T15:41:47","guid":{"rendered":"https:\/\/blogdafeira.com.br\/home\/?p=36447"},"modified":"2020-03-21T15:49:20","modified_gmt":"2020-03-21T18:49:20","slug":"constatacoes-num-sabado-de-pandemia-em-feira","status":"publish","type":"post","link":"https:\/\/blogdafeira.com.br\/home\/2020\/03\/21\/constatacoes-num-sabado-de-pandemia-em-feira\/","title":{"rendered":"Constata\u00e7\u00f5es num s\u00e1bado de pandemia em Feira"},"content":{"rendered":"<div id=\"blogd-2813770603\" class=\"blogd-fim-do-post-mobile blogd-entity-placement\" style=\"margin-left: auto;margin-right: auto;text-align: center;\"><a href=\"https:\/\/www.sefaz.feiradesantana.ba.gov.br\/\" target=\"_blank\" aria-label=\"728&#215;90 (6)\"><img loading=\"lazy\" decoding=\"async\" src=\"https:\/\/blogdafeira.com.br\/home\/wp-content\/uploads\/2026\/03\/728x90-6.gif\" alt=\"\"  class=\"no-lazyload\" width=\"728\" height=\"90\"  style=\"display: inline-block;\" \/><\/a><\/div><p>fui ao supermercado repor a cesta b\u00e1sica, por l\u00e1 muita gente com crian\u00e7as, e crian\u00e7as de colo, aglomerando-se sem nenhuma preocupa\u00e7\u00e3o<br \/>\n*<br \/>\noutras levando m\u00e1scaras para passear, porque a recomenda\u00e7\u00e3o \u00e9 s\u00f3 para quem tem sintomas de gripe ou resfriado<br \/>\n*<br \/>\numa voz no alto falante avisando para higienizar as m\u00e3os, mas n\u00e3o encontrei em nenhum local \u00e1lcool em gel para ser utilizado<br \/>\n*<br \/>\nas pessoas enchendo os carrinhos para estocar todos os tipos de produtos<br \/>\n*<br \/>\ninvariavelmente todos os produtos com pre\u00e7os elevados<br \/>\n*<br \/>\nnas filas, apesar do aviso da voz do alto falante, as pessoas n\u00e3o obedeciam uma dist\u00e2ncia m\u00ednima<br \/>\n*<br \/>\nquando fui pagar a conta havia uma senhora quase escorada na g\u00f4ndola que abrigava a m\u00e1quina de cart\u00e3o de cr\u00e9dito, fiz um gesto com a m\u00e3o para que ela se afastasse para que eu pudesse ter acesso e ela disse que eu era mal educado que nem pedia licen\u00e7a, argumentei que estava evitando falar e que o gesto com a m\u00e3o era tamb\u00e9m um pedido de licen\u00e7a, ela continuou me achando mal educado<br \/>\n*<br \/>\nnem mesmo a mo\u00e7a do caixa tinha \u00e1lcool em gel dispon\u00edvel para higienizar as m\u00e3os, dela<br \/>\n*<br \/>\ne porque hoje \u00e9 s\u00e1bado, passei por alguns bares e eles estavam cheios de homens vazios de responsabilidade social, inclusive os propriet\u00e1rios dos estabelecimentos<br \/>\n*<br \/>\np.s. vi outro dia algu\u00e9m pedir bom senso da popula\u00e7\u00e3o em rela\u00e7\u00e3o a pandemia e eu lembrei que 57 milh\u00f5es votaram no bozo<\/p><div id=\"blogd-2237062252\" class=\"blogd-conteudo-2-mobile blogd-entity-placement\"><a href=\"https:\/\/feirenses.com.br\/\" target=\"_blank\" aria-label=\"feirenses\"><img loading=\"lazy\" decoding=\"async\" src=\"https:\/\/blogdafeira.com.br\/home\/wp-content\/uploads\/2026\/04\/feirenses.png\" alt=\"\"  srcset=\"https:\/\/blogdafeira.com.br\/home\/wp-content\/uploads\/2026\/04\/feirenses.png 300w, https:\/\/blogdafeira.com.br\/home\/wp-content\/uploads\/2026\/04\/feirenses-170x45.png 170w, https:\/\/blogdafeira.com.br\/home\/wp-content\/uploads\/2026\/04\/feirenses-280x74.png 280w\" sizes=\"(max-width: 300px) 100vw, 300px\" class=\"no-lazyload\" width=\"300\" height=\"79\"  style=\"display: inline-block;\" \/><\/a><\/div>\n<p>p.s. final<\/p>\n<div id=\"blogd-2356856807\" class=\"blogd-final-post blogd-entity-placement\"><a href=\"https:\/\/www.feiradesantana.ba.leg.br\/\" target=\"_blank\" aria-label=\"BANNER-SITE-ENTREGADECHEQUE-CAMARADEFEIRA\"><img loading=\"lazy\" decoding=\"async\" src=\"https:\/\/blogdafeira.com.br\/home\/wp-content\/uploads\/2026\/03\/BANNER-SITE-ENTREGADECHEQUE-CAMARADEFEIRA.gif\" alt=\"\"  class=\"no-lazyload\" width=\"728\" height=\"90\"   \/><\/a><\/div><p>que os deuses nos protejam de n\u00f3s mesmos, am\u00e9m<\/p>\n","protected":false},"excerpt":{"rendered":"<p>fui ao supermercado repor a cesta b\u00e1sica, por l\u00e1 muita gente com crian\u00e7as, e crian\u00e7as de colo, aglomerando-se sem nenhuma preocupa\u00e7\u00e3o * outras levando m\u00e1scaras para passear, porque a recomenda\u00e7\u00e3o \u00e9 s\u00f3 para quem tem sintomas de gripe ou resfriado * uma voz no alto falante avisando para higienizar as m\u00e3os, mas n\u00e3o encontrei em<\/p>\n","protected":false},"author":1,"featured_media":36448,"comment_status":"closed","ping_status":"open","sticky":false,"template":"","format":"standard","meta":{"jetpack_post_was_ever_published":false,"cybocfi_hide_featured_image":"","_jetpack_newsletter_access":"","_jetpack_dont_email_post_to_subs":false,"_jetpack_newsletter_tier_id":0,"_jetpack_memberships_contains_paywalled_content":false,"_jetpack_memberships_contains_paid_content":false,"footnotes":"","jetpack_publicize_message":"","jetpack_publicize_feature_enabled":true,"jetpack_social_post_already_shared":true,"jetpack_social_options":{"image_generator_settings":{"template":"highway","default_image_id":0,"font":"","enabled":false},"version":2}},"categories":[3,1],"tags":[],"class_list":["post-36447","post","type-post","status-publish","format-standard","has-post-thumbnail","hentry","category-cidade","category-raiz"],"jetpack_publicize_connections":[],"jetpack_featured_media_url":"https:\/\/blogdafeira.com.br\/home\/wp-content\/uploads\/2020\/03\/download-15.jpeg","jetpack_shortlink":"https:\/\/wp.me\/p3niVf-9tR","jetpack_sharing_enabled":true,"jetpack-related-posts":[{"id":53583,"url":"https:\/\/blogdafeira.com.br\/home\/2022\/08\/02\/veja-as-datas-mais-importantes-do-calendario-eleitoral\/","url_meta":{"origin":36447,"position":0},"title":"Veja as datas mais importantes do calend\u00e1rio eleitoral","author":"Assis Freitas","date":"02\/08\/2022","format":false,"excerpt":"Veja a seguir as datas mais importantes que devem ser observadas por partidos e candidatos este ano em todo Brasil: 5 de agosto - \u00faltimo dia para realizar conven\u00e7\u00f5es pelos partidos pol\u00edticos e federa\u00e7\u00f5es para decidir sobre a escolha de candidatos. 15 de agosto - \u00faltimo dia para partidos pol\u00edticos\u2026","rel":"","context":"Em &quot;Home&quot;","block_context":{"text":"Home","link":"https:\/\/blogdafeira.com.br\/home\/categoria\/raiz\/"},"img":{"alt_text":"","src":"https:\/\/i0.wp.com\/blogdafeira.com.br\/home\/wp-content\/uploads\/2022\/08\/c2c81331-456d-406e-aee4-318bfd6a7314.jpeg?resize=350%2C200&ssl=1","width":350,"height":200,"srcset":"https:\/\/i0.wp.com\/blogdafeira.com.br\/home\/wp-content\/uploads\/2022\/08\/c2c81331-456d-406e-aee4-318bfd6a7314.jpeg?resize=350%2C200&ssl=1 1x, https:\/\/i0.wp.com\/blogdafeira.com.br\/home\/wp-content\/uploads\/2022\/08\/c2c81331-456d-406e-aee4-318bfd6a7314.jpeg?resize=525%2C300&ssl=1 1.5x"},"classes":[]},{"id":38749,"url":"https:\/\/blogdafeira.com.br\/home\/2020\/06\/30\/vendedores-de-hoje-e-de-ontem-nas-ruas-da-feira\/","url_meta":{"origin":36447,"position":1},"title":"Vendedores de hoje e de ontem nas ruas da Feira","author":"Assis Freitas","date":"30\/06\/2020","format":false,"excerpt":"Sempre ou\u00e7o, l\u00e1 fora, o carro do ovo passando. Uma voz rascante anuncia 30 ovos por dez reais. Um alto-falante, daqueles de camel\u00f4 de feira-livre, amplifica a voz. \u00c0s vezes, chego \u00e0 janela para examinar o ve\u00edculo. \u00c9 um autom\u00f3vel antigo \u2013 cuja pintura no teto est\u00e1 manchada \u2013, abarrotado\u2026","rel":"","context":"Em &quot;Cidade&quot;","block_context":{"text":"Cidade","link":"https:\/\/blogdafeira.com.br\/home\/categoria\/cidade\/"},"img":{"alt_text":"","src":"https:\/\/i0.wp.com\/blogdafeira.com.br\/home\/wp-content\/uploads\/2020\/05\/tito.jpg?resize=350%2C200&ssl=1","width":350,"height":200,"srcset":"https:\/\/i0.wp.com\/blogdafeira.com.br\/home\/wp-content\/uploads\/2020\/05\/tito.jpg?resize=350%2C200&ssl=1 1x, https:\/\/i0.wp.com\/blogdafeira.com.br\/home\/wp-content\/uploads\/2020\/05\/tito.jpg?resize=525%2C300&ssl=1 1.5x, https:\/\/i0.wp.com\/blogdafeira.com.br\/home\/wp-content\/uploads\/2020\/05\/tito.jpg?resize=700%2C400&ssl=1 2x"},"classes":[]},{"id":62327,"url":"https:\/\/blogdafeira.com.br\/home\/2024\/05\/31\/assum-preto-na-senhor-dos-passos\/","url_meta":{"origin":36447,"position":2},"title":"Assum Preto na Senhor dos Passos","author":"Assis Freitas","date":"31\/05\/2024","format":false,"excerpt":"Come\u00e7o de tarde, sexta-feira. 14 horas, por a\u00ed. Sol, luminosidade, vento \u00famido. Clima agrad\u00e1vel. No cal\u00e7ad\u00e3o da Sales Barbosa, burburinho: mulheres indo com embrulhos, homens voltando com embrulhos, gente anunciando promo\u00e7\u00f5es imperd\u00edveis nas portas das lojas, ambulantes apregoando seus produtos \u2013 \u201c\u00e1gua, \u00e1gua\u201d \u2013, crian\u00e7as, idosos, adultos, o ir-e-vir incessante\u2026","rel":"","context":"Em &quot;Colunistas&quot;","block_context":{"text":"Colunistas","link":"https:\/\/blogdafeira.com.br\/home\/categoria\/colunistas\/"},"img":{"alt_text":"","src":"https:\/\/i0.wp.com\/blogdafeira.com.br\/home\/wp-content\/uploads\/2024\/05\/IMG_20240316_132759360_BURST002.jpg?resize=350%2C200&ssl=1","width":350,"height":200,"srcset":"https:\/\/i0.wp.com\/blogdafeira.com.br\/home\/wp-content\/uploads\/2024\/05\/IMG_20240316_132759360_BURST002.jpg?resize=350%2C200&ssl=1 1x, https:\/\/i0.wp.com\/blogdafeira.com.br\/home\/wp-content\/uploads\/2024\/05\/IMG_20240316_132759360_BURST002.jpg?resize=525%2C300&ssl=1 1.5x, https:\/\/i0.wp.com\/blogdafeira.com.br\/home\/wp-content\/uploads\/2024\/05\/IMG_20240316_132759360_BURST002.jpg?resize=700%2C400&ssl=1 2x, https:\/\/i0.wp.com\/blogdafeira.com.br\/home\/wp-content\/uploads\/2024\/05\/IMG_20240316_132759360_BURST002.jpg?resize=1050%2C600&ssl=1 3x, https:\/\/i0.wp.com\/blogdafeira.com.br\/home\/wp-content\/uploads\/2024\/05\/IMG_20240316_132759360_BURST002.jpg?resize=1400%2C800&ssl=1 4x"},"classes":[]},{"id":30177,"url":"https:\/\/blogdafeira.com.br\/home\/2018\/09\/08\/gildarte-ramos-a-voz-da-expofeira-no-parque-de-exposicao\/","url_meta":{"origin":36447,"position":3},"title":"Gildarte Ramos, a voz da ExpoFeira no Parque de Exposi\u00e7\u00e3o","author":"Assis Freitas","date":"08\/09\/2018","format":false,"excerpt":"H\u00e1 mais de 30 anos, Gildarte Ramos da Penha \u00e9 o dono da voz mais ouvida no Parque de Exposi\u00e7\u00e3o Jo\u00e3o Martins da Silva, durante a Exposi\u00e7\u00e3o Agropecu\u00e1ria. \u00c9 o respons\u00e1vel pela sonoriza\u00e7\u00e3o ambiente e por parte da locu\u00e7\u00e3o das inser\u00e7\u00f5es comerciais e das entradas ao vivo, as conhecidas utilidades\u2026","rel":"","context":"Em &quot;Home&quot;","block_context":{"text":"Home","link":"https:\/\/blogdafeira.com.br\/home\/categoria\/raiz\/"},"img":{"alt_text":"","src":"https:\/\/i0.wp.com\/blogdafeira.com.br\/home\/wp-content\/uploads\/2018\/09\/792018152543.jpg?resize=350%2C200","width":350,"height":200,"srcset":"https:\/\/i0.wp.com\/blogdafeira.com.br\/home\/wp-content\/uploads\/2018\/09\/792018152543.jpg?resize=350%2C200 1x, https:\/\/i0.wp.com\/blogdafeira.com.br\/home\/wp-content\/uploads\/2018\/09\/792018152543.jpg?resize=525%2C300 1.5x"},"classes":[]},{"id":68209,"url":"https:\/\/blogdafeira.com.br\/home\/2025\/07\/10\/transformar-a-marechal-em-calcadao-para-pedestres-esta-se-tornando-um-consenso-cadai\/","url_meta":{"origin":36447,"position":4},"title":"Transformar a Marechal em Cal\u00e7ad\u00e3o para pedestres est\u00e1 se tornando um consenso","author":"Assis Freitas","date":"10\/07\/2025","format":false,"excerpt":"A maioria das pessoas que participaram do podcast \"Ch\u00e1 com Z\u00e9\" na Feira da Marechal, nesta manh\u00e3 de quinta-feira,10, se posicionou favor\u00e1vel a que a rua seja transformada em um Cal\u00e7ad\u00e3o exclusivo para pedestres ficarem \u00e0 vontade no com\u00e9rcio local. Do secret\u00e1rio municipal de Agricultura a lideran\u00e7as populares e t\u00e9cnicos,\u2026","rel":"","context":"Em &quot;Cidade&quot;","block_context":{"text":"Cidade","link":"https:\/\/blogdafeira.com.br\/home\/categoria\/cidade\/"},"img":{"alt_text":"","src":"https:\/\/i0.wp.com\/blogdafeira.com.br\/home\/wp-content\/uploads\/2025\/07\/Screenshot_20250710-094805.png?resize=350%2C200&ssl=1","width":350,"height":200,"srcset":"https:\/\/i0.wp.com\/blogdafeira.com.br\/home\/wp-content\/uploads\/2025\/07\/Screenshot_20250710-094805.png?resize=350%2C200&ssl=1 1x, https:\/\/i0.wp.com\/blogdafeira.com.br\/home\/wp-content\/uploads\/2025\/07\/Screenshot_20250710-094805.png?resize=525%2C300&ssl=1 1.5x, https:\/\/i0.wp.com\/blogdafeira.com.br\/home\/wp-content\/uploads\/2025\/07\/Screenshot_20250710-094805.png?resize=700%2C400&ssl=1 2x, https:\/\/i0.wp.com\/blogdafeira.com.br\/home\/wp-content\/uploads\/2025\/07\/Screenshot_20250710-094805.png?resize=1050%2C600&ssl=1 3x, https:\/\/i0.wp.com\/blogdafeira.com.br\/home\/wp-content\/uploads\/2025\/07\/Screenshot_20250710-094805.png?resize=1400%2C800&ssl=1 4x"},"classes":[]},{"id":42251,"url":"https:\/\/blogdafeira.com.br\/home\/2020\/12\/03\/jean-marques-feira-perde-uma-figura-alegre-e-generosa\/","url_meta":{"origin":36447,"position":5},"title":"Jean Marques, Feira perde uma figura alegre e generosa","author":"Assis Freitas","date":"03\/12\/2020","format":false,"excerpt":"Faleceu nesta triste manh\u00e3 de 03\/12 o ator, produtor, diretor e performer Jean Marques.\u00a0 A cidade perde um artista de tamanho imensur\u00e1vel, a fam\u00edlia e os amigos perdem uma figura alegre e generosa. Jean era um jovem de 36 anos, inquieto e criativo, que mesmo em seus \u00faltimos dias n\u00e3o\u2026","rel":"","context":"Em &quot;Cidade&quot;","block_context":{"text":"Cidade","link":"https:\/\/blogdafeira.com.br\/home\/categoria\/cidade\/"},"img":{"alt_text":"","src":"https:\/\/i0.wp.com\/blogdafeira.com.br\/home\/wp-content\/uploads\/2020\/12\/jean-marques-nnnn.jpg?resize=350%2C200&ssl=1","width":350,"height":200,"srcset":"https:\/\/i0.wp.com\/blogdafeira.com.br\/home\/wp-content\/uploads\/2020\/12\/jean-marques-nnnn.jpg?resize=350%2C200&ssl=1 1x, https:\/\/i0.wp.com\/blogdafeira.com.br\/home\/wp-content\/uploads\/2020\/12\/jean-marques-nnnn.jpg?resize=525%2C300&ssl=1 1.5x, https:\/\/i0.wp.com\/blogdafeira.com.br\/home\/wp-content\/uploads\/2020\/12\/jean-marques-nnnn.jpg?resize=700%2C400&ssl=1 2x, https:\/\/i0.wp.com\/blogdafeira.com.br\/home\/wp-content\/uploads\/2020\/12\/jean-marques-nnnn.jpg?resize=1050%2C600&ssl=1 3x, https:\/\/i0.wp.com\/blogdafeira.com.br\/home\/wp-content\/uploads\/2020\/12\/jean-marques-nnnn.jpg?resize=1400%2C800&ssl=1 4x"},"classes":[]}],"_links":{"self":[{"href":"https:\/\/blogdafeira.com.br\/home\/wp-json\/wp\/v2\/posts\/36447","targetHints":{"allow":["GET"]}}],"collection":[{"href":"https:\/\/blogdafeira.com.br\/home\/wp-json\/wp\/v2\/posts"}],"about":[{"href":"https:\/\/blogdafeira.com.br\/home\/wp-json\/wp\/v2\/types\/post"}],"author":[{"embeddable":true,"href":"https:\/\/blogdafeira.com.br\/home\/wp-json\/wp\/v2\/users\/1"}],"replies":[{"embeddable":true,"href":"https:\/\/blogdafeira.com.br\/home\/wp-json\/wp\/v2\/comments?post=36447"}],"version-history":[{"count":3,"href":"https:\/\/blogdafeira.com.br\/home\/wp-json\/wp\/v2\/posts\/36447\/revisions"}],"predecessor-version":[{"id":36457,"href":"https:\/\/blogdafeira.com.br\/home\/wp-json\/wp\/v2\/posts\/36447\/revisions\/36457"}],"wp:featuredmedia":[{"embeddable":true,"href":"https:\/\/blogdafeira.com.br\/home\/wp-json\/wp\/v2\/media\/36448"}],"wp:attachment":[{"href":"https:\/\/blogdafeira.com.br\/home\/wp-json\/wp\/v2\/media?parent=36447"}],"wp:term":[{"taxonomy":"category","embeddable":true,"href":"https:\/\/blogdafeira.com.br\/home\/wp-json\/wp\/v2\/categories?post=36447"},{"taxonomy":"post_tag","embeddable":true,"href":"https:\/\/blogdafeira.com.br\/home\/wp-json\/wp\/v2\/tags?post=36447"}],"curies":[{"name":"wp","href":"https:\/\/api.w.org\/{rel}","templated":true}]}}