{"id":36683,"date":"2020-03-28T16:42:04","date_gmt":"2020-03-28T19:42:04","guid":{"rendered":"https:\/\/blogdafeira.com.br\/home\/?p=36683"},"modified":"2020-03-30T18:05:21","modified_gmt":"2020-03-30T21:05:21","slug":"colbert-mantem-suspensao-do-comercio-em-feira-ate-dia-5","status":"publish","type":"post","link":"https:\/\/blogdafeira.com.br\/home\/2020\/03\/28\/colbert-mantem-suspensao-do-comercio-em-feira-ate-dia-5\/","title":{"rendered":"Colbert mant\u00e9m suspens\u00e3o do com\u00e9rcio em Feira at\u00e9 dia 6 e divulga v\u00eddeo"},"content":{"rendered":"<div id=\"blogd-2422194435\" class=\"blogd-fim-do-post-mobile blogd-entity-placement\" style=\"margin-left: auto;margin-right: auto;text-align: center;\"><a href=\"https:\/\/www.sefaz.feiradesantana.ba.gov.br\/\" target=\"_blank\" aria-label=\"728&#215;90 (6)\"><img loading=\"lazy\" decoding=\"async\" src=\"https:\/\/blogdafeira.com.br\/home\/wp-content\/uploads\/2026\/03\/728x90-6.gif\" alt=\"\"  class=\"no-lazyload\" width=\"728\" height=\"90\"  style=\"display: inline-block;\" \/><\/a><\/div><p>A Prefeitura de Santana prorrogar\u00e1 o prazo de fechamento geral do com\u00e9rcio e de servi\u00e7os at\u00e9 o dia 6 de abril, como medida de conten\u00e7\u00e3o ao novo coronav\u00edrus. Segundo o <a href=\"https:\/\/www.blogdovelame.com\/colbert-mantem-comercio-fechado-e-aulas-suspensas-em-feira-de-santana\/\">Blog do Velame<\/a>, a prorroga\u00e7\u00e3o consta em decreto a ser publicado em edi\u00e7\u00e3o extra do di\u00e1rio oficial.<\/p><div id=\"blogd-3632693437\" class=\"blogd-conteudo-2-mobile blogd-entity-placement\"><a href=\"https:\/\/feirenses.com.br\/\" target=\"_blank\" aria-label=\"feirenses\"><img loading=\"lazy\" decoding=\"async\" src=\"https:\/\/blogdafeira.com.br\/home\/wp-content\/uploads\/2026\/04\/feirenses.png\" alt=\"\"  srcset=\"https:\/\/blogdafeira.com.br\/home\/wp-content\/uploads\/2026\/04\/feirenses.png 300w, https:\/\/blogdafeira.com.br\/home\/wp-content\/uploads\/2026\/04\/feirenses-170x45.png 170w, https:\/\/blogdafeira.com.br\/home\/wp-content\/uploads\/2026\/04\/feirenses-280x74.png 280w\" sizes=\"(max-width: 300px) 100vw, 300px\" class=\"no-lazyload\" width=\"300\" height=\"79\"  style=\"display: inline-block;\" \/><\/a><\/div>\n<p>O decreto reitera, ainda, que estabelecimentos que contam com servi\u00e7os delivery e de entregas est\u00e3o autorizados a funcionar. No decreto fica suspenso, at\u00e9 o dia 19\/04\/2020, o funcionamento de academias de gin\u00e1stica, cinemas, teatros e demais casas de espet\u00e1culo, parques infantis privados e centros esportivos. As aulas da rede municipal tamb\u00e9m continuam suspensas at\u00e9 o dia 19\/04\/2020.<\/p>\n<p>Todos os estabelecimentos da Rede Privada de Ensino licenciados pela prefeitura Municipal de Feira de Santana tamb\u00e9m devem seguir o que diz decreto. Shoppings, Feiraguai e o Mercado de Arte Popular tamb\u00e9m permanecem fechados.<\/p>\n<p>Em v\u00eddeo, o prefeito Colbert Filho tranquiliza os feirenses quanto ao funcionamento dos servi\u00e7os essenciais: &#8220;Onde voc\u00ea est\u00e1 morando voc\u00ea tem certeza que tudo o que \u00e9 indispens\u00e1vel voc\u00ea tem&#8221;. Classificou, ainda, a decis\u00e3o como dif\u00edcil, mas necess\u00e1ria: &#8220;O mais importante \u00e9 preservar a sua vida, eu estou fazendo isso&#8221;.<\/p>\n<div id=\"blogd-1685974894\" class=\"blogd-final-post blogd-entity-placement\"><a href=\"https:\/\/www.feiradesantana.ba.leg.br\/\" target=\"_blank\" aria-label=\"BANNER-SITE-ENTREGADECHEQUE-CAMARADEFEIRA\"><img loading=\"lazy\" decoding=\"async\" src=\"https:\/\/blogdafeira.com.br\/home\/wp-content\/uploads\/2026\/03\/BANNER-SITE-ENTREGADECHEQUE-CAMARADEFEIRA.gif\" alt=\"\"  class=\"no-lazyload\" width=\"728\" height=\"90\"   \/><\/a><\/div><div style=\"width: 640px;\" class=\"wp-video\"><!--[if lt IE 9]><script>document.createElement('video');<\/script><![endif]-->\n<video class=\"wp-video-shortcode\" id=\"video-36683-1\" width=\"640\" height=\"352\" preload=\"metadata\" controls=\"controls\"><source type=\"video\/mp4\" src=\"https:\/\/blogdafeira.com.br\/home\/wp-content\/uploads\/2020\/03\/WhatsApp-Video-2020-03-28-at-18.15.04.mp4?_=1\" \/><a href=\"https:\/\/blogdafeira.com.br\/home\/wp-content\/uploads\/2020\/03\/WhatsApp-Video-2020-03-28-at-18.15.04.mp4\">https:\/\/blogdafeira.com.br\/home\/wp-content\/uploads\/2020\/03\/WhatsApp-Video-2020-03-28-at-18.15.04.mp4<\/a><\/video><\/div>\n[Atualizado \u00e0s 18:22 para incluir v\u00eddeo do prefeito]\n","protected":false},"excerpt":{"rendered":"<p>A Prefeitura de Santana prorrogar\u00e1 o prazo de fechamento geral do com\u00e9rcio e de servi\u00e7os at\u00e9 o dia 6 de abril, como medida de conten\u00e7\u00e3o ao novo coronav\u00edrus. Segundo o Blog do Velame, a prorroga\u00e7\u00e3o consta em decreto a ser publicado em edi\u00e7\u00e3o extra do di\u00e1rio oficial. O decreto reitera, ainda, que estabelecimentos que contam<\/p>\n","protected":false},"author":1,"featured_media":35880,"comment_status":"closed","ping_status":"open","sticky":false,"template":"","format":"standard","meta":{"jetpack_post_was_ever_published":false,"cybocfi_hide_featured_image":"","_jetpack_newsletter_access":"","_jetpack_dont_email_post_to_subs":false,"_jetpack_newsletter_tier_id":0,"_jetpack_memberships_contains_paywalled_content":false,"_jetpack_memberships_contains_paid_content":false,"footnotes":"","jetpack_publicize_message":"","jetpack_publicize_feature_enabled":true,"jetpack_social_post_already_shared":true,"jetpack_social_options":{"image_generator_settings":{"template":"highway","default_image_id":0,"font":"","enabled":false},"version":2}},"categories":[3,1],"tags":[],"class_list":["post-36683","post","type-post","status-publish","format-standard","has-post-thumbnail","hentry","category-cidade","category-raiz"],"jetpack_publicize_connections":[],"jetpack_featured_media_url":"https:\/\/blogdafeira.com.br\/home\/wp-content\/uploads\/2020\/03\/332020183256.jpg","jetpack_shortlink":"https:\/\/wp.me\/p3niVf-9xF","jetpack_sharing_enabled":true,"jetpack-related-posts":[{"id":38620,"url":"https:\/\/blogdafeira.com.br\/home\/2020\/06\/22\/decreto-de-escalonamento-do-comercio-prorrogado-ate-dia-29\/","url_meta":{"origin":36683,"position":0},"title":"Decreto de escalonamento do com\u00e9rcio prorrogado at\u00e9 dia 29","author":"Blog da Feira","date":"22\/06\/2020","format":false,"excerpt":"Os estabelecimentos autorizados a funcionar conforme o \u00faltimo decreto referente ao Estado de Calamidade P\u00fablica em decorr\u00eancia do novo coronav\u00edrus, em Feira de Santana, continuam com a mesma regra de escalonamento at\u00e9 o pr\u00f3ximo dia 29. Decreto de prorroga\u00e7\u00e3o desta medida ser\u00e1 publicado no Di\u00e1rio Oficial Eletr\u00f4nico do Munic\u00edpio nesta\u2026","rel":"","context":"Em &quot;Cidade&quot;","block_context":{"text":"Cidade","link":"https:\/\/blogdafeira.com.br\/home\/categoria\/cidade\/"},"img":{"alt_text":"","src":"https:\/\/i0.wp.com\/blogdafeira.com.br\/home\/wp-content\/uploads\/2020\/06\/colbert-fdssfs.jpg?resize=350%2C200&ssl=1","width":350,"height":200,"srcset":"https:\/\/i0.wp.com\/blogdafeira.com.br\/home\/wp-content\/uploads\/2020\/06\/colbert-fdssfs.jpg?resize=350%2C200&ssl=1 1x, https:\/\/i0.wp.com\/blogdafeira.com.br\/home\/wp-content\/uploads\/2020\/06\/colbert-fdssfs.jpg?resize=525%2C300&ssl=1 1.5x"},"classes":[]},{"id":36709,"url":"https:\/\/blogdafeira.com.br\/home\/2020\/03\/30\/o-que-abre-e-o-que-fecha-hoje-em-feira-de-santana\/","url_meta":{"origin":36683,"position":1},"title":"Saiba o que abre e o que fecha em Feira de Santana","author":"Blog da Feira","date":"30\/03\/2020","format":false,"excerpt":"Com a publica\u00e7\u00e3o do Decreto 11.508 no Di\u00e1rio Oficial, a Prefeitura prorrogou para o dia 6 de abril a reabertura do com\u00e9rcio. Entretanto, algumas atividades consideradas essenciais continuam funcionando. Al\u00e9m de servi\u00e7os de delivery, mercados e farm\u00e1cias, continuam abertos: Lojas de produtos aliment\u00edcios como frigor\u00edficos, granjas, peixarias e hortifrutigranjeiros; Feiras\u2026","rel":"","context":"Em &quot;Cidade&quot;","block_context":{"text":"Cidade","link":"https:\/\/blogdafeira.com.br\/home\/categoria\/cidade\/"},"img":{"alt_text":"","src":"https:\/\/i0.wp.com\/blogdafeira.com.br\/home\/wp-content\/uploads\/2020\/03\/chuva-feira-de-santana.jpg?resize=350%2C200&ssl=1","width":350,"height":200,"srcset":"https:\/\/i0.wp.com\/blogdafeira.com.br\/home\/wp-content\/uploads\/2020\/03\/chuva-feira-de-santana.jpg?resize=350%2C200&ssl=1 1x, https:\/\/i0.wp.com\/blogdafeira.com.br\/home\/wp-content\/uploads\/2020\/03\/chuva-feira-de-santana.jpg?resize=525%2C300&ssl=1 1.5x, https:\/\/i0.wp.com\/blogdafeira.com.br\/home\/wp-content\/uploads\/2020\/03\/chuva-feira-de-santana.jpg?resize=700%2C400&ssl=1 2x"},"classes":[]},{"id":37506,"url":"https:\/\/blogdafeira.com.br\/home\/2020\/05\/04\/escolas-das-redes-publicas-e-privada-academias-bares-e-restaurantes-continuam-fechados\/","url_meta":{"origin":36683,"position":2},"title":"Escolas das redes p\u00fablicas e privada, academias, bares e restaurantes continuam fechados","author":"Blog da Feira","date":"04\/05\/2020","format":false,"excerpt":"O prefeito Colbert Martins Filho prorrogou o Decreto Municipal que regulamenta o funcionamento de setores da economia de Feira de Santana durante o per\u00edodo da pandemia do coronav\u00edrus Covid-19, at\u00e9 o pr\u00f3ximo dia 18 de maio. Com a decis\u00e3o, adotada durante reuni\u00e3o com secret\u00e1rios municipais, no final da tarde desta\u2026","rel":"","context":"Em &quot;Cidade&quot;","block_context":{"text":"Cidade","link":"https:\/\/blogdafeira.com.br\/home\/categoria\/cidade\/"},"img":{"alt_text":"","src":"https:\/\/i0.wp.com\/blogdafeira.com.br\/home\/wp-content\/uploads\/2020\/04\/1042020235618.jpg?resize=350%2C200&ssl=1","width":350,"height":200,"srcset":"https:\/\/i0.wp.com\/blogdafeira.com.br\/home\/wp-content\/uploads\/2020\/04\/1042020235618.jpg?resize=350%2C200&ssl=1 1x, https:\/\/i0.wp.com\/blogdafeira.com.br\/home\/wp-content\/uploads\/2020\/04\/1042020235618.jpg?resize=525%2C300&ssl=1 1.5x"},"classes":[]},{"id":37523,"url":"https:\/\/blogdafeira.com.br\/home\/2020\/05\/05\/audiencias-e-prazos-processuais-suspensos-ate-dia-15-no-procon-de-feira\/","url_meta":{"origin":36683,"position":3},"title":"Audi\u00eancias e prazos processuais suspensos at\u00e9 dia 15 no Procon de Feira","author":"Blog da Feira","date":"05\/05\/2020","format":false,"excerpt":"As audi\u00eancias na Superintend\u00eancia Municipal de Prote\u00e7\u00e3o e Defesa do Consumidor (Procon\/Fsa) seguem suspensas em Feira de Santana at\u00e9 o dia 15 de maio. A decis\u00e3o, que est\u00e1 em vigor desde o dia 19 de mar\u00e7o, foi prorrogada por conta da atual situa\u00e7\u00e3o do munic\u00edpio em rela\u00e7\u00e3o ao novo coronav\u00edrus\u2026","rel":"","context":"Em &quot;Cidade&quot;","block_context":{"text":"Cidade","link":"https:\/\/blogdafeira.com.br\/home\/categoria\/cidade\/"},"img":{"alt_text":"","src":"https:\/\/i0.wp.com\/blogdafeira.com.br\/home\/wp-content\/uploads\/2020\/05\/552020145521.jpg?resize=350%2C200&ssl=1","width":350,"height":200,"srcset":"https:\/\/i0.wp.com\/blogdafeira.com.br\/home\/wp-content\/uploads\/2020\/05\/552020145521.jpg?resize=350%2C200&ssl=1 1x, https:\/\/i0.wp.com\/blogdafeira.com.br\/home\/wp-content\/uploads\/2020\/05\/552020145521.jpg?resize=525%2C300&ssl=1 1.5x"},"classes":[]},{"id":42265,"url":"https:\/\/blogdafeira.com.br\/home\/2020\/12\/04\/governo-da-bahia-proibe-festas-publicas-ou-privadas-covid19\/","url_meta":{"origin":36683,"position":4},"title":"Governo da Bahia pro\u00edbe festas p\u00fablicas ou privadas: Covid19","author":"Blog da Feira","date":"04\/12\/2020","format":false,"excerpt":"A realiza\u00e7\u00e3o de shows e festas est\u00e1 suspensa em toda a Bahia. A decis\u00e3o est\u00e1 publicada no Di\u00e1rio Oficial do Estado (DOE) desta sexta-feira (4) e faz parte do decreto n\u00ba 19.586. Conforme a publica\u00e7\u00e3o, ficam proibidos os \u201cshows, festas, p\u00fablicas ou privadas, e afins, independentemente do n\u00famero de participantes\u201d.\u2026","rel":"","context":"Em &quot;Bahia&quot;","block_context":{"text":"Bahia","link":"https:\/\/blogdafeira.com.br\/home\/categoria\/bahia\/"},"img":{"alt_text":"","src":"https:\/\/i0.wp.com\/blogdafeira.com.br\/home\/wp-content\/uploads\/2020\/11\/corona.jpg?resize=350%2C200&ssl=1","width":350,"height":200,"srcset":"https:\/\/i0.wp.com\/blogdafeira.com.br\/home\/wp-content\/uploads\/2020\/11\/corona.jpg?resize=350%2C200&ssl=1 1x, https:\/\/i0.wp.com\/blogdafeira.com.br\/home\/wp-content\/uploads\/2020\/11\/corona.jpg?resize=525%2C300&ssl=1 1.5x, https:\/\/i0.wp.com\/blogdafeira.com.br\/home\/wp-content\/uploads\/2020\/11\/corona.jpg?resize=700%2C400&ssl=1 2x, https:\/\/i0.wp.com\/blogdafeira.com.br\/home\/wp-content\/uploads\/2020\/11\/corona.jpg?resize=1050%2C600&ssl=1 3x"},"classes":[]},{"id":38151,"url":"https:\/\/blogdafeira.com.br\/home\/2020\/05\/30\/colbert-prorroga-ate-o-dia-8-as-medidas-restritivas-em-feira\/","url_meta":{"origin":36683,"position":5},"title":"Colbert prorroga at\u00e9 o dia 8 as medidas restritivas em Feira","author":"Blog da Feira","date":"30\/05\/2020","format":false,"excerpt":"Ao contr\u00e1rio do que aconteceu das outras vezes, o prefeito de Feira de Santana anunciou com dois dias de anteced\u00eancia a prorroga\u00e7\u00e3o das medidas restritivas impostas ao com\u00e9rcio do munic\u00edpio em raz\u00e3o da pandemia. Analisando os n\u00fameros e sempre preocupado em preservar a sa\u00fade de nossa gente, onde o distanciamento\u2026","rel":"","context":"Em &quot;Cidade&quot;","block_context":{"text":"Cidade","link":"https:\/\/blogdafeira.com.br\/home\/categoria\/cidade\/"},"img":{"alt_text":"","src":"https:\/\/i0.wp.com\/blogdafeira.com.br\/home\/wp-content\/uploads\/2020\/05\/fabio-colber2.jpg?resize=350%2C200&ssl=1","width":350,"height":200},"classes":[]}],"_links":{"self":[{"href":"https:\/\/blogdafeira.com.br\/home\/wp-json\/wp\/v2\/posts\/36683","targetHints":{"allow":["GET"]}}],"collection":[{"href":"https:\/\/blogdafeira.com.br\/home\/wp-json\/wp\/v2\/posts"}],"about":[{"href":"https:\/\/blogdafeira.com.br\/home\/wp-json\/wp\/v2\/types\/post"}],"author":[{"embeddable":true,"href":"https:\/\/blogdafeira.com.br\/home\/wp-json\/wp\/v2\/users\/1"}],"replies":[{"embeddable":true,"href":"https:\/\/blogdafeira.com.br\/home\/wp-json\/wp\/v2\/comments?post=36683"}],"version-history":[{"count":7,"href":"https:\/\/blogdafeira.com.br\/home\/wp-json\/wp\/v2\/posts\/36683\/revisions"}],"predecessor-version":[{"id":36693,"href":"https:\/\/blogdafeira.com.br\/home\/wp-json\/wp\/v2\/posts\/36683\/revisions\/36693"}],"wp:featuredmedia":[{"embeddable":true,"href":"https:\/\/blogdafeira.com.br\/home\/wp-json\/wp\/v2\/media\/35880"}],"wp:attachment":[{"href":"https:\/\/blogdafeira.com.br\/home\/wp-json\/wp\/v2\/media?parent=36683"}],"wp:term":[{"taxonomy":"category","embeddable":true,"href":"https:\/\/blogdafeira.com.br\/home\/wp-json\/wp\/v2\/categories?post=36683"},{"taxonomy":"post_tag","embeddable":true,"href":"https:\/\/blogdafeira.com.br\/home\/wp-json\/wp\/v2\/tags?post=36683"}],"curies":[{"name":"wp","href":"https:\/\/api.w.org\/{rel}","templated":true}]}}