{"id":36951,"date":"2020-04-07T17:41:42","date_gmt":"2020-04-07T20:41:42","guid":{"rendered":"https:\/\/blogdafeira.com.br\/home\/?p=36951"},"modified":"2020-04-22T13:39:26","modified_gmt":"2020-04-22T16:39:26","slug":"rui-costa-vamos-flexibilizar-em-algumas-cidades","status":"publish","type":"post","link":"https:\/\/blogdafeira.com.br\/home\/2020\/04\/07\/rui-costa-vamos-flexibilizar-em-algumas-cidades\/","title":{"rendered":"Rui Costa: &#8220;vamos flexibilizar medidas em algumas cidades&#8221;"},"content":{"rendered":"<div id=\"blogd-4110453093\" class=\"blogd-fim-do-post-mobile blogd-entity-placement\" style=\"margin-left: auto;margin-right: auto;text-align: center;\"><a href=\"https:\/\/www.sefaz.feiradesantana.ba.gov.br\/\" target=\"_blank\" aria-label=\"728&#215;90 (6)\"><img loading=\"lazy\" decoding=\"async\" src=\"https:\/\/blogdafeira.com.br\/home\/wp-content\/uploads\/2026\/03\/728x90-6.gif\" alt=\"\"  class=\"no-lazyload\" width=\"728\" height=\"90\"  style=\"display: inline-block;\" \/><\/a><\/div><p>Em \u00e1udio divulgado nas redes sociais, o governador Rui Costa reafirma que o governo do estado pretende flexibilizar as medidas de isolamento social em cidades sem casos da Covid-19 nos \u00faltimos 15 dias a partir da pr\u00f3xima semana: &#8220;Se vencermos at\u00e9 o pr\u00f3ximo domingo sem contamina\u00e7\u00e3o, vamos flexibilizar nesses cidades que ainda n\u00e3o tem nenhum caso confirmado&#8221;.<\/p><div id=\"blogd-4179492583\" class=\"blogd-conteudo-2-mobile blogd-entity-placement\"><a href=\"https:\/\/feirenses.com.br\/\" target=\"_blank\" aria-label=\"feirenses\"><img loading=\"lazy\" decoding=\"async\" src=\"https:\/\/blogdafeira.com.br\/home\/wp-content\/uploads\/2026\/04\/feirenses.png\" alt=\"\"  srcset=\"https:\/\/blogdafeira.com.br\/home\/wp-content\/uploads\/2026\/04\/feirenses.png 300w, https:\/\/blogdafeira.com.br\/home\/wp-content\/uploads\/2026\/04\/feirenses-170x45.png 170w, https:\/\/blogdafeira.com.br\/home\/wp-content\/uploads\/2026\/04\/feirenses-280x74.png 280w\" sizes=\"(max-width: 300px) 100vw, 300px\" class=\"no-lazyload\" width=\"300\" height=\"79\"  style=\"display: inline-block;\" \/><\/a><\/div>\n<p>Para ele, entretanto, as escolas devem ainda permanecer fechadas por pelo menos mais duas semanas: &#8220;Ainda n\u00e3o est\u00e1 no momento de pensarmos na abertura&#8221;.<\/p>\n<p>O governador tamb\u00e9m ressalta a import\u00e2ncia do controle detalhado da situa\u00e7\u00e3o em cada localidade e pondera que \u00e9 necess\u00e1rio um &#8216;ajuste fino&#8217; das medidas, para que possam garantir ao mesmo tempo a sa\u00fade e o emprego: &#8220;\u00c9 dessa forma que vamos encontrar um ponto de equil\u00edbrio entre a vida humana e atividades necess\u00e1rias para manter emprego e renda das pessoas&#8221;.<\/p>\n<p>Ou\u00e7a o \u00e1udio original:<\/p>\n<!--[if lt IE 9]><script>document.createElement('audio');<\/script><![endif]-->\n<div id=\"blogd-1559110823\" class=\"blogd-final-post blogd-entity-placement\"><a href=\"https:\/\/www.feiradesantana.ba.leg.br\/\" target=\"_blank\" aria-label=\"BANNER-SITE-ENTREGADECHEQUE-CAMARADEFEIRA\"><img loading=\"lazy\" decoding=\"async\" src=\"https:\/\/blogdafeira.com.br\/home\/wp-content\/uploads\/2026\/03\/BANNER-SITE-ENTREGADECHEQUE-CAMARADEFEIRA.gif\" alt=\"\"  class=\"no-lazyload\" width=\"728\" height=\"90\"   \/><\/a><\/div><audio class=\"wp-audio-shortcode\" id=\"audio-36951-1\" preload=\"none\" style=\"width: 100%;\" controls=\"controls\"><source type=\"audio\/mpeg\" src=\"https:\/\/blogdafeira.com.br\/home\/wp-content\/uploads\/2020\/04\/rui-costa.mp3?_=1\" \/><a href=\"https:\/\/blogdafeira.com.br\/home\/wp-content\/uploads\/2020\/04\/rui-costa.mp3\">https:\/\/blogdafeira.com.br\/home\/wp-content\/uploads\/2020\/04\/rui-costa.mp3<\/a><\/audio>\n<p>&nbsp;<\/p>\n<p>&nbsp;<\/p>\n","protected":false},"excerpt":{"rendered":"<p>Em \u00e1udio divulgado nas redes sociais, o governador Rui Costa reafirma que o governo do estado pretende flexibilizar as medidas de isolamento social em cidades sem casos da Covid-19 nos \u00faltimos 15 dias a partir da pr\u00f3xima semana: &#8220;Se vencermos at\u00e9 o pr\u00f3ximo domingo sem contamina\u00e7\u00e3o, vamos flexibilizar nesses cidades que ainda n\u00e3o tem nenhum<\/p>\n","protected":false},"author":1,"featured_media":36953,"comment_status":"closed","ping_status":"open","sticky":false,"template":"","format":"standard","meta":{"jetpack_post_was_ever_published":false,"cybocfi_hide_featured_image":"","_jetpack_newsletter_access":"","_jetpack_dont_email_post_to_subs":false,"_jetpack_newsletter_tier_id":0,"_jetpack_memberships_contains_paywalled_content":false,"_jetpack_memberships_contains_paid_content":false,"footnotes":"","jetpack_publicize_message":"","jetpack_publicize_feature_enabled":true,"jetpack_social_post_already_shared":true,"jetpack_social_options":{"image_generator_settings":{"template":"highway","default_image_id":0,"font":"","enabled":false},"version":2}},"categories":[1,631],"tags":[],"class_list":["post-36951","post","type-post","status-publish","format-standard","has-post-thumbnail","hentry","category-raiz","category-politica"],"jetpack_publicize_connections":[],"jetpack_featured_media_url":"https:\/\/blogdafeira.com.br\/home\/wp-content\/uploads\/2020\/04\/rui_costa-scaled.jpg","jetpack_shortlink":"https:\/\/wp.me\/p3niVf-9BZ","jetpack_sharing_enabled":true,"jetpack-related-posts":[{"id":38035,"url":"https:\/\/blogdafeira.com.br\/home\/2020\/05\/22\/feriadao-tenta-conter-expansao-do-novo-coronavirus\/","url_meta":{"origin":36951,"position":0},"title":"&#8220;Feriad\u00e3o&#8221; tenta conter expans\u00e3o do novo coronav\u00edrus","author":"Andr\u00e9 Pomponet","date":"22\/05\/2020","format":false,"excerpt":"Semana que vem ser\u00e1 de feriados antecipados aqui na Feira de Santana. \u00c9 para manter a popula\u00e7\u00e3o em casa, tentando frear a expans\u00e3o do Covid-19 no munic\u00edpio. A medida foi anunciada pelo governador Rui Costa (PT), \u00e0 tarde. S\u00f3 ser\u00e3o autorizadas atividades essenciais \u2013 supermercados, farm\u00e1cias, postos de combust\u00edveis \u2013\u2026","rel":"","context":"Em &quot;Colunistas&quot;","block_context":{"text":"Colunistas","link":"https:\/\/blogdafeira.com.br\/home\/categoria\/colunistas\/"},"img":{"alt_text":"","src":"https:\/\/i0.wp.com\/blogdafeira.com.br\/home\/wp-content\/uploads\/2020\/04\/1042020235618.jpg?resize=350%2C200&ssl=1","width":350,"height":200,"srcset":"https:\/\/i0.wp.com\/blogdafeira.com.br\/home\/wp-content\/uploads\/2020\/04\/1042020235618.jpg?resize=350%2C200&ssl=1 1x, https:\/\/i0.wp.com\/blogdafeira.com.br\/home\/wp-content\/uploads\/2020\/04\/1042020235618.jpg?resize=525%2C300&ssl=1 1.5x"},"classes":[]},{"id":38234,"url":"https:\/\/blogdafeira.com.br\/home\/2020\/06\/04\/governador-da-bahia-nao-ve-cenario-para-impeachment-de-bolsonaro\/","url_meta":{"origin":36951,"position":1},"title":"Governador da Bahia n\u00e3o v\u00ea cen\u00e1rio para impeachment de Bolsonaro","author":"Blog da Feira","date":"04\/06\/2020","format":false,"excerpt":"O governador da Bahia, Rui Costa (PT), disse nesta quinta-feira em entrevista em uma live do jornal \"Valor Econ\u00f4mico' que n\u00e3o h\u00e1 cen\u00e1rio, no curto prazo, para um processo de impeachment contra o presidente da Rep\u00fablica, Jair Bolsonaro (sem partido). Rui argumentou para a jornalista Malu Delgado que para isso\u2026","rel":"","context":"Em &quot;Bahia&quot;","block_context":{"text":"Bahia","link":"https:\/\/blogdafeira.com.br\/home\/categoria\/bahia\/"},"img":{"alt_text":"","src":"https:\/\/i0.wp.com\/blogdafeira.com.br\/home\/wp-content\/uploads\/2020\/04\/rui_costa-scaled.jpg?resize=350%2C200&ssl=1","width":350,"height":200,"srcset":"https:\/\/i0.wp.com\/blogdafeira.com.br\/home\/wp-content\/uploads\/2020\/04\/rui_costa-scaled.jpg?resize=350%2C200&ssl=1 1x, https:\/\/i0.wp.com\/blogdafeira.com.br\/home\/wp-content\/uploads\/2020\/04\/rui_costa-scaled.jpg?resize=525%2C300&ssl=1 1.5x, https:\/\/i0.wp.com\/blogdafeira.com.br\/home\/wp-content\/uploads\/2020\/04\/rui_costa-scaled.jpg?resize=700%2C400&ssl=1 2x, https:\/\/i0.wp.com\/blogdafeira.com.br\/home\/wp-content\/uploads\/2020\/04\/rui_costa-scaled.jpg?resize=1050%2C600&ssl=1 3x, https:\/\/i0.wp.com\/blogdafeira.com.br\/home\/wp-content\/uploads\/2020\/04\/rui_costa-scaled.jpg?resize=1400%2C800&ssl=1 4x"},"classes":[]},{"id":37454,"url":"https:\/\/blogdafeira.com.br\/home\/2020\/04\/30\/lider-do-governo-na-camara-pede-reabertura-de-academias\/","url_meta":{"origin":36951,"position":2},"title":"L\u00edder do Governo na C\u00e2mara pede reabertura de academias","author":"Blog da Feira","date":"30\/04\/2020","format":false,"excerpt":"L\u00edder do Governo na C\u00e2mara Municipal, o vereador Marcos Lima defende a flexibiliza\u00e7\u00e3o das medidas para conter a dissemina\u00e7\u00e3o do coronav\u00edrus Covid-19, liberando a abertura das academias em Feira de Santana com a ado\u00e7\u00e3o de medidas protetivas. Ele esteve com uma comiss\u00e3o de representantes de academias, juntamente com o vereador\u2026","rel":"","context":"Em &quot;Cidade&quot;","block_context":{"text":"Cidade","link":"https:\/\/blogdafeira.com.br\/home\/categoria\/cidade\/"},"img":{"alt_text":"","src":"https:\/\/i0.wp.com\/blogdafeira.com.br\/home\/wp-content\/uploads\/2020\/04\/3042020115233.jpg?resize=350%2C200&ssl=1","width":350,"height":200,"srcset":"https:\/\/i0.wp.com\/blogdafeira.com.br\/home\/wp-content\/uploads\/2020\/04\/3042020115233.jpg?resize=350%2C200&ssl=1 1x, https:\/\/i0.wp.com\/blogdafeira.com.br\/home\/wp-content\/uploads\/2020\/04\/3042020115233.jpg?resize=525%2C300&ssl=1 1.5x"},"classes":[]},{"id":49328,"url":"https:\/\/blogdafeira.com.br\/home\/2021\/12\/12\/cerca-de-70-mil-pessoas-atingidas-pelas-chuvas-no-extremo-sul-rui-sobrevoa-regiao\/","url_meta":{"origin":36951,"position":3},"title":"Cerca de 70 mil pessoas afetadas pelas chuvas no extremo sul; Rui sobrevoa regi\u00e3o","author":"Blog da Feira","date":"12\/12\/2021","format":false,"excerpt":"O governador Rui Costa realizou, desde as primeiras horas da manh\u00e3 deste domingo (12), uma s\u00e9rie de visitas e sobrevoos \u00e0s principais localidades atingidas pelas fortes chuvas da \u00faltima semana no Extremo Sul da Bahia. Ele acompanhou os danos causados aos munic\u00edpios e o trabalho da for\u00e7a-tarefa mobilizada pelo Governo\u2026","rel":"","context":"Em &quot;Bahia&quot;","block_context":{"text":"Bahia","link":"https:\/\/blogdafeira.com.br\/home\/categoria\/bahia\/"},"img":{"alt_text":"","src":"https:\/\/i0.wp.com\/blogdafeira.com.br\/home\/wp-content\/uploads\/2021\/12\/Screenshot_20211212-2133333.png?resize=350%2C200&ssl=1","width":350,"height":200,"srcset":"https:\/\/i0.wp.com\/blogdafeira.com.br\/home\/wp-content\/uploads\/2021\/12\/Screenshot_20211212-2133333.png?resize=350%2C200&ssl=1 1x, https:\/\/i0.wp.com\/blogdafeira.com.br\/home\/wp-content\/uploads\/2021\/12\/Screenshot_20211212-2133333.png?resize=525%2C300&ssl=1 1.5x"},"classes":[]},{"id":38037,"url":"https:\/\/blogdafeira.com.br\/home\/2020\/05\/22\/rui-costa-e-colbert-se-entendem-e-feira-tambem-antecipa-feriados\/","url_meta":{"origin":36951,"position":4},"title":"Feira antecipa o feriado da padroeira da cidade: Senhora Santana","author":"Blog da Feira","date":"22\/05\/2020","format":false,"excerpt":"O prefeito de Feira de Santana, Colbert Martins Filho (MDB), e o governador do Estado, Rui Costa(PT), conversaram nesta sexta-feira, 22, por duas vezes. Uma delas por\u00a0 telefone, no hor\u00e1rio do almo\u00e7o, outra j\u00e1 no final da tarde, atrav\u00e9s de videoconfer\u00eancia, para tratar de assuntos de interesse da popula\u00e7\u00e3o da\u2026","rel":"","context":"Em &quot;Cidade&quot;","block_context":{"text":"Cidade","link":"https:\/\/blogdafeira.com.br\/home\/categoria\/cidade\/"},"img":{"alt_text":"","src":"https:\/\/i0.wp.com\/blogdafeira.com.br\/home\/wp-content\/uploads\/2014\/07\/DSC02171.jpg?resize=350%2C200&ssl=1","width":350,"height":200},"classes":[]},{"id":39081,"url":"https:\/\/blogdafeira.com.br\/home\/2020\/07\/19\/prefeitura-de-feira-flexibiliza-atividade-economica-a-partir-de-terca-feira\/","url_meta":{"origin":36951,"position":5},"title":"Prefeitura de Feira flexibiliza atividade econ\u00f4mica a partir de ter\u00e7a-feira","author":"Blog da Feira","date":"19\/07\/2020","format":false,"excerpt":"A partir de ter\u00e7a-feira, 21, o funcionamento do com\u00e9rcio e servi\u00e7os em Feira de Santana ser\u00e1 mais flexibilizado, com alguns setores passando a funcionar todos os dias e acabando o limite de 200 metros quadrados.\u00a0 A decis\u00e3o foi tomada neste domingo (19) pelo prefeito Colbert Martins, levando em conta uma\u2026","rel":"","context":"Em &quot;Cidade&quot;","block_context":{"text":"Cidade","link":"https:\/\/blogdafeira.com.br\/home\/categoria\/cidade\/"},"img":{"alt_text":"","src":"https:\/\/i0.wp.com\/blogdafeira.com.br\/home\/wp-content\/uploads\/2020\/07\/prefeitura.jpg?resize=350%2C200&ssl=1","width":350,"height":200,"srcset":"https:\/\/i0.wp.com\/blogdafeira.com.br\/home\/wp-content\/uploads\/2020\/07\/prefeitura.jpg?resize=350%2C200&ssl=1 1x, https:\/\/i0.wp.com\/blogdafeira.com.br\/home\/wp-content\/uploads\/2020\/07\/prefeitura.jpg?resize=525%2C300&ssl=1 1.5x, https:\/\/i0.wp.com\/blogdafeira.com.br\/home\/wp-content\/uploads\/2020\/07\/prefeitura.jpg?resize=700%2C400&ssl=1 2x, https:\/\/i0.wp.com\/blogdafeira.com.br\/home\/wp-content\/uploads\/2020\/07\/prefeitura.jpg?resize=1050%2C600&ssl=1 3x"},"classes":[]}],"_links":{"self":[{"href":"https:\/\/blogdafeira.com.br\/home\/wp-json\/wp\/v2\/posts\/36951","targetHints":{"allow":["GET"]}}],"collection":[{"href":"https:\/\/blogdafeira.com.br\/home\/wp-json\/wp\/v2\/posts"}],"about":[{"href":"https:\/\/blogdafeira.com.br\/home\/wp-json\/wp\/v2\/types\/post"}],"author":[{"embeddable":true,"href":"https:\/\/blogdafeira.com.br\/home\/wp-json\/wp\/v2\/users\/1"}],"replies":[{"embeddable":true,"href":"https:\/\/blogdafeira.com.br\/home\/wp-json\/wp\/v2\/comments?post=36951"}],"version-history":[{"count":3,"href":"https:\/\/blogdafeira.com.br\/home\/wp-json\/wp\/v2\/posts\/36951\/revisions"}],"predecessor-version":[{"id":36956,"href":"https:\/\/blogdafeira.com.br\/home\/wp-json\/wp\/v2\/posts\/36951\/revisions\/36956"}],"wp:featuredmedia":[{"embeddable":true,"href":"https:\/\/blogdafeira.com.br\/home\/wp-json\/wp\/v2\/media\/36953"}],"wp:attachment":[{"href":"https:\/\/blogdafeira.com.br\/home\/wp-json\/wp\/v2\/media?parent=36951"}],"wp:term":[{"taxonomy":"category","embeddable":true,"href":"https:\/\/blogdafeira.com.br\/home\/wp-json\/wp\/v2\/categories?post=36951"},{"taxonomy":"post_tag","embeddable":true,"href":"https:\/\/blogdafeira.com.br\/home\/wp-json\/wp\/v2\/tags?post=36951"}],"curies":[{"name":"wp","href":"https:\/\/api.w.org\/{rel}","templated":true}]}}