{"id":37057,"date":"2020-04-11T16:54:36","date_gmt":"2020-04-11T19:54:36","guid":{"rendered":"https:\/\/blogdafeira.com.br\/home\/?p=37057"},"modified":"2020-04-14T15:09:20","modified_gmt":"2020-04-14T18:09:20","slug":"o-dono-da-bola","status":"publish","type":"post","link":"https:\/\/blogdafeira.com.br\/home\/2020\/04\/11\/o-dono-da-bola\/","title":{"rendered":"O dono da bola"},"content":{"rendered":"<div id=\"blogd-631938450\" class=\"blogd-fim-do-post-mobile blogd-entity-placement\" style=\"margin-left: auto;margin-right: auto;text-align: center;\"><a href=\"https:\/\/www.sefaz.feiradesantana.ba.gov.br\/\" target=\"_blank\" aria-label=\"728&#215;90 (6)\"><img loading=\"lazy\" decoding=\"async\" src=\"https:\/\/blogdafeira.com.br\/home\/wp-content\/uploads\/2026\/03\/728x90-6.gif\" alt=\"\"  class=\"no-lazyload\" width=\"728\" height=\"90\"  style=\"display: inline-block;\" \/><\/a><\/div><p>Lembra na sua inf\u00e2ncia daquele menino catarrento que n\u00e3o sabia jogar, mas era o dono da bola e sem ele o futebol acabava? Bolsonaro \u00e9 esse garoto: ego\u00edsta, autorit\u00e1rio, beirando a imbecilidade. Avisou-se que ele n\u00e3o sabia jogar, mas os pais, cegos pelo cora\u00e7\u00e3o (podemos colocar aqui a raiva irracional do PT), insistiram em coloc\u00e1-lo para ser capit\u00e3o do time.<\/p><div id=\"blogd-4161865095\" class=\"blogd-conteudo-2-mobile blogd-entity-placement\"><a href=\"https:\/\/feirenses.com.br\/\" target=\"_blank\" aria-label=\"feirenses\"><img loading=\"lazy\" decoding=\"async\" src=\"https:\/\/blogdafeira.com.br\/home\/wp-content\/uploads\/2026\/04\/feirenses.png\" alt=\"\"  srcset=\"https:\/\/blogdafeira.com.br\/home\/wp-content\/uploads\/2026\/04\/feirenses.png 300w, https:\/\/blogdafeira.com.br\/home\/wp-content\/uploads\/2026\/04\/feirenses-170x45.png 170w, https:\/\/blogdafeira.com.br\/home\/wp-content\/uploads\/2026\/04\/feirenses-280x74.png 280w\" sizes=\"(max-width: 300px) 100vw, 300px\" class=\"no-lazyload\" width=\"300\" height=\"79\"  style=\"display: inline-block;\" \/><\/a><\/div>\n<p>N\u00f3s tivemos tempo para nos prepararmos quanto \u00e0 pandemia. Vimos a trag\u00e9dia acontecendo na \u00c1sia, depois na Europa, e na Am\u00e9rica do Norte. Tivemos tempo para estudar todas as medidas que foram tomadas erroneamente ou acertadamente, por cada um desses lugares, e analisarmos o que poderia ser feito, de acordo com a nossa realidade. Mas, o que esperar de um pa\u00eds que n\u00e3o valoriza os seus pesquisadores e cientistas&#8230;<\/p>\n<p>Em um dos seus pronunciamentos, o presidente deixou claro mais uma vez a sua inaptid\u00e3o e seu plano genocida. Sendo sustentado pelos eleitores que ainda n\u00e3o se arrependeram de seu voto, os quais entoaram discursos \u201cpr\u00f3-vida\u201d durante todo o tempo de campanha; mas, eleitores empres\u00e1rios\/capitalistas n\u00e3o veem nenhum problema em matar algumas mil pessoas para continuarem lucrando com o seu neg\u00f3cio. Dito isso, sabemos qual \u00e9 a \u00fanica cor e a \u00fanica classe dessa vida que eles defendem.<\/p>\n<p>Jair continua em eterna campanha, mas agora a empreitada \u00e9 ele contra o resto do mundo. Em entrevista para a CNN, Boulos, Ciro Gomes, e Manuela D\u2019\u00c1vila d\u00e3o diretrizes pr\u00e1ticas de como controlar a crise, tanto na esfera da sa\u00fade, quanto na economia e na preserva\u00e7\u00e3o dos que est\u00e3o mais vulner\u00e1veis. At\u00e9 mesmo Witzel, e D\u00f3ria, de quem eu nunca esperei nenhuma sensatez, est\u00e3o defendendo a cartilha de conten\u00e7\u00e3o de danos, corretamente.<\/p>\n<div id=\"blogd-661567894\" class=\"blogd-final-post blogd-entity-placement\"><a href=\"https:\/\/www.feiradesantana.ba.leg.br\/\" target=\"_blank\" aria-label=\"BANNER-SITE-ENTREGADECHEQUE-CAMARADEFEIRA\"><img loading=\"lazy\" decoding=\"async\" src=\"https:\/\/blogdafeira.com.br\/home\/wp-content\/uploads\/2026\/03\/BANNER-SITE-ENTREGADECHEQUE-CAMARADEFEIRA.gif\" alt=\"\"  class=\"no-lazyload\" width=\"728\" height=\"90\"   \/><\/a><\/div><p>O que deve ser posto em quest\u00e3o agora, \u00e9 que se n\u00e3o colocarmos cem por cento em pr\u00e1tica as medidas cab\u00edveis, os empres\u00e1rios poder\u00e3o contar sua fortuna dentro do caix\u00e3o. A economia \u00e9 pass\u00edvel de recupera\u00e7\u00e3o, os corpos empilhados, n\u00e3o. Eu, enquanto cientista em forma\u00e7\u00e3o, espero que depois que essa poeira abaixar, o governo e a popula\u00e7\u00e3o brasileira comecem a enxergar a import\u00e2ncia de valorizar quem vive de pesquisa nesse pa\u00eds, come\u00e7ando com o aumento da carga hor\u00e1ria de mat\u00e9rias chave nas escolas, destinando mais dinheiro \u00e0s bolsas e projetos de pesquisa e acabando com a farsa da austeridade, j\u00e1 que sabemos \u00a0quais s\u00e3o as primeiras cabe\u00e7as a serem cortadas.<\/p>\n","protected":false},"excerpt":{"rendered":"<p>Lembra na sua inf\u00e2ncia daquele menino catarrento que n\u00e3o sabia jogar, mas era o dono da bola e sem ele o futebol acabava? Bolsonaro \u00e9 esse garoto: ego\u00edsta, autorit\u00e1rio, beirando a imbecilidade. Avisou-se que ele n\u00e3o sabia jogar, mas os pais, cegos pelo cora\u00e7\u00e3o (podemos colocar aqui a raiva irracional do PT), insistiram em coloc\u00e1-lo<\/p>\n","protected":false},"author":24,"featured_media":37058,"comment_status":"closed","ping_status":"open","sticky":false,"template":"","format":"standard","meta":{"jetpack_post_was_ever_published":false,"cybocfi_hide_featured_image":"","_jetpack_newsletter_access":"","_jetpack_dont_email_post_to_subs":false,"_jetpack_newsletter_tier_id":0,"_jetpack_memberships_contains_paywalled_content":false,"_jetpack_memberships_contains_paid_content":false,"footnotes":"","jetpack_publicize_message":"","jetpack_publicize_feature_enabled":true,"jetpack_social_post_already_shared":true,"jetpack_social_options":{"image_generator_settings":{"template":"highway","default_image_id":0,"font":"","enabled":false},"version":2}},"categories":[592,1,631],"tags":[],"class_list":["post-37057","post","type-post","status-publish","format-standard","has-post-thumbnail","hentry","category-colunistas","category-raiz","category-politica"],"jetpack_publicize_connections":[],"jetpack_featured_media_url":"https:\/\/blogdafeira.com.br\/home\/wp-content\/uploads\/2020\/04\/49761594511_dba6bdb7ff_o.jpg","jetpack_shortlink":"https:\/\/wp.me\/p3niVf-9DH","jetpack_sharing_enabled":true,"jetpack-related-posts":[{"id":46308,"url":"https:\/\/blogdafeira.com.br\/home\/2021\/07\/08\/o-abafabanca-de-dona-bernadete\/","url_meta":{"origin":37057,"position":0},"title":"O abafabanca de dona Bernadete","author":"Blog da Feira","date":"08\/07\/2021","format":false,"excerpt":"Bola de couro era um artigo de luxo nos nossos babas que aconteciam dia sim, dia sim. Invariavelmente e muitas vezes de manh\u00e3, \u00e0 tarde e \u00e0 noite. Ali\u00e1s, era artigo de luxo em qualquer jogo em Jaguara. N\u00e3o fa\u00e7o ideia de quanto custava, mas sei que era cara o\u2026","rel":"","context":"Em &quot;Colunistas&quot;","block_context":{"text":"Colunistas","link":"https:\/\/blogdafeira.com.br\/home\/categoria\/colunistas\/"},"img":{"alt_text":"","src":"","width":0,"height":0},"classes":[]},{"id":51548,"url":"https:\/\/blogdafeira.com.br\/home\/2022\/03\/30\/cartao-vermelho-para-o-chefe\/","url_meta":{"origin":37057,"position":1},"title":"Cart\u00e3o vermelho para o chefe","author":"Blog da Feira","date":"30\/03\/2022","format":false,"excerpt":"Conga, kichute ou de p\u00e9s de descal\u00e7o? Se fosse um bate-bola simples, ia na paleta, mesmo correndo o risco de arrancar a cabe\u00e7a dos dedos dos p\u00e9s em alguma das muitas pedras espalhadas nas ruas de Jaguara. Mas se era um baba, a\u00ed a escolha era quase sempre o kichute,\u2026","rel":"","context":"Em &quot;Colunistas&quot;","block_context":{"text":"Colunistas","link":"https:\/\/blogdafeira.com.br\/home\/categoria\/colunistas\/"},"img":{"alt_text":"","src":"https:\/\/i0.wp.com\/blogdafeira.com.br\/home\/wp-content\/uploads\/2022\/03\/images-1-2.jpeg?resize=350%2C200&ssl=1","width":350,"height":200,"srcset":"https:\/\/i0.wp.com\/blogdafeira.com.br\/home\/wp-content\/uploads\/2022\/03\/images-1-2.jpeg?resize=350%2C200&ssl=1 1x, https:\/\/i0.wp.com\/blogdafeira.com.br\/home\/wp-content\/uploads\/2022\/03\/images-1-2.jpeg?resize=525%2C300&ssl=1 1.5x"},"classes":[]},{"id":44148,"url":"https:\/\/blogdafeira.com.br\/home\/2021\/03\/15\/dona-raimunda-o-bolsonavirus-e-outros-virus\/","url_meta":{"origin":37057,"position":2},"title":"Dona Raimunda, o bolsonav\u00edrus e outros v\u00edrus","author":"Jolivaldo Freitas","date":"15\/03\/2021","format":false,"excerpt":"\u201cMeu filho!!!...\u201d. Quando dona Raimunda puxa o ar, enche o peito de tal forma que os seios fartos sobem como se fossem vela-bal\u00e3o em veleiro peado ventos al\u00edsios na Ba\u00eda de Todos os Santos, pode se preocupar que l\u00e1 vem bomba e eu da varanda ao lado da sua casa\u2026","rel":"","context":"Em &quot;Colunistas&quot;","block_context":{"text":"Colunistas","link":"https:\/\/blogdafeira.com.br\/home\/categoria\/colunistas\/"},"img":{"alt_text":"","src":"https:\/\/i0.wp.com\/blogdafeira.com.br\/home\/wp-content\/uploads\/2021\/02\/Hotel-Amaralina-Salvador.jpg?resize=350%2C200&ssl=1","width":350,"height":200,"srcset":"https:\/\/i0.wp.com\/blogdafeira.com.br\/home\/wp-content\/uploads\/2021\/02\/Hotel-Amaralina-Salvador.jpg?resize=350%2C200&ssl=1 1x, https:\/\/i0.wp.com\/blogdafeira.com.br\/home\/wp-content\/uploads\/2021\/02\/Hotel-Amaralina-Salvador.jpg?resize=525%2C300&ssl=1 1.5x"},"classes":[]},{"id":64818,"url":"https:\/\/blogdafeira.com.br\/home\/2024\/12\/09\/biribinha-um-talento-que-faz-da-vida-uma-bola\/","url_meta":{"origin":37057,"position":3},"title":"Biribinha, um talento que faz da vida uma bola","author":"Blog da Feira","date":"09\/12\/2024","format":false,"excerpt":"Faz da vida uma bola. Rolou por grandes times, ganhou dinheiro, teve at\u00e9 m\u00fasica gravada com seu nome. Com 70 anos e duas amputa\u00e7\u00f5es, continua irreverente, alegre, brincalh\u00e3o, n\u00e3o muda Um dos melhores jogadores de futebol surgidos em Feira de Santana, o recifense\/feirense Gilmar Lu\u00eds de Santana \u00e9, tamb\u00e9m, personagem\u2026","rel":"","context":"Em &quot;Cidade&quot;","block_context":{"text":"Cidade","link":"https:\/\/blogdafeira.com.br\/home\/categoria\/cidade\/"},"img":{"alt_text":"","src":"https:\/\/i0.wp.com\/blogdafeira.com.br\/home\/wp-content\/uploads\/2024\/12\/03122024095359.jpg?resize=350%2C200&ssl=1","width":350,"height":200,"srcset":"https:\/\/i0.wp.com\/blogdafeira.com.br\/home\/wp-content\/uploads\/2024\/12\/03122024095359.jpg?resize=350%2C200&ssl=1 1x, https:\/\/i0.wp.com\/blogdafeira.com.br\/home\/wp-content\/uploads\/2024\/12\/03122024095359.jpg?resize=525%2C300&ssl=1 1.5x, https:\/\/i0.wp.com\/blogdafeira.com.br\/home\/wp-content\/uploads\/2024\/12\/03122024095359.jpg?resize=700%2C400&ssl=1 2x, https:\/\/i0.wp.com\/blogdafeira.com.br\/home\/wp-content\/uploads\/2024\/12\/03122024095359.jpg?resize=1050%2C600&ssl=1 3x"},"classes":[]},{"id":62995,"url":"https:\/\/blogdafeira.com.br\/home\/2024\/07\/25\/padre-satyro-e-a-pelada-no-patamar-da-sao-vicente\/","url_meta":{"origin":37057,"position":4},"title":"Padre S\u00e1tyro e a pelada no Patamar da S\u00e3o Vicente","author":"J\u00e2nio R\u00eago","date":"25\/07\/2024","format":false,"excerpt":"Todos os pais sabiam da implic\u00e2ncia de Padre Satyro com a \"pelada\" no Patamar da Capela de S\u00e3o Vicente. Fazia prele\u00e7\u00e3o, exortava, queixava-se nas missas aos domingos. A missa era a sua quase exclusiva obriga\u00e7\u00e3o lit\u00fargica como capel\u00e3o, n\u00e3o fosse uma novena a Santo Ant\u00f4nio que surgira ap\u00f3s a famosa\u2026","rel":"","context":"Em &quot;Colunistas&quot;","block_context":{"text":"Colunistas","link":"https:\/\/blogdafeira.com.br\/home\/categoria\/colunistas\/"},"img":{"alt_text":"","src":"https:\/\/i0.wp.com\/blogdafeira.com.br\/home\/wp-content\/uploads\/2024\/07\/Screenshot_20240724-222934.png?resize=350%2C200&ssl=1","width":350,"height":200,"srcset":"https:\/\/i0.wp.com\/blogdafeira.com.br\/home\/wp-content\/uploads\/2024\/07\/Screenshot_20240724-222934.png?resize=350%2C200&ssl=1 1x, https:\/\/i0.wp.com\/blogdafeira.com.br\/home\/wp-content\/uploads\/2024\/07\/Screenshot_20240724-222934.png?resize=525%2C300&ssl=1 1.5x, https:\/\/i0.wp.com\/blogdafeira.com.br\/home\/wp-content\/uploads\/2024\/07\/Screenshot_20240724-222934.png?resize=700%2C400&ssl=1 2x, https:\/\/i0.wp.com\/blogdafeira.com.br\/home\/wp-content\/uploads\/2024\/07\/Screenshot_20240724-222934.png?resize=1050%2C600&ssl=1 3x"},"classes":[]},{"id":63678,"url":"https:\/\/blogdafeira.com.br\/home\/2024\/09\/07\/a-peleja-dos-marreteiros-contra-os-pexotes-na-sales-barbosa\/","url_meta":{"origin":37057,"position":5},"title":"A peleja dos \u201cmarreteiros\u201d contra os \u201cpexotes\u201d na Sales Barbosa","author":"Andr\u00e9 Pomponet","date":"07\/09\/2024","format":false,"excerpt":"As lembran\u00e7as s\u00e3o dos anos 1980. Naquele tempo a Sales Barbosa n\u00e3o devia ser t\u00e3o movimentada. Mas, menino, supunha que o ir-e-vir era intenso, compararia hoje ao da Avenida Paulista, ao da Avenida Presidente Vargas, no centro do Rio de Janeiro. Via-me desnorteado observando o mundo de baixo, mulheres e\u2026","rel":"","context":"Em &quot;Colunistas&quot;","block_context":{"text":"Colunistas","link":"https:\/\/blogdafeira.com.br\/home\/categoria\/colunistas\/"},"img":{"alt_text":"","src":"","width":0,"height":0},"classes":[]}],"_links":{"self":[{"href":"https:\/\/blogdafeira.com.br\/home\/wp-json\/wp\/v2\/posts\/37057","targetHints":{"allow":["GET"]}}],"collection":[{"href":"https:\/\/blogdafeira.com.br\/home\/wp-json\/wp\/v2\/posts"}],"about":[{"href":"https:\/\/blogdafeira.com.br\/home\/wp-json\/wp\/v2\/types\/post"}],"author":[{"embeddable":true,"href":"https:\/\/blogdafeira.com.br\/home\/wp-json\/wp\/v2\/users\/24"}],"replies":[{"embeddable":true,"href":"https:\/\/blogdafeira.com.br\/home\/wp-json\/wp\/v2\/comments?post=37057"}],"version-history":[{"count":1,"href":"https:\/\/blogdafeira.com.br\/home\/wp-json\/wp\/v2\/posts\/37057\/revisions"}],"predecessor-version":[{"id":37059,"href":"https:\/\/blogdafeira.com.br\/home\/wp-json\/wp\/v2\/posts\/37057\/revisions\/37059"}],"wp:featuredmedia":[{"embeddable":true,"href":"https:\/\/blogdafeira.com.br\/home\/wp-json\/wp\/v2\/media\/37058"}],"wp:attachment":[{"href":"https:\/\/blogdafeira.com.br\/home\/wp-json\/wp\/v2\/media?parent=37057"}],"wp:term":[{"taxonomy":"category","embeddable":true,"href":"https:\/\/blogdafeira.com.br\/home\/wp-json\/wp\/v2\/categories?post=37057"},{"taxonomy":"post_tag","embeddable":true,"href":"https:\/\/blogdafeira.com.br\/home\/wp-json\/wp\/v2\/tags?post=37057"}],"curies":[{"name":"wp","href":"https:\/\/api.w.org\/{rel}","templated":true}]}}