{"id":37132,"date":"2020-04-16T11:30:26","date_gmt":"2020-04-16T14:30:26","guid":{"rendered":"https:\/\/blogdafeira.com.br\/home\/?p=37132"},"modified":"2020-04-19T15:45:07","modified_gmt":"2020-04-19T18:45:07","slug":"festejos-juninos-em-tempos-de-pandemia","status":"publish","type":"post","link":"https:\/\/blogdafeira.com.br\/home\/2020\/04\/16\/festejos-juninos-em-tempos-de-pandemia\/","title":{"rendered":"Festejos juninos em tempos de pandemia"},"content":{"rendered":"<div id=\"blogd-4100221043\" class=\"blogd-fim-do-post-mobile blogd-entity-placement\" style=\"margin-left: auto;margin-right: auto;text-align: center;\"><a href=\"https:\/\/www.sefaz.feiradesantana.ba.gov.br\/\" target=\"_blank\" aria-label=\"728&#215;90 (6)\"><img loading=\"lazy\" decoding=\"async\" src=\"https:\/\/blogdafeira.com.br\/home\/wp-content\/uploads\/2026\/03\/728x90-6.gif\" alt=\"\"  class=\"no-lazyload\" width=\"728\" height=\"90\"  style=\"display: inline-block;\" \/><\/a><\/div><p><span style=\"font-weight: 400;\">Toda hora surgem diversas proje\u00e7\u00f5es sobre a pandemia do novo coronav\u00edrus. Muitos reclamam, julgam-se sufocados pelo notici\u00e1rio. \u00c9 verdade: nesses casos, \u00e9 melhor desconectar-se, buscar ocupa\u00e7\u00f5es alternativas para a cabe\u00e7a. O suceder intermin\u00e1vel de not\u00edcias sobre a doen\u00e7a, por\u00e9m, apresenta uma virtude. Consultando, selecionando e refletindo, \u00e9 poss\u00edvel ir mapeando atalhos, preparando-se para o que vem por a\u00ed. Afinal, a cada dia torna-se mais evidente que o futuro n\u00e3o ser\u00e1 mais como no passado.<\/span><\/p><div id=\"blogd-4097433764\" class=\"blogd-conteudo-2-mobile blogd-entity-placement\"><a href=\"https:\/\/feirenses.com.br\/\" target=\"_blank\" aria-label=\"feirenses\"><img loading=\"lazy\" decoding=\"async\" src=\"https:\/\/blogdafeira.com.br\/home\/wp-content\/uploads\/2026\/04\/feirenses.png\" alt=\"\"  srcset=\"https:\/\/blogdafeira.com.br\/home\/wp-content\/uploads\/2026\/04\/feirenses.png 300w, https:\/\/blogdafeira.com.br\/home\/wp-content\/uploads\/2026\/04\/feirenses-170x45.png 170w, https:\/\/blogdafeira.com.br\/home\/wp-content\/uploads\/2026\/04\/feirenses-280x74.png 280w\" sizes=\"(max-width: 300px) 100vw, 300px\" class=\"no-lazyload\" width=\"300\" height=\"79\"  style=\"display: inline-block;\" \/><\/a><\/div>\n<p><span style=\"font-weight: 400;\">Pesquisadores norte-americanos estimam, por exemplo, que shows \u2013 com suas consequentes aglomera\u00e7\u00f5es de pessoas \u2013 s\u00f3 recome\u00e7am em meados de 2021. Caso a proje\u00e7\u00e3o se confirme, festas como o S\u00e3o Jo\u00e3o e o Carnaval do ano que vem estar\u00e3o comprometidas. Os festejos juninos de 2020, a prop\u00f3sito, j\u00e1 est\u00e3o sendo cancelados Nordeste afora. \u00c9 apenas o primeiro ato de um novo mundo que se descortina.<\/span><\/p>\n<p><span style=\"font-weight: 400;\">As celebra\u00e7\u00f5es juninas no Nordeste tornaram-se megaespet\u00e1culos com palcos, canh\u00f5es de luzes e festejadas atra\u00e7\u00f5es musicais. Temperando tudo, grandes multid\u00f5es. A f\u00f3rmula \u2013 muito lucrativa para quem atua no segmento \u2013 alastrou-se regi\u00e3o afora. Em junho, milhares de ve\u00edculos deixam as capitais em dire\u00e7\u00e3o \u00e0s cidades que oferecem esses combos festivos, congestionando rodovias, num \u00eaxtase regado a licor.<\/span><\/p>\n<p><span style=\"font-weight: 400;\">O modelo se sofisticou. Alavancado pelas prefeituras, sepultou a tradi\u00e7\u00e3o antiga de fogueiras na porta de casa e dos grupos seletos de familiares e amigos reunidos. Naqueles tempos havia o festivo colorido dos fogos, a algazarra infantil, os risos dos adultos. Tudo era mais familiar, mais fraterno, mais alegre. A festa era mais comunit\u00e1ria \u2013 a vizinhan\u00e7a se integrava e at\u00e9 organizava forr\u00f3s \u2013 e nisso residia muito do seu encanto.\u00a0<\/span><\/p>\n<p><span style=\"font-weight: 400;\">A mercantiliza\u00e7\u00e3o do S\u00e3o Jo\u00e3o mudou drasticamente a rela\u00e7\u00e3o de boa parte dos nordestinos com a festa, que se afastou de suas ra\u00edzes. Aproximou-se muito do consumismo corriqueiro, com seus card\u00e1pios de atra\u00e7\u00f5es, excessos e encenada felicidade. Nela, v\u00ea-se semelhan\u00e7as com o Natal e sua farisaica fraternidade de mercado. O que ainda salva os festejos juninos \u00e9 aquele aut\u00eantico esp\u00edrito nordestino que sobrevive, apesar da mercantiliza\u00e7\u00e3o.<\/span><\/p>\n<p><span style=\"font-weight: 400;\">Pois a pandemia do novo coronav\u00edrus vai provocar uma ruptura na l\u00f3gica do S\u00e3o Jo\u00e3o nas pr\u00f3ximas temporadas. Nada daquelas estridentes superprodu\u00e7\u00f5es, do estardalha\u00e7o visual dos <\/span><i><span style=\"font-weight: 400;\">outdoors<\/span><\/i><span style=\"font-weight: 400;\"> rodovias afora, dos forrozeiros de ocasi\u00e3o. Haver\u00e1 um retorno \u00e0quele passado id\u00edlico? Obviamente, n\u00e3o. Mas uma reaproxima\u00e7\u00e3o n\u00e3o pode ser descartada.<\/span><\/p>\n<div id=\"blogd-4146564452\" class=\"blogd-final-post blogd-entity-placement\"><a href=\"https:\/\/www.feiradesantana.ba.leg.br\/\" target=\"_blank\" aria-label=\"BANNER-SITE-ENTREGADECHEQUE-CAMARADEFEIRA\"><img loading=\"lazy\" decoding=\"async\" src=\"https:\/\/blogdafeira.com.br\/home\/wp-content\/uploads\/2026\/03\/BANNER-SITE-ENTREGADECHEQUE-CAMARADEFEIRA.gif\" alt=\"\"  class=\"no-lazyload\" width=\"728\" height=\"90\"   \/><\/a><\/div><p><span style=\"font-weight: 400;\">O fato \u00e9 que o entretenimento de massa foi um dos primeiros a sofrer solavancos com a pandemia. E, ao que tudo indica, sofrer\u00e1 mudan\u00e7as significativas a partir daqui. O que vir\u00e1 ningu\u00e9m sabe. O que \u00e9 certo, por\u00e9m, \u00e9 que nada ser\u00e1 como foi no passado&#8230;<\/span><\/p>\n","protected":false},"excerpt":{"rendered":"<p>Toda hora surgem diversas proje\u00e7\u00f5es sobre a pandemia do novo coronav\u00edrus. Muitos reclamam, julgam-se sufocados pelo notici\u00e1rio. \u00c9 verdade: nesses casos, \u00e9 melhor desconectar-se, buscar ocupa\u00e7\u00f5es alternativas para a cabe\u00e7a. O suceder intermin\u00e1vel de not\u00edcias sobre a doen\u00e7a, por\u00e9m, apresenta uma virtude. Consultando, selecionando e refletindo, \u00e9 poss\u00edvel ir mapeando atalhos, preparando-se para o que<\/p>\n","protected":false},"author":13,"featured_media":37154,"comment_status":"closed","ping_status":"open","sticky":false,"template":"","format":"standard","meta":{"jetpack_post_was_ever_published":false,"cybocfi_hide_featured_image":"","_jetpack_newsletter_access":"","_jetpack_dont_email_post_to_subs":false,"_jetpack_newsletter_tier_id":0,"_jetpack_memberships_contains_paywalled_content":false,"_jetpack_memberships_contains_paid_content":false,"footnotes":"","jetpack_publicize_message":"","jetpack_publicize_feature_enabled":true,"jetpack_social_post_already_shared":true,"jetpack_social_options":{"image_generator_settings":{"template":"highway","default_image_id":0,"font":"","enabled":false},"version":2}},"categories":[592,4,1],"tags":[],"class_list":["post-37132","post","type-post","status-publish","format-standard","has-post-thumbnail","hentry","category-colunistas","category-cultura","category-raiz"],"jetpack_publicize_connections":[],"jetpack_featured_media_url":"https:\/\/blogdafeira.com.br\/home\/wp-content\/uploads\/2020\/04\/fasta-1732297_1280.jpg","jetpack_shortlink":"https:\/\/wp.me\/p3niVf-9EU","jetpack_sharing_enabled":true,"jetpack-related-posts":[{"id":53077,"url":"https:\/\/blogdafeira.com.br\/home\/2022\/06\/27\/a-pandemia-depois-dos-festejos-juninos\/","url_meta":{"origin":37132,"position":0},"title":"A pandemia depois dos festejos juninos","author":"Andr\u00e9 Pomponet","date":"27\/06\/2022","format":false,"excerpt":"Muita gente n\u00e3o gosta de abordar o assunto porque julga que a pandemia acabou, que a Covid-19 se tornou um tema repisado, ultrapassado, que teima em n\u00e3o sair do notici\u00e1rio e que, inclusive, n\u00e3o \u00e9 mais moda. Quem se disp\u00f5e a abord\u00e1-lo passa por insistente, chato e at\u00e9 \u2013 supremas\u2026","rel":"","context":"Em &quot;Colunistas&quot;","block_context":{"text":"Colunistas","link":"https:\/\/blogdafeira.com.br\/home\/categoria\/colunistas\/"},"img":{"alt_text":"","src":"https:\/\/i0.wp.com\/blogdafeira.com.br\/home\/wp-content\/uploads\/2014\/06\/fogueira_tipica_de_festa_junina.webp?resize=350%2C200&ssl=1","width":350,"height":200,"srcset":"https:\/\/i0.wp.com\/blogdafeira.com.br\/home\/wp-content\/uploads\/2014\/06\/fogueira_tipica_de_festa_junina.webp?resize=350%2C200&ssl=1 1x, https:\/\/i0.wp.com\/blogdafeira.com.br\/home\/wp-content\/uploads\/2014\/06\/fogueira_tipica_de_festa_junina.webp?resize=525%2C300&ssl=1 1.5x, https:\/\/i0.wp.com\/blogdafeira.com.br\/home\/wp-content\/uploads\/2014\/06\/fogueira_tipica_de_festa_junina.webp?resize=700%2C400&ssl=1 2x, https:\/\/i0.wp.com\/blogdafeira.com.br\/home\/wp-content\/uploads\/2014\/06\/fogueira_tipica_de_festa_junina.webp?resize=1050%2C600&ssl=1 3x"},"classes":[]},{"id":52785,"url":"https:\/\/blogdafeira.com.br\/home\/2022\/06\/07\/tribunal-de-contas-alerta-prefeituras-da-bahia-sobre-gastos-com-festas-juninas\/","url_meta":{"origin":37132,"position":1},"title":"Tribunal de Contas alerta Prefeituras da Bahia sobre gastos com festas juninas","author":"Blog da Feira","date":"07\/06\/2022","format":false,"excerpt":"Em cumprimento ao seu papel pedag\u00f3gico e orientador, diante da aproxima\u00e7\u00e3o do per\u00edodo dos festejos juninos, os Tribunais de Contas do Estado da Bahia (TCE\/BA) e dos Munic\u00edpios do Estado da Bahia (TCM\/BA) v\u00eam a p\u00fablico fazer o seguinte alerta aos gestores p\u00fablicos estaduais e municipais: Ao empregar recursos p\u00fablicos\u2026","rel":"","context":"Em &quot;Geral&quot;","block_context":{"text":"Geral","link":"https:\/\/blogdafeira.com.br\/home\/categoria\/geral\/"},"img":{"alt_text":"","src":"https:\/\/i0.wp.com\/blogdafeira.com.br\/home\/wp-content\/uploads\/2014\/06\/fogueira_tipica_de_festa_junina.webp?resize=350%2C200&ssl=1","width":350,"height":200,"srcset":"https:\/\/i0.wp.com\/blogdafeira.com.br\/home\/wp-content\/uploads\/2014\/06\/fogueira_tipica_de_festa_junina.webp?resize=350%2C200&ssl=1 1x, https:\/\/i0.wp.com\/blogdafeira.com.br\/home\/wp-content\/uploads\/2014\/06\/fogueira_tipica_de_festa_junina.webp?resize=525%2C300&ssl=1 1.5x, https:\/\/i0.wp.com\/blogdafeira.com.br\/home\/wp-content\/uploads\/2014\/06\/fogueira_tipica_de_festa_junina.webp?resize=700%2C400&ssl=1 2x, https:\/\/i0.wp.com\/blogdafeira.com.br\/home\/wp-content\/uploads\/2014\/06\/fogueira_tipica_de_festa_junina.webp?resize=1050%2C600&ssl=1 3x"},"classes":[]},{"id":38342,"url":"https:\/\/blogdafeira.com.br\/home\/2020\/06\/07\/pandemia-nao-freia-ansia-junina-mas-comercio-permanece-fechado\/","url_meta":{"origin":37132,"position":2},"title":"Pandemia n\u00e3o freia \u00e2nsia junina, mas com\u00e9rcio permanece fechado","author":"Andr\u00e9 Pomponet","date":"07\/06\/2020","format":false,"excerpt":"O feriado antecipado de S\u00e3o Jo\u00e3o n\u00e3o foi suficiente para satisfazer a \u00e2nsia junina na Feira de Santana. L\u00e1 fora, \u00e0s vezes, ecoa um forr\u00f3 alegre no som de algum carro que passa. E, com alguma paci\u00eancia, \u00e9 poss\u00edvel flagrar fogos que arremetem para o c\u00e9u avermelhado \u2013 as nuvens\u2026","rel":"","context":"Em &quot;Cidade&quot;","block_context":{"text":"Cidade","link":"https:\/\/blogdafeira.com.br\/home\/categoria\/cidade\/"},"img":{"alt_text":"","src":"https:\/\/i0.wp.com\/blogdafeira.com.br\/home\/wp-content\/uploads\/2020\/04\/fasta-1732297_1280.jpg?resize=350%2C200&ssl=1","width":350,"height":200,"srcset":"https:\/\/i0.wp.com\/blogdafeira.com.br\/home\/wp-content\/uploads\/2020\/04\/fasta-1732297_1280.jpg?resize=350%2C200&ssl=1 1x, https:\/\/i0.wp.com\/blogdafeira.com.br\/home\/wp-content\/uploads\/2020\/04\/fasta-1732297_1280.jpg?resize=525%2C300&ssl=1 1.5x, https:\/\/i0.wp.com\/blogdafeira.com.br\/home\/wp-content\/uploads\/2020\/04\/fasta-1732297_1280.jpg?resize=700%2C400&ssl=1 2x, https:\/\/i0.wp.com\/blogdafeira.com.br\/home\/wp-content\/uploads\/2020\/04\/fasta-1732297_1280.jpg?resize=1050%2C600&ssl=1 3x"},"classes":[]},{"id":36611,"url":"https:\/\/blogdafeira.com.br\/home\/2020\/03\/25\/cancelamento-das-festas-de-sao-joao-em-feira-e-muito-provavel-diz-secretario\/","url_meta":{"origin":37132,"position":3},"title":"Cancelamento das festas de S\u00e3o Jo\u00e3o em Feira: &#8220;\u00e9 muito prov\u00e1vel&#8221;, diz secret\u00e1rio","author":"Blog da Feira","date":"25\/03\/2020","format":false,"excerpt":"O secret\u00e1rio de Cultura de Feira de Santana, Edson Borges,admite que \"\u00e9 muito prov\u00e1vel\" que a exemplo da. Micareta, as festas juninas patrocinadas pela Prefeitura sejam canceladas esse ano em raz\u00e3o da pandemia. Algumas cidades da Bahia e de outros Estados do Nordeste j\u00e1 anunciaram o cancelamento desses eventos, a\u2026","rel":"","context":"Em &quot;Cidade&quot;","block_context":{"text":"Cidade","link":"https:\/\/blogdafeira.com.br\/home\/categoria\/cidade\/"},"img":{"alt_text":"","src":"https:\/\/i0.wp.com\/blogdafeira.com.br\/home\/wp-content\/uploads\/2020\/03\/FB_IMG_1585183431302.jpg?resize=350%2C200&ssl=1","width":350,"height":200,"srcset":"https:\/\/i0.wp.com\/blogdafeira.com.br\/home\/wp-content\/uploads\/2020\/03\/FB_IMG_1585183431302.jpg?resize=350%2C200&ssl=1 1x, https:\/\/i0.wp.com\/blogdafeira.com.br\/home\/wp-content\/uploads\/2020\/03\/FB_IMG_1585183431302.jpg?resize=525%2C300&ssl=1 1.5x"},"classes":[]},{"id":45993,"url":"https:\/\/blogdafeira.com.br\/home\/2021\/06\/23\/rallie-convida-os-jornalistas-para-a-live-junina-do-sinjorba\/","url_meta":{"origin":37132,"position":4},"title":"Rallie convida os jornalistas para a live junina do Sinjorba","author":"Blog da Feira","date":"23\/06\/2021","format":false,"excerpt":"Apesar da proibi\u00e7\u00e3o de aglomera\u00e7\u00f5es por causa da pandemia do novo coronav\u00edrus, o Sinjorba n\u00e3o vai deixar passar em branco a festa junina. Atrav\u00e9s do seu canal no Youtube, o Sindicato dos Jornalistas da Bahia promover\u00e1 uma live na pr\u00f3xima segunda (28), com o cantor Rallie e sua banda, mais\u2026","rel":"","context":"Em &quot;Cultura&quot;","block_context":{"text":"Cultura","link":"https:\/\/blogdafeira.com.br\/home\/categoria\/cultura\/"},"img":{"alt_text":"","src":"https:\/\/i0.wp.com\/blogdafeira.com.br\/home\/wp-content\/uploads\/2021\/06\/Screenshot_20210623-1848302.png?resize=350%2C200&ssl=1","width":350,"height":200,"srcset":"https:\/\/i0.wp.com\/blogdafeira.com.br\/home\/wp-content\/uploads\/2021\/06\/Screenshot_20210623-1848302.png?resize=350%2C200&ssl=1 1x, https:\/\/i0.wp.com\/blogdafeira.com.br\/home\/wp-content\/uploads\/2021\/06\/Screenshot_20210623-1848302.png?resize=525%2C300&ssl=1 1.5x, https:\/\/i0.wp.com\/blogdafeira.com.br\/home\/wp-content\/uploads\/2021\/06\/Screenshot_20210623-1848302.png?resize=700%2C400&ssl=1 2x"},"classes":[]},{"id":67964,"url":"https:\/\/blogdafeira.com.br\/home\/2025\/06\/25\/ze-ronaldo-rechaca-ideia-de-acabar-festas-juninas-nos-distritos-de-feira\/","url_meta":{"origin":37132,"position":5},"title":"Z\u00e9 Ronaldo recha\u00e7a ideia de acabar festas juninas nos distritos de Feira: &#8216;sou totalmente contra &#8216;","author":"Blog da Feira","date":"25\/06\/2025","format":false,"excerpt":"Feira de Santana encerrou hoje de madrugada a primeira etapa dos festejos juninos patrocinados pela Prefeitura e que aconteceram em tr\u00eas distritos rurais: Maria Quit\u00e9ria, Jaguara e Tiquaru\u00e7u.\u00a0 A pr\u00f3xima etapa s\u00e3o os festejos de S\u00e3o Pedro que acontecem em mais tr\u00eas distritos: Humildes, Bonfim de Feira e Ja\u00edba e\u2026","rel":"","context":"Em &quot;Cultura&quot;","block_context":{"text":"Cultura","link":"https:\/\/blogdafeira.com.br\/home\/categoria\/cultura\/"},"img":{"alt_text":"","src":"https:\/\/i0.wp.com\/blogdafeira.com.br\/home\/wp-content\/uploads\/2025\/06\/Screenshot_20250625-0719112.png?resize=350%2C200&ssl=1","width":350,"height":200,"srcset":"https:\/\/i0.wp.com\/blogdafeira.com.br\/home\/wp-content\/uploads\/2025\/06\/Screenshot_20250625-0719112.png?resize=350%2C200&ssl=1 1x, https:\/\/i0.wp.com\/blogdafeira.com.br\/home\/wp-content\/uploads\/2025\/06\/Screenshot_20250625-0719112.png?resize=525%2C300&ssl=1 1.5x, https:\/\/i0.wp.com\/blogdafeira.com.br\/home\/wp-content\/uploads\/2025\/06\/Screenshot_20250625-0719112.png?resize=700%2C400&ssl=1 2x, https:\/\/i0.wp.com\/blogdafeira.com.br\/home\/wp-content\/uploads\/2025\/06\/Screenshot_20250625-0719112.png?resize=1050%2C600&ssl=1 3x"},"classes":[]}],"_links":{"self":[{"href":"https:\/\/blogdafeira.com.br\/home\/wp-json\/wp\/v2\/posts\/37132","targetHints":{"allow":["GET"]}}],"collection":[{"href":"https:\/\/blogdafeira.com.br\/home\/wp-json\/wp\/v2\/posts"}],"about":[{"href":"https:\/\/blogdafeira.com.br\/home\/wp-json\/wp\/v2\/types\/post"}],"author":[{"embeddable":true,"href":"https:\/\/blogdafeira.com.br\/home\/wp-json\/wp\/v2\/users\/13"}],"replies":[{"embeddable":true,"href":"https:\/\/blogdafeira.com.br\/home\/wp-json\/wp\/v2\/comments?post=37132"}],"version-history":[{"count":3,"href":"https:\/\/blogdafeira.com.br\/home\/wp-json\/wp\/v2\/posts\/37132\/revisions"}],"predecessor-version":[{"id":37155,"href":"https:\/\/blogdafeira.com.br\/home\/wp-json\/wp\/v2\/posts\/37132\/revisions\/37155"}],"wp:featuredmedia":[{"embeddable":true,"href":"https:\/\/blogdafeira.com.br\/home\/wp-json\/wp\/v2\/media\/37154"}],"wp:attachment":[{"href":"https:\/\/blogdafeira.com.br\/home\/wp-json\/wp\/v2\/media?parent=37132"}],"wp:term":[{"taxonomy":"category","embeddable":true,"href":"https:\/\/blogdafeira.com.br\/home\/wp-json\/wp\/v2\/categories?post=37132"},{"taxonomy":"post_tag","embeddable":true,"href":"https:\/\/blogdafeira.com.br\/home\/wp-json\/wp\/v2\/tags?post=37132"}],"curies":[{"name":"wp","href":"https:\/\/api.w.org\/{rel}","templated":true}]}}