{"id":37271,"date":"2020-04-21T21:40:04","date_gmt":"2020-04-22T00:40:04","guid":{"rendered":"https:\/\/blogdafeira.com.br\/home\/?p=37271"},"modified":"2020-04-23T13:06:06","modified_gmt":"2020-04-23T16:06:06","slug":"comercio-aberto-nao-vai-impulsionar-coronavirus","status":"publish","type":"post","link":"https:\/\/blogdafeira.com.br\/home\/2020\/04\/21\/comercio-aberto-nao-vai-impulsionar-coronavirus\/","title":{"rendered":"Com\u00e9rcio aberto n\u00e3o vai impulsionar coronav\u00edrus?"},"content":{"rendered":"<div id=\"blogd-346824927\" class=\"blogd-fim-do-post-mobile blogd-entity-placement\" style=\"margin-left: auto;margin-right: auto;text-align: center;\"><a href=\"https:\/\/www.sefaz.feiradesantana.ba.gov.br\/\" target=\"_blank\" aria-label=\"728&#215;90 (6)\"><img loading=\"lazy\" decoding=\"async\" src=\"https:\/\/blogdafeira.com.br\/home\/wp-content\/uploads\/2026\/03\/728x90-6.gif\" alt=\"\"  class=\"no-lazyload\" width=\"728\" height=\"90\"  style=\"display: inline-block;\" \/><\/a><\/div><p>Surpreendeu muita gente a decis\u00e3o da prefeitura de autorizar a reabertura do com\u00e9rcio a partir de hoje (21). Foram quase quatro semanas de suspens\u00e3o de parte das atividades, com resultados que podem ser considerados satisfat\u00f3rios: a eclos\u00e3o de casos de Covid-19 foi retardada e, at\u00e9 aqui, n\u00e3o se verificou superlota\u00e7\u00e3o em unidades de sa\u00fade e hospitais locais. Houve \u2013 conforme express\u00e3o que se tornou corriqueira \u2013 o comentado achatamento da curva. At\u00e9 o momento, \u00e9 bom ressaltar.<\/p><div id=\"blogd-3879299739\" class=\"blogd-conteudo-2-mobile blogd-entity-placement\"><a href=\"https:\/\/feirenses.com.br\/\" target=\"_blank\" aria-label=\"feirenses\"><img loading=\"lazy\" decoding=\"async\" src=\"https:\/\/blogdafeira.com.br\/home\/wp-content\/uploads\/2026\/04\/feirenses.png\" alt=\"\"  srcset=\"https:\/\/blogdafeira.com.br\/home\/wp-content\/uploads\/2026\/04\/feirenses.png 300w, https:\/\/blogdafeira.com.br\/home\/wp-content\/uploads\/2026\/04\/feirenses-170x45.png 170w, https:\/\/blogdafeira.com.br\/home\/wp-content\/uploads\/2026\/04\/feirenses-280x74.png 280w\" sizes=\"(max-width: 300px) 100vw, 300px\" class=\"no-lazyload\" width=\"300\" height=\"79\"  style=\"display: inline-block;\" \/><\/a><\/div>\n<p>Quem circula pelo centro comercial da Feira de Santana sabe como s\u00e3o os tumultos e as aglomera\u00e7\u00f5es naquelas vias de tr\u00e2nsito intenso. O discurso da precau\u00e7\u00e3o, das cautelas, dos cuidados, retoricamente tranquiliza, mas n\u00e3o costuma ser visto na pr\u00e1tica. Na pr\u00f3pria pandemia do novo coronav\u00edrus h\u00e1 exemplos: defronte \u00e0s ag\u00eancias banc\u00e1rias, \u00e0s lot\u00e9ricas e at\u00e9 \u00e0s portas das lojas que vendem ovos de P\u00e1scoa, viram-se filas e aglomera\u00e7\u00f5es. P\u00e9ssimo sinal.<\/p>\n<p>O inquietante \u00e9 que ainda estamos distantes do pico da pandemia. \u00c9 o que prev\u00ea a Secretaria de Sa\u00fade da Bahia. Caso os progn\u00f3sticos se confirmem, somente em meados de maio haver\u00e1 a temida satura\u00e7\u00e3o do sistema de sa\u00fade. Ou seja: at\u00e9 l\u00e1, muita gente vai acabar se infectando pelas ruas comerciais da Feira de Santana. A demanda por unidades de sa\u00fade e hospitais ser\u00e1 maior. E o que dizem os especialistas? Mais pessoas ficar\u00e3o sem atendimento. Para n\u00e3o falar das prov\u00e1veis mortes.<\/p>\n<p>Qual \u00e9 a estrat\u00e9gia da prefeitura feirense? Aguardar o crescimento exponencial dos contaminados para, l\u00e1 adiante, fechar o com\u00e9rcio novamente? O custo \u2013 em mortos e infectados \u2013 pode ser muito maior. Como todo mundo sabe, n\u00e3o se alcan\u00e7ou ainda o pico da pandemia. E nem \u00e9 preciso lembrar da infraestrutura do munic\u00edpio em sa\u00fade, insuficiente em tempos normais. Imagine-se durante uma pandemia.<\/p>\n<p>Os preju\u00edzos da medida para a economia tamb\u00e9m s\u00e3o \u00f3bvios, embora nem todo mundo perceba. Reabrir loja n\u00e3o \u00e9 garantia de venda, nem de lucro nestes tempos. Parte da popula\u00e7\u00e3o est\u00e1 acuada, temendo se contaminar. Essa gente n\u00e3o vai se aventurar pelas ruas, sabendo que, caso fique infectada, vai penar nos corredores das unidades de sa\u00fade ou no Hospital Cl\u00e9riston Andrade.<\/p>\n<p>Provavelmente as press\u00f5es dos comerciantes locais pesaram sobre a decis\u00e3o do prefeito Colbert Filho (MDB). Afinal, a medida vai na contram\u00e3o daquelas adotadas em outras cidades brasileiras e, sobretudo, no exterior, principalmente naqueles locais que tiveram maior \u00eaxito na luta contra o Covid-19. \u00c0 primeira vista, n\u00e3o parece uma decis\u00e3o baseada em crit\u00e9rios estritamente t\u00e9cnicos.<\/p>\n<div id=\"blogd-2913107444\" class=\"blogd-final-post blogd-entity-placement\"><a href=\"https:\/\/www.feiradesantana.ba.leg.br\/\" target=\"_blank\" aria-label=\"BANNER-SITE-ENTREGADECHEQUE-CAMARADEFEIRA\"><img loading=\"lazy\" decoding=\"async\" src=\"https:\/\/blogdafeira.com.br\/home\/wp-content\/uploads\/2026\/03\/BANNER-SITE-ENTREGADECHEQUE-CAMARADEFEIRA.gif\" alt=\"\"  class=\"no-lazyload\" width=\"728\" height=\"90\"   \/><\/a><\/div><p>Agora, \u00e9 necess\u00e1rio aguardar o transcorrer das pr\u00f3ximas semanas. E, para quem pode, permanecer em casa, minimizando os riscos de figurar na funesta lista de infectados. Afinal, \u00e9 assustadora a perspectiva de penar doente numa fila de unidade de sa\u00fade. Ou de morrer sem atendimento num hospital qualquer.<\/p>\n","protected":false},"excerpt":{"rendered":"<p>Surpreendeu muita gente a decis\u00e3o da prefeitura de autorizar a reabertura do com\u00e9rcio a partir de hoje (21). Foram quase quatro semanas de suspens\u00e3o de parte das atividades, com resultados que podem ser considerados satisfat\u00f3rios: a eclos\u00e3o de casos de Covid-19 foi retardada e, at\u00e9 aqui, n\u00e3o se verificou superlota\u00e7\u00e3o em unidades de sa\u00fade e<\/p>\n","protected":false},"author":13,"featured_media":36673,"comment_status":"closed","ping_status":"open","sticky":false,"template":"","format":"standard","meta":{"jetpack_post_was_ever_published":false,"cybocfi_hide_featured_image":"","_jetpack_newsletter_access":"","_jetpack_dont_email_post_to_subs":false,"_jetpack_newsletter_tier_id":0,"_jetpack_memberships_contains_paywalled_content":false,"_jetpack_memberships_contains_paid_content":false,"footnotes":"","jetpack_publicize_message":"","jetpack_publicize_feature_enabled":true,"jetpack_social_post_already_shared":true,"jetpack_social_options":{"image_generator_settings":{"template":"highway","default_image_id":0,"font":"","enabled":false},"version":2}},"categories":[3,592,1],"tags":[],"class_list":["post-37271","post","type-post","status-publish","format-standard","has-post-thumbnail","hentry","category-cidade","category-colunistas","category-raiz"],"jetpack_publicize_connections":[],"jetpack_featured_media_url":"https:\/\/blogdafeira.com.br\/home\/wp-content\/uploads\/2020\/03\/89620coronavirus-prefeito-de-feira-de-santana-define-nesta-sexta-se-comercio-local-continuara-fechado-3.jpg","jetpack_shortlink":"https:\/\/wp.me\/p3niVf-9H9","jetpack_sharing_enabled":true,"jetpack-related-posts":[{"id":36973,"url":"https:\/\/blogdafeira.com.br\/home\/2020\/04\/08\/quiproquo-com-chineses-pode-ser-mais-letal-que-coronavirus\/","url_meta":{"origin":37271,"position":0},"title":"Quiproqu\u00f3 com chineses pode ser mais letal que coronav\u00edrus","author":"Andr\u00e9 Pomponet","date":"08\/04\/2020","format":false,"excerpt":"Muita gente tem reclamado do fechamento do com\u00e9rcio da Feira de Santana. Boa parte das reclama\u00e7\u00f5es \u00e9 de comerciantes, insatisfeitos com a supress\u00e3o dos neg\u00f3cios nesse per\u00edodo de isolamento social. Outros s\u00e3o camel\u00f4s e ambulantes, que vivem no sufoco, trabalhando de dia para garantir a janta \u00e0 noite. Quando questionados\u2026","rel":"","context":"Em &quot;Colunistas&quot;","block_context":{"text":"Colunistas","link":"https:\/\/blogdafeira.com.br\/home\/categoria\/colunistas\/"},"img":{"alt_text":"","src":"https:\/\/i0.wp.com\/blogdafeira.com.br\/home\/wp-content\/uploads\/2020\/04\/bolsonaro_china.jpeg?resize=350%2C200&ssl=1","width":350,"height":200,"srcset":"https:\/\/i0.wp.com\/blogdafeira.com.br\/home\/wp-content\/uploads\/2020\/04\/bolsonaro_china.jpeg?resize=350%2C200&ssl=1 1x, https:\/\/i0.wp.com\/blogdafeira.com.br\/home\/wp-content\/uploads\/2020\/04\/bolsonaro_china.jpeg?resize=525%2C300&ssl=1 1.5x, https:\/\/i0.wp.com\/blogdafeira.com.br\/home\/wp-content\/uploads\/2020\/04\/bolsonaro_china.jpeg?resize=700%2C400&ssl=1 2x, https:\/\/i0.wp.com\/blogdafeira.com.br\/home\/wp-content\/uploads\/2020\/04\/bolsonaro_china.jpeg?resize=1050%2C600&ssl=1 3x"},"classes":[]},{"id":37908,"url":"https:\/\/blogdafeira.com.br\/home\/2020\/05\/18\/comercio-feirense-fecha-mais-uma-vez\/","url_meta":{"origin":37271,"position":1},"title":"Com\u00e9rcio feirense fecha mais uma vez","author":"Andr\u00e9 Pomponet","date":"18\/05\/2020","format":false,"excerpt":"Saiu h\u00e1 pouco o decreto da Prefeitura determinando o fechamento do com\u00e9rcio feirense a partir de quinta-feira (21). A medida vai se estender at\u00e9 o dia 01 de junho. H\u00e1 exce\u00e7\u00f5es, evidentemente: supermercados, a\u00e7ougues, padarias, farm\u00e1cias, postos de combust\u00edveis e lojas de autope\u00e7as. O essencial e mais alguns setores. Tudo\u2026","rel":"","context":"Em &quot;Cidade&quot;","block_context":{"text":"Cidade","link":"https:\/\/blogdafeira.com.br\/home\/categoria\/cidade\/"},"img":{"alt_text":"","src":"https:\/\/i0.wp.com\/blogdafeira.com.br\/home\/wp-content\/uploads\/2020\/05\/IMG_20200512_153058023_HDR-scaled.jpg?resize=350%2C200&ssl=1","width":350,"height":200,"srcset":"https:\/\/i0.wp.com\/blogdafeira.com.br\/home\/wp-content\/uploads\/2020\/05\/IMG_20200512_153058023_HDR-scaled.jpg?resize=350%2C200&ssl=1 1x, https:\/\/i0.wp.com\/blogdafeira.com.br\/home\/wp-content\/uploads\/2020\/05\/IMG_20200512_153058023_HDR-scaled.jpg?resize=525%2C300&ssl=1 1.5x, https:\/\/i0.wp.com\/blogdafeira.com.br\/home\/wp-content\/uploads\/2020\/05\/IMG_20200512_153058023_HDR-scaled.jpg?resize=700%2C400&ssl=1 2x, https:\/\/i0.wp.com\/blogdafeira.com.br\/home\/wp-content\/uploads\/2020\/05\/IMG_20200512_153058023_HDR-scaled.jpg?resize=1050%2C600&ssl=1 3x, https:\/\/i0.wp.com\/blogdafeira.com.br\/home\/wp-content\/uploads\/2020\/05\/IMG_20200512_153058023_HDR-scaled.jpg?resize=1400%2C800&ssl=1 4x"},"classes":[]},{"id":37276,"url":"https:\/\/blogdafeira.com.br\/home\/2020\/04\/22\/colbert-adverte-restricoes-ao-comercio-podem-voltar-se-houver-mudanca-negativa\/","url_meta":{"origin":37271,"position":2},"title":"Colbert adverte: restri\u00e7\u00f5es ao com\u00e9rcio podem voltar se houver &#8216;mudan\u00e7a negativa&#8217;","author":"Blog da Feira","date":"22\/04\/2020","format":false,"excerpt":"O novo decreto de funcionamento do com\u00e9rcio assinado pelo prefeito de Feira de Santana, Colbert Martins,\u00a0 permitiu a reabertura de algumas atividades com lojas de at\u00e9 200m\u00b2. Significa praticamente todo o com\u00e9rcio, como j\u00e1 admitiu a Associa\u00e7\u00e3o Comercial da cidade. A decis\u00e3o, segundo o prefeito, \"\u00e9 resultado do achatamento inicial\u2026","rel":"","context":"Em &quot;Cidade&quot;","block_context":{"text":"Cidade","link":"https:\/\/blogdafeira.com.br\/home\/categoria\/cidade\/"},"img":{"alt_text":"","src":"https:\/\/i0.wp.com\/blogdafeira.com.br\/home\/wp-content\/uploads\/2020\/04\/9bc206d3-c9c0-414f-8d85-4cfeec9b7970.jpg?resize=350%2C200&ssl=1","width":350,"height":200,"srcset":"https:\/\/i0.wp.com\/blogdafeira.com.br\/home\/wp-content\/uploads\/2020\/04\/9bc206d3-c9c0-414f-8d85-4cfeec9b7970.jpg?resize=350%2C200&ssl=1 1x, https:\/\/i0.wp.com\/blogdafeira.com.br\/home\/wp-content\/uploads\/2020\/04\/9bc206d3-c9c0-414f-8d85-4cfeec9b7970.jpg?resize=525%2C300&ssl=1 1.5x, https:\/\/i0.wp.com\/blogdafeira.com.br\/home\/wp-content\/uploads\/2020\/04\/9bc206d3-c9c0-414f-8d85-4cfeec9b7970.jpg?resize=700%2C400&ssl=1 2x, https:\/\/i0.wp.com\/blogdafeira.com.br\/home\/wp-content\/uploads\/2020\/04\/9bc206d3-c9c0-414f-8d85-4cfeec9b7970.jpg?resize=1050%2C600&ssl=1 3x"},"classes":[]},{"id":38472,"url":"https:\/\/blogdafeira.com.br\/home\/2020\/06\/15\/comercio-em-feira-vai-ser-reaberto-com-escalonamento\/","url_meta":{"origin":37271,"position":3},"title":"Com\u00e9rcio em Feira vai ser reaberto com escalonamento","author":"Blog da Feira","date":"15\/06\/2020","format":false,"excerpt":"Primeira cidade da Bahia a apresentar caso de coronav\u00edrus e a aplicar medidas restritivas ao com\u00e9rcio, Feira de Santana vai reabrir o com\u00e9rcio e servi\u00e7os de forma escalonada. (veja tabela)At\u00e9 amanh\u00e3,16,\u00a0 a Prefeitura de Feira de Santana, segundo o prefeito Colbert Filho, edita decreto substituto do que est\u00e1 em vigor.\u2026","rel":"","context":"Em &quot;Cidade&quot;","block_context":{"text":"Cidade","link":"https:\/\/blogdafeira.com.br\/home\/categoria\/cidade\/"},"img":{"alt_text":"","src":"https:\/\/i0.wp.com\/blogdafeira.com.br\/home\/wp-content\/uploads\/2020\/06\/4954bef6-add6-471a-a4c7-93c0d2db908d.jpg?resize=350%2C200&ssl=1","width":350,"height":200},"classes":[]},{"id":37024,"url":"https:\/\/blogdafeira.com.br\/home\/2020\/04\/09\/prefeito-de-sao-goncalo-prorroga-restricoes-ao-comercio\/","url_meta":{"origin":37271,"position":4},"title":"Prefeito de S\u00e3o Gon\u00e7alo prorroga restri\u00e7\u00f5es ao com\u00e9rcio","author":"Blog da Feira","date":"09\/04\/2020","format":false,"excerpt":"O prefeito Carlos Germano, de S\u00e3o Gon\u00e7alo dos Campos,a cerca de 20km de Feira de Santana prorrogou as restri\u00e7\u00f5es ao\u00a0 funcionamento do com\u00e9rcio da cidade, dando prioridade aos servi\u00e7os essenciais, at\u00e9 o dia 19. Clubes, academias de atividades f\u00edsicas, est\u00fadios de pilates, parques infantis e cong\u00eaneres; centros comerciais, lojas e\u2026","rel":"","context":"Em &quot;Cidade&quot;","block_context":{"text":"Cidade","link":"https:\/\/blogdafeira.com.br\/home\/categoria\/cidade\/"},"img":{"alt_text":"","src":"https:\/\/i0.wp.com\/blogdafeira.com.br\/home\/wp-content\/uploads\/2020\/04\/IMG-20200409-WA0008.jpg?resize=350%2C200&ssl=1","width":350,"height":200,"srcset":"https:\/\/i0.wp.com\/blogdafeira.com.br\/home\/wp-content\/uploads\/2020\/04\/IMG-20200409-WA0008.jpg?resize=350%2C200&ssl=1 1x, https:\/\/i0.wp.com\/blogdafeira.com.br\/home\/wp-content\/uploads\/2020\/04\/IMG-20200409-WA0008.jpg?resize=525%2C300&ssl=1 1.5x, https:\/\/i0.wp.com\/blogdafeira.com.br\/home\/wp-content\/uploads\/2020\/04\/IMG-20200409-WA0008.jpg?resize=700%2C400&ssl=1 2x"},"classes":[]},{"id":36296,"url":"https:\/\/blogdafeira.com.br\/home\/2020\/03\/16\/decimo-caso-de-coronavirus-na-bahia-homem-de-porto-seguro\/","url_meta":{"origin":37271,"position":5},"title":"D\u00e9cimo caso de coronav\u00edrus na Bahia: homem de Porto Seguro","author":"J\u00e2nio R\u00eago","date":"16\/03\/2020","format":false,"excerpt":"O d\u00e9cimo caso do\u00a0 novo coronav\u00edrus (Covid-19) na Bahia foi confirmado pelo Laborat\u00f3rio Central de Sa\u00fade P\u00fablica da Bahia (Lacen-BA) nesta segunda (16). Trata-se de um homem de 43 anos, de Porto Seguro, que trabalha na resid\u00eancia de uma das pessoas com diagn\u00f3stico positivo para Covid-19 que estavam em uma\u2026","rel":"","context":"Em &quot;Cidade&quot;","block_context":{"text":"Cidade","link":"https:\/\/blogdafeira.com.br\/home\/categoria\/cidade\/"},"img":{"alt_text":"","src":"https:\/\/i0.wp.com\/blogdafeira.com.br\/home\/wp-content\/uploads\/2020\/03\/download-8.jpeg?resize=350%2C200&ssl=1","width":350,"height":200},"classes":[]}],"_links":{"self":[{"href":"https:\/\/blogdafeira.com.br\/home\/wp-json\/wp\/v2\/posts\/37271","targetHints":{"allow":["GET"]}}],"collection":[{"href":"https:\/\/blogdafeira.com.br\/home\/wp-json\/wp\/v2\/posts"}],"about":[{"href":"https:\/\/blogdafeira.com.br\/home\/wp-json\/wp\/v2\/types\/post"}],"author":[{"embeddable":true,"href":"https:\/\/blogdafeira.com.br\/home\/wp-json\/wp\/v2\/users\/13"}],"replies":[{"embeddable":true,"href":"https:\/\/blogdafeira.com.br\/home\/wp-json\/wp\/v2\/comments?post=37271"}],"version-history":[{"count":3,"href":"https:\/\/blogdafeira.com.br\/home\/wp-json\/wp\/v2\/posts\/37271\/revisions"}],"predecessor-version":[{"id":37274,"href":"https:\/\/blogdafeira.com.br\/home\/wp-json\/wp\/v2\/posts\/37271\/revisions\/37274"}],"wp:featuredmedia":[{"embeddable":true,"href":"https:\/\/blogdafeira.com.br\/home\/wp-json\/wp\/v2\/media\/36673"}],"wp:attachment":[{"href":"https:\/\/blogdafeira.com.br\/home\/wp-json\/wp\/v2\/media?parent=37271"}],"wp:term":[{"taxonomy":"category","embeddable":true,"href":"https:\/\/blogdafeira.com.br\/home\/wp-json\/wp\/v2\/categories?post=37271"},{"taxonomy":"post_tag","embeddable":true,"href":"https:\/\/blogdafeira.com.br\/home\/wp-json\/wp\/v2\/tags?post=37271"}],"curies":[{"name":"wp","href":"https:\/\/api.w.org\/{rel}","templated":true}]}}