{"id":37281,"date":"2020-04-22T10:23:50","date_gmt":"2020-04-22T13:23:50","guid":{"rendered":"https:\/\/blogdafeira.com.br\/home\/?p=37281"},"modified":"2022-05-17T23:36:26","modified_gmt":"2022-05-18T02:36:26","slug":"o-caminhao-dos-frades","status":"publish","type":"post","link":"https:\/\/blogdafeira.com.br\/home\/2020\/04\/22\/o-caminhao-dos-frades\/","title":{"rendered":"Z\u00e9 Campos e o caminh\u00e3o dos frades capuchinhos em Feira"},"content":{"rendered":"<div id=\"blogd-3694415857\" class=\"blogd-fim-do-post-mobile blogd-entity-placement\" style=\"margin-left: auto;margin-right: auto;text-align: center;\"><a href=\"https:\/\/www.sefaz.feiradesantana.ba.gov.br\/\" target=\"_blank\" aria-label=\"728&#215;90 (6)\"><img loading=\"lazy\" decoding=\"async\" src=\"https:\/\/blogdafeira.com.br\/home\/wp-content\/uploads\/2026\/03\/728x90-6.gif\" alt=\"\"  class=\"no-lazyload\" width=\"728\" height=\"90\"  style=\"display: inline-block;\" \/><\/a><\/div><p><em>N\u00e3o seja por ser hoje<\/em> uma quarta-feira (<em>eparr\u00eai oy\u00e1!)<\/em>, que volto ao livro com a hist\u00f3ria da chegada dos capuchinhos em Feira de Santana e a constru\u00e7\u00e3o daquela bela igreja, marco arquitet\u00f4nico na cidade. <em><strong>&#8220;Frades Capuchinhos em Feira de Santana, Nas Dobras da Hist\u00f3ria&#8221;,\u00a0<\/strong><\/em>livro assinado por <strong>Lucila Ferreira de Pinho,\u00a0 Frei Monteiro<\/strong> e o engenheiro da obra, j\u00e1 falecido, <strong>Jo\u00e3o Carlos Marchesini.<\/strong><br \/>\n\u00c9 um livro religioso sem ser piegas. A foto do caminh\u00e3o dos frades \u00e9 apenas um exemplo da fartura de curiosidades e informa\u00e7\u00f5es interessantes sobre a cidade e uma \u00e9poca, a d\u00e9cada de 50 do s\u00e9culo passado. No livro est\u00e1 registrada, por exemplo, a figura \u00edmpar do paraibano Z\u00e9 Campos, comerciante que fez nome, caridade e patrim\u00f4nio na Feira de Santana, av\u00f4 da minha amiga Rozana Gloria, R\u00f3, que conheci dos tempos do curso de Letras da Uefs, (ela concluiu, eu n\u00e3o) hoje funcion\u00e1ria aposentada do Hospital Cl\u00e9riston Andrade. Z\u00e9 Campos, o av\u00f4 dela,\u00a0 acolheu os primeiros capuchinhos vindos para Feira de Santana naquele tempo. Z\u00e9 era dono de terras nas imedia\u00e7\u00f5es do saudoso Ponto do Zequinha e viaduto da Jo\u00e3o Durval.<\/p><div id=\"blogd-3326736224\" class=\"blogd-conteudo-2-mobile blogd-entity-placement\"><a href=\"https:\/\/feirenses.com.br\/\" target=\"_blank\" aria-label=\"feirenses\"><img loading=\"lazy\" decoding=\"async\" src=\"https:\/\/blogdafeira.com.br\/home\/wp-content\/uploads\/2026\/04\/feirenses.png\" alt=\"\"  srcset=\"https:\/\/blogdafeira.com.br\/home\/wp-content\/uploads\/2026\/04\/feirenses.png 300w, https:\/\/blogdafeira.com.br\/home\/wp-content\/uploads\/2026\/04\/feirenses-170x45.png 170w, https:\/\/blogdafeira.com.br\/home\/wp-content\/uploads\/2026\/04\/feirenses-280x74.png 280w\" sizes=\"(max-width: 300px) 100vw, 300px\" class=\"no-lazyload\" width=\"300\" height=\"79\"  style=\"display: inline-block;\" \/><\/a><\/div>\n<div id=\"blogd-3217319102\" class=\"blogd-final-post blogd-entity-placement\"><a href=\"https:\/\/www.feiradesantana.ba.leg.br\/\" target=\"_blank\" aria-label=\"BANNER-SITE-ENTREGADECHEQUE-CAMARADEFEIRA\"><img loading=\"lazy\" decoding=\"async\" src=\"https:\/\/blogdafeira.com.br\/home\/wp-content\/uploads\/2026\/03\/BANNER-SITE-ENTREGADECHEQUE-CAMARADEFEIRA.gif\" alt=\"\"  class=\"no-lazyload\" width=\"728\" height=\"90\"   \/><\/a><\/div><p><img loading=\"lazy\" decoding=\"async\" class=\"alignright size-medium wp-image-37282\" src=\"https:\/\/blogdafeira.com.br\/home\/wp-content\/uploads\/2020\/04\/FB_IMG_1587561282053-267x300.jpg\" alt=\"\" width=\"267\" height=\"300\" srcset=\"https:\/\/blogdafeira.com.br\/home\/wp-content\/uploads\/2020\/04\/FB_IMG_1587561282053-267x300.jpg 267w, https:\/\/blogdafeira.com.br\/home\/wp-content\/uploads\/2020\/04\/FB_IMG_1587561282053-133x150.jpg 133w, https:\/\/blogdafeira.com.br\/home\/wp-content\/uploads\/2020\/04\/FB_IMG_1587561282053-166x187.jpg 166w, https:\/\/blogdafeira.com.br\/home\/wp-content\/uploads\/2020\/04\/FB_IMG_1587561282053.jpg 330w\" sizes=\"auto, (max-width: 267px) 100vw, 267px\" \/>A constru\u00e7\u00e3o do templo, projetos, esbo\u00e7os, contatos e o trabalho bra\u00e7al est\u00e3o relatados no livro atrav\u00e9s de fotos, documentos e testemunhais de pessoas envolvidas com o epis\u00f3dio que movimentou a cidade daquele tempo. Uma curiosidade: no projeto original\u00a0 havia uma enorme torre para um sino&#8230;\u00c9 um livro pra ser reeditado.<\/p>\n","protected":false},"excerpt":{"rendered":"<p>N\u00e3o seja por ser hoje uma quarta-feira (eparr\u00eai oy\u00e1!), que volto ao livro com a hist\u00f3ria da chegada dos capuchinhos em Feira de Santana e a constru\u00e7\u00e3o daquela bela igreja, marco arquitet\u00f4nico na cidade. &#8220;Frades Capuchinhos em Feira de Santana, Nas Dobras da Hist\u00f3ria&#8221;,\u00a0livro assinado por Lucila Ferreira de Pinho,\u00a0 Frei Monteiro e o engenheiro<\/p>\n","protected":false},"author":8,"featured_media":37284,"comment_status":"closed","ping_status":"open","sticky":false,"template":"","format":"standard","meta":{"jetpack_post_was_ever_published":false,"cybocfi_hide_featured_image":"","_jetpack_newsletter_access":"","_jetpack_dont_email_post_to_subs":false,"_jetpack_newsletter_tier_id":0,"_jetpack_memberships_contains_paywalled_content":false,"_jetpack_memberships_contains_paid_content":false,"footnotes":"","jetpack_publicize_message":"","jetpack_publicize_feature_enabled":true,"jetpack_social_post_already_shared":true,"jetpack_social_options":{"image_generator_settings":{"template":"highway","default_image_id":0,"font":"","enabled":false},"version":2}},"categories":[592,4,1],"tags":[],"class_list":["post-37281","post","type-post","status-publish","format-standard","has-post-thumbnail","hentry","category-colunistas","category-cultura","category-raiz"],"jetpack_publicize_connections":[],"jetpack_featured_media_url":"https:\/\/blogdafeira.com.br\/home\/wp-content\/uploads\/2020\/04\/FB_IMG_1587561323953.jpg","jetpack_shortlink":"https:\/\/wp.me\/p3niVf-9Hj","jetpack_sharing_enabled":true,"jetpack-related-posts":[{"id":11945,"url":"https:\/\/blogdafeira.com.br\/home\/2014\/08\/15\/livro-conta-a-historia-dos-capuchinhos-em-feira-de-santana\/","url_meta":{"origin":37281,"position":0},"title":"Constru\u00e7\u00e3o da Igreja de Santo Ant\u00f4nio dos Capuchinhos em Feira de Santana","author":"Blog da Feira","date":"15\/08\/2014","format":false,"excerpt":"\"Frades Capuchinhos em Feira de Santana\", livro organizado e escrito por Frei Jos\u00e9 Jo\u00e3o Monteiro Sobrinho, Professora Maria Ferreira Lucila de Pinho e Jo\u00e3o Carlos Marchesini, marca os 50 anos da implanta\u00e7\u00e3o da Par\u00f3quia de Santo Ant\u00f4nio. O livro conta a hist\u00f3ria desde a chegada dos primeiros frades em Feira\u2026","rel":"","context":"Em &quot;Cidade&quot;","block_context":{"text":"Cidade","link":"https:\/\/blogdafeira.com.br\/home\/categoria\/cidade\/"},"img":{"alt_text":"","src":"https:\/\/i0.wp.com\/blogdafeira.com.br\/home\/wp-content\/uploads\/2014\/08\/DSC02535-1.jpg?resize=350%2C200&ssl=1","width":350,"height":200,"srcset":"https:\/\/i0.wp.com\/blogdafeira.com.br\/home\/wp-content\/uploads\/2014\/08\/DSC02535-1.jpg?resize=350%2C200&ssl=1 1x, https:\/\/i0.wp.com\/blogdafeira.com.br\/home\/wp-content\/uploads\/2014\/08\/DSC02535-1.jpg?resize=525%2C300&ssl=1 1.5x"},"classes":[]},{"id":12015,"url":"https:\/\/blogdafeira.com.br\/home\/2014\/08\/19\/livro-conta-historia-da-construcao-da-igreja-dos-capuchinhos-em-feira\/","url_meta":{"origin":37281,"position":1},"title":"Livro conta hist\u00f3ria da constru\u00e7\u00e3o da Igreja dos Capuchinhos em Feira","author":"Blog da Feira","date":"19\/08\/2014","format":false,"excerpt":"O livro \"Frades Capuchinhos em Feira de Santana', de Frei Monteiro, Professora Lucila Ferreira de Pinho e Jo\u00e3o Marchesini, entre outros aspectos da vinda da Ordem religiosa para esta cidade, \u00a0conta a hist\u00f3ria, com fotos e depoimentos, da constru\u00e7\u00e3o do grande templo que os frades constru\u00edram aqui no in\u00edcio da\u2026","rel":"","context":"Em &quot;Home&quot;","block_context":{"text":"Home","link":"https:\/\/blogdafeira.com.br\/home\/categoria\/raiz\/"},"img":{"alt_text":"DSC02538","src":"https:\/\/i0.wp.com\/blogdafeira.com.br\/home\/wp-content\/uploads\/2014\/08\/DSC02538.jpg?resize=350%2C200","width":350,"height":200},"classes":[]},{"id":68494,"url":"https:\/\/blogdafeira.com.br\/home\/2025\/07\/20\/quatro-novos-frades-capuchinhos-na-bahia-fazem-votos-de-castidade-pobreza-e-obediencia\/","url_meta":{"origin":37281,"position":2},"title":"Quatro novos frades capuchinhos na Bahia fazem votos de castidade, pobreza e obedi\u00eancia","author":"Blog da Feira","date":"20\/07\/2025","format":false,"excerpt":"Em uma cerim\u00f4nia realizada no Santu\u00e1rio Arquidiocesano Nossa Senhora da Piedade, em Salvador , quatro frades capuchinhos emitiram votos perp\u00e9tuos, ontem (s\u00e1bado,19). Frei Jorge Rocha, Superintendente da Funda\u00e7\u00e3o Santo Ant\u00f4nio, em Feira,\u00a0 e formador dos jovens frades, explicou que os votos perp\u00e9tuos s\u00e3o de castidade, pobreza e obedi\u00eancia. Os frades\u2026","rel":"","context":"Em &quot;Geral&quot;","block_context":{"text":"Geral","link":"https:\/\/blogdafeira.com.br\/home\/categoria\/geral\/"},"img":{"alt_text":"","src":"https:\/\/i0.wp.com\/blogdafeira.com.br\/home\/wp-content\/uploads\/2025\/07\/IMG-20250720-WA0049.jpg?resize=350%2C200&ssl=1","width":350,"height":200,"srcset":"https:\/\/i0.wp.com\/blogdafeira.com.br\/home\/wp-content\/uploads\/2025\/07\/IMG-20250720-WA0049.jpg?resize=350%2C200&ssl=1 1x, https:\/\/i0.wp.com\/blogdafeira.com.br\/home\/wp-content\/uploads\/2025\/07\/IMG-20250720-WA0049.jpg?resize=525%2C300&ssl=1 1.5x, https:\/\/i0.wp.com\/blogdafeira.com.br\/home\/wp-content\/uploads\/2025\/07\/IMG-20250720-WA0049.jpg?resize=700%2C400&ssl=1 2x"},"classes":[]},{"id":53279,"url":"https:\/\/blogdafeira.com.br\/home\/2022\/07\/08\/o-camarote-dos-frades-capuchinhos-micareta-de-feira\/","url_meta":{"origin":37281,"position":3},"title":"O Camarote dos Frades Capuchinhos &#8211; Micareta de Feira","author":"J\u00e2nio R\u00eago","date":"08\/07\/2022","format":false,"excerpt":"Quando come\u00e7aram a levantar os grandes\u00a0 camarotes na avenida Presidente Dutra para a Micareta daquele ano,\u00a0 olha a surpresa: um dos maiores estava ao lado, na \u00e1rea de lazer da igreja de Santo Ant\u00f4nio, templo erguido pela Ordem dos Frades Capuchinhos, religiosos tradicionalmente discretos e afastados de festas como a\u2026","rel":"","context":"Em &quot;Colunistas&quot;","block_context":{"text":"Colunistas","link":"https:\/\/blogdafeira.com.br\/home\/categoria\/colunistas\/"},"img":{"alt_text":"","src":"https:\/\/i0.wp.com\/blogdafeira.com.br\/home\/wp-content\/uploads\/2022\/07\/CHARGE.jpg?resize=350%2C200&ssl=1","width":350,"height":200},"classes":[]},{"id":66018,"url":"https:\/\/blogdafeira.com.br\/home\/2025\/03\/09\/inaugurado-o-memorial-dos-frades-capuchinhos-no-santuario-santo-antonio\/","url_meta":{"origin":37281,"position":4},"title":"Inaugurado o &#8220;Memorial dos Frades Capuchinhos&#8221; no Santu\u00e1rio Santo Ant\u00f4nio","author":"Blog da Feira","date":"09\/03\/2025","format":false,"excerpt":"Os Capuchinhos de Feira inauguraram neste domingo um novo espa\u00e7o no Santu\u00e1rio de Santo Ant\u00f4nio, o Memorial dos Frades Capuchinhos\", onde est\u00e3o em exposi\u00e7\u00e3o objetos e documentos sobre a vida de frades dessa ordem que praticamente deu nome a um bairro em Feira. A\u00a0 Ordem\u00a0 \u00e9 propriet\u00e1ria da R\u00e1dio Sociedade\u2026","rel":"","context":"Em &quot;Geral&quot;","block_context":{"text":"Geral","link":"https:\/\/blogdafeira.com.br\/home\/categoria\/geral\/"},"img":{"alt_text":"","src":"https:\/\/i0.wp.com\/blogdafeira.com.br\/home\/wp-content\/uploads\/2025\/03\/Screenshot_20250309-1741132.png?resize=350%2C200&ssl=1","width":350,"height":200,"srcset":"https:\/\/i0.wp.com\/blogdafeira.com.br\/home\/wp-content\/uploads\/2025\/03\/Screenshot_20250309-1741132.png?resize=350%2C200&ssl=1 1x, https:\/\/i0.wp.com\/blogdafeira.com.br\/home\/wp-content\/uploads\/2025\/03\/Screenshot_20250309-1741132.png?resize=525%2C300&ssl=1 1.5x, https:\/\/i0.wp.com\/blogdafeira.com.br\/home\/wp-content\/uploads\/2025\/03\/Screenshot_20250309-1741132.png?resize=700%2C400&ssl=1 2x"},"classes":[]},{"id":80,"url":"https:\/\/blogdafeira.com.br\/home\/2013\/04\/04\/camarote-dos-frades-capuchinhos-na-micareta-de-feira\/","url_meta":{"origin":37281,"position":5},"title":"Habemus camarote","author":"Blog da Feira","date":"04\/04\/2013","format":"image","excerpt":"Um dos maiores camarotes no circuito da Micareta de Feira de Santana est\u00e1 sendo instalado em uma \u00e1rea lateral \u00e0 igreja de Santo Ant\u00f4nio, da Ordem dos Capuchinhos que administra tamb\u00e9m um col\u00e9gio e uma emissora, a r\u00e1dio R\u00e1dio Sociedade de Feira, AM. \u00a0","rel":"","context":"Em &quot;Cidade&quot;","block_context":{"text":"Cidade","link":"https:\/\/blogdafeira.com.br\/home\/categoria\/cidade\/"},"img":{"alt_text":"capuchinhos","src":"https:\/\/i0.wp.com\/blogdafeira.com.br\/home\/wp-content\/uploads\/2013\/04\/capuchinhos-300x225.jpg?resize=350%2C200","width":350,"height":200},"classes":[]}],"_links":{"self":[{"href":"https:\/\/blogdafeira.com.br\/home\/wp-json\/wp\/v2\/posts\/37281","targetHints":{"allow":["GET"]}}],"collection":[{"href":"https:\/\/blogdafeira.com.br\/home\/wp-json\/wp\/v2\/posts"}],"about":[{"href":"https:\/\/blogdafeira.com.br\/home\/wp-json\/wp\/v2\/types\/post"}],"author":[{"embeddable":true,"href":"https:\/\/blogdafeira.com.br\/home\/wp-json\/wp\/v2\/users\/8"}],"replies":[{"embeddable":true,"href":"https:\/\/blogdafeira.com.br\/home\/wp-json\/wp\/v2\/comments?post=37281"}],"version-history":[{"count":11,"href":"https:\/\/blogdafeira.com.br\/home\/wp-json\/wp\/v2\/posts\/37281\/revisions"}],"predecessor-version":[{"id":52425,"href":"https:\/\/blogdafeira.com.br\/home\/wp-json\/wp\/v2\/posts\/37281\/revisions\/52425"}],"wp:featuredmedia":[{"embeddable":true,"href":"https:\/\/blogdafeira.com.br\/home\/wp-json\/wp\/v2\/media\/37284"}],"wp:attachment":[{"href":"https:\/\/blogdafeira.com.br\/home\/wp-json\/wp\/v2\/media?parent=37281"}],"wp:term":[{"taxonomy":"category","embeddable":true,"href":"https:\/\/blogdafeira.com.br\/home\/wp-json\/wp\/v2\/categories?post=37281"},{"taxonomy":"post_tag","embeddable":true,"href":"https:\/\/blogdafeira.com.br\/home\/wp-json\/wp\/v2\/tags?post=37281"}],"curies":[{"name":"wp","href":"https:\/\/api.w.org\/{rel}","templated":true}]}}