{"id":37496,"date":"2020-05-04T19:17:46","date_gmt":"2020-05-04T22:17:46","guid":{"rendered":"https:\/\/blogdafeira.com.br\/home\/?p=37496"},"modified":"2020-05-05T23:36:43","modified_gmt":"2020-05-06T02:36:43","slug":"nada-muda-no-esquema-de-funcionamento-do-comercio","status":"publish","type":"post","link":"https:\/\/blogdafeira.com.br\/home\/2020\/05\/04\/nada-muda-no-esquema-de-funcionamento-do-comercio\/","title":{"rendered":"Mantido esquema de funcionamento do com\u00e9rcio"},"content":{"rendered":"<div id=\"blogd-2275696973\" class=\"blogd-fim-do-post-mobile blogd-entity-placement\" style=\"margin-left: auto;margin-right: auto;text-align: center;\"><a href=\"https:\/\/www.sefaz.feiradesantana.ba.gov.br\/\" target=\"_blank\" aria-label=\"728&#215;90 (6)\"><img loading=\"lazy\" decoding=\"async\" src=\"https:\/\/blogdafeira.com.br\/home\/wp-content\/uploads\/2026\/03\/728x90-6.gif\" alt=\"\"  class=\"no-lazyload\" width=\"728\" height=\"90\"  style=\"display: inline-block;\" \/><\/a><\/div><p>Decis\u00e3o anunciada hoje (04) pelo prefeito Colbert Filho (MDB) prorrogou at\u00e9 o dia 18 de maio o decreto que estabelece crit\u00e9rios para o funcionamento de diversos estabelecimentos em fun\u00e7\u00e3o da pandemia do covid-19. No com\u00e9rcio, continuar\u00e3o abertas as lojas com at\u00e9 200 metros quadrados. As maiores seguem proibidas de funcionar. Shoppings, institui\u00e7\u00f5es de ensino e academias permanecem fechadas at\u00e9 aquela data. L\u00e1 adiante, haver\u00e1 nova avalia\u00e7\u00e3o da situa\u00e7\u00e3o.<\/p><div id=\"blogd-3037491809\" class=\"blogd-conteudo-2-mobile blogd-entity-placement\"><a href=\"https:\/\/feirenses.com.br\/\" target=\"_blank\" aria-label=\"feirenses\"><img loading=\"lazy\" decoding=\"async\" src=\"https:\/\/blogdafeira.com.br\/home\/wp-content\/uploads\/2026\/04\/feirenses.png\" alt=\"\"  srcset=\"https:\/\/blogdafeira.com.br\/home\/wp-content\/uploads\/2026\/04\/feirenses.png 300w, https:\/\/blogdafeira.com.br\/home\/wp-content\/uploads\/2026\/04\/feirenses-170x45.png 170w, https:\/\/blogdafeira.com.br\/home\/wp-content\/uploads\/2026\/04\/feirenses-280x74.png 280w\" sizes=\"(max-width: 300px) 100vw, 300px\" class=\"no-lazyload\" width=\"300\" height=\"79\"  style=\"display: inline-block;\" \/><\/a><\/div>\n<p>Houve press\u00e3o para a reabertura das academias, como a pr\u00f3pria imprensa feirense noticiou. A l\u00f3gica do lucro, obviamente, sustentou a investida. Os crit\u00e9rios de sa\u00fade p\u00fablica \u2013 conforme se v\u00ea no Brasil de hoje \u2013 ficam em segundo plano. Pelo menos dessa vez o prefeito Colbert Filho resistiu e a insensatez foi descartada.<\/p>\n<p>At\u00e9 agora n\u00e3o houve press\u00e3o na imprensa pela reabertura dos shoppings. Noutros estados h\u00e1 dezenas deles abertos. O movimento, noticiado pela imprensa, \u00e9 p\u00edfio: lojistas estimam queda de at\u00e9 80% nas vendas em rela\u00e7\u00e3o ao per\u00edodo pr\u00e9-pandemia. Quem \u00e9 sensato n\u00e3o vai se aventurar naqueles corredores refrigerados, sob o risco de morrer com sintomas de uma doen\u00e7a horrorosa dias depois.<\/p>\n<p>Como estar\u00e1 o movimento no centro comercial da Feira de Santana? N\u00e3o me arrisco a ir at\u00e9 l\u00e1. Fotos de cal\u00e7adas e cal\u00e7ad\u00f5es mostram gente circulando muito pr\u00f3xima das outras pessoas. Aquela dist\u00e2ncia de 1,5 metro n\u00e3o passa de fic\u00e7\u00e3o. Como garanti-lo nas art\u00e9rias estreitas e obstru\u00eddas, que viviam apinhadas noutros tempos? A cultura da aglomera\u00e7\u00e3o \u00e9 s\u00f3lida aqui.<\/p>\n<p>H\u00e1, tamb\u00e9m, o horror do atendimento em ag\u00eancias banc\u00e1rias e lot\u00e9ricas. Receber os 600 reais do aux\u00edlio emergencial pela popula\u00e7\u00e3o necessitada tem exigido imensos sacrif\u00edcios e grande exposi\u00e7\u00e3o ao v\u00edrus. Diante daquelas imagens de filas intermin\u00e1veis \u2013 que s\u00e3o di\u00e1rias \u2013 n\u00e3o falta quem veja com extremo ceticismo os n\u00fameros referentes \u00e0 prolifera\u00e7\u00e3o da covid-19. N\u00e3o \u00e9 para menos.<\/p>\n<p>Quem se orienta pelos n\u00fameros oficiais \u2013 n\u00e3o s\u00f3 aqui na Feira de Santana, mas no Brasil inteiro \u2013 fica com a sensa\u00e7\u00e3o de que o novo coronav\u00edrus \u00e9 menos nocivo do que parecia a princ\u00edpio. Isso apesar dos mais de sete mil mortos e 100 mil infectados. Pesquisadores avaliam, por\u00e9m, que h\u00e1 uma brutal subnotifica\u00e7\u00e3o, porque os brasileiros n\u00e3o est\u00e3o sendo submetidos a testes. S\u00f3 os casos mais graves.<\/p>\n<div id=\"blogd-3011458728\" class=\"blogd-final-post blogd-entity-placement\"><a href=\"https:\/\/www.feiradesantana.ba.leg.br\/\" target=\"_blank\" aria-label=\"BANNER-SITE-ENTREGADECHEQUE-CAMARADEFEIRA\"><img loading=\"lazy\" decoding=\"async\" src=\"https:\/\/blogdafeira.com.br\/home\/wp-content\/uploads\/2026\/03\/BANNER-SITE-ENTREGADECHEQUE-CAMARADEFEIRA.gif\" alt=\"\"  class=\"no-lazyload\" width=\"728\" height=\"90\"   \/><\/a><\/div><p>Qual ser\u00e1 o n\u00famero real de infectados na Feira de Santana? Em que locais do munic\u00edpio a incid\u00eancia \u00e9 maior? Que medidas est\u00e3o sendo adotadas? Com subnotifica\u00e7\u00e3o, n\u00e3o \u00e9 poss\u00edvel tra\u00e7ar o cen\u00e1rio real. E surpresas negativas podem acontecer l\u00e1 adiante. Sobretudo com o esp\u00edrito de \u201clibera geral\u201d daqueles que compartilham da vis\u00e3o tosca do mentecapto que julga o covid-19 apenas como uma \u201cgripezinha\u201d.<\/p>\n","protected":false},"excerpt":{"rendered":"<p>Decis\u00e3o anunciada hoje (04) pelo prefeito Colbert Filho (MDB) prorrogou at\u00e9 o dia 18 de maio o decreto que estabelece crit\u00e9rios para o funcionamento de diversos estabelecimentos em fun\u00e7\u00e3o da pandemia do covid-19. No com\u00e9rcio, continuar\u00e3o abertas as lojas com at\u00e9 200 metros quadrados. As maiores seguem proibidas de funcionar. Shoppings, institui\u00e7\u00f5es de ensino e<\/p>\n","protected":false},"author":13,"featured_media":37499,"comment_status":"closed","ping_status":"closed","sticky":false,"template":"","format":"standard","meta":{"jetpack_post_was_ever_published":false,"cybocfi_hide_featured_image":"","_jetpack_newsletter_access":"","_jetpack_dont_email_post_to_subs":false,"_jetpack_newsletter_tier_id":0,"_jetpack_memberships_contains_paywalled_content":false,"_jetpack_memberships_contains_paid_content":false,"footnotes":"","jetpack_publicize_message":"","jetpack_publicize_feature_enabled":true,"jetpack_social_post_already_shared":true,"jetpack_social_options":{"image_generator_settings":{"template":"highway","default_image_id":0,"font":"","enabled":false},"version":2}},"categories":[3,592,1],"tags":[],"class_list":["post-37496","post","type-post","status-publish","format-standard","has-post-thumbnail","hentry","category-cidade","category-colunistas","category-raiz"],"jetpack_publicize_connections":[],"jetpack_featured_media_url":"https:\/\/blogdafeira.com.br\/home\/wp-content\/uploads\/2020\/05\/IMG_20200504_154712057_MP-scaled.jpg","jetpack_shortlink":"https:\/\/wp.me\/p3niVf-9KM","jetpack_sharing_enabled":true,"jetpack-related-posts":[{"id":37657,"url":"https:\/\/blogdafeira.com.br\/home\/2020\/05\/11\/abre-e-fecha-pode-arruinar-comercio-feirense\/","url_meta":{"origin":37496,"position":0},"title":"Abre-e-fecha pode arruinar com\u00e9rcio feirense","author":"Andr\u00e9 Pomponet","date":"11\/05\/2020","format":false,"excerpt":"Cresceu bastante o n\u00famero de infectados com o novo coronav\u00edrus na Feira de Santana desde a reabertura do com\u00e9rcio no dia 21 de abril. Do in\u00edcio da pandemia at\u00e9 aquela data foram confirmados 58 casos. Desde ent\u00e3o, s\u00e3o mais 61 casos, at\u00e9 a mais recente atualiza\u00e7\u00e3o hoje (11). A contabilidade,\u2026","rel":"","context":"Em &quot;Cidade&quot;","block_context":{"text":"Cidade","link":"https:\/\/blogdafeira.com.br\/home\/categoria\/cidade\/"},"img":{"alt_text":"","src":"https:\/\/i0.wp.com\/blogdafeira.com.br\/home\/wp-content\/uploads\/2020\/05\/IMG_20200511_143130704_HDR-scaled.jpg?resize=350%2C200&ssl=1","width":350,"height":200,"srcset":"https:\/\/i0.wp.com\/blogdafeira.com.br\/home\/wp-content\/uploads\/2020\/05\/IMG_20200511_143130704_HDR-scaled.jpg?resize=350%2C200&ssl=1 1x, https:\/\/i0.wp.com\/blogdafeira.com.br\/home\/wp-content\/uploads\/2020\/05\/IMG_20200511_143130704_HDR-scaled.jpg?resize=525%2C300&ssl=1 1.5x, https:\/\/i0.wp.com\/blogdafeira.com.br\/home\/wp-content\/uploads\/2020\/05\/IMG_20200511_143130704_HDR-scaled.jpg?resize=700%2C400&ssl=1 2x, https:\/\/i0.wp.com\/blogdafeira.com.br\/home\/wp-content\/uploads\/2020\/05\/IMG_20200511_143130704_HDR-scaled.jpg?resize=1050%2C600&ssl=1 3x, https:\/\/i0.wp.com\/blogdafeira.com.br\/home\/wp-content\/uploads\/2020\/05\/IMG_20200511_143130704_HDR-scaled.jpg?resize=1400%2C800&ssl=1 4x"},"classes":[]},{"id":37454,"url":"https:\/\/blogdafeira.com.br\/home\/2020\/04\/30\/lider-do-governo-na-camara-pede-reabertura-de-academias\/","url_meta":{"origin":37496,"position":1},"title":"L\u00edder do Governo na C\u00e2mara pede reabertura de academias","author":"Blog da Feira","date":"30\/04\/2020","format":false,"excerpt":"L\u00edder do Governo na C\u00e2mara Municipal, o vereador Marcos Lima defende a flexibiliza\u00e7\u00e3o das medidas para conter a dissemina\u00e7\u00e3o do coronav\u00edrus Covid-19, liberando a abertura das academias em Feira de Santana com a ado\u00e7\u00e3o de medidas protetivas. Ele esteve com uma comiss\u00e3o de representantes de academias, juntamente com o vereador\u2026","rel":"","context":"Em &quot;Cidade&quot;","block_context":{"text":"Cidade","link":"https:\/\/blogdafeira.com.br\/home\/categoria\/cidade\/"},"img":{"alt_text":"","src":"https:\/\/i0.wp.com\/blogdafeira.com.br\/home\/wp-content\/uploads\/2020\/04\/3042020115233.jpg?resize=350%2C200&ssl=1","width":350,"height":200,"srcset":"https:\/\/i0.wp.com\/blogdafeira.com.br\/home\/wp-content\/uploads\/2020\/04\/3042020115233.jpg?resize=350%2C200&ssl=1 1x, https:\/\/i0.wp.com\/blogdafeira.com.br\/home\/wp-content\/uploads\/2020\/04\/3042020115233.jpg?resize=525%2C300&ssl=1 1.5x"},"classes":[]},{"id":36683,"url":"https:\/\/blogdafeira.com.br\/home\/2020\/03\/28\/colbert-mantem-suspensao-do-comercio-em-feira-ate-dia-5\/","url_meta":{"origin":37496,"position":2},"title":"Colbert mant\u00e9m suspens\u00e3o do com\u00e9rcio em Feira at\u00e9 dia 6 e divulga v\u00eddeo","author":"Blog da Feira","date":"28\/03\/2020","format":false,"excerpt":"A Prefeitura de Santana prorrogar\u00e1 o prazo de fechamento geral do com\u00e9rcio e de servi\u00e7os at\u00e9 o dia 6 de abril, como medida de conten\u00e7\u00e3o ao novo coronav\u00edrus. Segundo o Blog do Velame, a prorroga\u00e7\u00e3o consta em decreto a ser publicado em edi\u00e7\u00e3o extra do di\u00e1rio oficial. O decreto reitera,\u2026","rel":"","context":"Em &quot;Cidade&quot;","block_context":{"text":"Cidade","link":"https:\/\/blogdafeira.com.br\/home\/categoria\/cidade\/"},"img":{"alt_text":"","src":"https:\/\/i0.wp.com\/blogdafeira.com.br\/home\/wp-content\/uploads\/2020\/03\/332020183256.jpg?resize=350%2C200&ssl=1","width":350,"height":200,"srcset":"https:\/\/i0.wp.com\/blogdafeira.com.br\/home\/wp-content\/uploads\/2020\/03\/332020183256.jpg?resize=350%2C200&ssl=1 1x, https:\/\/i0.wp.com\/blogdafeira.com.br\/home\/wp-content\/uploads\/2020\/03\/332020183256.jpg?resize=525%2C300&ssl=1 1.5x"},"classes":[]},{"id":37276,"url":"https:\/\/blogdafeira.com.br\/home\/2020\/04\/22\/colbert-adverte-restricoes-ao-comercio-podem-voltar-se-houver-mudanca-negativa\/","url_meta":{"origin":37496,"position":3},"title":"Colbert adverte: restri\u00e7\u00f5es ao com\u00e9rcio podem voltar se houver &#8216;mudan\u00e7a negativa&#8217;","author":"Blog da Feira","date":"22\/04\/2020","format":false,"excerpt":"O novo decreto de funcionamento do com\u00e9rcio assinado pelo prefeito de Feira de Santana, Colbert Martins,\u00a0 permitiu a reabertura de algumas atividades com lojas de at\u00e9 200m\u00b2. Significa praticamente todo o com\u00e9rcio, como j\u00e1 admitiu a Associa\u00e7\u00e3o Comercial da cidade. A decis\u00e3o, segundo o prefeito, \"\u00e9 resultado do achatamento inicial\u2026","rel":"","context":"Em &quot;Cidade&quot;","block_context":{"text":"Cidade","link":"https:\/\/blogdafeira.com.br\/home\/categoria\/cidade\/"},"img":{"alt_text":"","src":"https:\/\/i0.wp.com\/blogdafeira.com.br\/home\/wp-content\/uploads\/2020\/04\/9bc206d3-c9c0-414f-8d85-4cfeec9b7970.jpg?resize=350%2C200&ssl=1","width":350,"height":200,"srcset":"https:\/\/i0.wp.com\/blogdafeira.com.br\/home\/wp-content\/uploads\/2020\/04\/9bc206d3-c9c0-414f-8d85-4cfeec9b7970.jpg?resize=350%2C200&ssl=1 1x, https:\/\/i0.wp.com\/blogdafeira.com.br\/home\/wp-content\/uploads\/2020\/04\/9bc206d3-c9c0-414f-8d85-4cfeec9b7970.jpg?resize=525%2C300&ssl=1 1.5x, https:\/\/i0.wp.com\/blogdafeira.com.br\/home\/wp-content\/uploads\/2020\/04\/9bc206d3-c9c0-414f-8d85-4cfeec9b7970.jpg?resize=700%2C400&ssl=1 2x, https:\/\/i0.wp.com\/blogdafeira.com.br\/home\/wp-content\/uploads\/2020\/04\/9bc206d3-c9c0-414f-8d85-4cfeec9b7970.jpg?resize=1050%2C600&ssl=1 3x"},"classes":[]},{"id":37080,"url":"https:\/\/blogdafeira.com.br\/home\/2020\/04\/13\/escolas-e-comercio-nao-essencial-continuarao-fechados-em-feira\/","url_meta":{"origin":37496,"position":4},"title":"Escolas e parte do com\u00e9rcio continuar\u00e3o fechados em Feira","author":"Blog da Feira","date":"13\/04\/2020","format":false,"excerpt":"O prefeito de Feira de Santana, Colbert Filho,prorrogou mais uma vez o decreto com restri\u00e7\u00f5es ao funcionamento do com\u00e9rcio no munic\u00edpio. O com\u00e9rcio considerado n\u00e3o essencial\u00a0 ficara sem funcionar at\u00e9 o dia 20 deste m\u00eas. Escolas, academias, shoppings, galerias, bares e restaurantes continuar\u00e3o fechados at\u00e9 dia 04 de maio. Em\u2026","rel":"","context":"Em &quot;Cidade&quot;","block_context":{"text":"Cidade","link":"https:\/\/blogdafeira.com.br\/home\/categoria\/cidade\/"},"img":{"alt_text":"","src":"https:\/\/i0.wp.com\/blogdafeira.com.br\/home\/wp-content\/uploads\/2020\/04\/1042020235618.jpg?resize=350%2C200&ssl=1","width":350,"height":200,"srcset":"https:\/\/i0.wp.com\/blogdafeira.com.br\/home\/wp-content\/uploads\/2020\/04\/1042020235618.jpg?resize=350%2C200&ssl=1 1x, https:\/\/i0.wp.com\/blogdafeira.com.br\/home\/wp-content\/uploads\/2020\/04\/1042020235618.jpg?resize=525%2C300&ssl=1 1.5x"},"classes":[]},{"id":36677,"url":"https:\/\/blogdafeira.com.br\/home\/2020\/03\/28\/crise-do-coronavirus-ditara-rumos-eleitorais-em-feira\/","url_meta":{"origin":37496,"position":5},"title":"Crise do coronav\u00edrus ditar\u00e1 rumos eleitorais em Feira","author":"Andr\u00e9 Pomponet","date":"28\/03\/2020","format":false,"excerpt":"Amanh\u00e3 (29) o prefeito Colbert Martins Filho (MDB) vai anunciar se mant\u00e9m o com\u00e9rcio feirense fechado ou se revoga a medida. \u00c9 vis\u00edvel a press\u00e3o que o chefe do Executivo est\u00e1 sofrendo para determinar a reabertura. Choveram propostas na reuni\u00e3o com empres\u00e1rios, ontem \u00e0 tarde, sugerindo alternativas para que as\u2026","rel":"","context":"Em &quot;Cidade&quot;","block_context":{"text":"Cidade","link":"https:\/\/blogdafeira.com.br\/home\/categoria\/cidade\/"},"img":{"alt_text":"","src":"https:\/\/i0.wp.com\/blogdafeira.com.br\/home\/wp-content\/uploads\/2020\/03\/prefeitura-feira.jpg?resize=350%2C200&ssl=1","width":350,"height":200,"srcset":"https:\/\/i0.wp.com\/blogdafeira.com.br\/home\/wp-content\/uploads\/2020\/03\/prefeitura-feira.jpg?resize=350%2C200&ssl=1 1x, https:\/\/i0.wp.com\/blogdafeira.com.br\/home\/wp-content\/uploads\/2020\/03\/prefeitura-feira.jpg?resize=525%2C300&ssl=1 1.5x, https:\/\/i0.wp.com\/blogdafeira.com.br\/home\/wp-content\/uploads\/2020\/03\/prefeitura-feira.jpg?resize=700%2C400&ssl=1 2x, https:\/\/i0.wp.com\/blogdafeira.com.br\/home\/wp-content\/uploads\/2020\/03\/prefeitura-feira.jpg?resize=1050%2C600&ssl=1 3x, https:\/\/i0.wp.com\/blogdafeira.com.br\/home\/wp-content\/uploads\/2020\/03\/prefeitura-feira.jpg?resize=1400%2C800&ssl=1 4x"},"classes":[]}],"_links":{"self":[{"href":"https:\/\/blogdafeira.com.br\/home\/wp-json\/wp\/v2\/posts\/37496","targetHints":{"allow":["GET"]}}],"collection":[{"href":"https:\/\/blogdafeira.com.br\/home\/wp-json\/wp\/v2\/posts"}],"about":[{"href":"https:\/\/blogdafeira.com.br\/home\/wp-json\/wp\/v2\/types\/post"}],"author":[{"embeddable":true,"href":"https:\/\/blogdafeira.com.br\/home\/wp-json\/wp\/v2\/users\/13"}],"replies":[{"embeddable":true,"href":"https:\/\/blogdafeira.com.br\/home\/wp-json\/wp\/v2\/comments?post=37496"}],"version-history":[{"count":2,"href":"https:\/\/blogdafeira.com.br\/home\/wp-json\/wp\/v2\/posts\/37496\/revisions"}],"predecessor-version":[{"id":37498,"href":"https:\/\/blogdafeira.com.br\/home\/wp-json\/wp\/v2\/posts\/37496\/revisions\/37498"}],"wp:featuredmedia":[{"embeddable":true,"href":"https:\/\/blogdafeira.com.br\/home\/wp-json\/wp\/v2\/media\/37499"}],"wp:attachment":[{"href":"https:\/\/blogdafeira.com.br\/home\/wp-json\/wp\/v2\/media?parent=37496"}],"wp:term":[{"taxonomy":"category","embeddable":true,"href":"https:\/\/blogdafeira.com.br\/home\/wp-json\/wp\/v2\/categories?post=37496"},{"taxonomy":"post_tag","embeddable":true,"href":"https:\/\/blogdafeira.com.br\/home\/wp-json\/wp\/v2\/tags?post=37496"}],"curies":[{"name":"wp","href":"https:\/\/api.w.org\/{rel}","templated":true}]}}