{"id":3785,"date":"2013-07-24T13:58:55","date_gmt":"2013-07-24T16:58:55","guid":{"rendered":"http:\/\/blogdafeira.com.br\/home\/?p=3785"},"modified":"2013-07-24T13:59:33","modified_gmt":"2013-07-24T16:59:33","slug":"ferrovia-bh-salvador-vai-passar-por-25-municipios-baianos","status":"publish","type":"post","link":"https:\/\/blogdafeira.com.br\/home\/2013\/07\/24\/ferrovia-bh-salvador-vai-passar-por-25-municipios-baianos\/","title":{"rendered":"Ferrovia BH-Salvador vai passar por 25 munic\u00edpios baianos"},"content":{"rendered":"<div id=\"blogd-1936135379\" class=\"blogd-fim-do-post-mobile blogd-entity-placement\" style=\"margin-left: auto;margin-right: auto;text-align: center;\"><a href=\"https:\/\/www.sefaz.feiradesantana.ba.gov.br\/\" target=\"_blank\" aria-label=\"728&#215;90 (6)\"><img loading=\"lazy\" decoding=\"async\" src=\"https:\/\/blogdafeira.com.br\/home\/wp-content\/uploads\/2026\/03\/728x90-6.gif\" alt=\"\"  class=\"no-lazyload\" width=\"728\" height=\"90\"  style=\"display: inline-block;\" \/><\/a><\/div><p><img loading=\"lazy\" decoding=\"async\" class=\"aligncenter size-full wp-image-3786\" alt=\"ferrovias\" src=\"http:\/\/blogdafeira.com.br\/home\/wp-content\/uploads\/2013\/07\/ferrovias.jpg\" width=\"640\" height=\"386\" srcset=\"https:\/\/blogdafeira.com.br\/home\/wp-content\/uploads\/2013\/07\/ferrovias.jpg 640w, https:\/\/blogdafeira.com.br\/home\/wp-content\/uploads\/2013\/07\/ferrovias-170x102.jpg 170w, https:\/\/blogdafeira.com.br\/home\/wp-content\/uploads\/2013\/07\/ferrovias-346x208.jpg 346w\" sizes=\"auto, (max-width: 640px) 100vw, 640px\" \/>O tra\u00e7ado apresentado pelo Programa de Investimentos em Log\u00edstica (PIL)para a ferrovia que liga Belo Horizonte a Candeias, na Regi\u00e3o Metropolitana de Salvador, passa por 25 munic\u00edpios da Bahia.<\/p><div id=\"blogd-2701877249\" class=\"blogd-conteudo-2-mobile blogd-entity-placement\"><a href=\"https:\/\/feirenses.com.br\/\" target=\"_blank\" aria-label=\"feirenses\"><img loading=\"lazy\" decoding=\"async\" src=\"https:\/\/blogdafeira.com.br\/home\/wp-content\/uploads\/2026\/04\/feirenses.png\" alt=\"\"  srcset=\"https:\/\/blogdafeira.com.br\/home\/wp-content\/uploads\/2026\/04\/feirenses.png 300w, https:\/\/blogdafeira.com.br\/home\/wp-content\/uploads\/2026\/04\/feirenses-170x45.png 170w, https:\/\/blogdafeira.com.br\/home\/wp-content\/uploads\/2026\/04\/feirenses-280x74.png 280w\" sizes=\"(max-width: 300px) 100vw, 300px\" class=\"no-lazyload\" width=\"300\" height=\"79\"  style=\"display: inline-block;\" \/><\/a><\/div>\n<p>Os munic\u00edpios de\u00a0 Sebasti\u00e3o Laranjeiras, Urandi, Pinda\u00ed, Candiba, Guanambi, Manoel Vitorino, Barra da Estiva, Iramaia, Marac\u00e1s, Marcion\u00edlio Souza, Ia\u00e7u, Boa Vista do Tupim, Itatim, Santa Teresinha, Castro Alves, Rafael Jambeiro, Ipecaet\u00e1, Ant\u00f4nio Cardoso,<strong> Feira de Santana<\/strong>, Anguera, Concei\u00e7\u00e3o do Jacu\u00edpe, Santo Amaro, Am\u00e9lia Rodrigues, S\u00e3o Sebasti\u00e3o do Pass\u00e9, Candeias.<\/p>\n<p>Outra ferrovia planejada pelo PIL tamb\u00e9m passa por Feira de Santana: a<img loading=\"lazy\" decoding=\"async\" class=\"alignright size-medium wp-image-3787\" alt=\"ferrovia\" src=\"http:\/\/blogdafeira.com.br\/home\/wp-content\/uploads\/2013\/07\/ferrovia-346x198.jpg\" width=\"346\" height=\"198\" srcset=\"https:\/\/blogdafeira.com.br\/home\/wp-content\/uploads\/2013\/07\/ferrovia-346x198.jpg 346w, https:\/\/blogdafeira.com.br\/home\/wp-content\/uploads\/2013\/07\/ferrovia-170x97.jpg 170w, https:\/\/blogdafeira.com.br\/home\/wp-content\/uploads\/2013\/07\/ferrovia.jpg 640w\" sizes=\"auto, (max-width: 346px) 100vw, 346px\" \/> que liga Recife a Salvador, que tem uma extens\u00e3o prevista de 893 km. Esta ferrovia se junta \u00e0 Transnordestina na cidade pernambucana de Ipojuca.<\/p>\n<div id=\"blogd-3430516182\" class=\"blogd-final-post blogd-entity-placement\"><a href=\"https:\/\/www.feiradesantana.ba.leg.br\/\" target=\"_blank\" aria-label=\"BANNER-SITE-ENTREGADECHEQUE-CAMARADEFEIRA\"><img loading=\"lazy\" decoding=\"async\" src=\"https:\/\/blogdafeira.com.br\/home\/wp-content\/uploads\/2026\/03\/BANNER-SITE-ENTREGADECHEQUE-CAMARADEFEIRA.gif\" alt=\"\"  class=\"no-lazyload\" width=\"728\" height=\"90\"   \/><\/a><\/div><p>Os projetos do Programa, que \u00e9 ligado ao Minist\u00e9rio dos Transportes, s\u00e3o focados na redu\u00e7\u00e3o dos fretes das mercadorias e n\u00e3o falam em transporte de passageiros.<\/p>\n","protected":false},"excerpt":{"rendered":"<p>O tra\u00e7ado apresentado pelo Programa de Investimentos em Log\u00edstica (PIL)para a ferrovia que liga Belo Horizonte a Candeias, na Regi\u00e3o Metropolitana de Salvador, passa por 25 munic\u00edpios da Bahia. Os munic\u00edpios de\u00a0 Sebasti\u00e3o Laranjeiras, Urandi, Pinda\u00ed, Candiba, Guanambi, Manoel Vitorino, Barra da Estiva, Iramaia, Marac\u00e1s, Marcion\u00edlio Souza, Ia\u00e7u, Boa Vista do Tupim, Itatim, Santa Teresinha,<\/p>\n","protected":false},"author":1,"featured_media":0,"comment_status":"closed","ping_status":"closed","sticky":false,"template":"","format":"standard","meta":{"jetpack_post_was_ever_published":false,"cybocfi_hide_featured_image":"","_jetpack_newsletter_access":"","_jetpack_dont_email_post_to_subs":false,"_jetpack_newsletter_tier_id":0,"_jetpack_memberships_contains_paywalled_content":false,"_jetpack_memberships_contains_paid_content":false,"footnotes":"","jetpack_publicize_message":"","jetpack_publicize_feature_enabled":true,"jetpack_social_post_already_shared":true,"jetpack_social_options":{"image_generator_settings":{"template":"highway","default_image_id":0,"font":"","enabled":false},"version":2}},"categories":[1],"tags":[],"class_list":["post-3785","post","type-post","status-publish","format-standard","hentry","category-raiz"],"jetpack_publicize_connections":[],"jetpack_featured_media_url":"","jetpack_shortlink":"https:\/\/wp.me\/p3niVf-Z3","jetpack_sharing_enabled":true,"jetpack-related-posts":[{"id":3756,"url":"https:\/\/blogdafeira.com.br\/home\/2013\/07\/23\/programa-de-logistica-preve-nova-ferrovia-passando-por-feira\/","url_meta":{"origin":3785,"position":0},"title":"Programa de Log\u00edstica prev\u00ea nova ferrovia passando por Feira","author":"Blog da Feira","date":"23\/07\/2013","format":false,"excerpt":"A Ag\u00eancia Nacional de Transportes Terrestres (ANTT) realizou reuni\u00e3o p\u00fablica, no Hotel Ibis, na tarde desta ter\u00e7a-feira, 23, para discutir a implanta\u00e7\u00e3o de uma ferrovia ligando Belo Horizonte, em Minas Gerais, a Candeias, na Bahia. O tra\u00e7ado da estrada contempla 22 munic\u00edpios baianos, inclusive Feira de Santana e faz parte\u2026","rel":"","context":"Em &quot;Home&quot;","block_context":{"text":"Home","link":"https:\/\/blogdafeira.com.br\/home\/categoria\/raiz\/"},"img":{"alt_text":"DSC08189","src":"https:\/\/i0.wp.com\/blogdafeira.com.br\/home\/wp-content\/uploads\/2013\/07\/DSC08189.jpg?resize=350%2C200","width":350,"height":200,"srcset":"https:\/\/i0.wp.com\/blogdafeira.com.br\/home\/wp-content\/uploads\/2013\/07\/DSC08189.jpg?resize=350%2C200 1x, https:\/\/i0.wp.com\/blogdafeira.com.br\/home\/wp-content\/uploads\/2013\/07\/DSC08189.jpg?resize=525%2C300 1.5x"},"classes":[]},{"id":3758,"url":"https:\/\/blogdafeira.com.br\/home\/2013\/07\/23\/se-tudo-sair-do-papel-feira-vai-ter-4-troncos-ferroviarios\/","url_meta":{"origin":3785,"position":1},"title":"Se tudo sair do papel Feira vai ter 4 troncos ferrovi\u00e1rios","author":"Blog da Feira","date":"23\/07\/2013","format":false,"excerpt":"Segundo o ministro dos Transportes, o baiano C\u00e9sar Borges, mais 3 ferrovias, \u00a0do Programa de Investimentos em Log\u00edstica\u00a0al\u00e9m da Belo Horizonte-Candeias,\u00a0 contemplam o munic\u00edpio de Feira de Santana. S\u00e3o elas: a Transnordestina (Petrolina-Juazeiro-Feira), Porto de Suape (PE) -Feira e \u00a0Feira de Santana \u2013 Candeias \u2013 Salvador. O Programa de Investimentos\u2026","rel":"","context":"Em &quot;Home&quot;","block_context":{"text":"Home","link":"https:\/\/blogdafeira.com.br\/home\/categoria\/raiz\/"},"img":{"alt_text":"","src":"","width":0,"height":0},"classes":[]},{"id":3188,"url":"https:\/\/blogdafeira.com.br\/home\/2013\/07\/03\/antt-mostra-ao-prefeito-de-feira-o-projeto-da-ferrovia-bahia-pernambuco\/","url_meta":{"origin":3785,"position":2},"title":"ANTT mostra ao Prefeito de Feira o projeto da ferrovia Bahia-Pernambuco","author":"Blog da Feira","date":"03\/07\/2013","format":false,"excerpt":"O munic\u00edpio de Feira de Santana integra projeto do Governo Federal de constru\u00e7\u00e3o de uma ferrovia para o transporte de cargas, que ligar\u00e1 o estado da Bahia at\u00e9 a cidade de Ipojuca, em Pernambuco. Ele faz parte do Programa de Investimentos em Log\u00edsticas (PIL) e foi apresentado ao prefeito Jos\u00e9\u2026","rel":"","context":"Em &quot;Home&quot;","block_context":{"text":"Home","link":"https:\/\/blogdafeira.com.br\/home\/categoria\/raiz\/"},"img":{"alt_text":"","src":"","width":0,"height":0},"classes":[]},{"id":5286,"url":"https:\/\/blogdafeira.com.br\/home\/2013\/09\/27\/chineses-vieram-a-feira-de-olho-nas-ferrovias-que-vao-passar-pela-cidade\/","url_meta":{"origin":3785,"position":3},"title":"Chineses vieram a Feira &#8216;de olho&#8217; nas ferrovias que v\u00e3o passar pela cidade","author":"Blog da Feira","date":"27\/09\/2013","format":false,"excerpt":"Os quatro troncos ferrovi\u00e1rios que dever\u00e3o passar por Feira de Santana, segundo o Plano de Investimentos em Log\u00edstica, do Minist\u00e9rio dos Transportes, \u00e9 hoje o grande atrativo para investimentos privados no munic\u00edpio. O grupo de chineses que visitou Feira e firmaram um acordo de 'amizade' entre os munic\u00edpios de Linyi\u2026","rel":"","context":"Em &quot;Home&quot;","block_context":{"text":"Home","link":"https:\/\/blogdafeira.com.br\/home\/categoria\/raiz\/"},"img":{"alt_text":"ferrovias","src":"https:\/\/i0.wp.com\/blogdafeira.com.br\/home\/wp-content\/uploads\/2013\/07\/ferrovias.jpg?resize=350%2C200","width":350,"height":200,"srcset":"https:\/\/i0.wp.com\/blogdafeira.com.br\/home\/wp-content\/uploads\/2013\/07\/ferrovias.jpg?resize=350%2C200 1x, https:\/\/i0.wp.com\/blogdafeira.com.br\/home\/wp-content\/uploads\/2013\/07\/ferrovias.jpg?resize=525%2C300 1.5x"},"classes":[]},{"id":58944,"url":"https:\/\/blogdafeira.com.br\/home\/2023\/08\/08\/especialista-defende-ferrovia-para-porto-de-aratu-passando-por-feira\/","url_meta":{"origin":3785,"position":4},"title":"Especialista defende ferrovia para Porto de Aratu passando por Feira","author":"Blog da Feira","date":"08\/08\/2023","format":false,"excerpt":"Em entrevista especial ao Correio da Bahia, Bernardo Figueiredo, CEO da TAV e consultor de mobilidade e log\u00edstica, defende que na conclus\u00e3o da Fiol 2 (Barreiras-Caetit\u00e9) seja feita uma liga\u00e7\u00e3o dessa \u00faltima cidade com o Porto de Aratu, passando por Feira de Santana. \"Se eu fosse o dono da bola,\u2026","rel":"","context":"Em &quot;Economia&quot;","block_context":{"text":"Economia","link":"https:\/\/blogdafeira.com.br\/home\/categoria\/economia\/"},"img":{"alt_text":"","src":"https:\/\/i0.wp.com\/blogdafeira.com.br\/home\/wp-content\/uploads\/2023\/08\/9eab0b40-34fc-4d7b-b461-f23cd41c4115.jpeg?resize=350%2C200&ssl=1","width":350,"height":200,"srcset":"https:\/\/i0.wp.com\/blogdafeira.com.br\/home\/wp-content\/uploads\/2023\/08\/9eab0b40-34fc-4d7b-b461-f23cd41c4115.jpeg?resize=350%2C200&ssl=1 1x, https:\/\/i0.wp.com\/blogdafeira.com.br\/home\/wp-content\/uploads\/2023\/08\/9eab0b40-34fc-4d7b-b461-f23cd41c4115.jpeg?resize=525%2C300&ssl=1 1.5x"},"classes":[]},{"id":53226,"url":"https:\/\/blogdafeira.com.br\/home\/2022\/07\/07\/banca-do-candeal-heranca-da-ferrovia-nunca-concluida\/","url_meta":{"origin":3785,"position":5},"title":"Banca do Candeal, heran\u00e7a da ferrovia nunca conclu\u00edda","author":"J\u00e2nio R\u00eago","date":"07\/07\/2022","format":false,"excerpt":"A 'Banca do Candeal' liga a pracinha Zelito Gaiola ao Baix\u00e3o de onde se desce pela ladeira de Santa no rumo do Jacu. Se vai pra Candeia Grossa siga em frente mas se quer conhecer a Ponte da Matinha pegue sua direita e v\u00e1 at\u00e9 margem do rio Pojuca. A\u2026","rel":"","context":"Em &quot;Colunistas&quot;","block_context":{"text":"Colunistas","link":"https:\/\/blogdafeira.com.br\/home\/categoria\/colunistas\/"},"img":{"alt_text":"","src":"https:\/\/i0.wp.com\/blogdafeira.com.br\/home\/wp-content\/uploads\/2022\/07\/IMG_20220703_115916_116-scaled.jpg?resize=350%2C200&ssl=1","width":350,"height":200,"srcset":"https:\/\/i0.wp.com\/blogdafeira.com.br\/home\/wp-content\/uploads\/2022\/07\/IMG_20220703_115916_116-scaled.jpg?resize=350%2C200&ssl=1 1x, https:\/\/i0.wp.com\/blogdafeira.com.br\/home\/wp-content\/uploads\/2022\/07\/IMG_20220703_115916_116-scaled.jpg?resize=525%2C300&ssl=1 1.5x, https:\/\/i0.wp.com\/blogdafeira.com.br\/home\/wp-content\/uploads\/2022\/07\/IMG_20220703_115916_116-scaled.jpg?resize=700%2C400&ssl=1 2x, https:\/\/i0.wp.com\/blogdafeira.com.br\/home\/wp-content\/uploads\/2022\/07\/IMG_20220703_115916_116-scaled.jpg?resize=1050%2C600&ssl=1 3x, https:\/\/i0.wp.com\/blogdafeira.com.br\/home\/wp-content\/uploads\/2022\/07\/IMG_20220703_115916_116-scaled.jpg?resize=1400%2C800&ssl=1 4x"},"classes":[]}],"_links":{"self":[{"href":"https:\/\/blogdafeira.com.br\/home\/wp-json\/wp\/v2\/posts\/3785","targetHints":{"allow":["GET"]}}],"collection":[{"href":"https:\/\/blogdafeira.com.br\/home\/wp-json\/wp\/v2\/posts"}],"about":[{"href":"https:\/\/blogdafeira.com.br\/home\/wp-json\/wp\/v2\/types\/post"}],"author":[{"embeddable":true,"href":"https:\/\/blogdafeira.com.br\/home\/wp-json\/wp\/v2\/users\/1"}],"replies":[{"embeddable":true,"href":"https:\/\/blogdafeira.com.br\/home\/wp-json\/wp\/v2\/comments?post=3785"}],"version-history":[{"count":2,"href":"https:\/\/blogdafeira.com.br\/home\/wp-json\/wp\/v2\/posts\/3785\/revisions"}],"predecessor-version":[{"id":3789,"href":"https:\/\/blogdafeira.com.br\/home\/wp-json\/wp\/v2\/posts\/3785\/revisions\/3789"}],"wp:attachment":[{"href":"https:\/\/blogdafeira.com.br\/home\/wp-json\/wp\/v2\/media?parent=3785"}],"wp:term":[{"taxonomy":"category","embeddable":true,"href":"https:\/\/blogdafeira.com.br\/home\/wp-json\/wp\/v2\/categories?post=3785"},{"taxonomy":"post_tag","embeddable":true,"href":"https:\/\/blogdafeira.com.br\/home\/wp-json\/wp\/v2\/tags?post=3785"}],"curies":[{"name":"wp","href":"https:\/\/api.w.org\/{rel}","templated":true}]}}