{"id":3830,"date":"2013-07-25T13:49:04","date_gmt":"2013-07-25T16:49:04","guid":{"rendered":"http:\/\/blogdafeira.com.br\/home\/?p=3830"},"modified":"2013-07-25T13:49:04","modified_gmt":"2013-07-25T16:49:04","slug":"cafe-consumido-pelo-papa-no-vaticano-e-produzido-na-bahia","status":"publish","type":"post","link":"https:\/\/blogdafeira.com.br\/home\/2013\/07\/25\/cafe-consumido-pelo-papa-no-vaticano-e-produzido-na-bahia\/","title":{"rendered":"Caf\u00e9 consumido pelo Papa no Vaticano \u00e9 produzido na Bahia"},"content":{"rendered":"<div id=\"blogd-1494730226\" class=\"blogd-fim-do-post-mobile blogd-entity-placement\" style=\"margin-left: auto;margin-right: auto;text-align: center;\"><a href=\"https:\/\/www.sefaz.feiradesantana.ba.gov.br\/\" target=\"_blank\" aria-label=\"728&#215;90 (6)\"><img loading=\"lazy\" decoding=\"async\" src=\"https:\/\/blogdafeira.com.br\/home\/wp-content\/uploads\/2026\/03\/728x90-6.gif\" alt=\"\"  class=\"no-lazyload\" width=\"728\" height=\"90\"  style=\"display: inline-block;\" \/><\/a><\/div><p>O ex-cardeal argentino Jorge Mario Bergoglio, o Papa Francisco, toma todo dia pela manh\u00e3 um leg\u00edtimo cafezinho org\u00e2nico brasileiro, do tipo premium,produzido na cidade baiana de Ibicoara, na Chapada Diamantina.<\/p><div id=\"blogd-274536633\" class=\"blogd-conteudo-2-mobile blogd-entity-placement\"><a href=\"https:\/\/feirenses.com.br\/\" target=\"_blank\" aria-label=\"feirenses\"><img loading=\"lazy\" decoding=\"async\" src=\"https:\/\/blogdafeira.com.br\/home\/wp-content\/uploads\/2026\/04\/feirenses.png\" alt=\"\"  srcset=\"https:\/\/blogdafeira.com.br\/home\/wp-content\/uploads\/2026\/04\/feirenses.png 300w, https:\/\/blogdafeira.com.br\/home\/wp-content\/uploads\/2026\/04\/feirenses-170x45.png 170w, https:\/\/blogdafeira.com.br\/home\/wp-content\/uploads\/2026\/04\/feirenses-280x74.png 280w\" sizes=\"(max-width: 300px) 100vw, 300px\" class=\"no-lazyload\" width=\"300\" height=\"79\"  style=\"display: inline-block;\" \/><\/a><\/div>\n<p>O Vaticano recebe, por safra, 30 sacas exclusivas do caf\u00e9 Natura Gourmet, produzido na fazenda Aranquan, dos empres\u00e1rios Luca Giovanni Allegro e Nelson Cordeiro.<\/p>\n<p>Dos 19 mil produtores baianos de caf\u00e9, mais de 1,5 mil cultivam o gr\u00e3o org\u00e2nico gourmet.<\/p>\n<div id=\"blogd-230899194\" class=\"blogd-final-post blogd-entity-placement\"><a href=\"https:\/\/www.feiradesantana.ba.leg.br\/\" target=\"_blank\" aria-label=\"BANNER-SITE-ENTREGADECHEQUE-CAMARADEFEIRA\"><img loading=\"lazy\" decoding=\"async\" src=\"https:\/\/blogdafeira.com.br\/home\/wp-content\/uploads\/2026\/03\/BANNER-SITE-ENTREGADECHEQUE-CAMARADEFEIRA.gif\" alt=\"\"  class=\"no-lazyload\" width=\"728\" height=\"90\"   \/><\/a><\/div><p>&#8220;Enquanto uma saca de 60 quilos do convencional \u00e9 vendida por R$ 350, o produtor de org\u00e2nico premium, \u00a0recebe R$ 1 mil\u201d, diz\u00a0Jo\u00e3o Lopes Ara\u00fajo, presidente da Associa\u00e7\u00e3o dos Produtores de Caf\u00e9 da Bahia.<\/p>\n","protected":false},"excerpt":{"rendered":"<p>O ex-cardeal argentino Jorge Mario Bergoglio, o Papa Francisco, toma todo dia pela manh\u00e3 um leg\u00edtimo cafezinho org\u00e2nico brasileiro, do tipo premium,produzido na cidade baiana de Ibicoara, na Chapada Diamantina. O Vaticano recebe, por safra, 30 sacas exclusivas do caf\u00e9 Natura Gourmet, produzido na fazenda Aranquan, dos empres\u00e1rios Luca Giovanni Allegro e Nelson Cordeiro. Dos<\/p>\n","protected":false},"author":1,"featured_media":0,"comment_status":"closed","ping_status":"closed","sticky":false,"template":"","format":"standard","meta":{"jetpack_post_was_ever_published":false,"cybocfi_hide_featured_image":"","_jetpack_newsletter_access":"","_jetpack_dont_email_post_to_subs":false,"_jetpack_newsletter_tier_id":0,"_jetpack_memberships_contains_paywalled_content":false,"_jetpack_memberships_contains_paid_content":false,"footnotes":"","jetpack_publicize_message":"","jetpack_publicize_feature_enabled":true,"jetpack_social_post_already_shared":true,"jetpack_social_options":{"image_generator_settings":{"template":"highway","default_image_id":0,"font":"","enabled":false},"version":2}},"categories":[1],"tags":[],"class_list":["post-3830","post","type-post","status-publish","format-standard","hentry","category-raiz"],"jetpack_publicize_connections":[],"jetpack_featured_media_url":"","jetpack_shortlink":"https:\/\/wp.me\/p3niVf-ZM","jetpack_sharing_enabled":true,"jetpack-related-posts":[{"id":47118,"url":"https:\/\/blogdafeira.com.br\/home\/2021\/08\/23\/cafe-premium-e-o-novo-lancamento-da-agricultura-familiar-baiana\/","url_meta":{"origin":3830,"position":0},"title":"Caf\u00e9 Premium \u00e9 o novo lan\u00e7amento da agricultura familiar baiana","author":"Blog da Feira","date":"23\/08\/2021","format":false,"excerpt":"Nesta ter\u00e7a-feira (24),\u00a0a agricultura familiar leva para as prateleiras de estabelecimentos comerciais da Bahia mais um produto de qualidade. Desta vez, o lan\u00e7amento \u00e9 um\u00a0caf\u00e9\u00a0premium, produzido no sudoeste baiano, pela\u00a0Cooperativa Mista dos Pequenos Cafeicultores de Barra do Cho\u00e7a e Regi\u00e3o (Cooperbac), localizada em Barra do Cho\u00e7a. Um\u00a0caf\u00e9\u00a0de torra clara, 100%\u2026","rel":"","context":"Em &quot;Bahia&quot;","block_context":{"text":"Bahia","link":"https:\/\/blogdafeira.com.br\/home\/categoria\/bahia\/"},"img":{"alt_text":"","src":"https:\/\/i0.wp.com\/blogdafeira.com.br\/home\/wp-content\/uploads\/2021\/08\/WhatsApp-Image-2021-08-17-at-16.58.43-1.jpeg?resize=350%2C200&ssl=1","width":350,"height":200,"srcset":"https:\/\/i0.wp.com\/blogdafeira.com.br\/home\/wp-content\/uploads\/2021\/08\/WhatsApp-Image-2021-08-17-at-16.58.43-1.jpeg?resize=350%2C200&ssl=1 1x, https:\/\/i0.wp.com\/blogdafeira.com.br\/home\/wp-content\/uploads\/2021\/08\/WhatsApp-Image-2021-08-17-at-16.58.43-1.jpeg?resize=525%2C300&ssl=1 1.5x, https:\/\/i0.wp.com\/blogdafeira.com.br\/home\/wp-content\/uploads\/2021\/08\/WhatsApp-Image-2021-08-17-at-16.58.43-1.jpeg?resize=700%2C400&ssl=1 2x, https:\/\/i0.wp.com\/blogdafeira.com.br\/home\/wp-content\/uploads\/2021\/08\/WhatsApp-Image-2021-08-17-at-16.58.43-1.jpeg?resize=1050%2C600&ssl=1 3x"},"classes":[]},{"id":39186,"url":"https:\/\/blogdafeira.com.br\/home\/2020\/07\/23\/cafe-bom-da-bahia-e-o-que-vem-da-agricultura-familiar\/","url_meta":{"origin":3830,"position":1},"title":"Caf\u00e9 bom da Bahia \u00e9 o que vem da agricultura familiar","author":"Blog da Feira","date":"23\/07\/2020","format":false,"excerpt":"A cultura do caf\u00e9 na Bahia vem ganhando, cada vez mais, lugar de destaque no pa\u00eds, com a qualidade dos gr\u00e3os, especialmente os produzidos por agricultores e agricultoras familiares, em locais como a Chapada Diamantina e o Sudoeste Baiano. Os caf\u00e9s atraem consumidores de diversas partes do mundo. S\u00e3o\u00a0 as\u2026","rel":"","context":"Em &quot;Bahia&quot;","block_context":{"text":"Bahia","link":"https:\/\/blogdafeira.com.br\/home\/categoria\/bahia\/"},"img":{"alt_text":"","src":"https:\/\/i0.wp.com\/blogdafeira.com.br\/home\/wp-content\/uploads\/2020\/07\/WhatsApp-Image-2020-07-22-at-14.31.09-2.jpeg?resize=350%2C200&ssl=1","width":350,"height":200,"srcset":"https:\/\/i0.wp.com\/blogdafeira.com.br\/home\/wp-content\/uploads\/2020\/07\/WhatsApp-Image-2020-07-22-at-14.31.09-2.jpeg?resize=350%2C200&ssl=1 1x, https:\/\/i0.wp.com\/blogdafeira.com.br\/home\/wp-content\/uploads\/2020\/07\/WhatsApp-Image-2020-07-22-at-14.31.09-2.jpeg?resize=525%2C300&ssl=1 1.5x, https:\/\/i0.wp.com\/blogdafeira.com.br\/home\/wp-content\/uploads\/2020\/07\/WhatsApp-Image-2020-07-22-at-14.31.09-2.jpeg?resize=700%2C400&ssl=1 2x, https:\/\/i0.wp.com\/blogdafeira.com.br\/home\/wp-content\/uploads\/2020\/07\/WhatsApp-Image-2020-07-22-at-14.31.09-2.jpeg?resize=1050%2C600&ssl=1 3x"},"classes":[]},{"id":70477,"url":"https:\/\/blogdafeira.com.br\/home\/2025\/12\/09\/deputado-quer-titular-barra-do-choca-como-capital-do-cafe-arabica-da-bahia\/","url_meta":{"origin":3830,"position":2},"title":"Deputado quer titular Barra do Cho\u00e7a como capital do caf\u00e9 ar\u00e1bica da Bahia","author":"Blog da Feira","date":"09\/12\/2025","format":false,"excerpt":"O munic\u00edpio de Barra do Cho\u00e7a, a 400km de Feita de Santana, est\u00e1 a um passo de ser reconhecido como a capital do caf\u00e9 ar\u00e1bica no Estado da Bahia. Com esse objetivo, o projeto de lei n\u00famero 25411\/2024, de autoria do deputado\u00a0 Hassan (PP), foi aprovado nesta ter\u00e7a-feira (9) pela\u2026","rel":"","context":"Em &quot;Economia&quot;","block_context":{"text":"Economia","link":"https:\/\/blogdafeira.com.br\/home\/categoria\/economia\/"},"img":{"alt_text":"","src":"https:\/\/i0.wp.com\/blogdafeira.com.br\/home\/wp-content\/uploads\/2025\/12\/images-10.jpeg?resize=350%2C200&ssl=1","width":350,"height":200},"classes":[]},{"id":41670,"url":"https:\/\/blogdafeira.com.br\/home\/2020\/11\/11\/cafe-da-bahia-esta-entre-os-melhores-do-brasil\/","url_meta":{"origin":3830,"position":3},"title":"Caf\u00e9 da Bahia est\u00e1 entre os melhores do Brasil","author":"Blog da Feira","date":"11\/11\/2020","format":false,"excerpt":"O principal concurso de qualidade para caf\u00e9 do mundo, o\u00a0Cup of Excellence, teve mais uma vez o caf\u00e9 da agricultura familiar entre os primeiros colocados. O caf\u00e9 produzido na Chapada Diamantina, pela Cooperativa de Caf\u00e9s Especiais e Agropecu\u00e1ria de Piat\u00e3 (Coopiat\u00e3), foi premiado e est\u00e1 entre os melhores do Brasil.\u2026","rel":"","context":"Em &quot;Bahia&quot;","block_context":{"text":"Bahia","link":"https:\/\/blogdafeira.com.br\/home\/categoria\/bahia\/"},"img":{"alt_text":"","src":"https:\/\/i0.wp.com\/blogdafeira.com.br\/home\/wp-content\/uploads\/2020\/11\/Cooppiata-2.jpg?resize=350%2C200&ssl=1","width":350,"height":200,"srcset":"https:\/\/i0.wp.com\/blogdafeira.com.br\/home\/wp-content\/uploads\/2020\/11\/Cooppiata-2.jpg?resize=350%2C200&ssl=1 1x, https:\/\/i0.wp.com\/blogdafeira.com.br\/home\/wp-content\/uploads\/2020\/11\/Cooppiata-2.jpg?resize=525%2C300&ssl=1 1.5x, https:\/\/i0.wp.com\/blogdafeira.com.br\/home\/wp-content\/uploads\/2020\/11\/Cooppiata-2.jpg?resize=700%2C400&ssl=1 2x"},"classes":[]},{"id":61007,"url":"https:\/\/blogdafeira.com.br\/home\/2024\/02\/01\/cafe-nova-especie-de-praga-e-identificada-em-lavouras-na-bahia\/","url_meta":{"origin":3830,"position":4},"title":"Caf\u00e9: nova esp\u00e9cie de praga \u00e9 identificada em lavouras na Bahia","author":"Blog da Feira","date":"01\/02\/2024","format":false,"excerpt":"Na Bahia, o \u00faltimo valor da produ\u00e7\u00e3o de caf\u00e9 registrado foi de R$ 2.402.030 reais \u2014\u00a0\u00a0e a quantidade produzida bateu a marca de 233.325 mil toneladas em 2022. Os dados foram da \u00faltima coleta de dados divulgada pelo Instituto Brasileiro de Geografia e Estat\u00edstica (IBGE). Entretanto, uma nova esp\u00e9cie de\u2026","rel":"","context":"Em &quot;Bahia&quot;","block_context":{"text":"Bahia","link":"https:\/\/blogdafeira.com.br\/home\/categoria\/bahia\/"},"img":{"alt_text":"","src":"https:\/\/i0.wp.com\/blogdafeira.com.br\/home\/wp-content\/uploads\/2024\/02\/mca_abr_17061917250.webp?resize=350%2C200&ssl=1","width":350,"height":200,"srcset":"https:\/\/i0.wp.com\/blogdafeira.com.br\/home\/wp-content\/uploads\/2024\/02\/mca_abr_17061917250.webp?resize=350%2C200&ssl=1 1x, https:\/\/i0.wp.com\/blogdafeira.com.br\/home\/wp-content\/uploads\/2024\/02\/mca_abr_17061917250.webp?resize=525%2C300&ssl=1 1.5x, https:\/\/i0.wp.com\/blogdafeira.com.br\/home\/wp-content\/uploads\/2024\/02\/mca_abr_17061917250.webp?resize=700%2C400&ssl=1 2x, https:\/\/i0.wp.com\/blogdafeira.com.br\/home\/wp-content\/uploads\/2024\/02\/mca_abr_17061917250.webp?resize=1050%2C600&ssl=1 3x"},"classes":[]},{"id":50237,"url":"https:\/\/blogdafeira.com.br\/home\/2022\/01\/21\/colheita-de-cafe-na-bahia-equivale-a-72-da-producao-nacional\/","url_meta":{"origin":3830,"position":5},"title":"Colheita de caf\u00e9 na Bahia equivale a 7,2% da produ\u00e7\u00e3o nacional","author":"Blog da Feira","date":"21\/01\/2022","format":false,"excerpt":"A Bahia, com a colheita realizada de 3,46 milh\u00f5es de sacas, equivalentes a 7,2% da nacional, destaca-se como o quarto estado brasileiro na produ\u00e7\u00e3o de caf\u00e9, seguida por Rond\u00f4nia, em quinto, com 2,26 milh\u00f5es de sacas (4,7%). Esse dado est\u00e1 no\u00a0 4\u00b0 Levantamento da Safra de Caf\u00e9\u00a0\u2013 dezembro 2021, da\u2026","rel":"","context":"Em &quot;Distritos&quot;","block_context":{"text":"Distritos","link":"https:\/\/blogdafeira.com.br\/home\/categoria\/distritos\/"},"img":{"alt_text":"","src":"https:\/\/i0.wp.com\/blogdafeira.com.br\/home\/wp-content\/uploads\/2022\/01\/conab.jpg?resize=350%2C200&ssl=1","width":350,"height":200},"classes":[]}],"_links":{"self":[{"href":"https:\/\/blogdafeira.com.br\/home\/wp-json\/wp\/v2\/posts\/3830","targetHints":{"allow":["GET"]}}],"collection":[{"href":"https:\/\/blogdafeira.com.br\/home\/wp-json\/wp\/v2\/posts"}],"about":[{"href":"https:\/\/blogdafeira.com.br\/home\/wp-json\/wp\/v2\/types\/post"}],"author":[{"embeddable":true,"href":"https:\/\/blogdafeira.com.br\/home\/wp-json\/wp\/v2\/users\/1"}],"replies":[{"embeddable":true,"href":"https:\/\/blogdafeira.com.br\/home\/wp-json\/wp\/v2\/comments?post=3830"}],"version-history":[{"count":1,"href":"https:\/\/blogdafeira.com.br\/home\/wp-json\/wp\/v2\/posts\/3830\/revisions"}],"predecessor-version":[{"id":3831,"href":"https:\/\/blogdafeira.com.br\/home\/wp-json\/wp\/v2\/posts\/3830\/revisions\/3831"}],"wp:attachment":[{"href":"https:\/\/blogdafeira.com.br\/home\/wp-json\/wp\/v2\/media?parent=3830"}],"wp:term":[{"taxonomy":"category","embeddable":true,"href":"https:\/\/blogdafeira.com.br\/home\/wp-json\/wp\/v2\/categories?post=3830"},{"taxonomy":"post_tag","embeddable":true,"href":"https:\/\/blogdafeira.com.br\/home\/wp-json\/wp\/v2\/tags?post=3830"}],"curies":[{"name":"wp","href":"https:\/\/api.w.org\/{rel}","templated":true}]}}