{"id":38691,"date":"2020-06-26T00:22:13","date_gmt":"2020-06-26T03:22:13","guid":{"rendered":"https:\/\/blogdafeira.com.br\/home\/?p=38691"},"modified":"2020-06-29T13:28:26","modified_gmt":"2020-06-29T16:28:26","slug":"secretario-de-educacao-da-bahia-tem-expectativa-de-dialogo-com-novo-ministro","status":"publish","type":"post","link":"https:\/\/blogdafeira.com.br\/home\/2020\/06\/26\/secretario-de-educacao-da-bahia-tem-expectativa-de-dialogo-com-novo-ministro\/","title":{"rendered":"Secret\u00e1rio de Educa\u00e7\u00e3o da Bahia tem expectativa de di\u00e1logo com novo ministro"},"content":{"rendered":"<div id=\"blogd-2233840667\" class=\"blogd-fim-do-post-mobile blogd-entity-placement\" style=\"margin-left: auto;margin-right: auto;text-align: center;\"><a href=\"https:\/\/www.sefaz.feiradesantana.ba.gov.br\/\" target=\"_blank\" aria-label=\"728&#215;90 (6)\"><img loading=\"lazy\" decoding=\"async\" src=\"https:\/\/blogdafeira.com.br\/home\/wp-content\/uploads\/2026\/03\/728x90-6.gif\" alt=\"\"  class=\"no-lazyload\" width=\"728\" height=\"90\"  style=\"display: inline-block;\" \/><\/a><\/div><p style=\"font-weight: 400;\">O secret\u00e1rio de Educa\u00e7\u00e3o da Bahia, professor Jos\u00e9 Jer\u00f4nimo espera um maior di\u00e1logo do novo ministro nomeado pelo presidente Jair Bolsonaro, o militar reformado e economista Carlos Decotelli.<\/p><div id=\"blogd-3829760055\" class=\"blogd-conteudo-2-mobile blogd-entity-placement\"><a href=\"https:\/\/feirenses.com.br\/\" target=\"_blank\" aria-label=\"feirenses\"><img loading=\"lazy\" decoding=\"async\" src=\"https:\/\/blogdafeira.com.br\/home\/wp-content\/uploads\/2026\/04\/feirenses.png\" alt=\"\"  srcset=\"https:\/\/blogdafeira.com.br\/home\/wp-content\/uploads\/2026\/04\/feirenses.png 300w, https:\/\/blogdafeira.com.br\/home\/wp-content\/uploads\/2026\/04\/feirenses-170x45.png 170w, https:\/\/blogdafeira.com.br\/home\/wp-content\/uploads\/2026\/04\/feirenses-280x74.png 280w\" sizes=\"(max-width: 300px) 100vw, 300px\" class=\"no-lazyload\" width=\"300\" height=\"79\"  style=\"display: inline-block;\" \/><\/a><\/div>\n<p style=\"font-weight: 400;\">&#8220;<em>Nossa expectativa \u00e9 a de que a sua posse marque um patamar de di\u00e1logo entre o MEC e os secret\u00e1rios estaduais e municipais de Educa\u00e7\u00e3o, na busca de solu\u00e7\u00f5es para quest\u00f5es fundamentais para a Educa\u00e7\u00e3o no nosso pa\u00eds, a exemplo do financiamento da Educa\u00e7\u00e3o B\u00e1sica e do ENEM&#8221;,\u00a0<\/em>declarou.<\/p>\n<div id=\"blogd-3585831483\" class=\"blogd-final-post blogd-entity-placement\"><a href=\"https:\/\/www.feiradesantana.ba.leg.br\/\" target=\"_blank\" aria-label=\"BANNER-SITE-ENTREGADECHEQUE-CAMARADEFEIRA\"><img loading=\"lazy\" decoding=\"async\" src=\"https:\/\/blogdafeira.com.br\/home\/wp-content\/uploads\/2026\/03\/BANNER-SITE-ENTREGADECHEQUE-CAMARADEFEIRA.gif\" alt=\"\"  class=\"no-lazyload\" width=\"728\" height=\"90\"   \/><\/a><\/div><p>\u00a0A realiza\u00e7\u00e3o das provas do Exame Nacional do Ensino M\u00e9dio (Enem) em 2020, um ano marcado pela pandemia do novo Coronav\u00edrus, foi duramente criticada pelo secret\u00e1rio. O secret\u00e1rio\u00a0 foi um dos que solicitou o adiamento.<\/p>\n","protected":false},"excerpt":{"rendered":"<p>O secret\u00e1rio de Educa\u00e7\u00e3o da Bahia, professor Jos\u00e9 Jer\u00f4nimo espera um maior di\u00e1logo do novo ministro nomeado pelo presidente Jair Bolsonaro, o militar reformado e economista Carlos Decotelli. &#8220;Nossa expectativa \u00e9 a de que a sua posse marque um patamar de di\u00e1logo entre o MEC e os secret\u00e1rios estaduais e municipais de Educa\u00e7\u00e3o, na busca<\/p>\n","protected":false},"author":1,"featured_media":31248,"comment_status":"closed","ping_status":"closed","sticky":false,"template":"","format":"standard","meta":{"jetpack_post_was_ever_published":false,"cybocfi_hide_featured_image":"","_jetpack_newsletter_access":"","_jetpack_dont_email_post_to_subs":false,"_jetpack_newsletter_tier_id":0,"_jetpack_memberships_contains_paywalled_content":false,"_jetpack_memberships_contains_paid_content":false,"footnotes":"","jetpack_publicize_message":"","jetpack_publicize_feature_enabled":true,"jetpack_social_post_already_shared":true,"jetpack_social_options":{"image_generator_settings":{"template":"highway","default_image_id":0,"font":"","enabled":false},"version":2}},"categories":[680,1],"tags":[],"class_list":["post-38691","post","type-post","status-publish","format-standard","has-post-thumbnail","hentry","category-bahia","category-raiz"],"jetpack_publicize_connections":[],"jetpack_featured_media_url":"https:\/\/blogdafeira.com.br\/home\/wp-content\/uploads\/2019\/04\/images-13.jpeg","jetpack_shortlink":"https:\/\/wp.me\/p3niVf-a43","jetpack_sharing_enabled":true,"jetpack-related-posts":[{"id":39849,"url":"https:\/\/blogdafeira.com.br\/home\/2020\/08\/26\/secretario-de-educacao-comemora-aprovacao-do-fundeb-pelo-senado\/","url_meta":{"origin":38691,"position":0},"title":"Secret\u00e1rio de Educa\u00e7\u00e3o comemora aprova\u00e7\u00e3o do Fundeb pelo Senado","author":"Secom\/Bahia","date":"26\/08\/2020","format":false,"excerpt":"O Fundo de Desenvolvimento da Educa\u00e7\u00e3o B\u00e1sica e Valoriza\u00e7\u00e3o dos Profissionais da Educa\u00e7\u00e3o (FUNDEB) foi aprovado, nesta ter\u00e7a-feira (25), no Senado Federal, em Bras\u00edlia. Institu\u00eddo em 2007, o FUNDEB \u00e9 o principal mecanismo de financiamento da Educa\u00e7\u00e3o B\u00e1sica p\u00fablica do pa\u00eds. Para 2020, pelo FUNDEB, est\u00e3o previstos recursos da ordem\u2026","rel":"","context":"Em &quot;Bahia&quot;","block_context":{"text":"Bahia","link":"https:\/\/blogdafeira.com.br\/home\/categoria\/bahia\/"},"img":{"alt_text":"","src":"https:\/\/i0.wp.com\/blogdafeira.com.br\/home\/wp-content\/uploads\/2020\/08\/WhatsApp-Image-2020-08-25-at-20.34.10.jpeg?resize=350%2C200&ssl=1","width":350,"height":200,"srcset":"https:\/\/i0.wp.com\/blogdafeira.com.br\/home\/wp-content\/uploads\/2020\/08\/WhatsApp-Image-2020-08-25-at-20.34.10.jpeg?resize=350%2C200&ssl=1 1x, https:\/\/i0.wp.com\/blogdafeira.com.br\/home\/wp-content\/uploads\/2020\/08\/WhatsApp-Image-2020-08-25-at-20.34.10.jpeg?resize=525%2C300&ssl=1 1.5x, https:\/\/i0.wp.com\/blogdafeira.com.br\/home\/wp-content\/uploads\/2020\/08\/WhatsApp-Image-2020-08-25-at-20.34.10.jpeg?resize=700%2C400&ssl=1 2x"},"classes":[]},{"id":4342,"url":"https:\/\/blogdafeira.com.br\/home\/2013\/08\/15\/secretarios-de-educacao-reunidos-em-feira-para-debater-politicas-publicas\/","url_meta":{"origin":38691,"position":1},"title":"Secret\u00e1rios de Educa\u00e7\u00e3o reunidos em Feira para debater pol\u00edticas p\u00fablicas","author":"Secom\/Bahia","date":"15\/08\/2013","format":false,"excerpt":"Secret\u00e1rios municipais de Educa\u00e7\u00e3o da Bahia e t\u00e9cnicos do setor participam nesta quinta-feira, 15, e sexta-feira, 16, \u00a0do Encontro de Integra\u00e7\u00e3o das Pol\u00edticas P\u00fablicas: Educa\u00e7\u00e3o Fortalecendo a Gest\u00e3o Municipal, no Centro de Cultura Maestro Miro, das 8 \u00e0s 17 horas. Este encontro \u00e9 realizado pela \u00a0Uni\u00e3o Nacional dos Dirigentes Municipais\u2026","rel":"","context":"Em &quot;Home&quot;","block_context":{"text":"Home","link":"https:\/\/blogdafeira.com.br\/home\/categoria\/raiz\/"},"img":{"alt_text":"","src":"","width":0,"height":0},"classes":[]},{"id":53016,"url":"https:\/\/blogdafeira.com.br\/home\/2022\/06\/22\/jeronimo-comenta-prisao-de-ex-ministro-e-provoca-acm-neto-eu-tenho-lado\/","url_meta":{"origin":38691,"position":2},"title":"Jer\u00f4nimo comenta pris\u00e3o de ex-ministro e provoca ACM Neto: &#8220;eu tenho lado&#8221;","author":"Secom\/Bahia","date":"22\/06\/2022","format":false,"excerpt":"Ex-secret\u00e1rio da Educa\u00e7\u00e3o da Bahia, o pr\u00e9-candidato a governador Jer\u00f4nimo Rodrigues comentou sobre a pris\u00e3o do ex-ministro de Educa\u00e7\u00e3o, Milton Ribeiro. \"A Educa\u00e7\u00e3o n\u00e3o \u00e9 balc\u00e3o de neg\u00f3cio, n\u00e3o pode ser trocada por barras de ouro\", disse ap\u00f3s afirmar que torce \"por uma apura\u00e7\u00e3o independente, rigorosa e c\u00e9lere sobre o\u2026","rel":"","context":"Em &quot;Home&quot;","block_context":{"text":"Home","link":"https:\/\/blogdafeira.com.br\/home\/categoria\/raiz\/"},"img":{"alt_text":"","src":"https:\/\/i0.wp.com\/blogdafeira.com.br\/home\/wp-content\/uploads\/2022\/06\/jeroninu.jpg?resize=350%2C200&ssl=1","width":350,"height":200},"classes":[]},{"id":31246,"url":"https:\/\/blogdafeira.com.br\/home\/2019\/04\/22\/secretario-de-educacao-inaugura-sinal-digital-da-tve-bahia-em-feira-de-santana\/","url_meta":{"origin":38691,"position":3},"title":"Secret\u00e1rio de educa\u00e7\u00e3o inaugura sinal digital da TVE\/Bahia em Feira de Santana","author":"Secom\/Bahia","date":"22\/04\/2019","format":false,"excerpt":"A partir desta segunda-feira (22) o sinal digital da TVE estar\u00e1 dispon\u00edvel nas cidades de Feira de Santana, Am\u00e9lia Rodrigues, Anguera, Concei\u00e7\u00e3o de Feira, Concei\u00e7\u00e3o do Jacu\u00edpe, Cora\u00e7\u00e3o de Maria, Ipecaet\u00e1, Irar\u00e1, Ouri\u00e7angas, Pedr\u00e3o, Santan\u00f3polis, Santo Estev\u00e3o e S\u00e3o Gon\u00e7alo dos Campos. A solenidade de inaugura\u00e7\u00e3o acontece no mesmo dia,\u2026","rel":"","context":"Em &quot;Home&quot;","block_context":{"text":"Home","link":"https:\/\/blogdafeira.com.br\/home\/categoria\/raiz\/"},"img":{"alt_text":"","src":"https:\/\/i0.wp.com\/blogdafeira.com.br\/home\/wp-content\/uploads\/2019\/04\/images-13.jpeg?resize=350%2C200","width":350,"height":200},"classes":[]},{"id":43026,"url":"https:\/\/blogdafeira.com.br\/home\/2021\/01\/14\/jeronimo-reitera-ao-mec-pedido-de-adiamento-do-enem\/","url_meta":{"origin":38691,"position":4},"title":"Jer\u00f4nimo reitera ao MEC pedido de adiamento do ENEM","author":"Secom\/Bahia","date":"14\/01\/2021","format":false,"excerpt":"A Secretaria da Educa\u00e7\u00e3o do Estado da Bahia (SEC) reiterou, por meio de Of\u00edcio, encaminhado ao Instituto Nacional de Estudos e Pesquisas Educacionais An\u00edsio Teixeira (INEP), \u00f3rg\u00e3o ligado ao Minist\u00e9rio da Educa\u00e7\u00e3o (MEC), o pedido de adiamento da aplica\u00e7\u00e3o da prova do Exame Nacional do Ensino M\u00e9dio (ENEM). Segundo o\u2026","rel":"","context":"Em &quot;Bahia&quot;","block_context":{"text":"Bahia","link":"https:\/\/blogdafeira.com.br\/home\/categoria\/bahia\/"},"img":{"alt_text":"","src":"https:\/\/i0.wp.com\/blogdafeira.com.br\/home\/wp-content\/uploads\/2021\/01\/images-1.jpeg?resize=350%2C200&ssl=1","width":350,"height":200,"srcset":"https:\/\/i0.wp.com\/blogdafeira.com.br\/home\/wp-content\/uploads\/2021\/01\/images-1.jpeg?resize=350%2C200&ssl=1 1x, https:\/\/i0.wp.com\/blogdafeira.com.br\/home\/wp-content\/uploads\/2021\/01\/images-1.jpeg?resize=525%2C300&ssl=1 1.5x, https:\/\/i0.wp.com\/blogdafeira.com.br\/home\/wp-content\/uploads\/2021\/01\/images-1.jpeg?resize=700%2C400&ssl=1 2x"},"classes":[]},{"id":42042,"url":"https:\/\/blogdafeira.com.br\/home\/2020\/11\/23\/42042\/","url_meta":{"origin":38691,"position":5},"title":"Rui fala a empres\u00e1rios de Feira sobre di\u00e1logo e novos investidores","author":"Secom\/Bahia","date":"23\/11\/2020","format":false,"excerpt":"O governador Rui Costa reuniu-se com representantes do setor empresarial e industrial de Feira de Santana,na manh\u00e3 desta segunda (23), para convenc\u00ea-los\u00a0 de que\u00a0 Z\u00e9 Neto e Roque Santos \"t\u00eam \u00a0a miss\u00e3o de garantir o di\u00e1logo\u00a0 para que a cidade avance nos neg\u00f3cios e atraia novos investidores\". E ressaltou a\u2026","rel":"","context":"Em &quot;Elei\u00e7\u00f5es 2020&quot;","block_context":{"text":"Elei\u00e7\u00f5es 2020","link":"https:\/\/blogdafeira.com.br\/home\/categoria\/eleicoes-2020\/"},"img":{"alt_text":"","src":"https:\/\/i0.wp.com\/blogdafeira.com.br\/home\/wp-content\/uploads\/2020\/11\/Screenshot_20201123-1705252.png?resize=350%2C200&ssl=1","width":350,"height":200,"srcset":"https:\/\/i0.wp.com\/blogdafeira.com.br\/home\/wp-content\/uploads\/2020\/11\/Screenshot_20201123-1705252.png?resize=350%2C200&ssl=1 1x, https:\/\/i0.wp.com\/blogdafeira.com.br\/home\/wp-content\/uploads\/2020\/11\/Screenshot_20201123-1705252.png?resize=525%2C300&ssl=1 1.5x, https:\/\/i0.wp.com\/blogdafeira.com.br\/home\/wp-content\/uploads\/2020\/11\/Screenshot_20201123-1705252.png?resize=700%2C400&ssl=1 2x"},"classes":[]}],"_links":{"self":[{"href":"https:\/\/blogdafeira.com.br\/home\/wp-json\/wp\/v2\/posts\/38691","targetHints":{"allow":["GET"]}}],"collection":[{"href":"https:\/\/blogdafeira.com.br\/home\/wp-json\/wp\/v2\/posts"}],"about":[{"href":"https:\/\/blogdafeira.com.br\/home\/wp-json\/wp\/v2\/types\/post"}],"author":[{"embeddable":true,"href":"https:\/\/blogdafeira.com.br\/home\/wp-json\/wp\/v2\/users\/1"}],"replies":[{"embeddable":true,"href":"https:\/\/blogdafeira.com.br\/home\/wp-json\/wp\/v2\/comments?post=38691"}],"version-history":[{"count":1,"href":"https:\/\/blogdafeira.com.br\/home\/wp-json\/wp\/v2\/posts\/38691\/revisions"}],"predecessor-version":[{"id":38692,"href":"https:\/\/blogdafeira.com.br\/home\/wp-json\/wp\/v2\/posts\/38691\/revisions\/38692"}],"wp:featuredmedia":[{"embeddable":true,"href":"https:\/\/blogdafeira.com.br\/home\/wp-json\/wp\/v2\/media\/31248"}],"wp:attachment":[{"href":"https:\/\/blogdafeira.com.br\/home\/wp-json\/wp\/v2\/media?parent=38691"}],"wp:term":[{"taxonomy":"category","embeddable":true,"href":"https:\/\/blogdafeira.com.br\/home\/wp-json\/wp\/v2\/categories?post=38691"},{"taxonomy":"post_tag","embeddable":true,"href":"https:\/\/blogdafeira.com.br\/home\/wp-json\/wp\/v2\/tags?post=38691"}],"curies":[{"name":"wp","href":"https:\/\/api.w.org\/{rel}","templated":true}]}}