{"id":38769,"date":"2020-07-01T09:40:19","date_gmt":"2020-07-01T12:40:19","guid":{"rendered":"https:\/\/blogdafeira.com.br\/home\/?p=38769"},"modified":"2020-07-02T13:59:18","modified_gmt":"2020-07-02T16:59:18","slug":"sindicato-dos-servidores-faz-questionario-sobre-retorno-as-atividades-na-uefs","status":"publish","type":"post","link":"https:\/\/blogdafeira.com.br\/home\/2020\/07\/01\/sindicato-dos-servidores-faz-questionario-sobre-retorno-as-atividades-na-uefs\/","title":{"rendered":"Sindicato dos servidores faz question\u00e1rio sobre retorno \u00e0s atividades na UEFS"},"content":{"rendered":"<div id=\"blogd-3740825586\" class=\"blogd-fim-do-post-mobile blogd-entity-placement\" style=\"margin-left: auto;margin-right: auto;text-align: center;\"><a href=\"https:\/\/www.sefaz.feiradesantana.ba.gov.br\/\" target=\"_blank\" aria-label=\"728&#215;90 (6)\"><img loading=\"lazy\" decoding=\"async\" src=\"https:\/\/blogdafeira.com.br\/home\/wp-content\/uploads\/2026\/03\/728x90-6.gif\" alt=\"\"  class=\"no-lazyload\" width=\"728\" height=\"90\"  style=\"display: inline-block;\" \/><\/a><\/div><p>Uma &#8220;Prospec\u00e7\u00e3o de informa\u00e7\u00f5es do quadro t\u00e9cnico administrativo da UEFS para orientar as a\u00e7\u00f5es do Sintest no retorno das atividades presenciais no cen\u00e1rio p\u00f3s-pandemia (COVID-19)&#8221; est\u00e1 sendo feita pelo Sindicato dos Trabalhadores na Educa\u00e7\u00e3o do 3\u00ba Grau no Estado da Bahia, o Sintest-UEFS. <strong><a href=\"https:\/\/docs.google.com\/forms\/d\/e\/1FAIpQLScaB2i30yQOr_Mp8XOUMqCH9rrtQlzj_wA6SfMa7gbuV63iPQ\/viewform?fbclid=IwAR36ack1IghjJSk7IcYqOfjSkME0rGEUvlQ4pdZWV2zTtwSCPS0bDJTNHVM\">O question\u00e1rio pode ser acessado nas redes sociais (clique aqui).\u00a0<\/a><\/strong><\/p><div id=\"blogd-3706851648\" class=\"blogd-conteudo-2-mobile blogd-entity-placement\"><a href=\"https:\/\/feirenses.com.br\/\" target=\"_blank\" aria-label=\"feirenses\"><img loading=\"lazy\" decoding=\"async\" src=\"https:\/\/blogdafeira.com.br\/home\/wp-content\/uploads\/2026\/04\/feirenses.png\" alt=\"\"  srcset=\"https:\/\/blogdafeira.com.br\/home\/wp-content\/uploads\/2026\/04\/feirenses.png 300w, https:\/\/blogdafeira.com.br\/home\/wp-content\/uploads\/2026\/04\/feirenses-170x45.png 170w, https:\/\/blogdafeira.com.br\/home\/wp-content\/uploads\/2026\/04\/feirenses-280x74.png 280w\" sizes=\"(max-width: 300px) 100vw, 300px\" class=\"no-lazyload\" width=\"300\" height=\"79\"  style=\"display: inline-block;\" \/><\/a><\/div>\n<p>A consulta vai at\u00e9 o pr\u00f3ximo dia 5 (s\u00e1bado), e consta de perguntas relacionadas aos dados pessoais do servidor al\u00e9m de quest\u00f5es relativas \u00e0 seguran\u00e7a no trabalho diante da pandemia.<\/p>\n<p>Em <strong><a href=\"file:\/\/\/C:\/Users\/conta\/Downloads\/nota%20p%C3%BAblica.pdf\">nota p\u00fablica emitida no m\u00eas passado<\/a><\/strong>, o Sindicato se posicionou contr\u00e1rio &#8220;<em>a realiza\u00e7\u00e3o<\/em><em>\u00a0de qualquer atividade administrativa presencial pelos servidores t\u00e9cnicos administrativos da Universidade Estadual de Feira de Santana (UEFS) enquanto persistir a pandemia da Covid-19&#8243;<\/em><\/p>\n<p>A entidade reconhece que a posi\u00e7\u00e3o pode parecer<em> &#8220;instransigente&#8221;\u00a0<\/em>mas alega que a &#8216;prospec\u00e7\u00e3o&#8217; em curso demonstra que h\u00e1 <em>&#8220;um quantitativo consider\u00e1vel&#8221;\u00a0<\/em>de servidores com idade avan\u00e7ada e alguns que possuem comorbidades. A nota acusa a Universidade de &#8220;<em>descaso com a situa\u00e7\u00e3o&#8221;,\u00a0<\/em><\/p>\n<p>A coordenadora do Sindicato em Feira de Santana, Daiana Alc\u00e2ntara participou esta semana de live sobre o assunto com colegas de Salvador e outras cidades da Bahia.<\/p>\n<div id=\"blogd-311941472\" class=\"blogd-final-post blogd-entity-placement\"><a href=\"https:\/\/www.feiradesantana.ba.leg.br\/\" target=\"_blank\" aria-label=\"BANNER-SITE-ENTREGADECHEQUE-CAMARADEFEIRA\"><img loading=\"lazy\" decoding=\"async\" src=\"https:\/\/blogdafeira.com.br\/home\/wp-content\/uploads\/2026\/03\/BANNER-SITE-ENTREGADECHEQUE-CAMARADEFEIRA.gif\" alt=\"\"  class=\"no-lazyload\" width=\"728\" height=\"90\"   \/><\/a><\/div><p>Acesse: <strong><a href=\"file:\/\/\/C:\/Users\/conta\/Downloads\/nota%20p%C3%BAblica.pdf\">nota p\u00fablica<\/a><\/strong> e <strong><a href=\"https:\/\/docs.google.com\/forms\/d\/e\/1FAIpQLScaB2i30yQOr_Mp8XOUMqCH9rrtQlzj_wA6SfMa7gbuV63iPQ\/viewform?fbclid=IwAR36ack1IghjJSk7IcYqOfjSkME0rGEUvlQ4pdZWV2zTtwSCPS0bDJTNHVM\">question\u00e1rio.<\/a><\/strong><\/p>\n<p>&nbsp;<\/p>\n<p>&nbsp;<\/p>\n","protected":false},"excerpt":{"rendered":"<p>Uma &#8220;Prospec\u00e7\u00e3o de informa\u00e7\u00f5es do quadro t\u00e9cnico administrativo da UEFS para orientar as a\u00e7\u00f5es do Sintest no retorno das atividades presenciais no cen\u00e1rio p\u00f3s-pandemia (COVID-19)&#8221; est\u00e1 sendo feita pelo Sindicato dos Trabalhadores na Educa\u00e7\u00e3o do 3\u00ba Grau no Estado da Bahia, o Sintest-UEFS. O question\u00e1rio pode ser acessado nas redes sociais (clique aqui).\u00a0 A consulta<\/p>\n","protected":false},"author":1,"featured_media":38770,"comment_status":"closed","ping_status":"closed","sticky":false,"template":"","format":"standard","meta":{"jetpack_post_was_ever_published":false,"cybocfi_hide_featured_image":"","_jetpack_newsletter_access":"","_jetpack_dont_email_post_to_subs":false,"_jetpack_newsletter_tier_id":0,"_jetpack_memberships_contains_paywalled_content":false,"_jetpack_memberships_contains_paid_content":false,"footnotes":"","jetpack_publicize_message":"","jetpack_publicize_feature_enabled":true,"jetpack_social_post_already_shared":true,"jetpack_social_options":{"image_generator_settings":{"template":"highway","default_image_id":0,"font":"","enabled":false},"version":2}},"categories":[4,1],"tags":[],"class_list":["post-38769","post","type-post","status-publish","format-standard","has-post-thumbnail","hentry","category-cultura","category-raiz"],"jetpack_publicize_connections":[],"jetpack_featured_media_url":"https:\/\/blogdafeira.com.br\/home\/wp-content\/uploads\/2020\/07\/daiana.jpg","jetpack_shortlink":"https:\/\/wp.me\/p3niVf-a5j","jetpack_sharing_enabled":true,"jetpack-related-posts":[{"id":39017,"url":"https:\/\/blogdafeira.com.br\/home\/2020\/07\/16\/98-dos-servidores-da-uefs-consideram-insegura-a-retomada-presencial-segundo-sindicato\/","url_meta":{"origin":38769,"position":0},"title":"98% dos servidores da UEFS consideram insegura a retomada presencial segundo sindicato","author":"Blog da Feira","date":"16\/07\/2020","format":false,"excerpt":"O SINTEST (Sindicato dos Trabalhadores de Educa\u00e7\u00e3o em Terceiro Grau do Estado da Bahia) divulgou o resultado de uma consulta realizada com servidores t\u00e9cnico-administrativos da UEFS sobre o eventual retorno \u00e0s atividades presenciais. Com 265 participantes, a pesquisa mostra que a maioria dos servidores considera inseguro o retorno total das\u2026","rel":"","context":"Em &quot;Cidade&quot;","block_context":{"text":"Cidade","link":"https:\/\/blogdafeira.com.br\/home\/categoria\/cidade\/"},"img":{"alt_text":"","src":"https:\/\/i0.wp.com\/blogdafeira.com.br\/home\/wp-content\/uploads\/2020\/07\/uefs-uefs.jpg?resize=350%2C200&ssl=1","width":350,"height":200,"srcset":"https:\/\/i0.wp.com\/blogdafeira.com.br\/home\/wp-content\/uploads\/2020\/07\/uefs-uefs.jpg?resize=350%2C200&ssl=1 1x, https:\/\/i0.wp.com\/blogdafeira.com.br\/home\/wp-content\/uploads\/2020\/07\/uefs-uefs.jpg?resize=525%2C300&ssl=1 1.5x"},"classes":[]},{"id":67293,"url":"https:\/\/blogdafeira.com.br\/home\/2025\/05\/14\/sindicato-ou-clube-de-associados-o-sintest-e-a-contramao-da-luta-coletiva\/","url_meta":{"origin":38769,"position":1},"title":"Sindicato ou clube de associados? O Sintest e a contram\u00e3o da luta coletiva","author":"Blog da Feira","date":"14\/05\/2025","format":false,"excerpt":"Um sindicato que questiona por que colegas de trabalho \u2014 igualmente servidores p\u00fablicos \u2014 passaram a receber um benef\u00edcio trabalhista. Parece absurdo, mas foi exatamente isso que fez o Sindicato dos Servidores da Universidade Estadual de Feira de Santana (Sintest\/Uefs) ao enviar of\u00edcio \u00e0 Secretaria de Administra\u00e7\u00e3o do Estado da\u2026","rel":"","context":"Em &quot;Colunistas&quot;","block_context":{"text":"Colunistas","link":"https:\/\/blogdafeira.com.br\/home\/categoria\/colunistas\/"},"img":{"alt_text":"","src":"https:\/\/i0.wp.com\/blogdafeira.com.br\/home\/wp-content\/uploads\/2025\/05\/Igualdade-feminina-rosa-informativo-post-para-instagram-_20250324_145433_00003.png?resize=350%2C200&ssl=1","width":350,"height":200,"srcset":"https:\/\/i0.wp.com\/blogdafeira.com.br\/home\/wp-content\/uploads\/2025\/05\/Igualdade-feminina-rosa-informativo-post-para-instagram-_20250324_145433_00003.png?resize=350%2C200&ssl=1 1x, https:\/\/i0.wp.com\/blogdafeira.com.br\/home\/wp-content\/uploads\/2025\/05\/Igualdade-feminina-rosa-informativo-post-para-instagram-_20250324_145433_00003.png?resize=525%2C300&ssl=1 1.5x, https:\/\/i0.wp.com\/blogdafeira.com.br\/home\/wp-content\/uploads\/2025\/05\/Igualdade-feminina-rosa-informativo-post-para-instagram-_20250324_145433_00003.png?resize=700%2C400&ssl=1 2x"},"classes":[]},{"id":37895,"url":"https:\/\/blogdafeira.com.br\/home\/2020\/05\/18\/coletivo-uefs-de-todos-critica-acoes-da-reitoria-na-pandemia\/","url_meta":{"origin":38769,"position":2},"title":"Coletivo &#8220;UEFS de Todos&#8221; critica a\u00e7\u00f5es da reitoria na pandemia","author":"Blog da Feira","date":"18\/05\/2020","format":false,"excerpt":"O Coletivo UEFS de Todos divulgou hoje (18) um artigo cr\u00edtico \u00e0s a\u00e7\u00f5es da atual Reitoria no contexto da pandemia da Covid-19. O grupo denuncia a \"incapacidade da reitoria de pensar um processo acad\u00eamico durante a pandemia\" e chama a aten\u00e7\u00e3o para a necessidade de manter em vista \"o espa\u00e7o\u2026","rel":"","context":"Em &quot;Cidade&quot;","block_context":{"text":"Cidade","link":"https:\/\/blogdafeira.com.br\/home\/categoria\/cidade\/"},"img":{"alt_text":"","src":"https:\/\/i0.wp.com\/blogdafeira.com.br\/home\/wp-content\/uploads\/2019\/04\/uefs-uefs.jpg?resize=350%2C200&ssl=1","width":350,"height":200,"srcset":"https:\/\/i0.wp.com\/blogdafeira.com.br\/home\/wp-content\/uploads\/2019\/04\/uefs-uefs.jpg?resize=350%2C200&ssl=1 1x, https:\/\/i0.wp.com\/blogdafeira.com.br\/home\/wp-content\/uploads\/2019\/04\/uefs-uefs.jpg?resize=525%2C300&ssl=1 1.5x"},"classes":[]},{"id":20715,"url":"https:\/\/blogdafeira.com.br\/home\/2016\/04\/08\/documentario-sobre-tupinambas-na-bahia-sera-exibido-na-uefs\/","url_meta":{"origin":38769,"position":3},"title":"Document\u00e1rio sobre Tupinamb\u00e1s na Bahia ser\u00e1 exibido na UEFS","author":"Blog da Feira","date":"08\/04\/2016","format":false,"excerpt":"A Universidade Estadual de Feira de Santana (Uefs) lan\u00e7a na pr\u00f3xima ter\u00e7a-feira (12), a partir das 9h20, o document\u00e1rio 'Tupinamb\u00e1: O Retorno da Terra', no Audit\u00f3rio do M\u00f3dulo 7, Campus Universit\u00e1rio. O evento seria realizado quarta-feira (13), mas teve a data alterada devido \u00e0 paralisa\u00e7\u00e3o anunciada pelo Sindicato dos Servidores\u2026","rel":"","context":"Em &quot;Home&quot;","block_context":{"text":"Home","link":"https:\/\/blogdafeira.com.br\/home\/categoria\/raiz\/"},"img":{"alt_text":"","src":"","width":0,"height":0},"classes":[]},{"id":21858,"url":"https:\/\/blogdafeira.com.br\/home\/2016\/06\/01\/edivaldo-boaventura-fez-palestra-no-aniversario-de-40-anos-da-uefs\/","url_meta":{"origin":38769,"position":4},"title":"Edivaldo Boaventura fez palestra no anivers\u00e1rio de 40 anos da UEFS","author":"Blog da Feira","date":"01\/06\/2016","format":false,"excerpt":"Em noite festiva os 40 anos da Universidade Estadual de Feira de Santana (Uefs) foram comemorados durante uma cerim\u00f4nia realizada na noite da ter\u00e7a-feira (31), no Audit\u00f3rio Central do campus universit\u00e1rio. Entre trechos de hist\u00f3rias e de can\u00e7\u00f5es a trajet\u00f3ria de conquistas e lutas foi sendo narrada a uma plat\u00e9ia\u2026","rel":"","context":"Em &quot;Home&quot;","block_context":{"text":"Home","link":"https:\/\/blogdafeira.com.br\/home\/categoria\/raiz\/"},"img":{"alt_text":"IMG_9220","src":"https:\/\/i0.wp.com\/blogdafeira.com.br\/home\/wp-content\/uploads\/2016\/06\/IMG_9220-307x300.jpg?resize=350%2C200","width":350,"height":200},"classes":[]},{"id":21369,"url":"https:\/\/blogdafeira.com.br\/home\/2016\/05\/09\/novo-estatuto-da-uefs-da-direito-a-servidor-administrativo-ser-reitor\/","url_meta":{"origin":38769,"position":5},"title":"Novo estatuto da UEFS d\u00e1 direito a servidor administrativo ser Reitor","author":"Blog da Feira","date":"09\/05\/2016","format":false,"excerpt":"O servidor t\u00e9cnico-administrativo da Universidade Estadual de Feira de Santana (UEFS) pode se tornar Reitor da institui\u00e7\u00e3o, segundo o novo Estatuto aprovado e \u00a0encaminhado para homologa\u00e7\u00e3o no Conselho Superior da UEFS. O Processo Estatuinte que elaborou o novo Estatuto da UEFS\u00a0foi encerrado na semana passada. Depois de homologado no Conselho,\u2026","rel":"","context":"Em &quot;Home&quot;","block_context":{"text":"Home","link":"https:\/\/blogdafeira.com.br\/home\/categoria\/raiz\/"},"img":{"alt_text":"uefs uefs","src":"https:\/\/i0.wp.com\/blogdafeira.com.br\/home\/wp-content\/uploads\/2016\/05\/uefs-uefs.jpg?resize=350%2C200","width":350,"height":200,"srcset":"https:\/\/i0.wp.com\/blogdafeira.com.br\/home\/wp-content\/uploads\/2016\/05\/uefs-uefs.jpg?resize=350%2C200 1x, https:\/\/i0.wp.com\/blogdafeira.com.br\/home\/wp-content\/uploads\/2016\/05\/uefs-uefs.jpg?resize=525%2C300 1.5x"},"classes":[]}],"_links":{"self":[{"href":"https:\/\/blogdafeira.com.br\/home\/wp-json\/wp\/v2\/posts\/38769","targetHints":{"allow":["GET"]}}],"collection":[{"href":"https:\/\/blogdafeira.com.br\/home\/wp-json\/wp\/v2\/posts"}],"about":[{"href":"https:\/\/blogdafeira.com.br\/home\/wp-json\/wp\/v2\/types\/post"}],"author":[{"embeddable":true,"href":"https:\/\/blogdafeira.com.br\/home\/wp-json\/wp\/v2\/users\/1"}],"replies":[{"embeddable":true,"href":"https:\/\/blogdafeira.com.br\/home\/wp-json\/wp\/v2\/comments?post=38769"}],"version-history":[{"count":2,"href":"https:\/\/blogdafeira.com.br\/home\/wp-json\/wp\/v2\/posts\/38769\/revisions"}],"predecessor-version":[{"id":38772,"href":"https:\/\/blogdafeira.com.br\/home\/wp-json\/wp\/v2\/posts\/38769\/revisions\/38772"}],"wp:featuredmedia":[{"embeddable":true,"href":"https:\/\/blogdafeira.com.br\/home\/wp-json\/wp\/v2\/media\/38770"}],"wp:attachment":[{"href":"https:\/\/blogdafeira.com.br\/home\/wp-json\/wp\/v2\/media?parent=38769"}],"wp:term":[{"taxonomy":"category","embeddable":true,"href":"https:\/\/blogdafeira.com.br\/home\/wp-json\/wp\/v2\/categories?post=38769"},{"taxonomy":"post_tag","embeddable":true,"href":"https:\/\/blogdafeira.com.br\/home\/wp-json\/wp\/v2\/tags?post=38769"}],"curies":[{"name":"wp","href":"https:\/\/api.w.org\/{rel}","templated":true}]}}