{"id":39050,"date":"2020-07-19T17:45:28","date_gmt":"2020-07-19T20:45:28","guid":{"rendered":"https:\/\/blogdafeira.com.br\/home\/?p=39050"},"modified":"2020-07-22T11:55:12","modified_gmt":"2020-07-22T14:55:12","slug":"o-sequestro-de-brigitte-do-beco-da-energia","status":"publish","type":"post","link":"https:\/\/blogdafeira.com.br\/home\/2020\/07\/19\/o-sequestro-de-brigitte-do-beco-da-energia\/","title":{"rendered":"O sequestro de Brigitte do Beco da Energia"},"content":{"rendered":"<div id=\"blogd-1442102786\" class=\"blogd-fim-do-post-mobile blogd-entity-placement\" style=\"margin-left: auto;margin-right: auto;text-align: center;\"><a href=\"https:\/\/www.sefaz.feiradesantana.ba.gov.br\/\" target=\"_blank\" aria-label=\"728&#215;90 (6)\"><img loading=\"lazy\" decoding=\"async\" src=\"https:\/\/blogdafeira.com.br\/home\/wp-content\/uploads\/2026\/03\/728x90-6.gif\" alt=\"\"  class=\"no-lazyload\" width=\"728\" height=\"90\"  style=\"display: inline-block;\" \/><\/a><\/div><p>A maioria dos frequentadores e frequentadoras da casa de dona Cleia n\u00e3o saberia nunca quem foi a c\u00e9lebre francesa Brigitte Bardot se o sequestro n\u00e3o tivesse acontecido naquela\u00a0 manh\u00e3 chuvosa de domingo, quando as putas do Beco da Energia ainda n\u00e3o haviam acordado estafadas da fudelan\u00e7a que come\u00e7ara na sexta-feira.<\/p><div id=\"blogd-1794559610\" class=\"blogd-conteudo-2-mobile blogd-entity-placement\"><a href=\"https:\/\/feirenses.com.br\/\" target=\"_blank\" aria-label=\"feirenses\"><img loading=\"lazy\" decoding=\"async\" src=\"https:\/\/blogdafeira.com.br\/home\/wp-content\/uploads\/2026\/04\/feirenses.png\" alt=\"\"  srcset=\"https:\/\/blogdafeira.com.br\/home\/wp-content\/uploads\/2026\/04\/feirenses.png 300w, https:\/\/blogdafeira.com.br\/home\/wp-content\/uploads\/2026\/04\/feirenses-170x45.png 170w, https:\/\/blogdafeira.com.br\/home\/wp-content\/uploads\/2026\/04\/feirenses-280x74.png 280w\" sizes=\"(max-width: 300px) 100vw, 300px\" class=\"no-lazyload\" width=\"300\" height=\"79\"  style=\"display: inline-block;\" \/><\/a><\/div>\n<p>Logo cedo a cafetina notou a aus\u00eancia dela mas s\u00f3 se deu conta da gravidade do sumi\u00e7o por volta de 10 horas, quando habitualmente Brigitte lhe pedia, com olhar enviesado de carinho, o desjejum temperado com guloseimas que ela preparava todos os dias.\u00a0 Primeiro deu uma volta pelo beco, procurou pelas barracas vazias da Marechal e retornou pelo Beco do Moc\u00f3. Nada, nem sinal.<\/p>\n<p>Foi ent\u00e3o que resolveu pedir ajuda e perguntar \u00e0s outras sonolentas vizinhas, todas madames como ela,\u00a0 se haviam visto Brigitte e como nenhuma delas deu not\u00edcia, apelou para o &#8220;anjo&#8217; do beco, o artista M\u00e1rcio Punk, no seu atelier no primeiro andar daquele edif\u00edcio da Marechal:<\/p>\n<p>&#8211; <em>Punk, Brigitte nunca me deixaria. Ela foi sequestrada&#8230;<\/em><\/p>\n<p><em>&#8211; E a senhora tem alguma ideia de quem fez isso&#8230;.?<\/em><\/p>\n<p>A pergunta de Punk acendeu uma luzinha vermelha piscando na mem\u00f3ria de Cleia. Ela nunca fora uma mulher exuberante mas havia tido seus amores e despertado paix\u00f5es violentas em muitos homens, at\u00e9 que um dia, resolveu n\u00e3o mais quer\u00ea-los, cansada de tanta viol\u00eancia e decep\u00e7\u00f5es. H\u00e1 muito havia escolhido amores mais tenros e em que ela, de certa forma, fosse a dona da rela\u00e7\u00e3o. Isso provocara alguns constrangimentos e despeitos, alguns com consequ\u00eancias at\u00e9 hoje marcadas, como aquela cicatriz no bra\u00e7o esquerdo que uma garrafa ciumenta lhe rasgara. Mas n\u00e3o imaginaria uma vingan\u00e7a, a essa altura da vida, j\u00e1 uma mulher de idade, isolada no Beco h\u00e1 tantos anos, sem contato com seu passado em Salvador, Cachoeira e outras paragens. O Beco era seu ref\u00fagio, sua sobreviv\u00eancia, e sua alegria era Brigitte. Mas sabia, ensinada pela vida, que tudo pode acontecer porque\u00a0 o \u00f3dio, o rancor, a inveja, s\u00e3o sentimentos sentimentos que t\u00eam sete vidas como a dos gatos.<\/p>\n<p>&#8211; <em>Eu tenho uma desconfian\u00e7a &#8211; <\/em>confessou a cafetina, cuidadosa com as palavras e inten\u00e7\u00f5es.<\/p>\n<p>Dito isto, e mais alguns detalhes, foi ent\u00e3o que Punk tomou a atitude de desvendar o caso e meter-se na aventura de resgatar Brigitte das m\u00e3os dos sequestradores, sim, sequestradores, n\u00e3o havia mais d\u00favidas pelo relato de Cleia. E imediatamente convocou o outro &#8216;anjo&#8217; da tropa do Beco, Marcelo, para juntos come\u00e7arem a ca\u00e7ada que contarei em pr\u00f3ximas postagens aqui no Blog da Feira. N\u00e3o perca.<\/p>\n<p>&nbsp;<\/p>\n<p><a href=\"https:\/\/www.instagram.com\/jeanlimadg\/\"><em><strong>Ilustra\u00e7\u00e3o, exclusiva para esse texto:\u00a0 de Jean Lima\/Instagram<\/strong><\/em><\/a><\/p>\n<p>&nbsp;<\/p>\n<div id=\"blogd-3320713292\" class=\"blogd-final-post blogd-entity-placement\"><a href=\"https:\/\/www.feiradesantana.ba.leg.br\/\" target=\"_blank\" aria-label=\"BANNER-SITE-ENTREGADECHEQUE-CAMARADEFEIRA\"><img loading=\"lazy\" decoding=\"async\" src=\"https:\/\/blogdafeira.com.br\/home\/wp-content\/uploads\/2026\/03\/BANNER-SITE-ENTREGADECHEQUE-CAMARADEFEIRA.gif\" alt=\"\"  class=\"no-lazyload\" width=\"728\" height=\"90\"   \/><\/a><\/div><blockquote class=\"wp-embedded-content\" data-secret=\"V4ZaIjYUyb\"><p><a href=\"https:\/\/blogdafeira.com.br\/home\/2020\/07\/22\/o-protegido-de-exu\/\">O protegido de Exu<\/a><\/p><\/blockquote>\n<p><iframe loading=\"lazy\" class=\"wp-embedded-content\" sandbox=\"allow-scripts\" security=\"restricted\" style=\"position: absolute; clip: rect(1px, 1px, 1px, 1px);\" title=\"&#8220;O protegido de Exu&#8221; &#8212; Blog da Feira\" src=\"https:\/\/blogdafeira.com.br\/home\/2020\/07\/22\/o-protegido-de-exu\/embed\/#?secret=V4ZaIjYUyb\" data-secret=\"V4ZaIjYUyb\" width=\"600\" height=\"338\" frameborder=\"0\" marginwidth=\"0\" marginheight=\"0\" scrolling=\"no\"><\/iframe><\/p>\n","protected":false},"excerpt":{"rendered":"<p>A maioria dos frequentadores e frequentadoras da casa de dona Cleia n\u00e3o saberia nunca quem foi a c\u00e9lebre francesa Brigitte Bardot se o sequestro n\u00e3o tivesse acontecido naquela\u00a0 manh\u00e3 chuvosa de domingo, quando as putas do Beco da Energia ainda n\u00e3o haviam acordado estafadas da fudelan\u00e7a que come\u00e7ara na sexta-feira. Logo cedo a cafetina notou<\/p>\n","protected":false},"author":8,"featured_media":39086,"comment_status":"closed","ping_status":"closed","sticky":false,"template":"","format":"standard","meta":{"jetpack_post_was_ever_published":false,"cybocfi_hide_featured_image":"","_jetpack_newsletter_access":"","_jetpack_dont_email_post_to_subs":false,"_jetpack_newsletter_tier_id":0,"_jetpack_memberships_contains_paywalled_content":false,"_jetpack_memberships_contains_paid_content":false,"footnotes":"","jetpack_publicize_message":"","jetpack_publicize_feature_enabled":true,"jetpack_social_post_already_shared":true,"jetpack_social_options":{"image_generator_settings":{"template":"highway","default_image_id":0,"font":"","enabled":false},"version":2}},"categories":[592,1],"tags":[],"class_list":["post-39050","post","type-post","status-publish","format-standard","has-post-thumbnail","hentry","category-colunistas","category-raiz"],"jetpack_publicize_connections":[],"jetpack_featured_media_url":"https:\/\/blogdafeira.com.br\/home\/wp-content\/uploads\/2020\/07\/jean-lima.jpg","jetpack_shortlink":"https:\/\/wp.me\/p3niVf-a9Q","jetpack_sharing_enabled":true,"jetpack-related-posts":[{"id":39213,"url":"https:\/\/blogdafeira.com.br\/home\/2020\/07\/28\/na-barraca-da-marechal\/","url_meta":{"origin":39050,"position":0},"title":"Na barraca da Marechal","author":"J\u00e2nio R\u00eago","date":"28\/07\/2020","format":false,"excerpt":"Vai de gengibre? - Doralice pergunta mas j\u00e1 sabe. Sem esperar resposta colocou a dose no balc\u00e3o, virou-se para atender aos outros e aumentou o volume da m\u00fasica.\"...\u00a0 te dei carona pra rodovi\u00e1ria e vi voc\u00ea partir, pode ir....\". Quando voltou pra lhe dar aten\u00e7\u00e3o ele ainda n\u00e3o havia tocado\u2026","rel":"","context":"Em &quot;Colunistas&quot;","block_context":{"text":"Colunistas","link":"https:\/\/blogdafeira.com.br\/home\/categoria\/colunistas\/"},"img":{"alt_text":"","src":"https:\/\/i0.wp.com\/blogdafeira.com.br\/home\/wp-content\/uploads\/2020\/07\/aaaaaaaaaaaa.jpg?resize=350%2C200&ssl=1","width":350,"height":200,"srcset":"https:\/\/i0.wp.com\/blogdafeira.com.br\/home\/wp-content\/uploads\/2020\/07\/aaaaaaaaaaaa.jpg?resize=350%2C200&ssl=1 1x, https:\/\/i0.wp.com\/blogdafeira.com.br\/home\/wp-content\/uploads\/2020\/07\/aaaaaaaaaaaa.jpg?resize=525%2C300&ssl=1 1.5x, https:\/\/i0.wp.com\/blogdafeira.com.br\/home\/wp-content\/uploads\/2020\/07\/aaaaaaaaaaaa.jpg?resize=700%2C400&ssl=1 2x, https:\/\/i0.wp.com\/blogdafeira.com.br\/home\/wp-content\/uploads\/2020\/07\/aaaaaaaaaaaa.jpg?resize=1050%2C600&ssl=1 3x"},"classes":[]},{"id":39106,"url":"https:\/\/blogdafeira.com.br\/home\/2020\/07\/22\/o-protegido-de-exu\/","url_meta":{"origin":39050,"position":1},"title":"O protegido de Exu","author":"J\u00e2nio R\u00eago","date":"22\/07\/2020","format":false,"excerpt":"Foi Exu quem desviou seu caminho e o fez voltar do meio da ladeira. Quando passava na cal\u00e7ada da casa de ervas \"Ogum Sete Linhas\", lembrou-se, a parada do professor! e ali mesmo deu meia volta e embalou no passo do ganso\u00a0 pela rua de Aurora. O vigia do Cuca\u2026","rel":"","context":"Em &quot;Colunistas&quot;","block_context":{"text":"Colunistas","link":"https:\/\/blogdafeira.com.br\/home\/categoria\/colunistas\/"},"img":{"alt_text":"","src":"https:\/\/i0.wp.com\/blogdafeira.com.br\/home\/wp-content\/uploads\/2020\/07\/exu-gabriel-e1595379509447.jpg?resize=350%2C200&ssl=1","width":350,"height":200,"srcset":"https:\/\/i0.wp.com\/blogdafeira.com.br\/home\/wp-content\/uploads\/2020\/07\/exu-gabriel-e1595379509447.jpg?resize=350%2C200&ssl=1 1x, https:\/\/i0.wp.com\/blogdafeira.com.br\/home\/wp-content\/uploads\/2020\/07\/exu-gabriel-e1595379509447.jpg?resize=525%2C300&ssl=1 1.5x"},"classes":[]},{"id":43514,"url":"https:\/\/blogdafeira.com.br\/home\/2021\/02\/17\/uma-escultura-para-marcio-punk-no-beco-da-energia\/","url_meta":{"origin":39050,"position":2},"title":"Uma escultura para M\u00e1rcio Punk no Beco da Energia","author":"J\u00e2nio R\u00eago","date":"17\/02\/2021","format":false,"excerpt":"Brigitte, a cachorrinha de vestido de chita, dormita sobre a almofada e dona Cleia ao lado toma conta do neg\u00f3cio. Quem entra pelo Beco do Moco \u00e9 a primeira do lado direito. Da fachada desce um toldo com listras coloridas sobre o qual, tem tempos, cresce uma trepadeira daquelas de\u2026","rel":"","context":"Em &quot;Colunistas&quot;","block_context":{"text":"Colunistas","link":"https:\/\/blogdafeira.com.br\/home\/categoria\/colunistas\/"},"img":{"alt_text":"","src":"https:\/\/i0.wp.com\/blogdafeira.com.br\/home\/wp-content\/uploads\/2021\/02\/FB_IMG_1613749189505.jpg?resize=350%2C200&ssl=1","width":350,"height":200,"srcset":"https:\/\/i0.wp.com\/blogdafeira.com.br\/home\/wp-content\/uploads\/2021\/02\/FB_IMG_1613749189505.jpg?resize=350%2C200&ssl=1 1x, https:\/\/i0.wp.com\/blogdafeira.com.br\/home\/wp-content\/uploads\/2021\/02\/FB_IMG_1613749189505.jpg?resize=525%2C300&ssl=1 1.5x, https:\/\/i0.wp.com\/blogdafeira.com.br\/home\/wp-content\/uploads\/2021\/02\/FB_IMG_1613749189505.jpg?resize=700%2C400&ssl=1 2x"},"classes":[]},{"id":22091,"url":"https:\/\/blogdafeira.com.br\/home\/2016\/06\/20\/movimento-o-beco-e-nosso-revela-o-sanfoneiro-bie-no-beco-da-energia\/","url_meta":{"origin":39050,"position":3},"title":"Movimento &#8216;O Beco \u00e9 Nosso&#8217; revela o sanfoneiro Bi\u00e9 no Beco da Energia","author":"Blog da Feira","date":"20\/06\/2016","format":false,"excerpt":"O sanfoneiro Bi\u00e9, o zambumbeiro Andr\u00e9 e o\u00a0triangleiro chegaram cedo no Beco da Energia. M\u00e1rcio Punk ainda dava os \u00faltimos retoques na produ\u00e7\u00e3o desse que \u00e9 o maior evento de rua em evid\u00eancia na Bahia atualmente. A geografia f\u00edsica e humana \u00a0do Beco \u00e9 singular. Forma um \"L\", entrando pela\u2026","rel":"","context":"Em &quot;Home&quot;","block_context":{"text":"Home","link":"https:\/\/blogdafeira.com.br\/home\/categoria\/raiz\/"},"img":{"alt_text":"IMG_20160619_164910147","src":"https:\/\/i0.wp.com\/blogdafeira.com.br\/home\/wp-content\/uploads\/2016\/06\/IMG_20160619_164910147-1024x576.jpg?resize=350%2C200","width":350,"height":200,"srcset":"https:\/\/i0.wp.com\/blogdafeira.com.br\/home\/wp-content\/uploads\/2016\/06\/IMG_20160619_164910147-1024x576.jpg?resize=350%2C200 1x, https:\/\/i0.wp.com\/blogdafeira.com.br\/home\/wp-content\/uploads\/2016\/06\/IMG_20160619_164910147-1024x576.jpg?resize=525%2C300 1.5x"},"classes":[]},{"id":22806,"url":"https:\/\/blogdafeira.com.br\/home\/2016\/08\/01\/capitao-corisco-inaugura-palco-reciclante-no-beco-da-energia-em-feira\/","url_meta":{"origin":39050,"position":4},"title":"Capit\u00e3o Corisco inaugura &#8216;palco reciclante&#8217; no Beco da Energia em Feira","author":"Blog da Feira","date":"01\/08\/2016","format":false,"excerpt":"Foi com muita chuva mesmo que o Beco da Energia, em Feira de Santana, voltou a ficar cheio de gente participando de mais um evento do maior projeto cultural de rua da Bahia, o 'Beco \u00e9 Nosso'. Dessa vez com um 'palco reciclante' idealizado e montado pelo artista M\u00e1rcio Punk,\u2026","rel":"","context":"Em &quot;Home&quot;","block_context":{"text":"Home","link":"https:\/\/blogdafeira.com.br\/home\/categoria\/raiz\/"},"img":{"alt_text":"capit\u00e3o corisco","src":"https:\/\/i0.wp.com\/blogdafeira.com.br\/home\/wp-content\/uploads\/2016\/08\/capit%C3%A3o-corisco.jpg?resize=350%2C200","width":350,"height":200,"srcset":"https:\/\/i0.wp.com\/blogdafeira.com.br\/home\/wp-content\/uploads\/2016\/08\/capit%C3%A3o-corisco.jpg?resize=350%2C200 1x, https:\/\/i0.wp.com\/blogdafeira.com.br\/home\/wp-content\/uploads\/2016\/08\/capit%C3%A3o-corisco.jpg?resize=525%2C300 1.5x"},"classes":[]},{"id":48079,"url":"https:\/\/blogdafeira.com.br\/home\/2021\/11\/07\/duda-brandao-de-volta-ao-beco-da-energia-em-evento-de-tia-claudia\/","url_meta":{"origin":39050,"position":5},"title":"Duda Brand\u00e3o de volta ao Beco da Energia em evento de Tia Claudia","author":"Blog da Feira","date":"07\/11\/2021","format":false,"excerpt":"O\u00a0 Espa\u00e7o\u00a0 Cultural Tia Claudia, do Beco da Energia, vai marcar mais um gol com a Primeira Edi\u00e7\u00e3o do Groove Rock, um evento que tem a produ\u00e7\u00e3o de Chacal. Na programa\u00e7\u00e3o, que j\u00e1 tem nomes como Toca Raul, Sete C\u00edrculos, Chacal, Wendel Carvalho e Herivelton, \u00a0Jill Somm e Andr\u00e9 Barreto\u2026","rel":"","context":"Em &quot;Cidade&quot;","block_context":{"text":"Cidade","link":"https:\/\/blogdafeira.com.br\/home\/categoria\/cidade\/"},"img":{"alt_text":"","src":"https:\/\/i0.wp.com\/blogdafeira.com.br\/home\/wp-content\/uploads\/2021\/11\/Screenshot_20211107-1717452.png?resize=350%2C200&ssl=1","width":350,"height":200,"srcset":"https:\/\/i0.wp.com\/blogdafeira.com.br\/home\/wp-content\/uploads\/2021\/11\/Screenshot_20211107-1717452.png?resize=350%2C200&ssl=1 1x, https:\/\/i0.wp.com\/blogdafeira.com.br\/home\/wp-content\/uploads\/2021\/11\/Screenshot_20211107-1717452.png?resize=525%2C300&ssl=1 1.5x, https:\/\/i0.wp.com\/blogdafeira.com.br\/home\/wp-content\/uploads\/2021\/11\/Screenshot_20211107-1717452.png?resize=700%2C400&ssl=1 2x"},"classes":[]}],"_links":{"self":[{"href":"https:\/\/blogdafeira.com.br\/home\/wp-json\/wp\/v2\/posts\/39050","targetHints":{"allow":["GET"]}}],"collection":[{"href":"https:\/\/blogdafeira.com.br\/home\/wp-json\/wp\/v2\/posts"}],"about":[{"href":"https:\/\/blogdafeira.com.br\/home\/wp-json\/wp\/v2\/types\/post"}],"author":[{"embeddable":true,"href":"https:\/\/blogdafeira.com.br\/home\/wp-json\/wp\/v2\/users\/8"}],"replies":[{"embeddable":true,"href":"https:\/\/blogdafeira.com.br\/home\/wp-json\/wp\/v2\/comments?post=39050"}],"version-history":[{"count":10,"href":"https:\/\/blogdafeira.com.br\/home\/wp-json\/wp\/v2\/posts\/39050\/revisions"}],"predecessor-version":[{"id":39162,"href":"https:\/\/blogdafeira.com.br\/home\/wp-json\/wp\/v2\/posts\/39050\/revisions\/39162"}],"wp:featuredmedia":[{"embeddable":true,"href":"https:\/\/blogdafeira.com.br\/home\/wp-json\/wp\/v2\/media\/39086"}],"wp:attachment":[{"href":"https:\/\/blogdafeira.com.br\/home\/wp-json\/wp\/v2\/media?parent=39050"}],"wp:term":[{"taxonomy":"category","embeddable":true,"href":"https:\/\/blogdafeira.com.br\/home\/wp-json\/wp\/v2\/categories?post=39050"},{"taxonomy":"post_tag","embeddable":true,"href":"https:\/\/blogdafeira.com.br\/home\/wp-json\/wp\/v2\/tags?post=39050"}],"curies":[{"name":"wp","href":"https:\/\/api.w.org\/{rel}","templated":true}]}}