{"id":39055,"date":"2020-07-17T16:46:56","date_gmt":"2020-07-17T19:46:56","guid":{"rendered":"https:\/\/blogdafeira.com.br\/home\/?p=39055"},"modified":"2020-07-17T16:46:56","modified_gmt":"2020-07-17T19:46:56","slug":"investimento-no-hcga2-apenas-em-equipamentos-e-superior-a-11-milhoes","status":"publish","type":"post","link":"https:\/\/blogdafeira.com.br\/home\/2020\/07\/17\/investimento-no-hcga2-apenas-em-equipamentos-e-superior-a-11-milhoes\/","title":{"rendered":"Investimento no HCGA2 apenas em equipamentos \u00e9 superior a 11 milh\u00f5es"},"content":{"rendered":"<div>O primeiro tom\u00f3grafo do Brasil com intelig\u00eancia artificial na captura de imagens e reduzido \u00edndice de radia\u00e7\u00e3o foi instalado no Hospital Geral Cl\u00e9riston Andrade 2 (HGCA 2), em Feira de Santana, e atender\u00e1 apenas pacientes do Sistema \u00danico de Sa\u00fade (SUS). Ele comp\u00f5e parte do modern\u00edssimo parque de imagem do HGCA 2, que possui ainda um tom\u00f3grafo de 16 canais, tr\u00eas aparelhos de ultrassonografia, dois raio-X com digitalizadora de imagem e, em breve, uma resson\u00e2ncia magn\u00e9tica. ?<\/div>\n<div>?<\/div>\n<div>De acordo com o secret\u00e1rio da Sa\u00fade do Estado, F\u00e1bio Vilas-Boas, o investimento \u00e9 superior a R$ 11 milh\u00f5es apenas em equipamentos. \u201cA sa\u00fade sempre foi uma bandeira priorit\u00e1ria para o governador Rui Costa, que vem ampliando, descentralizando e modernizando a rede assistencial em toda a Bahia. Ele escolheu Feira de Santana para instalar o \u00fanico tom\u00f3grafo do pa\u00eds com intelig\u00eancia artificial e capacidade de aprendizado profundo, chamado de Deep Learning Reconstruction. O equipamento possibilita aquisi\u00e7\u00f5es de imagens em apenas 0,23 segundos com at\u00e9 160 cortes simult\u00e2neos, al\u00e9m de capacidade de reconstru\u00e7\u00e3o interativa com at\u00e9 70 imagens por segundo\u201d, explica o secret\u00e1rio.<\/div>\n<div>?<\/div>\n<div>Vilas-Boas tamb\u00e9m destaca que, \u201cna pr\u00e1tica, as reconstru\u00e7\u00f5es de imagens se tornam extraordinariamente eficientes e precisas, sem demandar um tempo elevado, sendo aplic\u00e1vel a todas regi\u00f5es do corpo, incluindo c\u00e9rebro, pulm\u00e3o, sistemas card\u00edacos e m\u00fasculo-esquel\u00e9ticos. Ele permite reduzir drasticamente a exposi\u00e7\u00e3o de radia\u00e7\u00e3o aplicada ao paciente durante o exame, o que \u00e9 mais seguro para o paciente\u201d.<\/div>\n<div>?<\/div>\n<div>De forma geral, o Deep Learning \u00e9 uma rede neural composta por camadas de neur\u00f4nios treinados para entender tarefas complexas, com um grande volume de dados e com base no aprendizado de exemplos.?<\/div>\n<div>?<\/div>\n<div>A Bahia vem se consolidando como refer\u00eancia nacional em inova\u00e7\u00e3o e gest\u00e3o em sa\u00fade. Al\u00e9m de avan\u00e7ar na gest\u00e3o informatizada de leitos, prontu\u00e1rio eletr\u00f4nico, central de regula\u00e7\u00e3o e telemedicina, a Bahia tamb\u00e9m inovou em modelos de gest\u00e3o como as Parcerias P\u00fablico-Privadas (PPPs) de Imagem e dos hospitais do Sub\u00farbio e Instituto Couto Maia, al\u00e9m dos cons\u00f3rcios de sa\u00fade.<\/div>\n<div><\/div>\n<div id=\"blogd-1659060866\" class=\"blogd-final-post blogd-entity-placement\"><a href=\"https:\/\/www.feiradesantana.ba.leg.br\/\" target=\"_blank\" aria-label=\"BANNER-SITE-ENTREGADECHEQUE-CAMARADEFEIRA\"><img loading=\"lazy\" decoding=\"async\" src=\"https:\/\/blogdafeira.com.br\/home\/wp-content\/uploads\/2026\/03\/BANNER-SITE-ENTREGADECHEQUE-CAMARADEFEIRA.gif\" alt=\"\"  class=\"no-lazyload\" width=\"728\" height=\"90\"   \/><\/a><\/div><div><strong><em>Fonte: Ascom\/Sesab<\/em><\/strong><\/div>\n","protected":false},"excerpt":{"rendered":"<p>O primeiro tom\u00f3grafo do Brasil com intelig\u00eancia artificial na captura de imagens e reduzido \u00edndice de radia\u00e7\u00e3o foi instalado no Hospital Geral Cl\u00e9riston Andrade 2 (HGCA 2), em Feira de Santana, e atender\u00e1 apenas pacientes do Sistema \u00danico de Sa\u00fade (SUS). Ele comp\u00f5e parte do modern\u00edssimo parque de imagem do HGCA 2, que possui ainda<\/p>\n","protected":false},"author":1,"featured_media":39058,"comment_status":"closed","ping_status":"closed","sticky":false,"template":"","format":"standard","meta":{"jetpack_post_was_ever_published":false,"cybocfi_hide_featured_image":"","_jetpack_newsletter_access":"","_jetpack_dont_email_post_to_subs":false,"_jetpack_newsletter_tier_id":0,"_jetpack_memberships_contains_paywalled_content":false,"_jetpack_memberships_contains_paid_content":false,"footnotes":"","jetpack_publicize_message":"","jetpack_publicize_feature_enabled":true,"jetpack_social_post_already_shared":true,"jetpack_social_options":{"image_generator_settings":{"template":"highway","default_image_id":0,"font":"","enabled":false},"version":2}},"categories":[680,1],"tags":[],"class_list":["post-39055","post","type-post","status-publish","format-standard","has-post-thumbnail","hentry","category-bahia","category-raiz"],"jetpack_publicize_connections":[],"jetpack_featured_media_url":"https:\/\/blogdafeira.com.br\/home\/wp-content\/uploads\/2020\/07\/tomogtao.png","jetpack_shortlink":"https:\/\/wp.me\/p3niVf-a9V","jetpack_sharing_enabled":true,"jetpack-related-posts":[{"id":37865,"url":"https:\/\/blogdafeira.com.br\/home\/2020\/05\/17\/obra-do-novo-hgca-em-feira-aguarda-apenas-a-central-de-ar-condicionado\/","url_meta":{"origin":39055,"position":0},"title":"Obra do novo HGCA em Feira aguarda apenas a central de ar-condicionado","author":"Secom\/Bahia","date":"17\/05\/2020","format":false,"excerpt":"O governo do Estado chama de Hospital Geral Cl\u00e9riston Andrade 2, a expans\u00e3o do HGCA em Feira de Santana, uma\u00a0 unidade com 8.000 m\u00b2, em tr\u00eas pavimentos. A obra come\u00e7ou em mar\u00e7o do ano passado e os investimentos anunciados s\u00e3o de \u00a0R$ 50 milh\u00f5es entre obras e equipamentos. Neste domingo\u2026","rel":"","context":"Em &quot;Bahia&quot;","block_context":{"text":"Bahia","link":"https:\/\/blogdafeira.com.br\/home\/categoria\/bahia\/"},"img":{"alt_text":"","src":"https:\/\/i0.wp.com\/blogdafeira.com.br\/home\/wp-content\/uploads\/2020\/05\/fabio.jpg?resize=350%2C200&ssl=1","width":350,"height":200,"srcset":"https:\/\/i0.wp.com\/blogdafeira.com.br\/home\/wp-content\/uploads\/2020\/05\/fabio.jpg?resize=350%2C200&ssl=1 1x, https:\/\/i0.wp.com\/blogdafeira.com.br\/home\/wp-content\/uploads\/2020\/05\/fabio.jpg?resize=525%2C300&ssl=1 1.5x, https:\/\/i0.wp.com\/blogdafeira.com.br\/home\/wp-content\/uploads\/2020\/05\/fabio.jpg?resize=700%2C400&ssl=1 2x, https:\/\/i0.wp.com\/blogdafeira.com.br\/home\/wp-content\/uploads\/2020\/05\/fabio.jpg?resize=1050%2C600&ssl=1 3x"},"classes":[]},{"id":38266,"url":"https:\/\/blogdafeira.com.br\/home\/2020\/06\/05\/novo-hospital-cleriston-andrade-entra-em-funcionamento-proximo-dia-29\/","url_meta":{"origin":39055,"position":1},"title":"Novo Hospital Cl\u00e9riston Andrade entra em funcionamento pr\u00f3ximo dia 29","author":"Secom\/Bahia","date":"05\/06\/2020","format":false,"excerpt":"O novo Hospital Geral Cl\u00e9riston Andrade (HGCA 2), em Feira de Santana, deve entrar em funcionamento no pr\u00f3ximo dia 29, fortalecendo a rede de sa\u00fade com mais 40 leitos de UTI, dispon\u00edveis para o tratamento dos pacientes mais graves do Covid-19. A informa\u00e7\u00e3o foi divulgada nesta sexta-feira (dia 05), pelo\u2026","rel":"","context":"Em &quot;Bahia&quot;","block_context":{"text":"Bahia","link":"https:\/\/blogdafeira.com.br\/home\/categoria\/bahia\/"},"img":{"alt_text":"","src":"https:\/\/i0.wp.com\/blogdafeira.com.br\/home\/wp-content\/uploads\/2020\/06\/cleriston.jpg?resize=350%2C200&ssl=1","width":350,"height":200,"srcset":"https:\/\/i0.wp.com\/blogdafeira.com.br\/home\/wp-content\/uploads\/2020\/06\/cleriston.jpg?resize=350%2C200&ssl=1 1x, https:\/\/i0.wp.com\/blogdafeira.com.br\/home\/wp-content\/uploads\/2020\/06\/cleriston.jpg?resize=525%2C300&ssl=1 1.5x, https:\/\/i0.wp.com\/blogdafeira.com.br\/home\/wp-content\/uploads\/2020\/06\/cleriston.jpg?resize=700%2C400&ssl=1 2x"},"classes":[]},{"id":47450,"url":"https:\/\/blogdafeira.com.br\/home\/2021\/09\/15\/governador-entrega-unidade-da-hemoba-e-promete-investimentos-em-feira-de-santana\/","url_meta":{"origin":39055,"position":2},"title":"Governador entrega unidade da Hemoba e promete investimentos em Feira","author":"Secom\/Bahia","date":"15\/09\/2021","format":false,"excerpt":"O governador Rui Costa esteve em Feira de Santana, nesta quarta-feira (15), para inaugurar uma Unidade de Coleta e Transfus\u00e3o (UCT) da Funda\u00e7\u00e3o de Hematologia e Hemoterapia da Bahia (Hemoba). Durante o evento, Rui anunciou mais R$ 148 milh\u00f5es em investimentos para a moderniza\u00e7\u00e3o de 15 escolas e constru\u00e7\u00e3o de\u2026","rel":"","context":"Em &quot;Bahia&quot;","block_context":{"text":"Bahia","link":"https:\/\/blogdafeira.com.br\/home\/categoria\/bahia\/"},"img":{"alt_text":"","src":"https:\/\/i0.wp.com\/blogdafeira.com.br\/home\/wp-content\/uploads\/2021\/09\/WhatsApp-Image-2021-09-15-at-8.13.33-AM-1024x684-1.jpeg?resize=350%2C200&ssl=1","width":350,"height":200,"srcset":"https:\/\/i0.wp.com\/blogdafeira.com.br\/home\/wp-content\/uploads\/2021\/09\/WhatsApp-Image-2021-09-15-at-8.13.33-AM-1024x684-1.jpeg?resize=350%2C200&ssl=1 1x, https:\/\/i0.wp.com\/blogdafeira.com.br\/home\/wp-content\/uploads\/2021\/09\/WhatsApp-Image-2021-09-15-at-8.13.33-AM-1024x684-1.jpeg?resize=525%2C300&ssl=1 1.5x, https:\/\/i0.wp.com\/blogdafeira.com.br\/home\/wp-content\/uploads\/2021\/09\/WhatsApp-Image-2021-09-15-at-8.13.33-AM-1024x684-1.jpeg?resize=700%2C400&ssl=1 2x"},"classes":[]},{"id":71287,"url":"https:\/\/blogdafeira.com.br\/home\/2026\/02\/08\/pac-feira-contemplada-nos-investimentos-de-300-milhoes-para-reforcar-o-sus-na-bahia\/","url_meta":{"origin":39055,"position":3},"title":"Feira contemplada nos investimentos de 300 milh\u00f5es para refor\u00e7ar o SUS na Bahia","author":"Secom\/Bahia","date":"08\/02\/2026","format":false,"excerpt":"Com investimentos superiores a R$ 300 milh\u00f5es para ampliar e qualificar o atendimento do Sistema \u00danico de Sa\u00fade (SUS), a Bahia recebeu, na sexta-feira (6), ve\u00edculos, equipamentos e tecnologias do Programa de Acelera\u00e7\u00e3o do Crescimento (PAC Sa\u00fade). As entregas foram realizadas pelo governador Jer\u00f4nimo Rodrigues e pelo presidente Luiz In\u00e1cio\u2026","rel":"","context":"Em &quot;Bahia&quot;","block_context":{"text":"Bahia","link":"https:\/\/blogdafeira.com.br\/home\/categoria\/bahia\/"},"img":{"alt_text":"","src":"https:\/\/i0.wp.com\/blogdafeira.com.br\/home\/wp-content\/uploads\/2026\/02\/06022026202247-1.jpg?resize=350%2C200&ssl=1","width":350,"height":200,"srcset":"https:\/\/i0.wp.com\/blogdafeira.com.br\/home\/wp-content\/uploads\/2026\/02\/06022026202247-1.jpg?resize=350%2C200&ssl=1 1x, https:\/\/i0.wp.com\/blogdafeira.com.br\/home\/wp-content\/uploads\/2026\/02\/06022026202247-1.jpg?resize=525%2C300&ssl=1 1.5x, https:\/\/i0.wp.com\/blogdafeira.com.br\/home\/wp-content\/uploads\/2026\/02\/06022026202247-1.jpg?resize=700%2C400&ssl=1 2x, https:\/\/i0.wp.com\/blogdafeira.com.br\/home\/wp-content\/uploads\/2026\/02\/06022026202247-1.jpg?resize=1050%2C600&ssl=1 3x"},"classes":[]},{"id":38687,"url":"https:\/\/blogdafeira.com.br\/home\/2020\/06\/26\/chuvas-impedem-abertura-do-hospital-cleriston-andrade-2-na-segunda-feira\/","url_meta":{"origin":39055,"position":4},"title":"Chuvas impedem abertura do Hospital Cl\u00e9riston Andrade 2 na segunda-feira","author":"Secom\/Bahia","date":"26\/06\/2020","format":false,"excerpt":"O Hospital Cl\u00e9riston Andrade 2 em Feira de Santana n\u00e3o mais ser\u00e1 aberto na pr\u00f3xima\u00a0 segunda-feira, 29, como foi anunciado pelo governador Rui Costa e o secret\u00e1rio de Sa\u00fade, F\u00e1bio Villas Boas. A informa\u00e7\u00e3o foi dada pelo deputado federal Z\u00e9 Neto em live com o diretor do HGCA, Carlos Pitangueiras,\u2026","rel":"","context":"Em &quot;Cidade&quot;","block_context":{"text":"Cidade","link":"https:\/\/blogdafeira.com.br\/home\/categoria\/cidade\/"},"img":{"alt_text":"","src":"https:\/\/i0.wp.com\/blogdafeira.com.br\/home\/wp-content\/uploads\/2020\/06\/hospital.jpeg?resize=350%2C200&ssl=1","width":350,"height":200},"classes":[]},{"id":26047,"url":"https:\/\/blogdafeira.com.br\/home\/2017\/03\/15\/inaugurado-pelo-entao-governador-joao-durval-hgca-faz-33-anos-em-feira\/","url_meta":{"origin":39055,"position":5},"title":"Inaugurado pelo ent\u00e3o governador Jo\u00e3o Durval, HGCA faz 33 anos em Feira","author":"Secom\/Bahia","date":"15\/03\/2017","format":false,"excerpt":"O Hospital Geral Cl\u00e9riston Andrade (HGCA)\u00a0\u00a0comemora 33 anos nesta quarta-feira, dia 15 de mar\u00e7o.\u00a0Para comemorar a data \u00a0ser\u00e1 realizado no refeit\u00f3rio da unidade um almo\u00e7o especial para os funcion\u00e1rios da unidade. Inaugurado em 1984 pelo ent\u00e3o governador Jo\u00e3o Durval Carneiro, atualmente, possui 300 leitos, sendo 24 de UTI adulto, 16\u2026","rel":"","context":"Em &quot;Home&quot;","block_context":{"text":"Home","link":"https:\/\/blogdafeira.com.br\/home\/categoria\/raiz\/"},"img":{"alt_text":"hgca","src":"https:\/\/i0.wp.com\/blogdafeira.com.br\/home\/wp-content\/uploads\/2017\/03\/hgca-346x245.jpg?resize=350%2C200","width":350,"height":200},"classes":[]}],"_links":{"self":[{"href":"https:\/\/blogdafeira.com.br\/home\/wp-json\/wp\/v2\/posts\/39055","targetHints":{"allow":["GET"]}}],"collection":[{"href":"https:\/\/blogdafeira.com.br\/home\/wp-json\/wp\/v2\/posts"}],"about":[{"href":"https:\/\/blogdafeira.com.br\/home\/wp-json\/wp\/v2\/types\/post"}],"author":[{"embeddable":true,"href":"https:\/\/blogdafeira.com.br\/home\/wp-json\/wp\/v2\/users\/1"}],"replies":[{"embeddable":true,"href":"https:\/\/blogdafeira.com.br\/home\/wp-json\/wp\/v2\/comments?post=39055"}],"version-history":[{"count":1,"href":"https:\/\/blogdafeira.com.br\/home\/wp-json\/wp\/v2\/posts\/39055\/revisions"}],"predecessor-version":[{"id":39059,"href":"https:\/\/blogdafeira.com.br\/home\/wp-json\/wp\/v2\/posts\/39055\/revisions\/39059"}],"wp:featuredmedia":[{"embeddable":true,"href":"https:\/\/blogdafeira.com.br\/home\/wp-json\/wp\/v2\/media\/39058"}],"wp:attachment":[{"href":"https:\/\/blogdafeira.com.br\/home\/wp-json\/wp\/v2\/media?parent=39055"}],"wp:term":[{"taxonomy":"category","embeddable":true,"href":"https:\/\/blogdafeira.com.br\/home\/wp-json\/wp\/v2\/categories?post=39055"},{"taxonomy":"post_tag","embeddable":true,"href":"https:\/\/blogdafeira.com.br\/home\/wp-json\/wp\/v2\/tags?post=39055"}],"curies":[{"name":"wp","href":"https:\/\/api.w.org\/{rel}","templated":true}]}}