{"id":3910,"date":"2013-07-30T09:31:32","date_gmt":"2013-07-30T12:31:32","guid":{"rendered":"http:\/\/blogdafeira.com.br\/home\/?p=3910"},"modified":"2013-07-30T09:31:58","modified_gmt":"2013-07-30T12:31:58","slug":"ladroes-levaram-6-imagens-de-santos-da-igreja-de-bonfim-de-feira","status":"publish","type":"post","link":"https:\/\/blogdafeira.com.br\/home\/2013\/07\/30\/ladroes-levaram-6-imagens-de-santos-da-igreja-de-bonfim-de-feira\/","title":{"rendered":"Ladr\u00f5es levaram 6 imagens de santos da igreja de Bonfim de Feira"},"content":{"rendered":"<div id=\"blogd-4174295896\" class=\"blogd-fim-do-post-mobile blogd-entity-placement\" style=\"margin-left: auto;margin-right: auto;text-align: center;\"><a href=\"https:\/\/www.sefaz.feiradesantana.ba.gov.br\/\" target=\"_blank\" aria-label=\"728&#215;90 (6)\"><img loading=\"lazy\" decoding=\"async\" src=\"https:\/\/blogdafeira.com.br\/home\/wp-content\/uploads\/2026\/03\/728x90-6.gif\" alt=\"\"  class=\"no-lazyload\" width=\"728\" height=\"90\"  style=\"display: inline-block;\" \/><\/a><\/div><p>Seis imagens sacras da Igreja Senhor do Bonfim, no distrito de Bonfim de Feira, em Feira de Santana, foram furtadas na madrugada desta segunda-feira (29).<\/p><div id=\"blogd-3866113275\" class=\"blogd-conteudo-2-mobile blogd-entity-placement\"><a href=\"https:\/\/feirenses.com.br\/\" target=\"_blank\" aria-label=\"feirenses\"><img loading=\"lazy\" decoding=\"async\" src=\"https:\/\/blogdafeira.com.br\/home\/wp-content\/uploads\/2026\/04\/feirenses.png\" alt=\"\"  srcset=\"https:\/\/blogdafeira.com.br\/home\/wp-content\/uploads\/2026\/04\/feirenses.png 300w, https:\/\/blogdafeira.com.br\/home\/wp-content\/uploads\/2026\/04\/feirenses-170x45.png 170w, https:\/\/blogdafeira.com.br\/home\/wp-content\/uploads\/2026\/04\/feirenses-280x74.png 280w\" sizes=\"(max-width: 300px) 100vw, 300px\" class=\"no-lazyload\" width=\"300\" height=\"79\"  style=\"display: inline-block;\" \/><\/a><\/div>\n<div>Os ladr\u00f5es levaram as imagens de Nossa Senhora do Ros\u00e1rio, Nossa Senhora da Concei\u00e7\u00e3o, Senhora Santana, S\u00e3o Benedito, S\u00e3o Roque e Deus Menino.<\/div>\n<div><\/div>\n<div id=\"blogd-3056372046\" class=\"blogd-final-post blogd-entity-placement\"><a href=\"https:\/\/www.feiradesantana.ba.leg.br\/\" target=\"_blank\" aria-label=\"BANNER-SITE-ENTREGADECHEQUE-CAMARADEFEIRA\"><img loading=\"lazy\" decoding=\"async\" src=\"https:\/\/blogdafeira.com.br\/home\/wp-content\/uploads\/2026\/03\/BANNER-SITE-ENTREGADECHEQUE-CAMARADEFEIRA.gif\" alt=\"\"  class=\"no-lazyload\" width=\"728\" height=\"90\"   \/><\/a><\/div><div>Segundo disse ao site <a href=\"http:\/\/www.acordacidade.com.br\/noticias\/110792\/bandidos-furtam-seis-imagens-sacras-no-distrito-de-bonfim-de-feira.html\" target=\"_blank\">Acorda Cidade <\/a>a professora Ana Carvalho, uma das zeladoras da Igreja, \u00a0\u201cTratam-se de imagens antigas, inclusive a de Nossa Senhora Santana, que tem mais de 300 anos e foi doada por um casal que doou as terras onde o templo de Senhor do Bonfim foi erguido\u201d.<\/div>\n","protected":false},"excerpt":{"rendered":"<p>Seis imagens sacras da Igreja Senhor do Bonfim, no distrito de Bonfim de Feira, em Feira de Santana, foram furtadas na madrugada desta segunda-feira (29). Os ladr\u00f5es levaram as imagens de Nossa Senhora do Ros\u00e1rio, Nossa Senhora da Concei\u00e7\u00e3o, Senhora Santana, S\u00e3o Benedito, S\u00e3o Roque e Deus Menino. Segundo disse ao site Acorda Cidade a<\/p>\n","protected":false},"author":1,"featured_media":0,"comment_status":"closed","ping_status":"closed","sticky":false,"template":"","format":"standard","meta":{"jetpack_post_was_ever_published":false,"cybocfi_hide_featured_image":"","_jetpack_newsletter_access":"","_jetpack_dont_email_post_to_subs":false,"_jetpack_newsletter_tier_id":0,"_jetpack_memberships_contains_paywalled_content":false,"_jetpack_memberships_contains_paid_content":false,"footnotes":"","jetpack_publicize_message":"","jetpack_publicize_feature_enabled":true,"jetpack_social_post_already_shared":true,"jetpack_social_options":{"image_generator_settings":{"template":"highway","default_image_id":0,"font":"","enabled":false},"version":2}},"categories":[1],"tags":[],"class_list":["post-3910","post","type-post","status-publish","format-standard","hentry","category-raiz"],"jetpack_publicize_connections":[],"jetpack_featured_media_url":"","jetpack_shortlink":"https:\/\/wp.me\/p3niVf-114","jetpack_sharing_enabled":true,"jetpack-related-posts":[{"id":4367,"url":"https:\/\/blogdafeira.com.br\/home\/2013\/08\/16\/recuperadas-as-imagens-roubadas-da-igreja-de-bonfim-de-feira\/","url_meta":{"origin":3910,"position":0},"title":"Recuperadas as imagens roubadas da igreja de Bonfim de Feira","author":"Blog da Feira","date":"16\/08\/2013","format":false,"excerpt":"As seis imagens sacras roubadas da Igreja do Senhor do Bonfim, em Bonfim de Feira, distrito rural de Feira de Santana, foram recuperadas pela pol\u00edcia que prendeu um antiqu\u00e1rio acusado de ser o autor do furto. O propriet\u00e1rio de um antiqu\u00e1rio, localizado na BR-324, \u00a0Marcos Lavrador Souza, 36 anos, segundo\u2026","rel":"","context":"Em &quot;Home&quot;","block_context":{"text":"Home","link":"https:\/\/blogdafeira.com.br\/home\/categoria\/raiz\/"},"img":{"alt_text":"","src":"","width":0,"height":0},"classes":[]},{"id":7868,"url":"https:\/\/blogdafeira.com.br\/home\/2014\/01\/02\/paroquia-sr-dos-passos-comemora-jubileu-de-ouro-este-ano\/","url_meta":{"origin":3910,"position":1},"title":"Par\u00f3quia Sr. dos Passos comemora Jubileu de Ouro este ano","author":"Blog da Feira","date":"02\/01\/2014","format":false,"excerpt":"A Par\u00f3quia Senhor dos Passos, em Feira de Santana, \u00a0estar\u00e1 em festa de 24 a 26 deste m\u00eas de janeiro, celebrando \u00a0o Jubileu de Ouro (50 anos). No dia 26 de Janeiro de 1964, o ent\u00e3o Bispo Diocesano Dom Jackson Berenguer Prado elevou a Igreja Senhor dos Passos \u00e0 categoria\u2026","rel":"","context":"Em &quot;Home&quot;","block_context":{"text":"Home","link":"https:\/\/blogdafeira.com.br\/home\/categoria\/raiz\/"},"img":{"alt_text":"DSC09567","src":"https:\/\/i0.wp.com\/blogdafeira.com.br\/home\/wp-content\/uploads\/2013\/12\/DSC09567-346x259.jpg?resize=350%2C200","width":350,"height":200},"classes":[]},{"id":67571,"url":"https:\/\/blogdafeira.com.br\/home\/2025\/06\/01\/imagem-peregrina-do-senhor-encerra-visita-na-ultima-noite-do-novenario-em-bonfim-de-feira\/","url_meta":{"origin":3910,"position":2},"title":"Imagem peregrina do Senhor encerra visita na \u00faltima noite do noven\u00e1rio em Bonfim de Feira","author":"Blog da Feira","date":"01\/06\/2025","format":false,"excerpt":"A imagem peregrina do Senhor do Bonfim da Bahia chegou a Feira de Santana\u00a0 quinta-feira (29),\u00a0 esteve exposta para visita\u00e7\u00e3o na Par\u00f3quia do Senhor do Bonfim, no Alto do Cruzeiro, com celebra\u00e7\u00f5es de missas ao meio-dia e \u00e0s 17h e hoje foi ao encerramento\u00a0 do noven\u00e1rio em louvor ao Senhor\u2026","rel":"","context":"Em &quot;Distritos&quot;","block_context":{"text":"Distritos","link":"https:\/\/blogdafeira.com.br\/home\/categoria\/distritos\/"},"img":{"alt_text":"","src":"https:\/\/i0.wp.com\/blogdafeira.com.br\/home\/wp-content\/uploads\/2025\/06\/20250601_185939.jpg?resize=350%2C200&ssl=1","width":350,"height":200,"srcset":"https:\/\/i0.wp.com\/blogdafeira.com.br\/home\/wp-content\/uploads\/2025\/06\/20250601_185939.jpg?resize=350%2C200&ssl=1 1x, https:\/\/i0.wp.com\/blogdafeira.com.br\/home\/wp-content\/uploads\/2025\/06\/20250601_185939.jpg?resize=525%2C300&ssl=1 1.5x, https:\/\/i0.wp.com\/blogdafeira.com.br\/home\/wp-content\/uploads\/2025\/06\/20250601_185939.jpg?resize=700%2C400&ssl=1 2x"},"classes":[]},{"id":25928,"url":"https:\/\/blogdafeira.com.br\/home\/2017\/03\/02\/comecam-pelos-distritos-rurais-as-audiencias-publicas-para-o-orcamento-de-feira-2018\/","url_meta":{"origin":3910,"position":3},"title":"Come\u00e7am pelos distritos rurais as audi\u00eancias p\u00fablicas para o Or\u00e7amento de Feira 2018","author":"Blog da Feira","date":"02\/03\/2017","format":false,"excerpt":"A Prefeitura de Feira de Santana come\u00e7a no pr\u00f3ximo dia 21, a realizar as audi\u00eancias p\u00fablicas obrigat\u00f3rias para a elabora\u00e7\u00e3o do Plano Plurianual e a Lei de Diretrizes Or\u00e7ament\u00e1rias para 2018. No calend\u00e1rio divulgado pela Prefeitura, as audi\u00eancias come\u00e7am pelos distritos. No dia 21 est\u00e3o marcadas duas audi\u00eancias: pela manh\u00e3\u2026","rel":"","context":"Em &quot;Distritos&quot;","block_context":{"text":"Distritos","link":"https:\/\/blogdafeira.com.br\/home\/categoria\/distritos\/"},"img":{"alt_text":"BONFIM DE FEIRA - IGREJA","src":"https:\/\/i0.wp.com\/blogdafeira.com.br\/home\/wp-content\/uploads\/2015\/10\/BONFIM-DE-FEIRA-IGREJA.jpg?resize=350%2C200","width":350,"height":200,"srcset":"https:\/\/i0.wp.com\/blogdafeira.com.br\/home\/wp-content\/uploads\/2015\/10\/BONFIM-DE-FEIRA-IGREJA.jpg?resize=350%2C200 1x, https:\/\/i0.wp.com\/blogdafeira.com.br\/home\/wp-content\/uploads\/2015\/10\/BONFIM-DE-FEIRA-IGREJA.jpg?resize=525%2C300 1.5x"},"classes":[]},{"id":60764,"url":"https:\/\/blogdafeira.com.br\/home\/2024\/01\/10\/a-forca-de-uma-imagem\/","url_meta":{"origin":3910,"position":4},"title":"A for\u00e7a de uma imagem","author":"Jolivaldo Freitas","date":"10\/01\/2024","format":false,"excerpt":"Quando todos passaram a achar que, devido ao extremo crescimento dos evang\u00e9licos, viria a total derrocada da Igreja Cat\u00f3lica, o que se v\u00ea \u00e9 o crescimento de v\u00e1rios nichos. A Igreja, como um todo, conta hoje com mais de 1,34 bilh\u00e3o de fi\u00e9is em todo o mundo, um n\u00famero que\u2026","rel":"","context":"Em &quot;Colunistas&quot;","block_context":{"text":"Colunistas","link":"https:\/\/blogdafeira.com.br\/home\/categoria\/colunistas\/"},"img":{"alt_text":"","src":"https:\/\/i0.wp.com\/blogdafeira.com.br\/home\/wp-content\/uploads\/2024\/01\/igreja-do-bonfim.webp?resize=350%2C200&ssl=1","width":350,"height":200,"srcset":"https:\/\/i0.wp.com\/blogdafeira.com.br\/home\/wp-content\/uploads\/2024\/01\/igreja-do-bonfim.webp?resize=350%2C200&ssl=1 1x, https:\/\/i0.wp.com\/blogdafeira.com.br\/home\/wp-content\/uploads\/2024\/01\/igreja-do-bonfim.webp?resize=525%2C300&ssl=1 1.5x, https:\/\/i0.wp.com\/blogdafeira.com.br\/home\/wp-content\/uploads\/2024\/01\/igreja-do-bonfim.webp?resize=700%2C400&ssl=1 2x, https:\/\/i0.wp.com\/blogdafeira.com.br\/home\/wp-content\/uploads\/2024\/01\/igreja-do-bonfim.webp?resize=1050%2C600&ssl=1 3x"},"classes":[]},{"id":4415,"url":"https:\/\/blogdafeira.com.br\/home\/2013\/08\/19\/arquidiocese-vai-fazer-missa-festiva-na-volta-das-imagens-a-bomfim-de-feira\/","url_meta":{"origin":3910,"position":5},"title":"Arquidiocese vai fazer missa festiva na volta das imagens a Bomfim de Feira","author":"Blog da Feira","date":"19\/08\/2013","format":false,"excerpt":"A Arquidiocese de Feira de Santana planeja uma missa festiva para a reentroniza\u00e7\u00e3o das imagens que foram recuperadas apos um furto na igreja de Bonfim de Feira. Segundo o monsenhor Nery, vig\u00e1rio geral da Arquidiocese, as imagens tamb\u00e9m poder\u00e3o ganhar r\u00e9plicas como medida de seguran\u00e7a. Na Arquidiocese de Feira existem\u2026","rel":"","context":"Em &quot;Home&quot;","block_context":{"text":"Home","link":"https:\/\/blogdafeira.com.br\/home\/categoria\/raiz\/"},"img":{"alt_text":"","src":"","width":0,"height":0},"classes":[]}],"_links":{"self":[{"href":"https:\/\/blogdafeira.com.br\/home\/wp-json\/wp\/v2\/posts\/3910","targetHints":{"allow":["GET"]}}],"collection":[{"href":"https:\/\/blogdafeira.com.br\/home\/wp-json\/wp\/v2\/posts"}],"about":[{"href":"https:\/\/blogdafeira.com.br\/home\/wp-json\/wp\/v2\/types\/post"}],"author":[{"embeddable":true,"href":"https:\/\/blogdafeira.com.br\/home\/wp-json\/wp\/v2\/users\/1"}],"replies":[{"embeddable":true,"href":"https:\/\/blogdafeira.com.br\/home\/wp-json\/wp\/v2\/comments?post=3910"}],"version-history":[{"count":4,"href":"https:\/\/blogdafeira.com.br\/home\/wp-json\/wp\/v2\/posts\/3910\/revisions"}],"predecessor-version":[{"id":3914,"href":"https:\/\/blogdafeira.com.br\/home\/wp-json\/wp\/v2\/posts\/3910\/revisions\/3914"}],"wp:attachment":[{"href":"https:\/\/blogdafeira.com.br\/home\/wp-json\/wp\/v2\/media?parent=3910"}],"wp:term":[{"taxonomy":"category","embeddable":true,"href":"https:\/\/blogdafeira.com.br\/home\/wp-json\/wp\/v2\/categories?post=3910"},{"taxonomy":"post_tag","embeddable":true,"href":"https:\/\/blogdafeira.com.br\/home\/wp-json\/wp\/v2\/tags?post=3910"}],"curies":[{"name":"wp","href":"https:\/\/api.w.org\/{rel}","templated":true}]}}