{"id":39297,"date":"2020-07-31T16:24:06","date_gmt":"2020-07-31T19:24:06","guid":{"rendered":"https:\/\/blogdafeira.com.br\/home\/?p=39297"},"modified":"2020-08-01T16:28:08","modified_gmt":"2020-08-01T19:28:08","slug":"transportes-estao-suspensos-por-decreto-em-390-cidades-baianas","status":"publish","type":"post","link":"https:\/\/blogdafeira.com.br\/home\/2020\/07\/31\/transportes-estao-suspensos-por-decreto-em-390-cidades-baianas\/","title":{"rendered":"Transportes est\u00e3o suspensos por decreto em 390 cidades baianas"},"content":{"rendered":"<div>O transporte intermunicipal ser\u00e1 suspenso em Valente (foto) a partir de s\u00e1bado (1\u00ba). A medida, que tem o objetivo de conter o avan\u00e7o do novo coronav\u00edrus na popula\u00e7\u00e3o baiana, foi publicada em decreto no Di\u00e1rio Oficial do Estado (DOE) desta sexta-feira (31).<\/div>\n<div><\/div>\n<div>Ficam suspensas nesses munic\u00edpios, at\u00e9 14 de agosto, conforme decreto tamb\u00e9m publicado nesta sexta-feira, a circula\u00e7\u00e3o, a sa\u00edda e a chegada de qualquer transporte coletivo intermunicipal, p\u00fablico e privado, rodovi\u00e1rio e hidrovi\u00e1rio, nas modalidades regular, fretamento, complementar, alternativo e de vans.<\/div>\n<div><\/div>\n<div>O decreto tamb\u00e9m autoriza a retomada do transporte intermunicipal em Ibipitanga e Novo Horizonte, cidades com 14 dias ou mais sem novos casos de Covid-19.<\/div>\n<div><\/div>\n<div><b>Lista de munic\u00edpios<\/b><\/div>\n<div><\/div>\n<div>No total, a Bahia possui 390 cidades com transporte suspenso. S\u00e3o elas: Abar\u00e9, Acajutiba, Adustina, \u00c1gua Fria, Aiquara, Alagoinhas, Alcoba\u00e7a, Almadina, Amargosa, Am\u00e9lia Rodrigues, Am\u00e9rica Dourada, Anag\u00e9, Andara\u00ed, Andorinha, Angical, Anguera, Antas, Ant\u00f4nio Cardoso, Ant\u00f4nio Gon\u00e7alves, Apor\u00e1, Apuarema, Ara\u00e7\u00e1s, Aracatu, Araci, Aramari, Arataca, Aratu\u00edpe, Aurelino Leal, Baian\u00f3polis, Baixa Grande, Banza\u00ea, Barra, Barra da Estiva, Barra do Cho\u00e7a, Barra do Mendes, Barra do Rocha, Barreiras, Barro Alto, Barro Preto, Barrocas, Belmonte, Belo Campo, Biritinga, Boa Nova, Boa Vista do Tupim, Bom Jesus da Lapa, Bom Jesus da Serra, Bonito, Boquira, Botupor\u00e3, Brej\u00f5es, Brumado, Buerarema, Buritirama, Caatiba, Cabaceiras do Paragua\u00e7u, Cachoeira, Cacul\u00e9, Caetanos, Caetit\u00e9, Cafarnaum, Cairu, Caldeir\u00e3o Grande, Camac\u00e3, Cama\u00e7ari, Camamu, Campo Alegre de Lourdes, Campo Formoso, Canarana, Canavieiras, Candeal, Candeias, Candiba, C\u00e2ndido Sales, Cansan\u00e7\u00e3o, Canudos, Capela do Alto Alegre, Capim Grosso, Caravelas, Cardeal da Silva, Carinhanha, Casa Nova, Castro Alves, Catol\u00e2ndia, Catu, Central, Chorroch\u00f3, C\u00edcero Dantas, Cip\u00f3, Coaraci, Cocos, Concei\u00e7\u00e3o da Feira, Concei\u00e7\u00e3o do Almeida, Concei\u00e7\u00e3o do Coit\u00e9, Concei\u00e7\u00e3o do Jacu\u00edpe, Conde, Conde\u00faba, \u00a0Contendas do Sincor\u00e1, Cora\u00e7\u00e3o de Maria, Cordeiros, Coribe, Coronel Jo\u00e3o S\u00e1, Correntina, Cotegipe, Cravol\u00e2ndia, Cris\u00f3polis, Crist\u00f3polis, Cruz das Almas, Cura\u00e7\u00e1, D\u00e1rio Meira, Dias d\u2019\u00c1vila, Dom Bas\u00edlio, Dom Macedo Costa, El\u00edsio Medrado, Encruzilhada, Entre Rios, Esplanada, Euclides da Cunha, Eun\u00e1polis, F\u00e1tima, Feira da Mata, Feira de Santana, Filad\u00e9lfia, Firmino Alves, Floresta Azul, Formosa do Rio Preto, Gandu, Gentio do Ouro, Gl\u00f3ria, Gongogi, Governador Mangabeira, Guanambi, Guaratinga e Heli\u00f3polis.<\/div>\n<div><\/div>\n<div>A restri\u00e7\u00e3o inclui ainda Ia\u00e7u, Ibiassuc\u00ea, Ibicara\u00ed, Ibicoara, Ibicu\u00ed, Ibipeba, Ibiquera, Ibirapitanga, Ibirapu\u00e3, Ibirataia, Ibitiara, Ibitit\u00e1, Ibotirama, Igapor\u00e3, Igrapi\u00fana, Igua\u00ed, Ilh\u00e9us, Inhambupe, Ipecaet\u00e1, Ipia\u00fa, Ipir\u00e1, Irajuba, Iramaia, Iraquara, Irar\u00e1, Irec\u00ea, Itabela, Itaberaba, Itabuna, Itacar\u00e9, Itaet\u00ea, Itagi, Itagib\u00e1, Itagimirim, Itaju do Col\u00f4nia, Itaju\u00edpe, Itamaraju, Itamari, Itamb\u00e9, Itanagra, Itanh\u00e9m, Itaparica, Itap\u00e9, Itapebi, Itapetinga, Itapicuru, Itapitanga, Itaquara, Itarantim, Itatim, Itiru\u00e7u, Iti\u00faba, Itoror\u00f3, Itua\u00e7u, Ituber\u00e1, Iuiu, Jaborandi, Jacobina, Jaguaquara, Jaguarari, Jaguaripe, Janda\u00edra, Jequi\u00e9, Jeremoabo, Jiquiri\u00e7\u00e1, Jita\u00fana, Jo\u00e3o Dourado, Juazeiro, Jucuru\u00e7u, Jussara, Jussari, Jussiape, Lafaiete Coutinho, Laje, Lajed\u00e3o, Lajedinho, Lajedo do Tabocal, Lamar\u00e3o, Lap\u00e3o, Lauro de Freitas, Len\u00e7\u00f3is, Lic\u00ednio de Almeida, Livramento de Nossa Senhora, Lu\u00eds Eduardo Magalh\u00e3es, Macajuba, Macarani, Maca\u00fabas, Macurur\u00e9, Madre de Deus, Maetinga, Mairi, Malhada, Malhada de Pedras, Manoel Vitorino, Mansid\u00e3o, Marac\u00e1s, Maragogipe, Mara\u00fa, Marcion\u00edlio Souza, Mascote, Mata de S\u00e3o Jo\u00e3o, Matina, Medeiros Neto, Miguel Calmon, Milagres, Mirangaba, Mirante, Monte Santo, Morpar\u00e1, Morro do Chap\u00e9u, Mortugaba, Mucug\u00ea, Mucuri, Mulungu do Morro, Mundo Novo, Muniz Ferreira, Muqu\u00e9m do S\u00e3o Francisco, Muritiba, Mutu\u00edpe, Nazar\u00e9, Nilo Pe\u00e7anha, Nordestina, Nova Cana\u00e3, Nova F\u00e1tima, Nova Ibi\u00e1, Nova Itarana, Nova Reden\u00e7\u00e3o, Nova Soure, Nova Vi\u00e7osa, Novo Triunfo, Olindina, Oliveira dos Brejinhos, Ouri\u00e7angas, Ourol\u00e2ndia, Palmas de Monte Alto, Palmeiras, Paramirim, Paratinga, Paripiranga, Pau Brasil, Paulo Afonso, P\u00e9 de Serra, Pedr\u00e3o, Pedro Alexandre, Piat\u00e3, Pil\u00e3o Arcado, Pindoba\u00e7u, Pintadas, Pira\u00ed do Norte, Pirip\u00e1, Piritiba, Planaltino, Planalto, Po\u00e7\u00f5es, Pojuca, Ponto Novo e Porto Seguro.<\/div>\n<div><\/div>\n<div id=\"blogd-407570732\" class=\"blogd-final-post blogd-entity-placement\"><a href=\"https:\/\/www.feiradesantana.ba.leg.br\/\" target=\"_blank\" aria-label=\"BANNER-SITE-ENTREGADECHEQUE-CAMARADEFEIRA\"><img loading=\"lazy\" decoding=\"async\" src=\"https:\/\/blogdafeira.com.br\/home\/wp-content\/uploads\/2026\/03\/BANNER-SITE-ENTREGADECHEQUE-CAMARADEFEIRA.gif\" alt=\"\"  class=\"no-lazyload\" width=\"728\" height=\"90\"   \/><\/a><\/div><div>Tamb\u00e9m est\u00e3o com transporte suspenso Potiragu\u00e1, Prado, Presidente Dutra, Presidente J\u00e2nio Quadros, Presidente Tancredo Neves, Queimadas, Quijingue, Quixabeira, Rafael Jambeiro, Remanso, Retirol\u00e2ndia, Riach\u00e3o das Neves, Riach\u00e3o do Jacu\u00edpe, Riacho de Santana, Ribeira do Amparo, Ribeira do Pombal, Ribeir\u00e3o do Largo, Rio de Contas, Rio do Ant\u00f4nio, Rio do Pires, Rio Real, Rodelas, Ruy Barbosa, Salinas da Margarida, Salvador, Santa B\u00e1rbara, Santa Br\u00edgida, Santa Cruz Cabr\u00e1lia, Santa Cruz da Vit\u00f3ria, Santa In\u00eas, Santa Luzia, Santa Maria da Vit\u00f3ria, Santa Rita de C\u00e1ssia, Santa Teresinha, Santaluz, Santan\u00f3polis, Santo Amaro, Santo Ant\u00f4nio de Jesus, Santo Est\u00eav\u00e3o, S\u00e3o Desid\u00e9rio, S\u00e3o Felipe, S\u00e3o F\u00e9lix, S\u00e3o F\u00e9lix do Coribe, S\u00e3o Francisco do Conde, S\u00e3o Gabriel, S\u00e3o Gon\u00e7alo dos Campos, S\u00e3o Jos\u00e9 da Vit\u00f3ria, S\u00e3o Jos\u00e9 do Jacu\u00edpe, S\u00e3o Miguel das Matas, S\u00e3o Sebasti\u00e3o do Pass\u00e9, Sapea\u00e7u, S\u00e1tiro Dias, Saubara, Sa\u00fade, Seabra, Sebasti\u00e3o Laranjeiras, Senhor do Bonfim, Sento S\u00e9, Serra Dourada, Serra Preta, Serrinha, Serrol\u00e2ndia, Sim\u00f5es Filho, S\u00edtio do Quinto, Sobradinho, Souto Soares, Tanha\u00e7u, Tanquinho, Tapero\u00e1, Tapiramut\u00e1, Teixeira de Freitas, Teodoro Sampaio, Teofil\u00e2ndia, Teol\u00e2ndia, Terra Nova, Tremedal, Tucano, Uau\u00e1, Uba\u00edra, Ubaitaba, Ubat\u00e3, Umburanas, Uma, Urandi, Uru\u00e7uca, Utinga, Valen\u00e7a, Valente, V\u00e1rzea da Ro\u00e7a, V\u00e1rzea do Po\u00e7o, V\u00e1rzea Nova, Varzedo, Vera Cruz, Vereda, Vit\u00f3ria da Conquista, Wagner, Wenceslau Guimar\u00e3es e Xique-Xique.<\/div>\n","protected":false},"excerpt":{"rendered":"<p>O transporte intermunicipal ser\u00e1 suspenso em Valente (foto) a partir de s\u00e1bado (1\u00ba). A medida, que tem o objetivo de conter o avan\u00e7o do novo coronav\u00edrus na popula\u00e7\u00e3o baiana, foi publicada em decreto no Di\u00e1rio Oficial do Estado (DOE) desta sexta-feira (31). Ficam suspensas nesses munic\u00edpios, at\u00e9 14 de agosto, conforme decreto tamb\u00e9m publicado nesta<\/p>\n","protected":false},"author":1,"featured_media":39298,"comment_status":"closed","ping_status":"closed","sticky":false,"template":"","format":"standard","meta":{"jetpack_post_was_ever_published":false,"cybocfi_hide_featured_image":"","_jetpack_newsletter_access":"","_jetpack_dont_email_post_to_subs":false,"_jetpack_newsletter_tier_id":0,"_jetpack_memberships_contains_paywalled_content":false,"_jetpack_memberships_contains_paid_content":false,"footnotes":"","jetpack_publicize_message":"","jetpack_publicize_feature_enabled":true,"jetpack_social_post_already_shared":true,"jetpack_social_options":{"image_generator_settings":{"template":"highway","default_image_id":0,"font":"","enabled":false},"version":2}},"categories":[680,1],"tags":[],"class_list":["post-39297","post","type-post","status-publish","format-standard","has-post-thumbnail","hentry","category-bahia","category-raiz"],"jetpack_publicize_connections":[],"jetpack_featured_media_url":"https:\/\/blogdafeira.com.br\/home\/wp-content\/uploads\/2020\/07\/valente3.jpg","jetpack_shortlink":"https:\/\/wp.me\/p3niVf-adP","jetpack_sharing_enabled":true,"jetpack-related-posts":[{"id":37822,"url":"https:\/\/blogdafeira.com.br\/home\/2020\/05\/15\/154-municipios-baianos-com-transporte-suspenso\/","url_meta":{"origin":39297,"position":0},"title":"154 munic\u00edpios baianos com transporte suspenso","author":"Secom\/Bahia","date":"15\/05\/2020","format":false,"excerpt":"O transporte intermunicipal ser\u00e1 suspenso em 14 cidades baianas a partir deste s\u00e1bado (16). A decis\u00e3o inclui Anag\u00e9, Ara\u00e7\u00e1s, Concei\u00e7\u00e3o da Feira(foto), Itarantim, Lic\u00ednio de Almeida, Mucuri, Muritiba, Queimadas, Santa Maria da Vit\u00f3ria, S\u00e3o Desid\u00e9rio, Sobradinho, Teofil\u00e2ndia, V\u00e1rzea da Ro\u00e7a e Vereda. Ficam suspensas nesses munic\u00edpios a circula\u00e7\u00e3o, a sa\u00edda\u2026","rel":"","context":"Em &quot;Bahia&quot;","block_context":{"text":"Bahia","link":"https:\/\/blogdafeira.com.br\/home\/categoria\/bahia\/"},"img":{"alt_text":"","src":"https:\/\/i0.wp.com\/blogdafeira.com.br\/home\/wp-content\/uploads\/2020\/05\/concei%C3%A7ao-da-feira.jpeg?resize=350%2C200&ssl=1","width":350,"height":200,"srcset":"https:\/\/i0.wp.com\/blogdafeira.com.br\/home\/wp-content\/uploads\/2020\/05\/concei%C3%A7ao-da-feira.jpeg?resize=350%2C200&ssl=1 1x, https:\/\/i0.wp.com\/blogdafeira.com.br\/home\/wp-content\/uploads\/2020\/05\/concei%C3%A7ao-da-feira.jpeg?resize=525%2C300&ssl=1 1.5x, https:\/\/i0.wp.com\/blogdafeira.com.br\/home\/wp-content\/uploads\/2020\/05\/concei%C3%A7ao-da-feira.jpeg?resize=700%2C400&ssl=1 2x, https:\/\/i0.wp.com\/blogdafeira.com.br\/home\/wp-content\/uploads\/2020\/05\/concei%C3%A7ao-da-feira.jpeg?resize=1050%2C600&ssl=1 3x"},"classes":[]},{"id":37416,"url":"https:\/\/blogdafeira.com.br\/home\/2020\/04\/29\/quase-100-cidades-baianas-com-transporte-oficialmente-suspenso-pelo-governo\/","url_meta":{"origin":39297,"position":1},"title":"Quase 100 cidades baianas com transporte oficialmente suspenso pelo governo","author":"Secom\/Bahia","date":"29\/04\/2020","format":false,"excerpt":"O transporte intermunicipal ser\u00e1 suspenso em Aracatu, D\u00e1rio Meira, Itatim, Jaguarari, Mata de S\u00e3o Jo\u00e3o, Santa B\u00e1rbara, S\u00e3o Felipe e Seabra a partir de quinta-feira (30). A medida envolve qualquer transporte coletivo intermunicipal, p\u00fablico e privado, rodovi\u00e1rio e hidrovi\u00e1rio, nas modalidades regular, fretamento, complementar, alternativo e de vans. No total,\u2026","rel":"","context":"Em &quot;Cidade&quot;","block_context":{"text":"Cidade","link":"https:\/\/blogdafeira.com.br\/home\/categoria\/cidade\/"},"img":{"alt_text":"","src":"https:\/\/i0.wp.com\/blogdafeira.com.br\/home\/wp-content\/uploads\/2020\/04\/Itatim.jpg?resize=350%2C200&ssl=1","width":350,"height":200,"srcset":"https:\/\/i0.wp.com\/blogdafeira.com.br\/home\/wp-content\/uploads\/2020\/04\/Itatim.jpg?resize=350%2C200&ssl=1 1x, https:\/\/i0.wp.com\/blogdafeira.com.br\/home\/wp-content\/uploads\/2020\/04\/Itatim.jpg?resize=525%2C300&ssl=1 1.5x, https:\/\/i0.wp.com\/blogdafeira.com.br\/home\/wp-content\/uploads\/2020\/04\/Itatim.jpg?resize=700%2C400&ssl=1 2x"},"classes":[]},{"id":37569,"url":"https:\/\/blogdafeira.com.br\/home\/2020\/05\/07\/mais-quatro-cidades-baianas-sem-transporte-total-chega-a-115\/","url_meta":{"origin":39297,"position":2},"title":"Mais quatro cidades baianas sem transporte; total chega a 115","author":"Secom\/Bahia","date":"07\/05\/2020","format":false,"excerpt":"Itap\u00e9, Jacobina (foto), Jita\u00fana e Tucano ter\u00e3o o transporte intermunicipal suspenso a partir de sexta-feira (8). A restri\u00e7\u00e3o envolve a circula\u00e7\u00e3o, sa\u00edda e chegada de qualquer transporte coletivo intermunicipal, p\u00fablico e privado, rodovi\u00e1rio e hidrovi\u00e1rio, nas modalidades regular, fretamento, complementar, alternativo e de vans. A medida, que tem como objetivo\u2026","rel":"","context":"Em &quot;Cidade&quot;","block_context":{"text":"Cidade","link":"https:\/\/blogdafeira.com.br\/home\/categoria\/cidade\/"},"img":{"alt_text":"","src":"https:\/\/i0.wp.com\/blogdafeira.com.br\/home\/wp-content\/uploads\/2020\/05\/jacobina-ba-ok.jpg?resize=350%2C200&ssl=1","width":350,"height":200,"srcset":"https:\/\/i0.wp.com\/blogdafeira.com.br\/home\/wp-content\/uploads\/2020\/05\/jacobina-ba-ok.jpg?resize=350%2C200&ssl=1 1x, https:\/\/i0.wp.com\/blogdafeira.com.br\/home\/wp-content\/uploads\/2020\/05\/jacobina-ba-ok.jpg?resize=525%2C300&ssl=1 1.5x"},"classes":[]},{"id":37695,"url":"https:\/\/blogdafeira.com.br\/home\/2020\/05\/12\/128-cidades-da-bahia-com-transporte-suspenso-pelo-governo-do-estado\/","url_meta":{"origin":39297,"position":3},"title":"128 cidades da Bahia com transporte suspenso pelo governo do estado","author":"Secom\/Bahia","date":"12\/05\/2020","format":false,"excerpt":"O transporte intermunicipal ser\u00e1 suspenso em mais 19 cidades baianas a partir de quarta-feira (13).\u00a0 Ao todo s\u00e3o 128 nesta situa\u00e7\u00e3o no estado da Bahia. A decis\u00e3o inclui Amargosa, Anguera (foto), Barrocas, Cachoeira, Capela do Alto Alegre, Capim Grosso, Dom Bas\u00edlio, Irar\u00e1, Irec\u00ea, Itapicuru, Itapitanga, Lu\u00eds Eduardo Magalh\u00e3es, Manoel Vitorino,\u2026","rel":"","context":"Em &quot;Bahia&quot;","block_context":{"text":"Bahia","link":"https:\/\/blogdafeira.com.br\/home\/categoria\/bahia\/"},"img":{"alt_text":"","src":"https:\/\/i0.wp.com\/blogdafeira.com.br\/home\/wp-content\/uploads\/2020\/05\/anguera.jpg?resize=350%2C200&ssl=1","width":350,"height":200},"classes":[]},{"id":37020,"url":"https:\/\/blogdafeira.com.br\/home\/2020\/04\/09\/69-municipios-baianos-com-transportes-intermunicipais-suspensos\/","url_meta":{"origin":39297,"position":4},"title":"69 cidades baianas com transportes intermunicipais suspensos","author":"Secom\/Bahia","date":"09\/04\/2020","format":false,"excerpt":"Est\u00e3o suspensas a partir de sexta-feira (10) a circula\u00e7\u00e3o, a chegada e a sa\u00edda de qualquer transporte coletivo intermunicipal, p\u00fablico e privado, rodovi\u00e1rio e hidrovi\u00e1rio, nas modalidades regular, fretamento, complementar, alternativo e de vans, nos munic\u00edpios de Araci, Aurelino Leal, Euclides da Cunha, Gongogi, Itagi, Itatim e Serrinha(foto). A decis\u00e3o\u2026","rel":"","context":"Em &quot;Cidade&quot;","block_context":{"text":"Cidade","link":"https:\/\/blogdafeira.com.br\/home\/categoria\/cidade\/"},"img":{"alt_text":"","src":"https:\/\/i0.wp.com\/blogdafeira.com.br\/home\/wp-content\/uploads\/2020\/04\/download-27.jpeg?resize=350%2C200&ssl=1","width":350,"height":200},"classes":[]},{"id":37047,"url":"https:\/\/blogdafeira.com.br\/home\/2020\/04\/10\/mais-quatro-cidades-baianas-sem-transporte-intermunicipal\/","url_meta":{"origin":39297,"position":5},"title":"Mais quatro cidades baianas sem transporte intermunicipal","author":"Secom\/Bahia","date":"10\/04\/2020","format":false,"excerpt":"O Governo do Estado suspendeu em mais quatro cidades a circula\u00e7\u00e3o, a chegada e a sa\u00edda de qualquer transporte coletivo intermunicipal, p\u00fablico e privado, rodovi\u00e1rio e hidrovi\u00e1rio, nas modalidades regular, fretamento, complementar, alternativo e de vans. A decis\u00e3o vale a partir deste s\u00e1bado (11) nos munic\u00edpios de Itapebi, Ituber\u00e1, Santa\u2026","rel":"","context":"Em &quot;Cidade&quot;","block_context":{"text":"Cidade","link":"https:\/\/blogdafeira.com.br\/home\/categoria\/cidade\/"},"img":{"alt_text":"","src":"https:\/\/i0.wp.com\/blogdafeira.com.br\/home\/wp-content\/uploads\/2020\/04\/download-30.jpeg?resize=350%2C200&ssl=1","width":350,"height":200},"classes":[]}],"_links":{"self":[{"href":"https:\/\/blogdafeira.com.br\/home\/wp-json\/wp\/v2\/posts\/39297","targetHints":{"allow":["GET"]}}],"collection":[{"href":"https:\/\/blogdafeira.com.br\/home\/wp-json\/wp\/v2\/posts"}],"about":[{"href":"https:\/\/blogdafeira.com.br\/home\/wp-json\/wp\/v2\/types\/post"}],"author":[{"embeddable":true,"href":"https:\/\/blogdafeira.com.br\/home\/wp-json\/wp\/v2\/users\/1"}],"replies":[{"embeddable":true,"href":"https:\/\/blogdafeira.com.br\/home\/wp-json\/wp\/v2\/comments?post=39297"}],"version-history":[{"count":1,"href":"https:\/\/blogdafeira.com.br\/home\/wp-json\/wp\/v2\/posts\/39297\/revisions"}],"predecessor-version":[{"id":39299,"href":"https:\/\/blogdafeira.com.br\/home\/wp-json\/wp\/v2\/posts\/39297\/revisions\/39299"}],"wp:featuredmedia":[{"embeddable":true,"href":"https:\/\/blogdafeira.com.br\/home\/wp-json\/wp\/v2\/media\/39298"}],"wp:attachment":[{"href":"https:\/\/blogdafeira.com.br\/home\/wp-json\/wp\/v2\/media?parent=39297"}],"wp:term":[{"taxonomy":"category","embeddable":true,"href":"https:\/\/blogdafeira.com.br\/home\/wp-json\/wp\/v2\/categories?post=39297"},{"taxonomy":"post_tag","embeddable":true,"href":"https:\/\/blogdafeira.com.br\/home\/wp-json\/wp\/v2\/tags?post=39297"}],"curies":[{"name":"wp","href":"https:\/\/api.w.org\/{rel}","templated":true}]}}