{"id":39326,"date":"2020-08-03T14:37:02","date_gmt":"2020-08-03T17:37:02","guid":{"rendered":"https:\/\/blogdafeira.com.br\/home\/?p=39326"},"modified":"2020-08-11T20:48:44","modified_gmt":"2020-08-11T23:48:44","slug":"prefeitura-autoriza-restaurantes-e-lanchonetes-a-reabrir","status":"publish","type":"post","link":"https:\/\/blogdafeira.com.br\/home\/2020\/08\/03\/prefeitura-autoriza-restaurantes-e-lanchonetes-a-reabrir\/","title":{"rendered":"Prefeitura autoriza restaurantes e lanchonetes a reabrir"},"content":{"rendered":"<div id=\"blogd-4231949008\" class=\"blogd-fim-do-post-mobile blogd-entity-placement\" style=\"margin-left: auto;margin-right: auto;text-align: center;\"><a href=\"https:\/\/www.sefaz.feiradesantana.ba.gov.br\/\" target=\"_blank\" aria-label=\"728&#215;90 (6)\"><img loading=\"lazy\" decoding=\"async\" src=\"https:\/\/blogdafeira.com.br\/home\/wp-content\/uploads\/2026\/03\/728x90-6.gif\" alt=\"\"  class=\"no-lazyload\" width=\"728\" height=\"90\"  style=\"display: inline-block;\" \/><\/a><\/div><p style=\"text-align: justify;\">Os restaurantes e lanchonetes est\u00e3o autorizados a reabrir em Feira de Santana a partir desta ter\u00e7a-feira (04) &#8211; a medida n\u00e3o vale para bares. O decreto da Prefeitura Municipal que estabelece a flexibiliza\u00e7\u00e3o dentro do Estado de Calamidade P\u00fablica pela pandemia da Covid-19 est\u00e1 publicado em edi\u00e7\u00e3o extra do Di\u00e1rio Oficial Eletr\u00f4nico.<\/p><div id=\"blogd-2492983903\" class=\"blogd-conteudo-2-mobile blogd-entity-placement\"><a href=\"https:\/\/feirenses.com.br\/\" target=\"_blank\" aria-label=\"feirenses\"><img loading=\"lazy\" decoding=\"async\" src=\"https:\/\/blogdafeira.com.br\/home\/wp-content\/uploads\/2026\/04\/feirenses.png\" alt=\"\"  srcset=\"https:\/\/blogdafeira.com.br\/home\/wp-content\/uploads\/2026\/04\/feirenses.png 300w, https:\/\/blogdafeira.com.br\/home\/wp-content\/uploads\/2026\/04\/feirenses-170x45.png 170w, https:\/\/blogdafeira.com.br\/home\/wp-content\/uploads\/2026\/04\/feirenses-280x74.png 280w\" sizes=\"(max-width: 300px) 100vw, 300px\" class=\"no-lazyload\" width=\"300\" height=\"79\"  style=\"display: inline-block;\" \/><\/a><\/div>\n<p style=\"text-align: justify;\">Os restaurantes estar\u00e3o autorizados a funcionar das 11h as 15h para almo\u00e7o e das 17h as 21h para jantar. S\u00f3 ser\u00e1 permitido utilizar 40% da capacidade m\u00e1xima. As mesas devem ficar distantes a pelo menos 2 metros uma da outra. N\u00e3o \u00e9 permitido self-service ou a realiza\u00e7\u00e3o de eventos e\/ou comemora\u00e7\u00f5es.<\/p>\n<p style=\"text-align: justify;\">J\u00e1 as lanchonetes podem funcionar das 8h as 17h. Tamb\u00e9m devem obedecer o distanciamento entre as mesas e demais protocolos estabelecidos. Vale ainda para ambos os segmentos respeitar medidas definidas para funcionamento de demais estabelecimentos, como permitir apenas a entrada de clientes utilizando m\u00e1scaras, e ap\u00f3s higieniza\u00e7\u00e3o das m\u00e3os, e realizar a higieniza\u00e7\u00e3o do ambiente.<\/p>\n<p style=\"text-align: justify;\">O prefeito Colbert Martins Filho reitera que estabelecimentos que funcionam exclusivamente como bares n\u00e3o est\u00e3o autorizados a receber clientes. &#8220;\u00c9 uma medida de flexibiliza\u00e7\u00e3o que foi tomada levando em considera\u00e7\u00e3o os dados da Covid-19 em Feira de Santana, com todo crit\u00e9rio t\u00e9cnico cab\u00edvel&#8221;, ressaltou.<\/p>\n<div id=\"blogd-180860796\" class=\"blogd-final-post blogd-entity-placement\"><a href=\"https:\/\/www.feiradesantana.ba.leg.br\/\" target=\"_blank\" aria-label=\"BANNER-SITE-ENTREGADECHEQUE-CAMARADEFEIRA\"><img loading=\"lazy\" decoding=\"async\" src=\"https:\/\/blogdafeira.com.br\/home\/wp-content\/uploads\/2026\/03\/BANNER-SITE-ENTREGADECHEQUE-CAMARADEFEIRA.gif\" alt=\"\"  class=\"no-lazyload\" width=\"728\" height=\"90\"   \/><\/a><\/div><p style=\"text-align: justify;\">Os restaurantes e lanchonetes estavam sem funcionar em Feira de Santana desde o dia 21 de mar\u00e7o, quando passou a valer o primeiro decreto de Estado de Calamidade P\u00fablica em decorr\u00eancia da pandemia da Covid-19 no munic\u00edpio.<\/p>\n","protected":false},"excerpt":{"rendered":"<p>Os restaurantes e lanchonetes est\u00e3o autorizados a reabrir em Feira de Santana a partir desta ter\u00e7a-feira (04) &#8211; a medida n\u00e3o vale para bares. O decreto da Prefeitura Municipal que estabelece a flexibiliza\u00e7\u00e3o dentro do Estado de Calamidade P\u00fablica pela pandemia da Covid-19 est\u00e1 publicado em edi\u00e7\u00e3o extra do Di\u00e1rio Oficial Eletr\u00f4nico. Os restaurantes estar\u00e3o<\/p>\n","protected":false},"author":1,"featured_media":39327,"comment_status":"closed","ping_status":"closed","sticky":false,"template":"","format":"standard","meta":{"jetpack_post_was_ever_published":false,"cybocfi_hide_featured_image":"","_jetpack_newsletter_access":"","_jetpack_dont_email_post_to_subs":false,"_jetpack_newsletter_tier_id":0,"_jetpack_memberships_contains_paywalled_content":false,"_jetpack_memberships_contains_paid_content":false,"footnotes":"","jetpack_publicize_message":"","jetpack_publicize_feature_enabled":true,"jetpack_social_post_already_shared":true,"jetpack_social_options":{"image_generator_settings":{"template":"highway","default_image_id":0,"font":"","enabled":false},"version":2}},"categories":[3,1],"tags":[],"class_list":["post-39326","post","type-post","status-publish","format-standard","has-post-thumbnail","hentry","category-cidade","category-raiz"],"jetpack_publicize_connections":[],"jetpack_featured_media_url":"https:\/\/blogdafeira.com.br\/home\/wp-content\/uploads\/2020\/08\/colbert-fsffsf.jpg","jetpack_shortlink":"https:\/\/wp.me\/p3niVf-aei","jetpack_sharing_enabled":true,"jetpack-related-posts":[{"id":12746,"url":"https:\/\/blogdafeira.com.br\/home\/2014\/10\/06\/municipio-de-feira-vai-investir-mais-de-200-mil-para-reabrir-restaurante-popular\/","url_meta":{"origin":39326,"position":0},"title":"Munic\u00edpio de Feira vai investir mais de 200 mil para reabrir Restaurante Popular","author":"Blog da Feira","date":"06\/10\/2014","format":false,"excerpt":"Fechado no in\u00edcio do ano passado, o Restaurante Popular instalado no Centro de Abastecimento de Feira de Santana entrou em obras no m\u00eas de julho e a Prefeitura promete reabri-lo at\u00e9 o final do ano. As obras est\u00e3o or\u00e7adas em torno de 220 mil reais, envolvendo\u00a0pintura geral e manuten\u00e7\u00e3o nas\u2026","rel":"","context":"Em &quot;Home&quot;","block_context":{"text":"Home","link":"https:\/\/blogdafeira.com.br\/home\/categoria\/raiz\/"},"img":{"alt_text":"Reforma Restaurante Popular Foto Arivaldo Publio (18)","src":"https:\/\/i0.wp.com\/blogdafeira.com.br\/home\/wp-content\/uploads\/2014\/10\/Reforma-Restaurante-Popular-Foto-Arivaldo-Publio-18.jpg?resize=350%2C200","width":350,"height":200,"srcset":"https:\/\/i0.wp.com\/blogdafeira.com.br\/home\/wp-content\/uploads\/2014\/10\/Reforma-Restaurante-Popular-Foto-Arivaldo-Publio-18.jpg?resize=350%2C200 1x, https:\/\/i0.wp.com\/blogdafeira.com.br\/home\/wp-content\/uploads\/2014\/10\/Reforma-Restaurante-Popular-Foto-Arivaldo-Publio-18.jpg?resize=525%2C300 1.5x, https:\/\/i0.wp.com\/blogdafeira.com.br\/home\/wp-content\/uploads\/2014\/10\/Reforma-Restaurante-Popular-Foto-Arivaldo-Publio-18.jpg?resize=700%2C400 2x"},"classes":[]},{"id":49403,"url":"https:\/\/blogdafeira.com.br\/home\/2021\/12\/15\/comercio-na-feira-ja-esta-funcionando-em-horarios-especiais\/","url_meta":{"origin":39326,"position":1},"title":"Com\u00e9rcio na Feira j\u00e1 est\u00e1 funcionando em hor\u00e1rios especiais","author":"Blog da Feira","date":"15\/12\/2021","format":false,"excerpt":"Os estabelecimentos comerciais de Feira de Santana est\u00e3o funcionando desde ontem, ter\u00e7a-feira, 14, em hor\u00e1rio especial em virtude das comemora\u00e7\u00f5es natalinas. De acordo com o decreto baixado pela Prefeitura, at\u00e9 sexta-feira, 17, os estabelecimentos comerciais, o Feiraguay e o Shopping Cidade das Compras podem abrir at\u00e9 as 20h. No s\u00e1bado,\u2026","rel":"","context":"Em &quot;Cidade&quot;","block_context":{"text":"Cidade","link":"https:\/\/blogdafeira.com.br\/home\/categoria\/cidade\/"},"img":{"alt_text":"","src":"https:\/\/i0.wp.com\/blogdafeira.com.br\/home\/wp-content\/uploads\/2021\/12\/Comercio-de-Feira-GALERIA-foto-Jorge-Magalhaes-43.jpg?resize=350%2C200&ssl=1","width":350,"height":200,"srcset":"https:\/\/i0.wp.com\/blogdafeira.com.br\/home\/wp-content\/uploads\/2021\/12\/Comercio-de-Feira-GALERIA-foto-Jorge-Magalhaes-43.jpg?resize=350%2C200&ssl=1 1x, https:\/\/i0.wp.com\/blogdafeira.com.br\/home\/wp-content\/uploads\/2021\/12\/Comercio-de-Feira-GALERIA-foto-Jorge-Magalhaes-43.jpg?resize=525%2C300&ssl=1 1.5x, https:\/\/i0.wp.com\/blogdafeira.com.br\/home\/wp-content\/uploads\/2021\/12\/Comercio-de-Feira-GALERIA-foto-Jorge-Magalhaes-43.jpg?resize=700%2C400&ssl=1 2x, https:\/\/i0.wp.com\/blogdafeira.com.br\/home\/wp-content\/uploads\/2021\/12\/Comercio-de-Feira-GALERIA-foto-Jorge-Magalhaes-43.jpg?resize=1050%2C600&ssl=1 3x"},"classes":[]},{"id":39194,"url":"https:\/\/blogdafeira.com.br\/home\/2020\/07\/24\/colbert-autoriza-a-abertura-do-shopping-popular-de-feira\/","url_meta":{"origin":39326,"position":2},"title":"Colbert autoriza a abertura do shopping popular de Feira","author":"Blog da Feira","date":"24\/07\/2020","format":false,"excerpt":"O shopping popular constru\u00eddo em \u00e1rea do Centro de Abastecimento vai ser aberto. O prefeito Colbert Martins (MDB) autorizou todos os comerciantes que foram cadastrados e sorteados com boxes a abrirem o seus com\u00e9rcios. A informa\u00e7\u00e3o da autoriza\u00e7\u00e3o foi divulgada pelo site da Prefeitura. Os comerciantes de rua cadastrados na\u2026","rel":"","context":"Em &quot;Cidade&quot;","block_context":{"text":"Cidade","link":"https:\/\/blogdafeira.com.br\/home\/categoria\/cidade\/"},"img":{"alt_text":"","src":"https:\/\/i0.wp.com\/blogdafeira.com.br\/home\/wp-content\/uploads\/2020\/07\/shopping-popular.jpg?resize=350%2C200&ssl=1","width":350,"height":200,"srcset":"https:\/\/i0.wp.com\/blogdafeira.com.br\/home\/wp-content\/uploads\/2020\/07\/shopping-popular.jpg?resize=350%2C200&ssl=1 1x, https:\/\/i0.wp.com\/blogdafeira.com.br\/home\/wp-content\/uploads\/2020\/07\/shopping-popular.jpg?resize=525%2C300&ssl=1 1.5x, https:\/\/i0.wp.com\/blogdafeira.com.br\/home\/wp-content\/uploads\/2020\/07\/shopping-popular.jpg?resize=700%2C400&ssl=1 2x, https:\/\/i0.wp.com\/blogdafeira.com.br\/home\/wp-content\/uploads\/2020\/07\/shopping-popular.jpg?resize=1050%2C600&ssl=1 3x"},"classes":[]},{"id":38620,"url":"https:\/\/blogdafeira.com.br\/home\/2020\/06\/22\/decreto-de-escalonamento-do-comercio-prorrogado-ate-dia-29\/","url_meta":{"origin":39326,"position":3},"title":"Decreto de escalonamento do com\u00e9rcio prorrogado at\u00e9 dia 29","author":"Blog da Feira","date":"22\/06\/2020","format":false,"excerpt":"Os estabelecimentos autorizados a funcionar conforme o \u00faltimo decreto referente ao Estado de Calamidade P\u00fablica em decorr\u00eancia do novo coronav\u00edrus, em Feira de Santana, continuam com a mesma regra de escalonamento at\u00e9 o pr\u00f3ximo dia 29. Decreto de prorroga\u00e7\u00e3o desta medida ser\u00e1 publicado no Di\u00e1rio Oficial Eletr\u00f4nico do Munic\u00edpio nesta\u2026","rel":"","context":"Em &quot;Cidade&quot;","block_context":{"text":"Cidade","link":"https:\/\/blogdafeira.com.br\/home\/categoria\/cidade\/"},"img":{"alt_text":"","src":"https:\/\/i0.wp.com\/blogdafeira.com.br\/home\/wp-content\/uploads\/2020\/06\/colbert-fdssfs.jpg?resize=350%2C200&ssl=1","width":350,"height":200,"srcset":"https:\/\/i0.wp.com\/blogdafeira.com.br\/home\/wp-content\/uploads\/2020\/06\/colbert-fdssfs.jpg?resize=350%2C200&ssl=1 1x, https:\/\/i0.wp.com\/blogdafeira.com.br\/home\/wp-content\/uploads\/2020\/06\/colbert-fdssfs.jpg?resize=525%2C300&ssl=1 1.5x"},"classes":[]},{"id":54438,"url":"https:\/\/blogdafeira.com.br\/home\/2022\/09\/14\/igreja-dos-remedios-so-reabre-apos-reforma-emergencial-autorizada-pelo-ipac\/","url_meta":{"origin":39326,"position":4},"title":"Igreja dos Rem\u00e9dios s\u00f3 reabre ap\u00f3s reforma emergencial autorizada pelo IPAC","author":"Blog da Feira","date":"14\/09\/2022","format":false,"excerpt":"Monsenhor Luiz Rodrigues aguarda do IPAC o parecer dos arquitetos que visitaram a igreja dos Rem\u00e9dios,em Feira de Santana. A visita aconteceu h\u00e1 apenas 15 dias mas a igreja foi interditada por decis\u00e3o da Arquidiocese em setembro do ano passado. Foi uma decis\u00e3o baseada em dois engenheiros, paroquianos, que atestaram\u2026","rel":"","context":"Em &quot;Cidade&quot;","block_context":{"text":"Cidade","link":"https:\/\/blogdafeira.com.br\/home\/categoria\/cidade\/"},"img":{"alt_text":"","src":"https:\/\/i0.wp.com\/blogdafeira.com.br\/home\/wp-content\/uploads\/2022\/09\/IMG_20220914_105132_468-scaled.jpg?resize=350%2C200&ssl=1","width":350,"height":200,"srcset":"https:\/\/i0.wp.com\/blogdafeira.com.br\/home\/wp-content\/uploads\/2022\/09\/IMG_20220914_105132_468-scaled.jpg?resize=350%2C200&ssl=1 1x, https:\/\/i0.wp.com\/blogdafeira.com.br\/home\/wp-content\/uploads\/2022\/09\/IMG_20220914_105132_468-scaled.jpg?resize=525%2C300&ssl=1 1.5x, https:\/\/i0.wp.com\/blogdafeira.com.br\/home\/wp-content\/uploads\/2022\/09\/IMG_20220914_105132_468-scaled.jpg?resize=700%2C400&ssl=1 2x, https:\/\/i0.wp.com\/blogdafeira.com.br\/home\/wp-content\/uploads\/2022\/09\/IMG_20220914_105132_468-scaled.jpg?resize=1050%2C600&ssl=1 3x, https:\/\/i0.wp.com\/blogdafeira.com.br\/home\/wp-content\/uploads\/2022\/09\/IMG_20220914_105132_468-scaled.jpg?resize=1400%2C800&ssl=1 4x"},"classes":[]},{"id":38522,"url":"https:\/\/blogdafeira.com.br\/home\/2020\/06\/18\/mesmo-com-115-novos-casos-de-coronavirus-boulevard-reabre-nesta-quinta\/","url_meta":{"origin":39326,"position":5},"title":"Mesmo com 115 novos casos de Coronav\u00edrus, Boulevard reabre nesta quinta","author":"Blog da Feira","date":"18\/06\/2020","format":false,"excerpt":"Com hor\u00e1rio reduzido e protocolo de seguran\u00e7a, o Shopping Boulevard reabriu nesta quinta-feira (18) ap\u00f3s cerca de 90 dias fechado. Funcionando de segunda a s\u00e1bado do meio dia \u00e0s 19h, a administra\u00e7\u00e3o do empreendimento citou o decreto n\u00ba 11.606, de 15 de junho, que permitiu a reabertura de Shopping Centers\u2026","rel":"","context":"Em &quot;Cidade&quot;","block_context":{"text":"Cidade","link":"https:\/\/blogdafeira.com.br\/home\/categoria\/cidade\/"},"img":{"alt_text":"","src":"https:\/\/i0.wp.com\/blogdafeira.com.br\/home\/wp-content\/uploads\/2020\/06\/boulevard-reaberto.jpg?resize=350%2C200&ssl=1","width":350,"height":200,"srcset":"https:\/\/i0.wp.com\/blogdafeira.com.br\/home\/wp-content\/uploads\/2020\/06\/boulevard-reaberto.jpg?resize=350%2C200&ssl=1 1x, https:\/\/i0.wp.com\/blogdafeira.com.br\/home\/wp-content\/uploads\/2020\/06\/boulevard-reaberto.jpg?resize=525%2C300&ssl=1 1.5x"},"classes":[]}],"_links":{"self":[{"href":"https:\/\/blogdafeira.com.br\/home\/wp-json\/wp\/v2\/posts\/39326","targetHints":{"allow":["GET"]}}],"collection":[{"href":"https:\/\/blogdafeira.com.br\/home\/wp-json\/wp\/v2\/posts"}],"about":[{"href":"https:\/\/blogdafeira.com.br\/home\/wp-json\/wp\/v2\/types\/post"}],"author":[{"embeddable":true,"href":"https:\/\/blogdafeira.com.br\/home\/wp-json\/wp\/v2\/users\/1"}],"replies":[{"embeddable":true,"href":"https:\/\/blogdafeira.com.br\/home\/wp-json\/wp\/v2\/comments?post=39326"}],"version-history":[{"count":2,"href":"https:\/\/blogdafeira.com.br\/home\/wp-json\/wp\/v2\/posts\/39326\/revisions"}],"predecessor-version":[{"id":39511,"href":"https:\/\/blogdafeira.com.br\/home\/wp-json\/wp\/v2\/posts\/39326\/revisions\/39511"}],"wp:featuredmedia":[{"embeddable":true,"href":"https:\/\/blogdafeira.com.br\/home\/wp-json\/wp\/v2\/media\/39327"}],"wp:attachment":[{"href":"https:\/\/blogdafeira.com.br\/home\/wp-json\/wp\/v2\/media?parent=39326"}],"wp:term":[{"taxonomy":"category","embeddable":true,"href":"https:\/\/blogdafeira.com.br\/home\/wp-json\/wp\/v2\/categories?post=39326"},{"taxonomy":"post_tag","embeddable":true,"href":"https:\/\/blogdafeira.com.br\/home\/wp-json\/wp\/v2\/tags?post=39326"}],"curies":[{"name":"wp","href":"https:\/\/api.w.org\/{rel}","templated":true}]}}