{"id":39797,"date":"2020-08-24T08:30:04","date_gmt":"2020-08-24T11:30:04","guid":{"rendered":"https:\/\/blogdafeira.com.br\/home\/?p=39797"},"modified":"2020-08-25T00:46:25","modified_gmt":"2020-08-25T03:46:25","slug":"petrobras-vende-participacao-em-campos-terrestres-na-bahia","status":"publish","type":"post","link":"https:\/\/blogdafeira.com.br\/home\/2020\/08\/24\/petrobras-vende-participacao-em-campos-terrestres-na-bahia\/","title":{"rendered":"Petrobras vende participa\u00e7\u00e3o em campos terrestres na Bahia"},"content":{"rendered":"<div id=\"blogd-3727636570\" class=\"blogd-fim-do-post-mobile blogd-entity-placement\" style=\"margin-left: auto;margin-right: auto;text-align: center;\"><a href=\"https:\/\/www.sefaz.feiradesantana.ba.gov.br\/\" target=\"_blank\" aria-label=\"728&#215;90 (6)\"><img loading=\"lazy\" decoding=\"async\" src=\"https:\/\/blogdafeira.com.br\/home\/wp-content\/uploads\/2026\/03\/728x90-6.gif\" alt=\"\"  class=\"no-lazyload\" width=\"728\" height=\"90\"  style=\"display: inline-block;\" \/><\/a><\/div><p style=\"text-align: justify;\">A Petrobras assinou\u00a0 com a SPE Rio Ventura S.A., subsidi\u00e1ria integral da 3R Petroleum e Participa\u00e7\u00f5es S.A., contrato para a venda da totalidade de sua participa\u00e7\u00e3o em oito campos terrestres de explora\u00e7\u00e3o e produ\u00e7\u00e3o, denominados Polo Rio Ventura, no estado da Bahia.<\/p><div id=\"blogd-3606020106\" class=\"blogd-conteudo-2-mobile blogd-entity-placement\"><a href=\"https:\/\/feirenses.com.br\/\" target=\"_blank\" aria-label=\"feirenses\"><img loading=\"lazy\" decoding=\"async\" src=\"https:\/\/blogdafeira.com.br\/home\/wp-content\/uploads\/2026\/04\/feirenses.png\" alt=\"\"  srcset=\"https:\/\/blogdafeira.com.br\/home\/wp-content\/uploads\/2026\/04\/feirenses.png 300w, https:\/\/blogdafeira.com.br\/home\/wp-content\/uploads\/2026\/04\/feirenses-170x45.png 170w, https:\/\/blogdafeira.com.br\/home\/wp-content\/uploads\/2026\/04\/feirenses-280x74.png 280w\" sizes=\"(max-width: 300px) 100vw, 300px\" class=\"no-lazyload\" width=\"300\" height=\"79\"  style=\"display: inline-block;\" \/><\/a><\/div>\n<p style=\"text-align: justify;\">O valor da venda \u00e9 de US$ 94,2 milh\u00f5es, sendo (i) US$ 3,8 milh\u00f5es pagos na presente data; (ii) US$ 31,2 milh\u00f5es no fechamento da transa\u00e7\u00e3o; (iii) US$ 16 milh\u00f5es que ser\u00e3o pagos em trinta meses ap\u00f3s o fechamento da transa\u00e7\u00e3o; e (iv) US$ 43,2 milh\u00f5es em pagamentos contingentes previstos em contrato. Os valores n\u00e3o consideram os ajustes devidos e o fechamento da transa\u00e7\u00e3o est\u00e1 sujeito ao cumprimento de condi\u00e7\u00f5es precedentes, tais como a aprova\u00e7\u00e3o pela Ag\u00eancia Nacional do Petr\u00f3leo, G\u00e1s Natural e Biocombust\u00edveis (ANP).<\/p>\n<p style=\"text-align: justify;\">O polo compreende os campos terrestres de \u00c1gua Grande, Bonsucesso, Fazenda Alto das Pedras, Pedrinhas, Pojuca, Rio Pojuca, Tapiranga e Tapiranga Norte, localizados nos munic\u00edpios de Catu, Mata de S\u00e3o Jo\u00e3o, Pojuca e S\u00e3o Sebasti\u00e3o do Pass\u00e9, no estado da Bahia, onde a Petrobras \u00e9 detentora de 100% de participa\u00e7\u00e3o. A produ\u00e7\u00e3o m\u00e9dia do Polo Rio Ventura de janeiro a junho de 2020 foi de aproximadamente 1.050 barris de \u00f3leo por dia (bpd) e 33 mil m\u00b3\/dia de g\u00e1s natural.<\/p>\n<p style=\"text-align: justify;\">Essa opera\u00e7\u00e3o est\u00e1 alinhada \u00e0 estrat\u00e9gia de otimiza\u00e7\u00e3o do portf\u00f3lio e \u00e0 melhoria de aloca\u00e7\u00e3o do capital da companhia, passando a concentrar cada vez mais os seus recursos em \u00e1guas profundas e ultra profundas, onde a Petrobras tem demonstrado grande diferencial competitivo ao longo dos anos.<\/p>\n<div id=\"blogd-3621669460\" class=\"blogd-final-post blogd-entity-placement\"><a href=\"https:\/\/www.feiradesantana.ba.leg.br\/\" target=\"_blank\" aria-label=\"BANNER-SITE-ENTREGADECHEQUE-CAMARADEFEIRA\"><img loading=\"lazy\" decoding=\"async\" src=\"https:\/\/blogdafeira.com.br\/home\/wp-content\/uploads\/2026\/03\/BANNER-SITE-ENTREGADECHEQUE-CAMARADEFEIRA.gif\" alt=\"\"  class=\"no-lazyload\" width=\"728\" height=\"90\"   \/><\/a><\/div><p style=\"text-align: justify;\">A presente divulga\u00e7\u00e3o est\u00e1 de acordo com as normas internas da Petrobras e com as disposi\u00e7\u00f5es do procedimento especial de cess\u00e3o de direitos de explora\u00e7\u00e3o, desenvolvimento e produ\u00e7\u00e3o de petr\u00f3leo, g\u00e1s natural e outros hidrocarbonetos fluidos, previsto no Decreto 9.355\/2018.<\/p>\n","protected":false},"excerpt":{"rendered":"<p>A Petrobras assinou\u00a0 com a SPE Rio Ventura S.A., subsidi\u00e1ria integral da 3R Petroleum e Participa\u00e7\u00f5es S.A., contrato para a venda da totalidade de sua participa\u00e7\u00e3o em oito campos terrestres de explora\u00e7\u00e3o e produ\u00e7\u00e3o, denominados Polo Rio Ventura, no estado da Bahia. O valor da venda \u00e9 de US$ 94,2 milh\u00f5es, sendo (i) US$ 3,8<\/p>\n","protected":false},"author":1,"featured_media":39798,"comment_status":"closed","ping_status":"closed","sticky":false,"template":"","format":"standard","meta":{"jetpack_post_was_ever_published":false,"cybocfi_hide_featured_image":"","_jetpack_newsletter_access":"","_jetpack_dont_email_post_to_subs":false,"_jetpack_newsletter_tier_id":0,"_jetpack_memberships_contains_paywalled_content":false,"_jetpack_memberships_contains_paid_content":false,"footnotes":"","jetpack_publicize_message":"","jetpack_publicize_feature_enabled":true,"jetpack_social_post_already_shared":true,"jetpack_social_options":{"image_generator_settings":{"template":"highway","default_image_id":0,"font":"","enabled":false},"version":2}},"categories":[680,1],"tags":[],"class_list":["post-39797","post","type-post","status-publish","format-standard","has-post-thumbnail","hentry","category-bahia","category-raiz"],"jetpack_publicize_connections":[],"jetpack_featured_media_url":"https:\/\/blogdafeira.com.br\/home\/wp-content\/uploads\/2020\/08\/petrobras.jpg","jetpack_shortlink":"https:\/\/wp.me\/p3niVf-alT","jetpack_sharing_enabled":true,"jetpack-related-posts":[{"id":49575,"url":"https:\/\/blogdafeira.com.br\/home\/2021\/12\/22\/petrobras-vende-12-campos-terrestres-na-bahia-a-petroreconcavo\/","url_meta":{"origin":39797,"position":0},"title":"Petrobras vende 12 campos terrestres na Bahia \u00e0 PetroRec\u00f4ncavo","author":"Ag\u00eancia Petrobr\u00e1s","date":"22\/12\/2021","format":false,"excerpt":"A\u00a0 finalizou, nesta quarta-feira (22\/12), a venda da totalidade de sua participa\u00e7\u00e3o em 12 campos terrestres de explora\u00e7\u00e3o e produ\u00e7\u00e3o, denominados Polo Remanso, localizadas no estado da Bahia, para a PetroRec\u00f4ncavo S.A. (PetroRec\u00f4ncavo). Ap\u00f3s o cumprimento das condi\u00e7\u00f5es precedentes, a opera\u00e7\u00e3o foi conclu\u00edda com o pagamento de US$ 7,3 milh\u00f5es\u2026","rel":"","context":"Em &quot;Bahia&quot;","block_context":{"text":"Bahia","link":"https:\/\/blogdafeira.com.br\/home\/categoria\/bahia\/"},"img":{"alt_text":"","src":"https:\/\/i0.wp.com\/blogdafeira.com.br\/home\/wp-content\/uploads\/2021\/12\/edise-1-.jpg?resize=350%2C200&ssl=1","width":350,"height":200,"srcset":"https:\/\/i0.wp.com\/blogdafeira.com.br\/home\/wp-content\/uploads\/2021\/12\/edise-1-.jpg?resize=350%2C200&ssl=1 1x, https:\/\/i0.wp.com\/blogdafeira.com.br\/home\/wp-content\/uploads\/2021\/12\/edise-1-.jpg?resize=525%2C300&ssl=1 1.5x, https:\/\/i0.wp.com\/blogdafeira.com.br\/home\/wp-content\/uploads\/2021\/12\/edise-1-.jpg?resize=700%2C400&ssl=1 2x"},"classes":[]},{"id":49001,"url":"https:\/\/blogdafeira.com.br\/home\/2021\/12\/01\/mubadala-assume-hoje-o-controle-da-refinaria-landulfo-alves\/","url_meta":{"origin":39797,"position":1},"title":"Mubadala assume hoje o controle da Refinaria Landulfo Alves","author":"Ag\u00eancia Petrobr\u00e1s","date":"01\/12\/2021","format":false,"excerpt":"A Petrobras finalizou ontem, ter\u00e7a-feira (30) a venda da Refinaria Landulpho Alves (RLAM), localizada em S\u00e3o Francisco do Conde, na Bahia e seus ativos log\u00edsticos associados para o Mubadala Capital. Ap\u00f3s o cumprimento de todas as condi\u00e7\u00f5es precedentes, a opera\u00e7\u00e3o foi conclu\u00edda com o pagamento de US$ 1,8 bilh\u00e3o (R$\u2026","rel":"","context":"Em &quot;Bahia&quot;","block_context":{"text":"Bahia","link":"https:\/\/blogdafeira.com.br\/home\/categoria\/bahia\/"},"img":{"alt_text":"","src":"https:\/\/i0.wp.com\/blogdafeira.com.br\/home\/wp-content\/uploads\/2021\/12\/petro.jpg?resize=350%2C200&ssl=1","width":350,"height":200,"srcset":"https:\/\/i0.wp.com\/blogdafeira.com.br\/home\/wp-content\/uploads\/2021\/12\/petro.jpg?resize=350%2C200&ssl=1 1x, https:\/\/i0.wp.com\/blogdafeira.com.br\/home\/wp-content\/uploads\/2021\/12\/petro.jpg?resize=525%2C300&ssl=1 1.5x, https:\/\/i0.wp.com\/blogdafeira.com.br\/home\/wp-content\/uploads\/2021\/12\/petro.jpg?resize=700%2C400&ssl=1 2x, https:\/\/i0.wp.com\/blogdafeira.com.br\/home\/wp-content\/uploads\/2021\/12\/petro.jpg?resize=1050%2C600&ssl=1 3x"},"classes":[]},{"id":50319,"url":"https:\/\/blogdafeira.com.br\/home\/2022\/01\/25\/importacao-de-paineis-solares-cresceu-9021-na-bahia-em-2021\/","url_meta":{"origin":39797,"position":2},"title":"Importa\u00e7\u00e3o de pain\u00e9is solares cresceu 902,1% na Bahia em 2021","author":"Ag\u00eancia Petrobr\u00e1s","date":"25\/01\/2022","format":false,"excerpt":"As exporta\u00e7\u00f5es baianas atingiram a marca de US$ 9,9 bilh\u00f5es em 2021, um aumento de 26,3% em rela\u00e7\u00e3o ao ano anterior. De acordo com o Informe Executivo de Com\u00e9rcio Exterior, da Secretaria de Desenvolvimento Econ\u00f4mico (SDE), esse cen\u00e1rio positivo deve-se a retomada da atividade econ\u00f4mica decorrente do avan\u00e7o da vacina\u00e7\u00e3o\u2026","rel":"","context":"Em &quot;Geral&quot;","block_context":{"text":"Geral","link":"https:\/\/blogdafeira.com.br\/home\/categoria\/geral\/"},"img":{"alt_text":"","src":"","width":0,"height":0},"classes":[]},{"id":11943,"url":"https:\/\/blogdafeira.com.br\/home\/2014\/08\/15\/banco-mundial-abre-credito-de-us-400-milhoes-para-a-bahia\/","url_meta":{"origin":39797,"position":3},"title":"Banco Mundial abre cr\u00e9dito de US$ 400 milh\u00f5es para a Bahia","author":"Ag\u00eancia Petrobr\u00e1s","date":"15\/08\/2014","format":false,"excerpt":"O Estado da Bahia e o Banco Mundial (Bird) assinaram na quinta-feira (14), em Bras\u00edlia, contrato de opera\u00e7\u00e3o de cr\u00e9dito no valor de US$ 400 milh\u00f5es para a execu\u00e7\u00e3o do Programa de Inclus\u00e3o e Desenvolvimento Socioecon\u00f4mico da Bahia (Proinclus\u00e3o II). O documento foi assinado pelo secret\u00e1rio da Fazenda do Estado,\u2026","rel":"","context":"Em &quot;Home&quot;","block_context":{"text":"Home","link":"https:\/\/blogdafeira.com.br\/home\/categoria\/raiz\/"},"img":{"alt_text":"","src":"","width":0,"height":0},"classes":[]},{"id":4763,"url":"https:\/\/blogdafeira.com.br\/home\/2013\/09\/04\/deputados-aprovam-credito-para-desenvolvimento-agricola-da-bahia\/","url_meta":{"origin":39797,"position":4},"title":"Deputados aprovam cr\u00e9dito para desenvolvimento agr\u00edcola da Bahia","author":"Ag\u00eancia Petrobr\u00e1s","date":"04\/09\/2013","format":false,"excerpt":"A Assembleia Legislativa da Bahia aprovou, ontem, dois projetos de autoriza\u00e7\u00e3o de cr\u00e9dito para o governo \u00a0investir no desenvolvimento rural e agr\u00edcola do estado. Um deles atualiza o valor do empr\u00e9stimo, autorizado anteriormente pela AL, com o Fundo Internacional de Desenvolvimento Agr\u00edcola (FIDA) passando de US$ 50 milh\u00f5es para US$\u2026","rel":"","context":"Em &quot;Home&quot;","block_context":{"text":"Home","link":"https:\/\/blogdafeira.com.br\/home\/categoria\/raiz\/"},"img":{"alt_text":"","src":"","width":0,"height":0},"classes":[]},{"id":31677,"url":"https:\/\/blogdafeira.com.br\/home\/2019\/06\/14\/exportacoes-da-bahia-para-os-eua-cresceram-35-aponta-a-secretaria-de-planejamento\/","url_meta":{"origin":39797,"position":5},"title":"Exporta\u00e7\u00f5es da Bahia para os EUA cresceram 35%, aponta a Secretaria de Planejamento","author":"Ag\u00eancia Petrobr\u00e1s","date":"14\/06\/2019","format":false,"excerpt":"De acordo com a Superintend\u00eancia de Estudos Econ\u00f4micos e Sociais da Bahia (SEI), autarquia da Secretaria de Planejamento da Bahia (Seplan), as vendas externas da Bahia se recuperaram em maio, alcan\u00e7ando US$ 758,2 milh\u00f5es - o que representa um aumento de 27,4% ante o mesmo per\u00edodo de 2018. Considerando o\u2026","rel":"","context":"Em &quot;Home&quot;","block_context":{"text":"Home","link":"https:\/\/blogdafeira.com.br\/home\/categoria\/raiz\/"},"img":{"alt_text":"","src":"https:\/\/i0.wp.com\/blogdafeira.com.br\/home\/wp-content\/uploads\/2019\/06\/IMG-20190610-WA0018-1024x682.jpg?resize=350%2C200","width":350,"height":200,"srcset":"https:\/\/i0.wp.com\/blogdafeira.com.br\/home\/wp-content\/uploads\/2019\/06\/IMG-20190610-WA0018-1024x682.jpg?resize=350%2C200 1x, https:\/\/i0.wp.com\/blogdafeira.com.br\/home\/wp-content\/uploads\/2019\/06\/IMG-20190610-WA0018-1024x682.jpg?resize=525%2C300 1.5x, https:\/\/i0.wp.com\/blogdafeira.com.br\/home\/wp-content\/uploads\/2019\/06\/IMG-20190610-WA0018-1024x682.jpg?resize=700%2C400 2x"},"classes":[]}],"_links":{"self":[{"href":"https:\/\/blogdafeira.com.br\/home\/wp-json\/wp\/v2\/posts\/39797","targetHints":{"allow":["GET"]}}],"collection":[{"href":"https:\/\/blogdafeira.com.br\/home\/wp-json\/wp\/v2\/posts"}],"about":[{"href":"https:\/\/blogdafeira.com.br\/home\/wp-json\/wp\/v2\/types\/post"}],"author":[{"embeddable":true,"href":"https:\/\/blogdafeira.com.br\/home\/wp-json\/wp\/v2\/users\/1"}],"replies":[{"embeddable":true,"href":"https:\/\/blogdafeira.com.br\/home\/wp-json\/wp\/v2\/comments?post=39797"}],"version-history":[{"count":2,"href":"https:\/\/blogdafeira.com.br\/home\/wp-json\/wp\/v2\/posts\/39797\/revisions"}],"predecessor-version":[{"id":39817,"href":"https:\/\/blogdafeira.com.br\/home\/wp-json\/wp\/v2\/posts\/39797\/revisions\/39817"}],"wp:featuredmedia":[{"embeddable":true,"href":"https:\/\/blogdafeira.com.br\/home\/wp-json\/wp\/v2\/media\/39798"}],"wp:attachment":[{"href":"https:\/\/blogdafeira.com.br\/home\/wp-json\/wp\/v2\/media?parent=39797"}],"wp:term":[{"taxonomy":"category","embeddable":true,"href":"https:\/\/blogdafeira.com.br\/home\/wp-json\/wp\/v2\/categories?post=39797"},{"taxonomy":"post_tag","embeddable":true,"href":"https:\/\/blogdafeira.com.br\/home\/wp-json\/wp\/v2\/tags?post=39797"}],"curies":[{"name":"wp","href":"https:\/\/api.w.org\/{rel}","templated":true}]}}