{"id":39847,"date":"2020-08-26T08:51:21","date_gmt":"2020-08-26T11:51:21","guid":{"rendered":"https:\/\/blogdafeira.com.br\/home\/?p=39847"},"modified":"2020-08-26T21:30:02","modified_gmt":"2020-08-27T00:30:02","slug":"174-feirenses-destinaram-116-mil-do-imposto-de-renda-ao-fundo-para-idosos","status":"publish","type":"post","link":"https:\/\/blogdafeira.com.br\/home\/2020\/08\/26\/174-feirenses-destinaram-116-mil-do-imposto-de-renda-ao-fundo-para-idosos\/","title":{"rendered":"174 feirenses destinaram 116 mil do imposto de renda ao fundo para idosos"},"content":{"rendered":"<div id=\"blogd-2113027279\" class=\"blogd-fim-do-post-mobile blogd-entity-placement\" style=\"margin-left: auto;margin-right: auto;text-align: center;\"><a href=\"https:\/\/www.sefaz.feiradesantana.ba.gov.br\/\" target=\"_blank\" aria-label=\"728&#215;90 (6)\"><img loading=\"lazy\" decoding=\"async\" src=\"https:\/\/blogdafeira.com.br\/home\/wp-content\/uploads\/2026\/03\/728x90-6.gif\" alt=\"\"  class=\"no-lazyload\" width=\"728\" height=\"90\"  style=\"display: inline-block;\" \/><\/a><\/div><p><span style=\"font-family: sans-serif; font-size: small;\">Pessoas f\u00edsicas contribuintes do IRPF (imposto de renda), destinaram em 2020 parte de seu imposto ao Fundo Municipal dos Direitos da Pessoa Idosa (FMDI) de Feira de Santana. Foi o primeiro repasse, no primeiro ano em que essa destina\u00e7\u00e3o foi permitida por lei.<\/span><\/p><div id=\"blogd-1680046749\" class=\"blogd-conteudo-2-mobile blogd-entity-placement\"><a href=\"https:\/\/feirenses.com.br\/\" target=\"_blank\" aria-label=\"feirenses\"><img loading=\"lazy\" decoding=\"async\" src=\"https:\/\/blogdafeira.com.br\/home\/wp-content\/uploads\/2026\/04\/feirenses.png\" alt=\"\"  srcset=\"https:\/\/blogdafeira.com.br\/home\/wp-content\/uploads\/2026\/04\/feirenses.png 300w, https:\/\/blogdafeira.com.br\/home\/wp-content\/uploads\/2026\/04\/feirenses-170x45.png 170w, https:\/\/blogdafeira.com.br\/home\/wp-content\/uploads\/2026\/04\/feirenses-280x74.png 280w\" sizes=\"(max-width: 300px) 100vw, 300px\" class=\"no-lazyload\" width=\"300\" height=\"79\"  style=\"display: inline-block;\" \/><\/a><\/div>\n<p><span style=\"font-family: sans-serif; font-size: small;\">O FMDI de Feira de Santana teve o repasse de R$ 116 mil, correspondendo \u00e0 destina\u00e7\u00e3o realizada por 174 pessoas contribuintes do Imposto de Renda em 2020. Esses recursos s\u00e3o depositados pela Uni\u00e3o, em conta banc\u00e1ria espec\u00edfica e de uso exclusiva para o FMDI, sendo aplicados por meio do Conselho Municipal do Idoso em a\u00e7\u00f5es de amparo \u00e0 pessoa idosa do munic\u00edpio, sendo sujeitos \u00e0 fiscaliza\u00e7\u00e3o do Minist\u00e9rio P\u00fablico.<\/span><\/p>\n<p><span style=\"font-family: sans-serif; font-size: small;\">Esse primeiro repasse dos recursos destinados aos Fundos dos Direitos da Pessoa Idosa (nos Estados, Munic\u00edpios e DF), relativo \u00e0 DIRPF 2020, foi realizado pela Receita Federal no dia 30 de julho, beneficiou 429 fundos em todo pa\u00eds, somando recursos destinados por 21.297 contribuintes, cujo montante alcan\u00e7ou o valor de mais de R$ 22,8 milh\u00f5es.<\/span><\/p>\n<p><span style=\"font-family: sans-serif; font-size: small;\">Na Bahia, as destina\u00e7\u00f5es somaram pouco mais de R$ 550 mil e foram realizadas por 624 contribuinte do IRPF 2020. Para saber quais os fundos municipais que receberam destina\u00e7\u00f5es em todo o Brasil, clique no link\u00a0<\/span><a href=\"https:\/\/www.gov.br\/mdh\/pt-br\/navegue-por-temas\/pessoa-idosa\/AnexosNotaFDI001.2020v331.xlsx\" target=\"_blank\" rel=\"noopener noreferrer\" data-saferedirecturl=\"https:\/\/www.google.com\/url?q=https:\/\/www.gov.br\/mdh\/pt-br\/navegue-por-temas\/pessoa-idosa\/AnexosNotaFDI001.2020v331.xlsx&amp;source=gmail&amp;ust=1598527759245000&amp;usg=AFQjCNGIA6zfJGd6i0VKDc8a4QbCpX1Fzw\"><span style=\"color: blue; font-family: sans-serif; font-size: small;\"><u>https:\/\/www.gov.br\/mdh\/pt-br\/<wbr \/>navegue-por-temas\/pessoa-<wbr \/>idosa\/AnexosNotaFDI001.<wbr \/>2020v331.xlsx<\/u><\/span><\/a><\/p>\n<p><span style=\"font-family: sans-serif; font-size: small;\"><b>Como destinar parte do meu IRPF para o FMDI<\/b><\/span><\/p>\n<p><span style=\"font-family: sans-serif; font-size: small;\">No per\u00edodo de entrega da Declara\u00e7\u00e3o do Imposto sobre a Renda da Pessoa F\u00edsica (DIRPF), \u00e9 poss\u00edvel destinar \u2013 diretamente no preenchimento da declara\u00e7\u00e3o &#8211; at\u00e9 3% do imposto devido para os Fundos dos Direitos da Crian\u00e7a e do Adolescente (FDCA) e, at\u00e9 mais 3% para os Fundos dos Direitos das Pessoas Idosas (FDPI). Optando por essas destina\u00e7\u00f5es, a pessoa f\u00edsica n\u00e3o pagar\u00e1 um valor maior de imposto nem ter\u00e1 o valor de sua restitui\u00e7\u00e3o diminu\u00eddo. Apenas permitir\u00e1 que parte do imposto devido, apurado na DIRPF, seja destinado diretamente para um Fundo Social.<\/span><\/p>\n<p><span style=\"font-family: sans-serif; font-size: small;\">Ainda durante do ano-calend\u00e1rio (2020), at\u00e9 31 de dezembro, o contribuinte pode realizar novas destina\u00e7\u00f5es, que ser\u00e3o informadas na DIRPF 2021, conforme orienta\u00e7\u00f5es a seguir:\u00a0<\/span><a href=\"https:\/\/receita.economia.gov.br\/acesso-rapido\/direitos-e-deveres\/educacao-fiscal\/projeto-destinacao\/folhetos\/folder-destinacao-ir_v3.pdf\" target=\"_blank\" rel=\"noopener noreferrer\" data-saferedirecturl=\"https:\/\/www.google.com\/url?q=https:\/\/receita.economia.gov.br\/acesso-rapido\/direitos-e-deveres\/educacao-fiscal\/projeto-destinacao\/folhetos\/folder-destinacao-ir_v3.pdf&amp;source=gmail&amp;ust=1598527759245000&amp;usg=AFQjCNGr-NzslyUuosrwpDJlx-GA6i5Dpg\"><span style=\"color: blue; font-family: sans-serif; font-size: small;\"><u>https:\/\/receita.economia.gov.<wbr \/>br\/acesso-rapido\/direitos-e-<wbr \/>deveres\/educacao-fiscal\/<wbr \/>projeto-destinacao\/folhetos\/<wbr \/>folder-destinacao-ir_v3.pdf<\/u><\/span><\/a><\/p>\n<p><span style=\"font-family: sans-serif; font-size: small;\">As Pessoas Jur\u00eddicas, por sua vez, podem destinar at\u00e9 1% do imposto devido, desde que sejam tributadas com base no lucro real e realizem a destina\u00e7\u00e3o no decorrer do ano-calend\u00e1rio.<\/span><\/p>\n<p><span style=\"font-family: sans-serif; font-size: small;\"><b>Como ter um FMDI no munic\u00edpio<\/b><\/span><\/p>\n<div id=\"blogd-280754852\" class=\"blogd-final-post blogd-entity-placement\"><a href=\"https:\/\/www.feiradesantana.ba.leg.br\/\" target=\"_blank\" aria-label=\"BANNER-SITE-ENTREGADECHEQUE-CAMARADEFEIRA\"><img loading=\"lazy\" decoding=\"async\" src=\"https:\/\/blogdafeira.com.br\/home\/wp-content\/uploads\/2026\/03\/BANNER-SITE-ENTREGADECHEQUE-CAMARADEFEIRA.gif\" alt=\"\"  class=\"no-lazyload\" width=\"728\" height=\"90\"   \/><\/a><\/div><p><span style=\"font-family: sans-serif; font-size: small;\">A cria\u00e7\u00e3o e a exist\u00eancia de um Fundo Municipal dos Direitos da Pessoa Idosa dependem de iniciativa do poder p\u00fablico municipal, observando-se as orienta\u00e7\u00f5es definidas pela Minist\u00e9rio da Mulher, da Fam\u00edlia e dos Direitos Humanos. No link a seguir h\u00e1 informa\u00e7\u00f5es atualizadas que permitem saber os FMDI existentes e o que fazer para criar um FMDI em um munic\u00edpio:\u00a0<\/span><a href=\"https:\/\/www.gov.br\/mdh\/pt-br\/navegue-por-temas\/pessoa-idosa\/ADEIdosoAssinado31.pdf\" target=\"_blank\" rel=\"noopener noreferrer\" data-saferedirecturl=\"https:\/\/www.google.com\/url?q=https:\/\/www.gov.br\/mdh\/pt-br\/navegue-por-temas\/pessoa-idosa\/ADEIdosoAssinado31.pdf&amp;source=gmail&amp;ust=1598527759245000&amp;usg=AFQjCNEZ6bTT24--YvkI0MyA4yW3hDYSYg\"><span style=\"color: blue; font-family: sans-serif; font-size: small;\"><u>https:\/\/www.gov.br\/mdh\/pt-br\/<wbr \/>navegue-por-temas\/pessoa-<wbr \/>idosa\/ADEIdosoAssinado31.pdf<\/u><\/span><\/a><\/p>\n","protected":false},"excerpt":{"rendered":"<p>Pessoas f\u00edsicas contribuintes do IRPF (imposto de renda), destinaram em 2020 parte de seu imposto ao Fundo Municipal dos Direitos da Pessoa Idosa (FMDI) de Feira de Santana. Foi o primeiro repasse, no primeiro ano em que essa destina\u00e7\u00e3o foi permitida por lei. O FMDI de Feira de Santana teve o repasse de R$ 116<\/p>\n","protected":false},"author":1,"featured_media":37142,"comment_status":"closed","ping_status":"closed","sticky":false,"template":"","format":"standard","meta":{"jetpack_post_was_ever_published":false,"cybocfi_hide_featured_image":"","_jetpack_newsletter_access":"","_jetpack_dont_email_post_to_subs":false,"_jetpack_newsletter_tier_id":0,"_jetpack_memberships_contains_paywalled_content":false,"_jetpack_memberships_contains_paid_content":false,"footnotes":"","jetpack_publicize_message":"","jetpack_publicize_feature_enabled":true,"jetpack_social_post_already_shared":true,"jetpack_social_options":{"image_generator_settings":{"template":"highway","default_image_id":0,"font":"","enabled":false},"version":2}},"categories":[3,1],"tags":[],"class_list":["post-39847","post","type-post","status-publish","format-standard","has-post-thumbnail","hentry","category-cidade","category-raiz"],"jetpack_publicize_connections":[],"jetpack_featured_media_url":"https:\/\/blogdafeira.com.br\/home\/wp-content\/uploads\/2020\/04\/FB_IMG_1587055413206.jpg","jetpack_shortlink":"https:\/\/wp.me\/p3niVf-amH","jetpack_sharing_enabled":true,"jetpack-related-posts":[{"id":30050,"url":"https:\/\/blogdafeira.com.br\/home\/2018\/08\/14\/prefeito-de-feira-de-santana-regulamenta-o-fundo-municipal-da-pessoa-idosa\/","url_meta":{"origin":39847,"position":0},"title":"Prefeito de Feira de Santana regulamenta o Fundo Municipal da Pessoa Idosa","author":"Ascom\/Receita Federal","date":"14\/08\/2018","format":false,"excerpt":"Ao assinar o decreto de n\u00famero 10.788\/2018, regulamentando o Fundo Municipal da Pessoa Idosa na tarde de segunda-feira,13, o prefeito Colbert Martins da Silva Filho incluiu Feira de Santana entre os tr\u00eas munic\u00edpios baianos, ao lado de Salvador e Cama\u00e7ari, que disp\u00f5em deste instrumento legal destinado a promover qualidade de\u2026","rel":"","context":"Em &quot;Home&quot;","block_context":{"text":"Home","link":"https:\/\/blogdafeira.com.br\/home\/categoria\/raiz\/"},"img":{"alt_text":"","src":"https:\/\/i0.wp.com\/blogdafeira.com.br\/home\/wp-content\/uploads\/2018\/08\/20180813_144120_HDR.jpg?resize=350%2C200","width":350,"height":200,"srcset":"https:\/\/i0.wp.com\/blogdafeira.com.br\/home\/wp-content\/uploads\/2018\/08\/20180813_144120_HDR.jpg?resize=350%2C200 1x, https:\/\/i0.wp.com\/blogdafeira.com.br\/home\/wp-content\/uploads\/2018\/08\/20180813_144120_HDR.jpg?resize=525%2C300 1.5x, https:\/\/i0.wp.com\/blogdafeira.com.br\/home\/wp-content\/uploads\/2018\/08\/20180813_144120_HDR.jpg?resize=700%2C400 2x, https:\/\/i0.wp.com\/blogdafeira.com.br\/home\/wp-content\/uploads\/2018\/08\/20180813_144120_HDR.jpg?resize=1050%2C600 3x, https:\/\/i0.wp.com\/blogdafeira.com.br\/home\/wp-content\/uploads\/2018\/08\/20180813_144120_HDR.jpg?resize=1400%2C800 4x"},"classes":[]},{"id":70102,"url":"https:\/\/blogdafeira.com.br\/home\/2025\/11\/06\/comissao-da-camara-vai-analisar-pec-que-aumenta-volume-dos-recursos-destinados-aos-municipios\/","url_meta":{"origin":39847,"position":1},"title":"Comiss\u00e3o da C\u00e2mara vai analisar PEC que aumenta volume dos recursos destinados aos munic\u00edpios","author":"Ascom\/Receita Federal","date":"06\/11\/2025","format":false,"excerpt":"Os debates sobre um poss\u00edvel aumento do volume de recursos destinados ao Fundo de Participa\u00e7\u00e3o do Munic\u00edpios (FPM) ganhou um novo ambiente. Agora, a PEC 231\/19 - que altera a Constitui\u00e7\u00e3o Federal para disciplinar a distribui\u00e7\u00e3o dos valores pela Uni\u00e3o ao fundo - ser\u00e1 discutida em uma comiss\u00e3o especial voltada\u2026","rel":"","context":"Em &quot;Economia&quot;","block_context":{"text":"Economia","link":"https:\/\/blogdafeira.com.br\/home\/categoria\/economia\/"},"img":{"alt_text":"","src":"https:\/\/i0.wp.com\/blogdafeira.com.br\/home\/wp-content\/uploads\/2025\/11\/FPM.jpeg?resize=350%2C200&ssl=1","width":350,"height":200,"srcset":"https:\/\/i0.wp.com\/blogdafeira.com.br\/home\/wp-content\/uploads\/2025\/11\/FPM.jpeg?resize=350%2C200&ssl=1 1x, https:\/\/i0.wp.com\/blogdafeira.com.br\/home\/wp-content\/uploads\/2025\/11\/FPM.jpeg?resize=525%2C300&ssl=1 1.5x, https:\/\/i0.wp.com\/blogdafeira.com.br\/home\/wp-content\/uploads\/2025\/11\/FPM.jpeg?resize=700%2C400&ssl=1 2x, https:\/\/i0.wp.com\/blogdafeira.com.br\/home\/wp-content\/uploads\/2025\/11\/FPM.jpeg?resize=1050%2C600&ssl=1 3x, https:\/\/i0.wp.com\/blogdafeira.com.br\/home\/wp-content\/uploads\/2025\/11\/FPM.jpeg?resize=1400%2C800&ssl=1 4x"},"classes":[]},{"id":71736,"url":"https:\/\/blogdafeira.com.br\/home\/2026\/03\/18\/fpm-repasse-aos-municipios-volta-a-subir-apos-sequencia-de-quedas\/","url_meta":{"origin":39847,"position":2},"title":"FPM: repasse aos munic\u00edpios volta a subir ap\u00f3s sequ\u00eancia de quedas","author":"Ascom\/Receita Federal","date":"18\/03\/2026","format":false,"excerpt":"A segunda parcela de mar\u00e7o do Fundo de Participa\u00e7\u00e3o dos Munic\u00edpios (FPM) ser\u00e1 transferida aos cofres municipais nesta sexta-feira (20). O montante a ser partilhado chega a R$ 1,3 bilh\u00e3o, valor 14% superior ao repassado no mesmo per\u00edodo de 2025, quando os munic\u00edpios receberam aproximadamente R$ 1,2 bilh\u00e3o. Feira de\u2026","rel":"","context":"Em &quot;Destaques&quot;","block_context":{"text":"Destaques","link":"https:\/\/blogdafeira.com.br\/home\/categoria\/destaques\/"},"img":{"alt_text":"","src":"https:\/\/i0.wp.com\/blogdafeira.com.br\/home\/wp-content\/uploads\/2026\/03\/FPM.png?resize=350%2C200&ssl=1","width":350,"height":200,"srcset":"https:\/\/i0.wp.com\/blogdafeira.com.br\/home\/wp-content\/uploads\/2026\/03\/FPM.png?resize=350%2C200&ssl=1 1x, https:\/\/i0.wp.com\/blogdafeira.com.br\/home\/wp-content\/uploads\/2026\/03\/FPM.png?resize=525%2C300&ssl=1 1.5x, https:\/\/i0.wp.com\/blogdafeira.com.br\/home\/wp-content\/uploads\/2026\/03\/FPM.png?resize=700%2C400&ssl=1 2x, https:\/\/i0.wp.com\/blogdafeira.com.br\/home\/wp-content\/uploads\/2026\/03\/FPM.png?resize=1050%2C600&ssl=1 3x, https:\/\/i0.wp.com\/blogdafeira.com.br\/home\/wp-content\/uploads\/2026\/03\/FPM.png?resize=1400%2C800&ssl=1 4x"},"classes":[]},{"id":13044,"url":"https:\/\/blogdafeira.com.br\/home\/2014\/10\/21\/banco-do-nordeste-abre-edital-para-financiar-projetos-de-conselhos-municipais\/","url_meta":{"origin":39847,"position":3},"title":"Banco do Nordeste abre edital para financiar projetos de Conselhos municipais","author":"Ascom\/Receita Federal","date":"21\/10\/2014","format":false,"excerpt":"O Banco do Nordeste lan\u00e7ou\u00a0dois editais para selecionar projetos que visem \u00e0 promo\u00e7\u00e3o, prote\u00e7\u00e3o e defesa dos direitos de crian\u00e7as, adolescentes e idosos. Os certames representam recursos da ordem de R$ 1,76 milh\u00e3o, a serem destinados a Fundos Municipais ou Estaduais dos Direitos do Idoso e da Crian\u00e7a e do\u2026","rel":"","context":"Em &quot;Home&quot;","block_context":{"text":"Home","link":"https:\/\/blogdafeira.com.br\/home\/categoria\/raiz\/"},"img":{"alt_text":"","src":"","width":0,"height":0},"classes":[]},{"id":69693,"url":"https:\/\/blogdafeira.com.br\/home\/2025\/10\/02\/entenda-as-mudancas-no-imposto-de-renda-aprovadas-pela-camara-dos-deputados\/","url_meta":{"origin":39847,"position":4},"title":"Entenda as mudan\u00e7as no Imposto de Renda aprovadas pela C\u00e2mara dos Deputados","author":"Ascom\/Receita Federal","date":"02\/10\/2025","format":false,"excerpt":"O projeto isenta de Imposto de Renda os contribuintes com renda mensal de at\u00e9 R$ 5.000. Para isso, o texto prev\u00ea um desconto de at\u00e9 R$ 312,89 no imposto que seria devido pelo trabalhador, de modo que o valor a ser pago seja zero. Quem ganha de R$ 5.000,01 a\u2026","rel":"","context":"Em &quot;Geral&quot;","block_context":{"text":"Geral","link":"https:\/\/blogdafeira.com.br\/home\/categoria\/geral\/"},"img":{"alt_text":"","src":"https:\/\/i0.wp.com\/blogdafeira.com.br\/home\/wp-content\/uploads\/2025\/10\/images-9-20.jpeg?resize=350%2C200&ssl=1","width":350,"height":200,"srcset":"https:\/\/i0.wp.com\/blogdafeira.com.br\/home\/wp-content\/uploads\/2025\/10\/images-9-20.jpeg?resize=350%2C200&ssl=1 1x, https:\/\/i0.wp.com\/blogdafeira.com.br\/home\/wp-content\/uploads\/2025\/10\/images-9-20.jpeg?resize=525%2C300&ssl=1 1.5x"},"classes":[]},{"id":33507,"url":"https:\/\/blogdafeira.com.br\/home\/2019\/10\/26\/recursos-para-a-assistencia-social-tambem-estao-em-declinio-em-feira-por-andre-pomponet\/","url_meta":{"origin":39847,"position":5},"title":"&#8220;Recursos para a Assist\u00eancia Social tamb\u00e9m est\u00e3o em decl\u00ednio em Feira&#8221;, por Andr\u00e9 Pomponet","author":"Ascom\/Receita Federal","date":"26\/10\/2019","format":false,"excerpt":"Os repasses para a Feira de Santana n\u00e3o encolheram s\u00f3 na Sa\u00fade e na Educa\u00e7\u00e3o em 2019. A Assist\u00eancia Social foi duramente alvejada tamb\u00e9m. \u00c9 o que mostra consulta ao Portal da Transpar\u00eancia, que discrimina os valores encaminhados aos munic\u00edpios. Os dados analisados referem-se ao per\u00edodo de janeiro a setembro,\u2026","rel":"","context":"Em &quot;Colunistas&quot;","block_context":{"text":"Colunistas","link":"https:\/\/blogdafeira.com.br\/home\/categoria\/colunistas\/"},"img":{"alt_text":"","src":"https:\/\/i0.wp.com\/blogdafeira.com.br\/home\/wp-content\/uploads\/2019\/10\/images-12.jpeg?resize=350%2C200","width":350,"height":200},"classes":[]}],"_links":{"self":[{"href":"https:\/\/blogdafeira.com.br\/home\/wp-json\/wp\/v2\/posts\/39847","targetHints":{"allow":["GET"]}}],"collection":[{"href":"https:\/\/blogdafeira.com.br\/home\/wp-json\/wp\/v2\/posts"}],"about":[{"href":"https:\/\/blogdafeira.com.br\/home\/wp-json\/wp\/v2\/types\/post"}],"author":[{"embeddable":true,"href":"https:\/\/blogdafeira.com.br\/home\/wp-json\/wp\/v2\/users\/1"}],"replies":[{"embeddable":true,"href":"https:\/\/blogdafeira.com.br\/home\/wp-json\/wp\/v2\/comments?post=39847"}],"version-history":[{"count":1,"href":"https:\/\/blogdafeira.com.br\/home\/wp-json\/wp\/v2\/posts\/39847\/revisions"}],"predecessor-version":[{"id":39848,"href":"https:\/\/blogdafeira.com.br\/home\/wp-json\/wp\/v2\/posts\/39847\/revisions\/39848"}],"wp:featuredmedia":[{"embeddable":true,"href":"https:\/\/blogdafeira.com.br\/home\/wp-json\/wp\/v2\/media\/37142"}],"wp:attachment":[{"href":"https:\/\/blogdafeira.com.br\/home\/wp-json\/wp\/v2\/media?parent=39847"}],"wp:term":[{"taxonomy":"category","embeddable":true,"href":"https:\/\/blogdafeira.com.br\/home\/wp-json\/wp\/v2\/categories?post=39847"},{"taxonomy":"post_tag","embeddable":true,"href":"https:\/\/blogdafeira.com.br\/home\/wp-json\/wp\/v2\/tags?post=39847"}],"curies":[{"name":"wp","href":"https:\/\/api.w.org\/{rel}","templated":true}]}}