{"id":40331,"date":"2020-09-10T17:36:42","date_gmt":"2020-09-10T20:36:42","guid":{"rendered":"https:\/\/blogdafeira.com.br\/home\/?p=40331"},"modified":"2020-11-03T09:33:22","modified_gmt":"2020-11-03T12:33:22","slug":"luciano-ribeiro-desiste-da-candidatura-a-vereador","status":"publish","type":"post","link":"https:\/\/blogdafeira.com.br\/home\/2020\/09\/10\/luciano-ribeiro-desiste-da-candidatura-a-vereador\/","title":{"rendered":"Luciano Ribeiro desiste da candidatura a vereador"},"content":{"rendered":"<div id=\"blogd-1313872080\" class=\"blogd-fim-do-post-mobile blogd-entity-placement\" style=\"margin-left: auto;margin-right: auto;text-align: center;\"><a href=\"https:\/\/www.sefaz.feiradesantana.ba.gov.br\/\" target=\"_blank\" aria-label=\"728&#215;90 (6)\"><img loading=\"lazy\" decoding=\"async\" src=\"https:\/\/blogdafeira.com.br\/home\/wp-content\/uploads\/2026\/03\/728x90-6.gif\" alt=\"\"  class=\"no-lazyload\" width=\"728\" height=\"90\"  style=\"display: inline-block;\" \/><\/a><\/div><p style=\"text-align: justify;\">Em texto publicado em redes sociais o ex-vice prefeito, ex-vereador e ex-deputado estadual Luciano Ribeiro desistiu de sua a anunciada pre-candidatura a vereador pelo MDB.<\/p><div id=\"blogd-169993261\" class=\"blogd-conteudo-2-mobile blogd-entity-placement\"><a href=\"https:\/\/feirenses.com.br\/\" target=\"_blank\" aria-label=\"feirenses\"><img loading=\"lazy\" decoding=\"async\" src=\"https:\/\/blogdafeira.com.br\/home\/wp-content\/uploads\/2026\/04\/feirenses.png\" alt=\"\"  srcset=\"https:\/\/blogdafeira.com.br\/home\/wp-content\/uploads\/2026\/04\/feirenses.png 300w, https:\/\/blogdafeira.com.br\/home\/wp-content\/uploads\/2026\/04\/feirenses-170x45.png 170w, https:\/\/blogdafeira.com.br\/home\/wp-content\/uploads\/2026\/04\/feirenses-280x74.png 280w\" sizes=\"(max-width: 300px) 100vw, 300px\" class=\"no-lazyload\" width=\"300\" height=\"79\"  style=\"display: inline-block;\" \/><\/a><\/div>\n<p style=\"text-align: justify;\">Na carta ele relata um pouco de sua hist\u00f3ria, a luta contra a covid19 dentro da fam\u00edlia e declara seu apoio \u00e0 reelei\u00e7\u00e3o do prefeito Colbert Filho.<\/p>\n<p style=\"text-align: justify;\">Leia:<\/p>\n<div id=\"blogd-1946363785\" class=\"blogd-final-post blogd-entity-placement\"><a href=\"https:\/\/www.feiradesantana.ba.leg.br\/\" target=\"_blank\" aria-label=\"BANNER-SITE-ENTREGADECHEQUE-CAMARADEFEIRA\"><img loading=\"lazy\" decoding=\"async\" src=\"https:\/\/blogdafeira.com.br\/home\/wp-content\/uploads\/2026\/03\/BANNER-SITE-ENTREGADECHEQUE-CAMARADEFEIRA.gif\" alt=\"\"  class=\"no-lazyload\" width=\"728\" height=\"90\"   \/><\/a><\/div><p style=\"text-align: justify;\">&#8220;Amigos e amigas de Feira de Santana. Durante toda minha vida, sempre fiz quest\u00e3o de contribuir com o desenvolvimento da nossa cidade, ocupando ou n\u00e3o um cargo p\u00fablico. Sempre estive presente na hist\u00f3ria de Feira, na milit\u00e2ncia em tempos da ditadura militar, ao lado de Colbert (pai) nas d\u00e9cadas de 70 e 80 e mais recente em 2012 quando integrei a chapa do ex-prefeito Jos\u00e9 Ronaldo e na condi\u00e7\u00e3o de vice-prefeito.<br \/>\nEste ano, me comprometi com o meu partido em sair candidato ao cargo de vereador, entendendo que precisamos ampliar as discuss\u00f5es e a nossa atua\u00e7\u00e3o na C\u00e2mara de Vereadores. Por\u00e9m, Infelizmente estamos todos vivenciando uma grande pandemia, que redundou na maior crise sanit\u00e1ria mundial deste s\u00e9culo. O coronav\u00edrus \u00e9 uma realidade que tem feito milhares de v\u00edtimas no mundo. Vivi essa batalha aqui em casa, quando meu filho, Jo\u00e3o Paulo, ficou mais de 20 dias na UTI entre a vida e a morte, por conta da Covid-19.<br \/>\nHoje, aos 75 anos de vida, carrego comigo n\u00e3o apenas a experi\u00eancia adquirida nos anos de luta e trabalho, mas tamb\u00e9m as quest\u00f5es naturais da idade. Perten\u00e7o ao chamado grupo de risco pela OMS, e pelo que vi e por prud\u00eancia estou oficialmente desistindo da minha pr\u00e9-candidatura, entendendo que neste momento esta \u00e9 a melhor decis\u00e3o.<br \/>\nDeixo aqui registrado, o meu apoio irrestrito \u00e0 Colbert Martins Filho, como candidato ao cargo de prefeito de Feira de Santana. Pois entendo que ele \u00e9 neste momento, o mais preparado entre os prefeitur\u00e1veis, para seguir administrando a nossa cidade.<br \/>\nDesde j\u00e1 agrade\u00e7o a todos que estavam conosco nessa caminhada.<br \/>\nLuciano Ribeiro&#8221;<\/p>\n","protected":false},"excerpt":{"rendered":"<p>Em texto publicado em redes sociais o ex-vice prefeito, ex-vereador e ex-deputado estadual Luciano Ribeiro desistiu de sua a anunciada pre-candidatura a vereador pelo MDB. Na carta ele relata um pouco de sua hist\u00f3ria, a luta contra a covid19 dentro da fam\u00edlia e declara seu apoio \u00e0 reelei\u00e7\u00e3o do prefeito Colbert Filho. Leia: &#8220;Amigos e<\/p>\n","protected":false},"author":1,"featured_media":40332,"comment_status":"closed","ping_status":"closed","sticky":false,"template":"","format":"standard","meta":{"jetpack_post_was_ever_published":false,"cybocfi_hide_featured_image":"","_jetpack_newsletter_access":"","_jetpack_dont_email_post_to_subs":false,"_jetpack_newsletter_tier_id":0,"_jetpack_memberships_contains_paywalled_content":false,"_jetpack_memberships_contains_paid_content":false,"footnotes":"","jetpack_publicize_message":"","jetpack_publicize_feature_enabled":true,"jetpack_social_post_already_shared":true,"jetpack_social_options":{"image_generator_settings":{"template":"highway","default_image_id":0,"font":"","enabled":false},"version":2}},"categories":[3,750,1,631],"tags":[672],"class_list":["post-40331","post","type-post","status-publish","format-standard","has-post-thumbnail","hentry","category-cidade","category-eleicoes-2020","category-raiz","category-politica","tag-eleicoes-2020"],"jetpack_publicize_connections":[],"jetpack_featured_media_url":"https:\/\/blogdafeira.com.br\/home\/wp-content\/uploads\/2020\/09\/InShot_20200910_173447791-scaled.jpg","jetpack_shortlink":"https:\/\/wp.me\/p3niVf-auv","jetpack_sharing_enabled":true,"jetpack-related-posts":[{"id":39678,"url":"https:\/\/blogdafeira.com.br\/home\/2020\/08\/19\/ex-vice-prefeito-luciano-ribeiro-quer-ser-vereador-em-feira\/","url_meta":{"origin":40331,"position":0},"title":"Ex-vice prefeito Luciano Ribeiro quer ser vereador em Feira","author":"Blog da Feira","date":"19\/08\/2020","format":false,"excerpt":"Ex-deputado estadual e ex-suplente de Senador pelo MDB, a candidatura do professor Luciano Ribeiro \u00e9 emblem\u00e1tica nesta campanha eleitoral em Feira de Santana. Principalmente para um partido o o MDB - que sempre teve uma atua\u00e7\u00e3o destacada no munic\u00edpio desde os tempos da ditadura militar da qual\u00a0 Luciano foi uma\u2026","rel":"","context":"Em &quot;Cidade&quot;","block_context":{"text":"Cidade","link":"https:\/\/blogdafeira.com.br\/home\/categoria\/cidade\/"},"img":{"alt_text":"","src":"https:\/\/i0.wp.com\/blogdafeira.com.br\/home\/wp-content\/uploads\/2020\/08\/InShot_20200819_142654756.jpg?resize=350%2C200&ssl=1","width":350,"height":200,"srcset":"https:\/\/i0.wp.com\/blogdafeira.com.br\/home\/wp-content\/uploads\/2020\/08\/InShot_20200819_142654756.jpg?resize=350%2C200&ssl=1 1x, https:\/\/i0.wp.com\/blogdafeira.com.br\/home\/wp-content\/uploads\/2020\/08\/InShot_20200819_142654756.jpg?resize=525%2C300&ssl=1 1.5x, https:\/\/i0.wp.com\/blogdafeira.com.br\/home\/wp-content\/uploads\/2020\/08\/InShot_20200819_142654756.jpg?resize=700%2C400&ssl=1 2x, https:\/\/i0.wp.com\/blogdafeira.com.br\/home\/wp-content\/uploads\/2020\/08\/InShot_20200819_142654756.jpg?resize=1050%2C600&ssl=1 3x, https:\/\/i0.wp.com\/blogdafeira.com.br\/home\/wp-content\/uploads\/2020\/08\/InShot_20200819_142654756.jpg?resize=1400%2C800&ssl=1 4x"},"classes":[]},{"id":40131,"url":"https:\/\/blogdafeira.com.br\/home\/2020\/09\/03\/dez-partidos-politicos-apoiam-reeleicao-de-colbert\/","url_meta":{"origin":40331,"position":1},"title":"Dez partidos pol\u00edticos apoiam reelei\u00e7\u00e3o de Colbert","author":"Blog da Feira","date":"03\/09\/2020","format":false,"excerpt":"Dez partidos participaram da conven\u00e7\u00e3o que ontem homologou a candidatura \u00e0 reelei\u00e7\u00e3o do prefeito Colbert Filho, do MDB, tendo como vice o ex-deputado federal Fernando de Fabinho, do DEM. A conven\u00e7\u00e3o foi em estilo live e comandada pelo ex-prefeito de Feira, Jos\u00e9 Ronaldo (DEM) que apresentou os partidos e seus\u2026","rel":"","context":"Em &quot;Cidade&quot;","block_context":{"text":"Cidade","link":"https:\/\/blogdafeira.com.br\/home\/categoria\/cidade\/"},"img":{"alt_text":"","src":"https:\/\/i0.wp.com\/blogdafeira.com.br\/home\/wp-content\/uploads\/2020\/09\/colbert-e-fabinho.jpg?resize=350%2C200&ssl=1","width":350,"height":200,"srcset":"https:\/\/i0.wp.com\/blogdafeira.com.br\/home\/wp-content\/uploads\/2020\/09\/colbert-e-fabinho.jpg?resize=350%2C200&ssl=1 1x, https:\/\/i0.wp.com\/blogdafeira.com.br\/home\/wp-content\/uploads\/2020\/09\/colbert-e-fabinho.jpg?resize=525%2C300&ssl=1 1.5x, https:\/\/i0.wp.com\/blogdafeira.com.br\/home\/wp-content\/uploads\/2020\/09\/colbert-e-fabinho.jpg?resize=700%2C400&ssl=1 2x"},"classes":[]},{"id":30343,"url":"https:\/\/blogdafeira.com.br\/home\/2018\/10\/09\/ronaldo-diz-que-candidatura-foi-uma-missao-e-que-em-2020-vai-apoiar-alguns-amigos\/","url_meta":{"origin":40331,"position":2},"title":"Ronaldo diz que candidatura foi uma &#8216;miss\u00e3o&#8217; e que em 2020 vai apoiar &#8216;alguns amigos&#8217;","author":"J\u00e2nio R\u00eago","date":"09\/10\/2018","format":false,"excerpt":"Jos\u00e9 Ronaldo recebeu a imprensa em um sal\u00e3o de eventos de uma pousada no centro de Feira de Santana. O encontro com os rep\u00f3rteres foi articulado atrav\u00e9s da Secretaria Municipal de Comunica\u00e7\u00e3o. O prefeito Colbert Martins n\u00e3o acompanhava o ex-prefeito mas l\u00e1 estavam dois dos mais devotados secret\u00e1rios de Ronaldo:\u2026","rel":"","context":"Em &quot;Home&quot;","block_context":{"text":"Home","link":"https:\/\/blogdafeira.com.br\/home\/categoria\/raiz\/"},"img":{"alt_text":"","src":"https:\/\/i0.wp.com\/blogdafeira.com.br\/home\/wp-content\/uploads\/2018\/10\/images-10.jpeg?resize=350%2C200","width":350,"height":200,"srcset":"https:\/\/i0.wp.com\/blogdafeira.com.br\/home\/wp-content\/uploads\/2018\/10\/images-10.jpeg?resize=350%2C200 1x, https:\/\/i0.wp.com\/blogdafeira.com.br\/home\/wp-content\/uploads\/2018\/10\/images-10.jpeg?resize=525%2C300 1.5x"},"classes":[]},{"id":22515,"url":"https:\/\/blogdafeira.com.br\/home\/2016\/07\/14\/colbert-como-vice-fez-crescer-o-clima-de-ja-ganhou-no-ronaldismo-em-feira\/","url_meta":{"origin":40331,"position":3},"title":"Ronaldo teme segundo turno e escolhe Colbert como candidato a vice Prefeito","author":"Blog da Feira","date":"14\/07\/2016","format":false,"excerpt":"O Prefeito de Feira, Colbert Filho e Luciano Ribeiro, no CDL: elei\u00e7\u00f5es 2016. O\u00a0ex-deputado federal Colbert Martins Filho \u00e9 o candidato \u00a0a vice prefeito de Jos\u00e9 Ronaldo na elei\u00e7\u00e3o deste ano. O an\u00fancio foi feito pelo Prefeito em clima de pr\u00e9 conven\u00e7\u00e3o eleitoral na\u00a0\u00a0C\u00e2mara de Diretores Lojistas de Feira de\u2026","rel":"","context":"Em &quot;Home&quot;","block_context":{"text":"Home","link":"https:\/\/blogdafeira.com.br\/home\/categoria\/raiz\/"},"img":{"alt_text":"","src":"","width":0,"height":0},"classes":[]},{"id":29750,"url":"https:\/\/blogdafeira.com.br\/home\/2018\/05\/29\/colbert-passa-para-luciano-ribeiro-a-presidencia-do-mdb-de-feira-de-santana\/","url_meta":{"origin":40331,"position":4},"title":"Colbert passa para Luciano Ribeiro a presid\u00eancia do MDB de Feira de Santana","author":"Blog da Feira","date":"29\/05\/2018","format":false,"excerpt":"O prefeito de Feira de Santana, Colbert Filho, passo a presid\u00eancia do MDB do munic\u00edpio para o ex-vice prefeito de Jos\u00e9 Ronaldo, o professor Luciano Ribeiro. A decis\u00e3o e oficializa\u00e7\u00e3o da ren\u00fancia de Colbert e nomea\u00e7\u00e3o de Luciano aconteceu em reuni\u00e3o da Executiva do partido no munic\u00edpio. Colbert repetiu o\u2026","rel":"","context":"Em &quot;Home&quot;","block_context":{"text":"Home","link":"https:\/\/blogdafeira.com.br\/home\/categoria\/raiz\/"},"img":{"alt_text":"","src":"https:\/\/i0.wp.com\/blogdafeira.com.br\/home\/wp-content\/uploads\/2018\/04\/IMG_20180417_142436.jpg?resize=350%2C200","width":350,"height":200,"srcset":"https:\/\/i0.wp.com\/blogdafeira.com.br\/home\/wp-content\/uploads\/2018\/04\/IMG_20180417_142436.jpg?resize=350%2C200 1x, https:\/\/i0.wp.com\/blogdafeira.com.br\/home\/wp-content\/uploads\/2018\/04\/IMG_20180417_142436.jpg?resize=525%2C300 1.5x"},"classes":[]},{"id":35464,"url":"https:\/\/blogdafeira.com.br\/home\/2020\/02\/16\/sete-candidaturas-a-prefeito-da-feira-cinco-nomes-definidos\/","url_meta":{"origin":40331,"position":5},"title":"Sete candidaturas a prefeito da\u00a0Feira; cinco nomes definidos","author":"J\u00e2nio R\u00eago","date":"16\/02\/2020","format":false,"excerpt":"A sete meses para as elei\u00e7\u00f5es, em Feira de Santana existem\u00a0 sete prov\u00e1veis candidaturas ao cargo de Prefeito do munic\u00edpio. Em 20 anos essa \u00e9 a segunda vez que est\u00e1 diretamente fora do\u00a0 p\u00e1reo o ex-prefeito Jos\u00e9 Ronaldo (DEM). O primeiro a se lan\u00e7ar na disputa\u00a0 foi o deputado federal\u2026","rel":"","context":"Em &quot;Cidade&quot;","block_context":{"text":"Cidade","link":"https:\/\/blogdafeira.com.br\/home\/categoria\/cidade\/"},"img":{"alt_text":"","src":"https:\/\/i0.wp.com\/blogdafeira.com.br\/home\/wp-content\/uploads\/2020\/02\/download-19.jpeg?resize=350%2C200&ssl=1","width":350,"height":200},"classes":[]}],"_links":{"self":[{"href":"https:\/\/blogdafeira.com.br\/home\/wp-json\/wp\/v2\/posts\/40331","targetHints":{"allow":["GET"]}}],"collection":[{"href":"https:\/\/blogdafeira.com.br\/home\/wp-json\/wp\/v2\/posts"}],"about":[{"href":"https:\/\/blogdafeira.com.br\/home\/wp-json\/wp\/v2\/types\/post"}],"author":[{"embeddable":true,"href":"https:\/\/blogdafeira.com.br\/home\/wp-json\/wp\/v2\/users\/1"}],"replies":[{"embeddable":true,"href":"https:\/\/blogdafeira.com.br\/home\/wp-json\/wp\/v2\/comments?post=40331"}],"version-history":[{"count":3,"href":"https:\/\/blogdafeira.com.br\/home\/wp-json\/wp\/v2\/posts\/40331\/revisions"}],"predecessor-version":[{"id":40335,"href":"https:\/\/blogdafeira.com.br\/home\/wp-json\/wp\/v2\/posts\/40331\/revisions\/40335"}],"wp:featuredmedia":[{"embeddable":true,"href":"https:\/\/blogdafeira.com.br\/home\/wp-json\/wp\/v2\/media\/40332"}],"wp:attachment":[{"href":"https:\/\/blogdafeira.com.br\/home\/wp-json\/wp\/v2\/media?parent=40331"}],"wp:term":[{"taxonomy":"category","embeddable":true,"href":"https:\/\/blogdafeira.com.br\/home\/wp-json\/wp\/v2\/categories?post=40331"},{"taxonomy":"post_tag","embeddable":true,"href":"https:\/\/blogdafeira.com.br\/home\/wp-json\/wp\/v2\/tags?post=40331"}],"curies":[{"name":"wp","href":"https:\/\/api.w.org\/{rel}","templated":true}]}}