{"id":4048,"date":"2013-08-01T18:31:49","date_gmt":"2013-08-01T21:31:49","guid":{"rendered":"http:\/\/blogdafeira.com.br\/home\/?p=4048"},"modified":"2013-08-01T18:33:32","modified_gmt":"2013-08-01T21:33:32","slug":"ronaldo-envia-4-projetos-para-camara-de-feira-inclusive-zona-azul","status":"publish","type":"post","link":"https:\/\/blogdafeira.com.br\/home\/2013\/08\/01\/ronaldo-envia-4-projetos-para-camara-de-feira-inclusive-zona-azul\/","title":{"rendered":"Ronaldo envia 4 projetos para C\u00e2mara de Feira inclusive Zona Azul"},"content":{"rendered":"<div id=\"blogd-811867527\" class=\"blogd-fim-do-post-mobile blogd-entity-placement\" style=\"margin-left: auto;margin-right: auto;text-align: center;\"><a href=\"https:\/\/www.sefaz.feiradesantana.ba.gov.br\/\" target=\"_blank\" aria-label=\"728&#215;90 (6)\"><img loading=\"lazy\" decoding=\"async\" src=\"https:\/\/blogdafeira.com.br\/home\/wp-content\/uploads\/2026\/03\/728x90-6.gif\" alt=\"\"  class=\"no-lazyload\" width=\"728\" height=\"90\"  style=\"display: inline-block;\" \/><\/a><\/div><p>J\u00e1 est\u00e3o na C\u00e2mara de Vereadores de Feira de Santana quatro projetos do Poder Executivo enviados pelo prefeito Jos\u00e9 Ronaldo &#8216;em regime de urg\u00eancia&#8217;. Um deles cria o estacionamento Zona Azul no centro da cidade.<\/p><div id=\"blogd-3658119807\" class=\"blogd-conteudo-2-mobile blogd-entity-placement\"><a href=\"https:\/\/feirenses.com.br\/\" target=\"_blank\" aria-label=\"feirenses\"><img loading=\"lazy\" decoding=\"async\" src=\"https:\/\/blogdafeira.com.br\/home\/wp-content\/uploads\/2026\/04\/feirenses.png\" alt=\"\"  srcset=\"https:\/\/blogdafeira.com.br\/home\/wp-content\/uploads\/2026\/04\/feirenses.png 300w, https:\/\/blogdafeira.com.br\/home\/wp-content\/uploads\/2026\/04\/feirenses-170x45.png 170w, https:\/\/blogdafeira.com.br\/home\/wp-content\/uploads\/2026\/04\/feirenses-280x74.png 280w\" sizes=\"(max-width: 300px) 100vw, 300px\" class=\"no-lazyload\" width=\"300\" height=\"79\"  style=\"display: inline-block;\" \/><\/a><\/div>\n<p>Dos outros tr\u00eas, dois s\u00e3o relativos a mudan\u00e7as no desconto patronal da Previd\u00eancia Municipal e ajustes na estabilidade financeira do servidor p\u00fablico municipal de Feira.<\/p>\n<p>O quarto projeto \u00e9 sobre o IPTU, estabelecendo descontos para \u00a0o contribuinte relacionados a notas fiscais de presta\u00e7\u00e3o de servi\u00e7os que o propriet\u00e1rio do im\u00f3vel tenha pago.<\/p>\n<div id=\"blogd-876583032\" class=\"blogd-final-post blogd-entity-placement\"><a href=\"https:\/\/www.feiradesantana.ba.leg.br\/\" target=\"_blank\" aria-label=\"BANNER-SITE-ENTREGADECHEQUE-CAMARADEFEIRA\"><img loading=\"lazy\" decoding=\"async\" src=\"https:\/\/blogdafeira.com.br\/home\/wp-content\/uploads\/2026\/03\/BANNER-SITE-ENTREGADECHEQUE-CAMARADEFEIRA.gif\" alt=\"\"  class=\"no-lazyload\" width=\"728\" height=\"90\"   \/><\/a><\/div><p>Hoje pela manh\u00e3 o secret\u00e1rio Jo\u00e3o Marinho Gomes reuniu-se com vereadores da bancada e explicou os quatro projetos do Executivo que dever\u00e3o entrar na pauta da pr\u00f3xima sess\u00e3o ordin\u00e1ria, segunda-feira, 5.<\/p>\n","protected":false},"excerpt":{"rendered":"<p>J\u00e1 est\u00e3o na C\u00e2mara de Vereadores de Feira de Santana quatro projetos do Poder Executivo enviados pelo prefeito Jos\u00e9 Ronaldo &#8216;em regime de urg\u00eancia&#8217;. Um deles cria o estacionamento Zona Azul no centro da cidade. Dos outros tr\u00eas, dois s\u00e3o relativos a mudan\u00e7as no desconto patronal da Previd\u00eancia Municipal e ajustes na estabilidade financeira do<\/p>\n","protected":false},"author":1,"featured_media":0,"comment_status":"closed","ping_status":"closed","sticky":false,"template":"","format":"standard","meta":{"jetpack_post_was_ever_published":false,"cybocfi_hide_featured_image":"","_jetpack_newsletter_access":"","_jetpack_dont_email_post_to_subs":false,"_jetpack_newsletter_tier_id":0,"_jetpack_memberships_contains_paywalled_content":false,"_jetpack_memberships_contains_paid_content":false,"footnotes":"","jetpack_publicize_message":"","jetpack_publicize_feature_enabled":true,"jetpack_social_post_already_shared":true,"jetpack_social_options":{"image_generator_settings":{"template":"highway","default_image_id":0,"font":"","enabled":false},"version":2}},"categories":[1],"tags":[],"class_list":["post-4048","post","type-post","status-publish","format-standard","hentry","category-raiz"],"jetpack_publicize_connections":[],"jetpack_featured_media_url":"","jetpack_shortlink":"https:\/\/wp.me\/p3niVf-13i","jetpack_sharing_enabled":true,"jetpack-related-posts":[{"id":4103,"url":"https:\/\/blogdafeira.com.br\/home\/2013\/08\/04\/veredores-de-feira-vao-aprovar-zona-azul-em-regime-de-urgencia\/","url_meta":{"origin":4048,"position":0},"title":"Vereadores de Feira v\u00e3o aprovar &#8216;Zona Azul&#8217; em &#8216;regime de urg\u00eancia","author":"Blog da Feira","date":"04\/08\/2013","format":false,"excerpt":"A C\u00e2mara de Vereadores de Feira de Santana come\u00e7a, na sess\u00e3o desta segunda-feira, a apreciar o projeto de lei do Executivo criando o estacionamento \"Zona Azul'. O projeto foi enviado \u00e0 C\u00e2mara pelo prefeito de Feira, Jos\u00e9 Ronaldo, no primeiro dia de retorno dos trabalhos do Legislativo, na \u00faltima quinta-feira.\u2026","rel":"","context":"Em &quot;Home&quot;","block_context":{"text":"Home","link":"https:\/\/blogdafeira.com.br\/home\/categoria\/raiz\/"},"img":{"alt_text":"","src":"","width":0,"height":0},"classes":[]},{"id":4117,"url":"https:\/\/blogdafeira.com.br\/home\/2013\/08\/05\/lobby-de-ex-vereadores-de-feira-tira-de-pauta-projeto-da-estabilidade-financeira\/","url_meta":{"origin":4048,"position":1},"title":"Lobby de ex-vereadores de Feira tira de pauta projeto da &#8216;estabilidade financeira&#8217;","author":"Blog da Feira","date":"05\/08\/2013","format":false,"excerpt":"Um grupo de ex-vereadores que reivindica a estabilidade financeira como servidores p\u00fablicos de Feira de Santana conseguiu evitar que o projeto do Executivo que trata sobre o assunto entrasse na pauta dos trabalhos de hoje na C\u00e2mara de Vereadores quando seria apreciado em 'regime de urg\u00eancia'. O novo projeto altera\u2026","rel":"","context":"Em &quot;Home&quot;","block_context":{"text":"Home","link":"https:\/\/blogdafeira.com.br\/home\/categoria\/raiz\/"},"img":{"alt_text":"","src":"","width":0,"height":0},"classes":[]},{"id":4164,"url":"https:\/\/blogdafeira.com.br\/home\/2013\/08\/07\/emenda-adia-votacao-do-novo-projeto-de-zona-azul-na-camara\/","url_meta":{"origin":4048,"position":2},"title":"Emenda adia vota\u00e7\u00e3o do &#8216;novo&#8217; projeto de &#8216;Zona Azul&#8217; na C\u00e2mara","author":"Blog da Feira","date":"07\/08\/2013","format":false,"excerpt":"Uma emenda diminuindo o tempo de perman\u00eancia do ve\u00edculo no estacionamento 'Zona Azul' de 4 para 2 horas adiou a vota\u00e7\u00e3o do projeto enviado pelo Poder Executivo \u00e0 C\u00e2mara de Feira, em regime de urg\u00eancia. O estacionamento 'Zona Azul' j\u00e1 foi implantado uma vez em Feira de Santana, h\u00e1 mais\u2026","rel":"","context":"Em &quot;Home&quot;","block_context":{"text":"Home","link":"https:\/\/blogdafeira.com.br\/home\/categoria\/raiz\/"},"img":{"alt_text":"","src":"","width":0,"height":0},"classes":[]},{"id":4165,"url":"https:\/\/blogdafeira.com.br\/home\/2013\/08\/07\/confusao-legislativa-lei-da-zona-azul-em-feira-ja-existe-desde-2007\/","url_meta":{"origin":4048,"position":3},"title":"Confus\u00e3o legislativa: lei da &#8216;Zona Azul&#8217; em Feira j\u00e1 existe desde 2007","author":"Blog da Feira","date":"07\/08\/2013","format":false,"excerpt":"Uma lei sancionada pela C\u00e2mara de Vereadores em 2007 criou o estacionamento 'Zona Azul' em Feira de Santana. O projeto de lei na \u00e9poca, foi de autoria do vereador Renildo Brito. O ex-vereador \u00a0estava hoje pela manh\u00e3 na C\u00e2mara de Vereadores para acompanhar o que ele pensava ser uma altera\u00e7\u00e3o\u2026","rel":"","context":"Em &quot;Home&quot;","block_context":{"text":"Home","link":"https:\/\/blogdafeira.com.br\/home\/categoria\/raiz\/"},"img":{"alt_text":"renildo","src":"https:\/\/i0.wp.com\/blogdafeira.com.br\/home\/wp-content\/uploads\/2013\/08\/renildo-170x127.jpg?resize=350%2C200","width":350,"height":200},"classes":[]},{"id":70201,"url":"https:\/\/blogdafeira.com.br\/home\/2025\/11\/14\/ze-ronaldo-pede-autorizacao-a-camara-para-tornar-feira-membro-do-consorcio-portal-do-sertao\/","url_meta":{"origin":4048,"position":4},"title":"Z\u00e9 Ronaldo pede autoriza\u00e7\u00e3o \u00e0 Camara para tornar Feira membro do Cons\u00f3rcio Portal do Sert\u00e3o","author":"Blog da Feira","date":"14\/11\/2025","format":false,"excerpt":"A decis\u00e3o pol\u00edtica foi tomada por Z\u00e9 Ronaldo, ap\u00f3s anos relutando em colocar o Munic\u00edpio de Feira como membro do. Cons\u00f3rcio P\u00fablico de Desenvolvimento Sustent\u00e1vel Portal do Sert\u00e3o, mas esse ingresso tem que ser tamb\u00e9m autorizado pela C\u00e2mara de Vereadores atrav\u00e9s de um projeto de lei que o Prefeito j\u00e1\u2026","rel":"","context":"Em &quot;Home&quot;","block_context":{"text":"Home","link":"https:\/\/blogdafeira.com.br\/home\/categoria\/raiz\/"},"img":{"alt_text":"","src":"https:\/\/i0.wp.com\/blogdafeira.com.br\/home\/wp-content\/uploads\/2025\/11\/images-25.jpeg?resize=350%2C200&ssl=1","width":350,"height":200,"srcset":"https:\/\/i0.wp.com\/blogdafeira.com.br\/home\/wp-content\/uploads\/2025\/11\/images-25.jpeg?resize=350%2C200&ssl=1 1x, https:\/\/i0.wp.com\/blogdafeira.com.br\/home\/wp-content\/uploads\/2025\/11\/images-25.jpeg?resize=525%2C300&ssl=1 1.5x"},"classes":[]},{"id":57901,"url":"https:\/\/blogdafeira.com.br\/home\/2023\/05\/31\/vereadores-apresentam-quatro-emendas-ao-projeto-senar-parque-de-exposicoes\/","url_meta":{"origin":4048,"position":5},"title":"Vereadores apresentam quatro emendas ao &#8216;Projeto Senar\/Parque de Exposi\u00e7\u00f5es&#8217;","author":"Blog da Feira","date":"31\/05\/2023","format":false,"excerpt":"Entra na pauta da sess\u00e3o desta quinta-feira,1, na\u00a0 C\u00e2mara de Vereadores Feira de Santana, o projeto do Executivo que cede uma \u00e1rea de terra do Parque de Exposi\u00e7\u00f5es Jo\u00e3o Martins da Silva para a implanta\u00e7\u00e3o de uma unidade do Senar. Dois vereadores deram entrada em quatro emendas ao projeto -\u2026","rel":"","context":"Em &quot;Geral&quot;","block_context":{"text":"Geral","link":"https:\/\/blogdafeira.com.br\/home\/categoria\/geral\/"},"img":{"alt_text":"","src":"https:\/\/i0.wp.com\/blogdafeira.com.br\/home\/wp-content\/uploads\/2023\/05\/images-8.jpeg?resize=350%2C200&ssl=1","width":350,"height":200},"classes":[]}],"_links":{"self":[{"href":"https:\/\/blogdafeira.com.br\/home\/wp-json\/wp\/v2\/posts\/4048","targetHints":{"allow":["GET"]}}],"collection":[{"href":"https:\/\/blogdafeira.com.br\/home\/wp-json\/wp\/v2\/posts"}],"about":[{"href":"https:\/\/blogdafeira.com.br\/home\/wp-json\/wp\/v2\/types\/post"}],"author":[{"embeddable":true,"href":"https:\/\/blogdafeira.com.br\/home\/wp-json\/wp\/v2\/users\/1"}],"replies":[{"embeddable":true,"href":"https:\/\/blogdafeira.com.br\/home\/wp-json\/wp\/v2\/comments?post=4048"}],"version-history":[{"count":6,"href":"https:\/\/blogdafeira.com.br\/home\/wp-json\/wp\/v2\/posts\/4048\/revisions"}],"predecessor-version":[{"id":4055,"href":"https:\/\/blogdafeira.com.br\/home\/wp-json\/wp\/v2\/posts\/4048\/revisions\/4055"}],"wp:attachment":[{"href":"https:\/\/blogdafeira.com.br\/home\/wp-json\/wp\/v2\/media?parent=4048"}],"wp:term":[{"taxonomy":"category","embeddable":true,"href":"https:\/\/blogdafeira.com.br\/home\/wp-json\/wp\/v2\/categories?post=4048"},{"taxonomy":"post_tag","embeddable":true,"href":"https:\/\/blogdafeira.com.br\/home\/wp-json\/wp\/v2\/tags?post=4048"}],"curies":[{"name":"wp","href":"https:\/\/api.w.org\/{rel}","templated":true}]}}