{"id":4076,"date":"2013-08-02T15:14:52","date_gmt":"2013-08-02T18:14:52","guid":{"rendered":"http:\/\/blogdafeira.com.br\/home\/?p=4076"},"modified":"2013-08-02T15:14:52","modified_gmt":"2013-08-02T18:14:52","slug":"derba-faz-tapa-buracos-na-avenida-sergio-carneiro-em-feira","status":"publish","type":"post","link":"https:\/\/blogdafeira.com.br\/home\/2013\/08\/02\/derba-faz-tapa-buracos-na-avenida-sergio-carneiro-em-feira\/","title":{"rendered":"Derba faz &#8216;tapa buracos&#8217; na avenida S\u00e9rgio Carneiro em Feira"},"content":{"rendered":"<div id=\"blogd-1667594876\" class=\"blogd-fim-do-post-mobile blogd-entity-placement\" style=\"margin-left: auto;margin-right: auto;text-align: center;\"><a href=\"https:\/\/www.sefaz.feiradesantana.ba.gov.br\/\" target=\"_blank\" aria-label=\"728&#215;90 (6)\"><img loading=\"lazy\" decoding=\"async\" src=\"https:\/\/blogdafeira.com.br\/home\/wp-content\/uploads\/2026\/03\/728x90-6.gif\" alt=\"\"  class=\"no-lazyload\" width=\"728\" height=\"90\"  style=\"display: inline-block;\" \/><\/a><\/div><p>Enquanto n\u00e3o se resolve qual empresa vai fazer o recapeamento da avenida S\u00e9rgio Carneiro (via do Aeroporto de Feira), no bairro Santo Ant\u00f4nio, o Derba vai realizar uma opera\u00e7\u00e3o de &#8216;tapa buracos&#8217;.<img loading=\"lazy\" decoding=\"async\" class=\"alignright size-thumbnail wp-image-4077\" alt=\"DSC07586\" src=\"http:\/\/blogdafeira.com.br\/home\/wp-content\/uploads\/2013\/08\/DSC07586-170x127.jpg\" width=\"170\" height=\"127\" srcset=\"https:\/\/blogdafeira.com.br\/home\/wp-content\/uploads\/2013\/08\/DSC07586-170x127.jpg 170w, https:\/\/blogdafeira.com.br\/home\/wp-content\/uploads\/2013\/08\/DSC07586-346x259.jpg 346w, https:\/\/blogdafeira.com.br\/home\/wp-content\/uploads\/2013\/08\/DSC07586.jpg 640w\" sizes=\"auto, (max-width: 170px) 100vw, 170px\" \/><\/p><div id=\"blogd-1941957942\" class=\"blogd-conteudo-2-mobile blogd-entity-placement\"><a href=\"https:\/\/feirenses.com.br\/\" target=\"_blank\" aria-label=\"feirenses\"><img loading=\"lazy\" decoding=\"async\" src=\"https:\/\/blogdafeira.com.br\/home\/wp-content\/uploads\/2026\/04\/feirenses.png\" alt=\"\"  srcset=\"https:\/\/blogdafeira.com.br\/home\/wp-content\/uploads\/2026\/04\/feirenses.png 300w, https:\/\/blogdafeira.com.br\/home\/wp-content\/uploads\/2026\/04\/feirenses-170x45.png 170w, https:\/\/blogdafeira.com.br\/home\/wp-content\/uploads\/2026\/04\/feirenses-280x74.png 280w\" sizes=\"(max-width: 300px) 100vw, 300px\" class=\"no-lazyload\" width=\"300\" height=\"79\"  style=\"display: inline-block;\" \/><\/a><\/div>\n<p>O Governo do Estado, segundo o deputado Z\u00e9 Neto, \u00a0abriu uma licita\u00e7\u00e3o para contratar a empresa mas houve &#8216;deser\u00e7\u00e3o&#8217; e uma nova licita\u00e7\u00e3o dever\u00e1 ser aberta pela Secretaria de Infra-Estrutura.<\/p>\n<div id=\"blogd-2894727174\" class=\"blogd-final-post blogd-entity-placement\"><a href=\"https:\/\/www.feiradesantana.ba.leg.br\/\" target=\"_blank\" aria-label=\"BANNER-SITE-ENTREGADECHEQUE-CAMARADEFEIRA\"><img loading=\"lazy\" decoding=\"async\" src=\"https:\/\/blogdafeira.com.br\/home\/wp-content\/uploads\/2026\/03\/BANNER-SITE-ENTREGADECHEQUE-CAMARADEFEIRA.gif\" alt=\"\"  class=\"no-lazyload\" width=\"728\" height=\"90\"   \/><\/a><\/div><p>A avenida \u00e9 o in\u00edcio de uma BR estadual que liga Feira de Santana a Cora\u00e7\u00e3o de Maria, via distrito de Jaiba.<\/p>\n","protected":false},"excerpt":{"rendered":"<p>Enquanto n\u00e3o se resolve qual empresa vai fazer o recapeamento da avenida S\u00e9rgio Carneiro (via do Aeroporto de Feira), no bairro Santo Ant\u00f4nio, o Derba vai realizar uma opera\u00e7\u00e3o de &#8216;tapa buracos&#8217;. O Governo do Estado, segundo o deputado Z\u00e9 Neto, \u00a0abriu uma licita\u00e7\u00e3o para contratar a empresa mas houve &#8216;deser\u00e7\u00e3o&#8217; e uma nova licita\u00e7\u00e3o<\/p>\n","protected":false},"author":1,"featured_media":0,"comment_status":"closed","ping_status":"closed","sticky":false,"template":"","format":"standard","meta":{"jetpack_post_was_ever_published":false,"cybocfi_hide_featured_image":"","_jetpack_newsletter_access":"","_jetpack_dont_email_post_to_subs":false,"_jetpack_newsletter_tier_id":0,"_jetpack_memberships_contains_paywalled_content":false,"_jetpack_memberships_contains_paid_content":false,"footnotes":"","jetpack_publicize_message":"","jetpack_publicize_feature_enabled":true,"jetpack_social_post_already_shared":true,"jetpack_social_options":{"image_generator_settings":{"template":"highway","default_image_id":0,"font":"","enabled":false},"version":2}},"categories":[1],"tags":[],"class_list":["post-4076","post","type-post","status-publish","format-standard","hentry","category-raiz"],"jetpack_publicize_connections":[],"jetpack_featured_media_url":"","jetpack_shortlink":"https:\/\/wp.me\/p3niVf-13K","jetpack_sharing_enabled":true,"jetpack-related-posts":[{"id":4092,"url":"https:\/\/blogdafeira.com.br\/home\/2013\/08\/02\/moradores-impedem-derba-de-comecar-servico-no-sto-antonio\/","url_meta":{"origin":4076,"position":0},"title":"Derba quer come\u00e7ar servi\u00e7o no St\u00ba Ant\u00f4nio nesta segunda-feira","author":"Blog da Feira","date":"02\/08\/2013","format":false,"excerpt":"Moradores do bairro Santo Ant\u00f4nio dos Prazeres, em Feira de Santana, impediram o in\u00edcio do 'tapa buraco' que o Derba foi autorizado a fazer na avenida S\u00e9rgio Carneiro enquanto n\u00e3o for contratada uma empresa para fazer o recapeamento da estrada. Funcion\u00e1rios do DERBA estiveram no local mas diante das manifesta\u00e7\u00f5es\u2026","rel":"","context":"Em &quot;Home&quot;","block_context":{"text":"Home","link":"https:\/\/blogdafeira.com.br\/home\/categoria\/raiz\/"},"img":{"alt_text":"","src":"","width":0,"height":0},"classes":[]},{"id":3587,"url":"https:\/\/blogdafeira.com.br\/home\/2013\/07\/16\/prefeito-de-feira-comenta-sobre-a-buraqueira-nas-ruas-da-cidade\/","url_meta":{"origin":4076,"position":1},"title":"Prefeito de Feira comenta sobre a &#8216;buraqueira&#8217; nas ruas da cidade","author":"Blog da Feira","date":"16\/07\/2013","format":false,"excerpt":"O prefeito de Feira de Santana, Jos\u00e9 Ronaldo, se pronunciou no Facebook sobre \u2018os problemas causados pelas chuvas constantes\u2019 na cidade o que tem provocado uma \u2018chuva de reclama\u00e7\u00f5es\u2019 das pessoas pela quantidade de buracos nas ruas e avenidas. O Prefeito escreveu que est\u00e1 \u2018acompanhando as solicita\u00e7\u00f5es de todos\u2019, e\u2026","rel":"","context":"Em &quot;Home&quot;","block_context":{"text":"Home","link":"https:\/\/blogdafeira.com.br\/home\/categoria\/raiz\/"},"img":{"alt_text":"","src":"","width":0,"height":0},"classes":[]},{"id":5408,"url":"https:\/\/blogdafeira.com.br\/home\/2013\/10\/03\/prefeitura-de-feira-recomecou-operacao-tapa-buraco-em-ruas-e-avenidas\/","url_meta":{"origin":4076,"position":2},"title":"Prefeitura de Feira recome\u00e7ou opera\u00e7\u00e3o &#8216;tapa-buraco&#8217; em ruas e avenidas","author":"Blog da Feira","date":"03\/10\/2013","format":false,"excerpt":"A Secretaria de Desenvolvimento Urbano est\u00e1 intensificando a opera\u00e7\u00e3o de recapeamento e tapa-buracos das ruas de Feira de Santana. O servi\u00e7o est\u00e1 sendo feito simultaneamente em v\u00e1rios pontos da cidade, priorizando os principais corredores de tr\u00e1fego. Esta semana os trabalhos est\u00e3o concentrados nos bairros Jardim Cruzeiro e Tomba. O recapeamento\u2026","rel":"","context":"Em &quot;Home&quot;","block_context":{"text":"Home","link":"https:\/\/blogdafeira.com.br\/home\/categoria\/raiz\/"},"img":{"alt_text":"Recupera__o de Ruas-fotos Jorge Magalh_es (3)","src":"https:\/\/i0.wp.com\/blogdafeira.com.br\/home\/wp-content\/uploads\/2013\/10\/Recupera__o-de-Ruas-fotos-Jorge-Magalh_es-3-346x230.jpg?resize=350%2C200","width":350,"height":200},"classes":[]},{"id":70369,"url":"https:\/\/blogdafeira.com.br\/home\/2025\/11\/26\/autorizada-licitacao-para-duplicar-a-avenida-artemia-pires-com-investimento-de-r-60-milhoes\/","url_meta":{"origin":4076,"position":3},"title":"Autorizada licita\u00e7\u00e3o para duplicar a Avenida Art\u00eamia Pires com investimento de R$ 60 milh\u00f5es","author":"Blog da Feira","date":"26\/11\/2025","format":false,"excerpt":"A Prefeitura de Feira de Santana vai duplicar a Avenida Art\u00eamia Pires, um dos principais vetores de crescimento da cidade, contemplando o trecho que vai at\u00e9 a Lagoa de Berreca, com investimentos que superam R$ 60 milh\u00f5es. A ordem para abertura da licita\u00e7\u00e3o p\u00fablica visando \u00e0 contrata\u00e7\u00e3o de empresa para\u2026","rel":"","context":"Em &quot;Cidade&quot;","block_context":{"text":"Cidade","link":"https:\/\/blogdafeira.com.br\/home\/categoria\/cidade\/"},"img":{"alt_text":"","src":"https:\/\/i0.wp.com\/blogdafeira.com.br\/home\/wp-content\/uploads\/2025\/11\/Autorizacao-de-Obras-de-Duplicacao-da-Artemia-Pires-foto-Jorge-Magalhaes-81.jpeg?resize=350%2C200&ssl=1","width":350,"height":200,"srcset":"https:\/\/i0.wp.com\/blogdafeira.com.br\/home\/wp-content\/uploads\/2025\/11\/Autorizacao-de-Obras-de-Duplicacao-da-Artemia-Pires-foto-Jorge-Magalhaes-81.jpeg?resize=350%2C200&ssl=1 1x, https:\/\/i0.wp.com\/blogdafeira.com.br\/home\/wp-content\/uploads\/2025\/11\/Autorizacao-de-Obras-de-Duplicacao-da-Artemia-Pires-foto-Jorge-Magalhaes-81.jpeg?resize=525%2C300&ssl=1 1.5x, https:\/\/i0.wp.com\/blogdafeira.com.br\/home\/wp-content\/uploads\/2025\/11\/Autorizacao-de-Obras-de-Duplicacao-da-Artemia-Pires-foto-Jorge-Magalhaes-81.jpeg?resize=700%2C400&ssl=1 2x, https:\/\/i0.wp.com\/blogdafeira.com.br\/home\/wp-content\/uploads\/2025\/11\/Autorizacao-de-Obras-de-Duplicacao-da-Artemia-Pires-foto-Jorge-Magalhaes-81.jpeg?resize=1050%2C600&ssl=1 3x"},"classes":[]},{"id":60100,"url":"https:\/\/blogdafeira.com.br\/home\/2023\/11\/21\/novo-ponto-de-integracao-de-onibus-na-getulio-vargas-passa-a-interligar-regioes-norte-e-sul\/","url_meta":{"origin":4076,"position":4},"title":"Novo ponto de integra\u00e7\u00e3o de \u00f4nibus na Get\u00falio Vargas passa a interligar regi\u00f5es norte e sul","author":"Blog da Feira","date":"21\/11\/2023","format":false,"excerpt":"Usu\u00e1rios do sistema de transporte p\u00fablico urbano em Feira de Santana ganharam um novo ponto de integra\u00e7\u00e3o e moderno abrigo com QR Code no cruzamento do viaduto Jos\u00e9 Joaquim Lopes de Brito das avenidas Jo\u00e3o Durval Carneiro e Get\u00falio Vargas. O local tamb\u00e9m foi sinalizado com \u00e1rea exclusiva para \u00f4nibus.\u2026","rel":"","context":"Em &quot;Cidade&quot;","block_context":{"text":"Cidade","link":"https:\/\/blogdafeira.com.br\/home\/categoria\/cidade\/"},"img":{"alt_text":"","src":"https:\/\/i0.wp.com\/blogdafeira.com.br\/home\/wp-content\/uploads\/2023\/11\/21112023115030.jpg?resize=350%2C200&ssl=1","width":350,"height":200,"srcset":"https:\/\/i0.wp.com\/blogdafeira.com.br\/home\/wp-content\/uploads\/2023\/11\/21112023115030.jpg?resize=350%2C200&ssl=1 1x, https:\/\/i0.wp.com\/blogdafeira.com.br\/home\/wp-content\/uploads\/2023\/11\/21112023115030.jpg?resize=525%2C300&ssl=1 1.5x, https:\/\/i0.wp.com\/blogdafeira.com.br\/home\/wp-content\/uploads\/2023\/11\/21112023115030.jpg?resize=700%2C400&ssl=1 2x, https:\/\/i0.wp.com\/blogdafeira.com.br\/home\/wp-content\/uploads\/2023\/11\/21112023115030.jpg?resize=1050%2C600&ssl=1 3x"},"classes":[]},{"id":14176,"url":"https:\/\/blogdafeira.com.br\/home\/2015\/03\/18\/via-engenharia-ganha-licitacao-do-brt-de-feiraobra-de-r-97-milhoes\/","url_meta":{"origin":4076,"position":5},"title":"Via Engenharia ganha licita\u00e7\u00e3o do BRT de Feira:obra de R$ 97 milh\u00f5es","author":"Blog da Feira","date":"18\/03\/2015","format":false,"excerpt":"A empresa Via Engenharia S\/A, foi a vencedora da licita\u00e7ao para as obras do BRT de Feira de Santana, or\u00e7adas em cerca de 97 milhoes de reais.A outra concorrente, Terrabras S.A, tem cinco dias para recorrer do resultado junto \u00e0 Comiss\u00e3o de Licita\u00e7\u00e3o. A obra do BRT de Feira vai\u2026","rel":"","context":"Em &quot;Home&quot;","block_context":{"text":"Home","link":"https:\/\/blogdafeira.com.br\/home\/categoria\/raiz\/"},"img":{"alt_text":"getuli ovagas","src":"https:\/\/i0.wp.com\/blogdafeira.com.br\/home\/wp-content\/uploads\/2014\/08\/getuli-ovagas.jpg?resize=350%2C200","width":350,"height":200,"srcset":"https:\/\/i0.wp.com\/blogdafeira.com.br\/home\/wp-content\/uploads\/2014\/08\/getuli-ovagas.jpg?resize=350%2C200 1x, https:\/\/i0.wp.com\/blogdafeira.com.br\/home\/wp-content\/uploads\/2014\/08\/getuli-ovagas.jpg?resize=525%2C300 1.5x"},"classes":[]}],"_links":{"self":[{"href":"https:\/\/blogdafeira.com.br\/home\/wp-json\/wp\/v2\/posts\/4076","targetHints":{"allow":["GET"]}}],"collection":[{"href":"https:\/\/blogdafeira.com.br\/home\/wp-json\/wp\/v2\/posts"}],"about":[{"href":"https:\/\/blogdafeira.com.br\/home\/wp-json\/wp\/v2\/types\/post"}],"author":[{"embeddable":true,"href":"https:\/\/blogdafeira.com.br\/home\/wp-json\/wp\/v2\/users\/1"}],"replies":[{"embeddable":true,"href":"https:\/\/blogdafeira.com.br\/home\/wp-json\/wp\/v2\/comments?post=4076"}],"version-history":[{"count":1,"href":"https:\/\/blogdafeira.com.br\/home\/wp-json\/wp\/v2\/posts\/4076\/revisions"}],"predecessor-version":[{"id":4078,"href":"https:\/\/blogdafeira.com.br\/home\/wp-json\/wp\/v2\/posts\/4076\/revisions\/4078"}],"wp:attachment":[{"href":"https:\/\/blogdafeira.com.br\/home\/wp-json\/wp\/v2\/media?parent=4076"}],"wp:term":[{"taxonomy":"category","embeddable":true,"href":"https:\/\/blogdafeira.com.br\/home\/wp-json\/wp\/v2\/categories?post=4076"},{"taxonomy":"post_tag","embeddable":true,"href":"https:\/\/blogdafeira.com.br\/home\/wp-json\/wp\/v2\/tags?post=4076"}],"curies":[{"name":"wp","href":"https:\/\/api.w.org\/{rel}","templated":true}]}}