{"id":40807,"date":"2020-09-29T02:04:25","date_gmt":"2020-09-29T05:04:25","guid":{"rendered":"https:\/\/blogdafeira.com.br\/home\/?p=40807"},"modified":"2020-10-06T11:30:33","modified_gmt":"2020-10-06T14:30:33","slug":"luiz-caldas-lanca-album-de-reggae-com-musicos-de-vitoria-da-conquista","status":"publish","type":"post","link":"https:\/\/blogdafeira.com.br\/home\/2020\/09\/29\/luiz-caldas-lanca-album-de-reggae-com-musicos-de-vitoria-da-conquista\/","title":{"rendered":"Luiz Caldas lan\u00e7a \u00e1lbum de reggae com m\u00fasicos de Vit\u00f3ria da Conquista"},"content":{"rendered":"<div id=\"blogd-649756995\" class=\"blogd-fim-do-post-mobile blogd-entity-placement\" style=\"margin-left: auto;margin-right: auto;text-align: center;\"><a href=\"https:\/\/www.sefaz.feiradesantana.ba.gov.br\/\" target=\"_blank\" aria-label=\"728&#215;90 (6)\"><img loading=\"lazy\" decoding=\"async\" src=\"https:\/\/blogdafeira.com.br\/home\/wp-content\/uploads\/2026\/03\/728x90-6.gif\" alt=\"\"  class=\"no-lazyload\" width=\"728\" height=\"90\"  style=\"display: inline-block;\" \/><\/a><\/div><p style=\"font-weight: 400; text-align: justify;\">Dez can\u00e7\u00f5es e dez\u00a0artistas em torno de um ritmo historicamente associado ao protesto social. \u00c9 nesse clima de produ\u00e7\u00e3o coletiva que Luiz Caldas lan\u00e7a o \u00e1lbum de reggae\u00a0<em>P\u00f3 de Estrelas<\/em>, o 104\u00ba do seu projeto de lan\u00e7amentos mensais, nesta quinta-feira (1\u00ba), nas plataformas digitais e em seu site\u00a0<a href=\"http:\/\/www.luizcaldas.com.br\/\" data-saferedirecturl=\"https:\/\/www.google.com\/url?q=http:\/\/www.luizcaldas.com.br&amp;source=gmail&amp;ust=1601439055845000&amp;usg=AFQjCNFJbNYtlpd61UcNTM9nORWTpmmnwA\">www.luizcaldas.com.br<\/a>.<\/p><div id=\"blogd-918053467\" class=\"blogd-conteudo-2-mobile blogd-entity-placement\"><a href=\"https:\/\/feirenses.com.br\/\" target=\"_blank\" aria-label=\"feirenses\"><img loading=\"lazy\" decoding=\"async\" src=\"https:\/\/blogdafeira.com.br\/home\/wp-content\/uploads\/2026\/04\/feirenses.png\" alt=\"\"  srcset=\"https:\/\/blogdafeira.com.br\/home\/wp-content\/uploads\/2026\/04\/feirenses.png 300w, https:\/\/blogdafeira.com.br\/home\/wp-content\/uploads\/2026\/04\/feirenses-170x45.png 170w, https:\/\/blogdafeira.com.br\/home\/wp-content\/uploads\/2026\/04\/feirenses-280x74.png 280w\" sizes=\"(max-width: 300px) 100vw, 300px\" class=\"no-lazyload\" width=\"300\" height=\"79\"  style=\"display: inline-block;\" \/><\/a><\/div>\n<p style=\"font-weight: 400; text-align: justify;\">As letras abordam a desigualdade social e o desrespeito ao pr\u00f3ximo que nasce da intoler\u00e2ncia diante das diferen\u00e7as. &#8220;<em> As pessoas deveriam sacar que o que torna tudo bonito \u00e9 exatamente o fato de nada nem ningu\u00e9m ser igual um ao outro, a diversidade \u00e9 o grande barato<\/em>&#8220;, comenta Luiz.<\/p>\n<p style=\"font-weight: 400; text-align: justify;\">Para cantar esse g\u00eanero musical que incita a mobiliza\u00e7\u00e3o em torno de justi\u00e7a social, Luiz Caldas decidiu reunir diferentes vozes e talentos, num total de sete m\u00fasicos, todos da cidade baiana de Vit\u00f3ria da Conquista, onde iniciou sua carreira.<\/p>\n<p style=\"font-weight: 400; text-align: justify;\">&#8220;\u00c9 um disco em que retorno para onde comecei minha hist\u00f3ria com a m\u00fasica, revisitando m\u00fasicos de l\u00e1, alguns parceiros antigos, como Nagib, outros mais novos e que tocam pra caramba&#8221;. S\u00e3o eles Daniel Novaes, Luciano PP, Arthur Fabiano, Koalla Ball,\u00a0Cl\u00e1udia Rizzo, Jorginho Nascimento.\u00a0 A faixa\u00a0<em>Vem do Tambor<\/em>\u00a0ainda traz a participa\u00e7\u00e3o de Emiss\u00e1rio Raell.<\/p>\n<p style=\"font-weight: 400; text-align: justify;\">&#8220;<em>Os arranjos foram assinados coletivamente, e um total de tr\u00eas est\u00fadios foram envolvidos na grava\u00e7\u00e3o, o maior n\u00famero desde que iniciei esse projeto. O resultado ficou muito legal e bem no clima de coletividade, que eu queria muito pra esse \u00e1lbum de reggae&#8221;,<\/em> comemora Luiz.<\/p>\n<p style=\"font-weight: 400; text-align: justify;\">A capa do disco traz arte assinada por Bianca Lopes, que \u00e9 resultado da colagem de pequenos recortes de fotos do artista. A montagem foi fotografada por Roberto Faria.<\/p>\n<p style=\"font-weight: 400; text-align: justify;\"><strong>Ficha T\u00e9cnica\u00a0<\/strong><\/p>\n<div id=\"blogd-3656724645\" class=\"blogd-final-post blogd-entity-placement\"><a href=\"https:\/\/www.feiradesantana.ba.leg.br\/\" target=\"_blank\" aria-label=\"BANNER-SITE-ENTREGADECHEQUE-CAMARADEFEIRA\"><img loading=\"lazy\" decoding=\"async\" src=\"https:\/\/blogdafeira.com.br\/home\/wp-content\/uploads\/2026\/03\/BANNER-SITE-ENTREGADECHEQUE-CAMARADEFEIRA.gif\" alt=\"\"  class=\"no-lazyload\" width=\"728\" height=\"90\"   \/><\/a><\/div><p style=\"font-weight: 400; text-align: justify;\">Dire\u00e7\u00e3o, Produ\u00e7\u00e3o, Guitarras, Teclados e Voz- Luiz Caldaa<br \/>\nProdu\u00e7\u00e3o Executiva &#8211; Alan Barboza e Nagib<br \/>\nArregimenta\u00e7\u00e3o &#8211; Nagib<br \/>\nMixagem e Masteriza\u00e7\u00e3o &#8211; Marcelo Machado<br \/>\nTrompete, Sax Tenor e Trombone &#8211; Daniel Novaes<br \/>\nBaixo &#8211; Luciano PP<br \/>\nBateria &#8211; Arthur Fabiano<br \/>\nPercuss\u00e3o &#8211; Koalla Balla<br \/>\nVocal &#8211; Cl\u00e1udia Rizzo e Jorginho Nascimento<br \/>\nFoto &#8211; Roberto Faria<br \/>\nArte da Capa &#8211; Bianca Lopes<br \/>\nArranjos &#8211; Coletivo<br \/>\nPart. Esp. Na m\u00fasica &#8211; Vem do Tambor &#8211;<br \/>\nMC Supremo e MC Rael<br \/>\n<em>Disco gravado nos est\u00fadios M. A. Artes, LuArt Studio e DN Studio para o Projeto de discos mensais do m\u00eas de outubro de 2020<\/em><\/p>\n","protected":false},"excerpt":{"rendered":"<p>Dez can\u00e7\u00f5es e dez\u00a0artistas em torno de um ritmo historicamente associado ao protesto social. \u00c9 nesse clima de produ\u00e7\u00e3o coletiva que Luiz Caldas lan\u00e7a o \u00e1lbum de reggae\u00a0P\u00f3 de Estrelas, o 104\u00ba do seu projeto de lan\u00e7amentos mensais, nesta quinta-feira (1\u00ba), nas plataformas digitais e em seu site\u00a0www.luizcaldas.com.br. As letras abordam a desigualdade social e<\/p>\n","protected":false},"author":1,"featured_media":40808,"comment_status":"closed","ping_status":"closed","sticky":false,"template":"","format":"standard","meta":{"jetpack_post_was_ever_published":false,"cybocfi_hide_featured_image":"","_jetpack_newsletter_access":"","_jetpack_dont_email_post_to_subs":false,"_jetpack_newsletter_tier_id":0,"_jetpack_memberships_contains_paywalled_content":false,"_jetpack_memberships_contains_paid_content":false,"footnotes":"","jetpack_publicize_message":"","jetpack_publicize_feature_enabled":true,"jetpack_social_post_already_shared":true,"jetpack_social_options":{"image_generator_settings":{"template":"highway","default_image_id":0,"font":"","enabled":false},"version":2}},"categories":[680,4,1],"tags":[],"class_list":["post-40807","post","type-post","status-publish","format-standard","has-post-thumbnail","hentry","category-bahia","category-cultura","category-raiz"],"jetpack_publicize_connections":[],"jetpack_featured_media_url":"https:\/\/blogdafeira.com.br\/home\/wp-content\/uploads\/2020\/09\/CAPA-out.jpg","jetpack_shortlink":"https:\/\/wp.me\/p3niVf-aCb","jetpack_sharing_enabled":true,"jetpack-related-posts":[{"id":57204,"url":"https:\/\/blogdafeira.com.br\/home\/2023\/04\/19\/luiz-caldas-sobe-no-trio-e-abre-a-micareta-de-feira-nesta-quinta-feira20\/","url_meta":{"origin":40807,"position":0},"title":"Luiz Caldas sobe no trio e abre a Micareta de Feira nesta quinta-feira,20","author":"Viva\/Divulga\u00e7\u00e3o","date":"19\/04\/2023","format":false,"excerpt":"O cantor Luiz Caldas subir\u00e1 no trio el\u00e9trico \u00e0s 17h30, nesta quinta-feira, e estar\u00e1 ent\u00e3o aberta, oficialmente,a grande programa\u00e7\u00e3o musical da Micareta de Feira de Santana que vai at\u00e9 a manh\u00e3 do dia 24, segunda-feira. Este ano esse Carnaval fora de \u00e9poca pioneiro no Brasil est\u00e1 completando 86 anos. Nesta\u2026","rel":"","context":"Em &quot;Cidade&quot;","block_context":{"text":"Cidade","link":"https:\/\/blogdafeira.com.br\/home\/categoria\/cidade\/"},"img":{"alt_text":"","src":"https:\/\/i0.wp.com\/blogdafeira.com.br\/home\/wp-content\/uploads\/2023\/04\/Screenshot_20230419-1614583.png?resize=350%2C200&ssl=1","width":350,"height":200},"classes":[]},{"id":19736,"url":"https:\/\/blogdafeira.com.br\/home\/2016\/02\/24\/clube-de-patifes-prepara-lancamento-de-casa-de-marimbondo-em-feira\/","url_meta":{"origin":40807,"position":1},"title":"Clube de Patifes prepara lan\u00e7amento de &#8220;Casa de Marimbondo&#8221; em Feira","author":"Viva\/Divulga\u00e7\u00e3o","date":"24\/02\/2016","format":false,"excerpt":"Com 17 anos de estrada, o grupo baiano Clube de Patifes, \u00a0se prepara para lan\u00e7ar o seu quarto \u00e1lbum de est\u00fadio, intitulado \"Casa de Marimbondo\". \"Casa de Marimbondo\" cont\u00e9m 11 faixas. Dois singles in\u00e9ditos j\u00e1 foram divulgados e servem como excelente pr\u00e9via para o disco completo. Ou\u00e7a\u00a0aqui. Com uma linguagem\u2026","rel":"","context":"Em &quot;Home&quot;","block_context":{"text":"Home","link":"https:\/\/blogdafeira.com.br\/home\/categoria\/raiz\/"},"img":{"alt_text":"clube de patifes","src":"https:\/\/i0.wp.com\/blogdafeira.com.br\/home\/wp-content\/uploads\/2016\/02\/clube-de-patifes.jpg?resize=350%2C200","width":350,"height":200,"srcset":"https:\/\/i0.wp.com\/blogdafeira.com.br\/home\/wp-content\/uploads\/2016\/02\/clube-de-patifes.jpg?resize=350%2C200 1x, https:\/\/i0.wp.com\/blogdafeira.com.br\/home\/wp-content\/uploads\/2016\/02\/clube-de-patifes.jpg?resize=525%2C300 1.5x, https:\/\/i0.wp.com\/blogdafeira.com.br\/home\/wp-content\/uploads\/2016\/02\/clube-de-patifes.jpg?resize=700%2C400 2x"},"classes":[]},{"id":59475,"url":"https:\/\/blogdafeira.com.br\/home\/2023\/09\/22\/tonho-materia-recebeu-titulo-de-cidadao-feirense-na-camara-municipal\/","url_meta":{"origin":40807,"position":2},"title":"Tonho Mat\u00e9ria recebeu t\u00edtulo de Cidad\u00e3o Feirense na C\u00e2mara Municipal","author":"Viva\/Divulga\u00e7\u00e3o","date":"22\/09\/2023","format":false,"excerpt":"Com Hino Nacional cantado \u201c\u00e0 capela\u201d pela cantora feirense M\u00e1rcia Porto, o m\u00fasico, mestre de capoeira, cantor, compositor e publicit\u00e1rio Tonho Mat\u00e9ria tornou-se cidad\u00e3o feirense durante sess\u00e3o solene realizada na noite desta quinta-feira (21) na C\u00e2mara Municipal. Na mesma sess\u00e3o comemorou-se o Dia Municipal da Beleza Negra, celebrado ontem, 20\u2026","rel":"","context":"Em &quot;Home&quot;","block_context":{"text":"Home","link":"https:\/\/blogdafeira.com.br\/home\/categoria\/raiz\/"},"img":{"alt_text":"","src":"https:\/\/i0.wp.com\/blogdafeira.com.br\/home\/wp-content\/uploads\/2023\/09\/650ce69427adb.jpg?resize=350%2C200&ssl=1","width":350,"height":200,"srcset":"https:\/\/i0.wp.com\/blogdafeira.com.br\/home\/wp-content\/uploads\/2023\/09\/650ce69427adb.jpg?resize=350%2C200&ssl=1 1x, https:\/\/i0.wp.com\/blogdafeira.com.br\/home\/wp-content\/uploads\/2023\/09\/650ce69427adb.jpg?resize=525%2C300&ssl=1 1.5x, https:\/\/i0.wp.com\/blogdafeira.com.br\/home\/wp-content\/uploads\/2023\/09\/650ce69427adb.jpg?resize=700%2C400&ssl=1 2x"},"classes":[]},{"id":70940,"url":"https:\/\/blogdafeira.com.br\/home\/2026\/01\/15\/luiz-caldas-faz-festa-da-magia-no-cenario-natural-do-museu-de-arte-moderna-domingo-o-cenario-vivo-do-mam-e-faz-a-magia-acontecer-neste-domingo\/","url_meta":{"origin":40807,"position":3},"title":"Luiz Caldas faz &#8216;Festa Magia&#8217; no cen\u00e1rio natural do Museu de Arte Moderna, domingo","author":"Viva\/Divulga\u00e7\u00e3o","date":"15\/01\/2026","format":false,"excerpt":"Em clima de pr\u00e9-Carnaval e \u00e0s v\u00e9speras de completar 63 anos, Luiz Caldas faz a m\u00e1gica da sua m\u00fasica acontecer mais uma vez na tradicional Festa Magia neste domingo (18), a partir das 16h, no Museu de Arte Moderna da Bahia (MAM). Com o an\u00fancio de tr\u00eas horas de apresenta\u00e7\u00e3o,\u2026","rel":"","context":"Em &quot;Cidade&quot;","block_context":{"text":"Cidade","link":"https:\/\/blogdafeira.com.br\/home\/categoria\/cidade\/"},"img":{"alt_text":"","src":"https:\/\/i0.wp.com\/blogdafeira.com.br\/home\/wp-content\/uploads\/2026\/01\/Luiz-Caldas_MAM_por_Marcio-Santos.jpeg?resize=350%2C200&ssl=1","width":350,"height":200,"srcset":"https:\/\/i0.wp.com\/blogdafeira.com.br\/home\/wp-content\/uploads\/2026\/01\/Luiz-Caldas_MAM_por_Marcio-Santos.jpeg?resize=350%2C200&ssl=1 1x, https:\/\/i0.wp.com\/blogdafeira.com.br\/home\/wp-content\/uploads\/2026\/01\/Luiz-Caldas_MAM_por_Marcio-Santos.jpeg?resize=525%2C300&ssl=1 1.5x, https:\/\/i0.wp.com\/blogdafeira.com.br\/home\/wp-content\/uploads\/2026\/01\/Luiz-Caldas_MAM_por_Marcio-Santos.jpeg?resize=700%2C400&ssl=1 2x, https:\/\/i0.wp.com\/blogdafeira.com.br\/home\/wp-content\/uploads\/2026\/01\/Luiz-Caldas_MAM_por_Marcio-Santos.jpeg?resize=1050%2C600&ssl=1 3x"},"classes":[]},{"id":62466,"url":"https:\/\/blogdafeira.com.br\/home\/2024\/06\/15\/joao-gomes-e-luiz-caldas-sao-atracoes-no-palco-principal-do-sao-joao-em-salvador\/","url_meta":{"origin":40807,"position":4},"title":"Jo\u00e3o Gomes e Luiz Caldas s\u00e3o atra\u00e7\u00f5es no palco principal do S\u00e3o Jo\u00e3o em Salvador","author":"Viva\/Divulga\u00e7\u00e3o","date":"15\/06\/2024","format":false,"excerpt":"Neste s\u00e1bado (15), no palco principal do S\u00e3o Jo\u00e3o da Bahia, no Parque de Exposi\u00e7\u00f5es, em Salvador, tem\u00a0 as apresenta\u00e7\u00f5es de Luiz Caldas, M\u00e1rcia Felipe, Psirico, Escandurras e Jo\u00e3o Gomes, encerrando a primeira fase dos festejos. No pranch\u00e3o, o show fica por conta de Danilo Sori e a banda Na\u2026","rel":"","context":"Em &quot;Geral&quot;","block_context":{"text":"Geral","link":"https:\/\/blogdafeira.com.br\/home\/categoria\/geral\/"},"img":{"alt_text":"","src":"https:\/\/i0.wp.com\/blogdafeira.com.br\/home\/wp-content\/uploads\/2024\/06\/Sao-Joao-Parque-Expo.-Fotos-Fernando-VivasGOVBA-7-1068x712-1.jpeg?resize=350%2C200&ssl=1","width":350,"height":200,"srcset":"https:\/\/i0.wp.com\/blogdafeira.com.br\/home\/wp-content\/uploads\/2024\/06\/Sao-Joao-Parque-Expo.-Fotos-Fernando-VivasGOVBA-7-1068x712-1.jpeg?resize=350%2C200&ssl=1 1x, https:\/\/i0.wp.com\/blogdafeira.com.br\/home\/wp-content\/uploads\/2024\/06\/Sao-Joao-Parque-Expo.-Fotos-Fernando-VivasGOVBA-7-1068x712-1.jpeg?resize=525%2C300&ssl=1 1.5x, https:\/\/i0.wp.com\/blogdafeira.com.br\/home\/wp-content\/uploads\/2024\/06\/Sao-Joao-Parque-Expo.-Fotos-Fernando-VivasGOVBA-7-1068x712-1.jpeg?resize=700%2C400&ssl=1 2x, https:\/\/i0.wp.com\/blogdafeira.com.br\/home\/wp-content\/uploads\/2024\/06\/Sao-Joao-Parque-Expo.-Fotos-Fernando-VivasGOVBA-7-1068x712-1.jpeg?resize=1050%2C600&ssl=1 3x"},"classes":[]},{"id":17741,"url":"https:\/\/blogdafeira.com.br\/home\/2015\/11\/16\/filosofo-germano-machado-lanca-livro-nesta-terca-no-mac-de-feira\/","url_meta":{"origin":40807,"position":5},"title":"Fil\u00f3sofo Germano Machado lan\u00e7a livro nesta ter\u00e7a no MAC de Feira","author":"Viva\/Divulga\u00e7\u00e3o","date":"16\/11\/2015","format":false,"excerpt":"O fil\u00f3sofo baiano Germano Machado estar\u00e1 nesta cidade nesta ter\u00e7a-feira, \u00e0s 19 horas, no Museu de Arte Contempor\u00e2nea (MAC) lan\u00e7ando seu mais recente livro, \u201cA Longo Prazo - di\u00e1rio est\u00e9tico filos\u00f3fico\u201d. Um dos mais atuantes pensadores baianos \u00e9 \u00a0fundador do (CEPA) um movimento educativo- cultural que atua na Bahia h\u00e1\u2026","rel":"","context":"Em &quot;Home&quot;","block_context":{"text":"Home","link":"https:\/\/blogdafeira.com.br\/home\/categoria\/raiz\/"},"img":{"alt_text":"germnano","src":"https:\/\/i0.wp.com\/blogdafeira.com.br\/home\/wp-content\/uploads\/2015\/11\/germnano-1024x699.jpg?resize=350%2C200","width":350,"height":200,"srcset":"https:\/\/i0.wp.com\/blogdafeira.com.br\/home\/wp-content\/uploads\/2015\/11\/germnano-1024x699.jpg?resize=350%2C200 1x, https:\/\/i0.wp.com\/blogdafeira.com.br\/home\/wp-content\/uploads\/2015\/11\/germnano-1024x699.jpg?resize=525%2C300 1.5x"},"classes":[]}],"_links":{"self":[{"href":"https:\/\/blogdafeira.com.br\/home\/wp-json\/wp\/v2\/posts\/40807","targetHints":{"allow":["GET"]}}],"collection":[{"href":"https:\/\/blogdafeira.com.br\/home\/wp-json\/wp\/v2\/posts"}],"about":[{"href":"https:\/\/blogdafeira.com.br\/home\/wp-json\/wp\/v2\/types\/post"}],"author":[{"embeddable":true,"href":"https:\/\/blogdafeira.com.br\/home\/wp-json\/wp\/v2\/users\/1"}],"replies":[{"embeddable":true,"href":"https:\/\/blogdafeira.com.br\/home\/wp-json\/wp\/v2\/comments?post=40807"}],"version-history":[{"count":2,"href":"https:\/\/blogdafeira.com.br\/home\/wp-json\/wp\/v2\/posts\/40807\/revisions"}],"predecessor-version":[{"id":40979,"href":"https:\/\/blogdafeira.com.br\/home\/wp-json\/wp\/v2\/posts\/40807\/revisions\/40979"}],"wp:featuredmedia":[{"embeddable":true,"href":"https:\/\/blogdafeira.com.br\/home\/wp-json\/wp\/v2\/media\/40808"}],"wp:attachment":[{"href":"https:\/\/blogdafeira.com.br\/home\/wp-json\/wp\/v2\/media?parent=40807"}],"wp:term":[{"taxonomy":"category","embeddable":true,"href":"https:\/\/blogdafeira.com.br\/home\/wp-json\/wp\/v2\/categories?post=40807"},{"taxonomy":"post_tag","embeddable":true,"href":"https:\/\/blogdafeira.com.br\/home\/wp-json\/wp\/v2\/tags?post=40807"}],"curies":[{"name":"wp","href":"https:\/\/api.w.org\/{rel}","templated":true}]}}