{"id":4084,"date":"2013-08-02T17:24:06","date_gmt":"2013-08-02T20:24:06","guid":{"rendered":"http:\/\/blogdafeira.com.br\/home\/?p=4084"},"modified":"2013-08-02T17:24:06","modified_gmt":"2013-08-02T20:24:06","slug":"novo-protesto-fecha-o-anel-do-contorno-proximo-ao-cis-em-feira","status":"publish","type":"post","link":"https:\/\/blogdafeira.com.br\/home\/2013\/08\/02\/novo-protesto-fecha-o-anel-do-contorno-proximo-ao-cis-em-feira\/","title":{"rendered":"Novo protesto fecha o Anel do Contorno pr\u00f3ximo ao CIS em Feira"},"content":{"rendered":"<div id=\"blogd-3939306371\" class=\"blogd-fim-do-post-mobile blogd-entity-placement\" style=\"margin-left: auto;margin-right: auto;text-align: center;\"><a href=\"https:\/\/www.sefaz.feiradesantana.ba.gov.br\/\" target=\"_blank\" aria-label=\"728&#215;90 (6)\"><img loading=\"lazy\" decoding=\"async\" src=\"https:\/\/blogdafeira.com.br\/home\/wp-content\/uploads\/2026\/03\/728x90-6.gif\" alt=\"\"  class=\"no-lazyload\" width=\"728\" height=\"90\"  style=\"display: inline-block;\" \/><\/a><\/div><p><img loading=\"lazy\" decoding=\"async\" class=\"aligncenter size-full wp-image-4085\" alt=\"ANEL\" src=\"http:\/\/blogdafeira.com.br\/home\/wp-content\/uploads\/2013\/08\/ANEL.jpg\" width=\"640\" height=\"480\" srcset=\"https:\/\/blogdafeira.com.br\/home\/wp-content\/uploads\/2013\/08\/ANEL.jpg 640w, https:\/\/blogdafeira.com.br\/home\/wp-content\/uploads\/2013\/08\/ANEL-170x127.jpg 170w, https:\/\/blogdafeira.com.br\/home\/wp-content\/uploads\/2013\/08\/ANEL-346x259.jpg 346w\" sizes=\"auto, (max-width: 640px) 100vw, 640px\" \/>Um grupo de manifestantes fechou nesta tarde a avenida Anel do Contorno (Eduardo Fr\u00f3es da Mota), nas proximidades do CIS e Feira X<\/p><div id=\"blogd-2595721086\" class=\"blogd-conteudo-2-mobile blogd-entity-placement\"><a href=\"https:\/\/feirenses.com.br\/\" target=\"_blank\" aria-label=\"feirenses\"><img loading=\"lazy\" decoding=\"async\" src=\"https:\/\/blogdafeira.com.br\/home\/wp-content\/uploads\/2026\/04\/feirenses.png\" alt=\"\"  srcset=\"https:\/\/blogdafeira.com.br\/home\/wp-content\/uploads\/2026\/04\/feirenses.png 300w, https:\/\/blogdafeira.com.br\/home\/wp-content\/uploads\/2026\/04\/feirenses-170x45.png 170w, https:\/\/blogdafeira.com.br\/home\/wp-content\/uploads\/2026\/04\/feirenses-280x74.png 280w\" sizes=\"(max-width: 300px) 100vw, 300px\" class=\"no-lazyload\" width=\"300\" height=\"79\"  style=\"display: inline-block;\" \/><\/a><\/div>\n<p>Rapidamente o engarrafamento se estendeu por todo o Anel abrangendo parte da BR-324.<\/p>\n<div id=\"blogd-3067645572\" class=\"blogd-final-post blogd-entity-placement\"><a href=\"https:\/\/www.feiradesantana.ba.leg.br\/\" target=\"_blank\" aria-label=\"BANNER-SITE-ENTREGADECHEQUE-CAMARADEFEIRA\"><img loading=\"lazy\" decoding=\"async\" src=\"https:\/\/blogdafeira.com.br\/home\/wp-content\/uploads\/2026\/03\/BANNER-SITE-ENTREGADECHEQUE-CAMARADEFEIRA.gif\" alt=\"\"  class=\"no-lazyload\" width=\"728\" height=\"90\"   \/><\/a><\/div><p>As manifesta\u00e7\u00e3o em Feira est\u00e3o frequentes desde a irrup\u00e7\u00e3o das &#8216;Manifesta\u00e7\u00f5es de Junho&#8217; em todo o Brasil.<\/p>\n","protected":false},"excerpt":{"rendered":"<p>Um grupo de manifestantes fechou nesta tarde a avenida Anel do Contorno (Eduardo Fr\u00f3es da Mota), nas proximidades do CIS e Feira X Rapidamente o engarrafamento se estendeu por todo o Anel abrangendo parte da BR-324. As manifesta\u00e7\u00e3o em Feira est\u00e3o frequentes desde a irrup\u00e7\u00e3o das &#8216;Manifesta\u00e7\u00f5es de Junho&#8217; em todo o Brasil.<\/p>\n","protected":false},"author":1,"featured_media":0,"comment_status":"closed","ping_status":"closed","sticky":false,"template":"","format":"standard","meta":{"jetpack_post_was_ever_published":false,"cybocfi_hide_featured_image":"","_jetpack_newsletter_access":"","_jetpack_dont_email_post_to_subs":false,"_jetpack_newsletter_tier_id":0,"_jetpack_memberships_contains_paywalled_content":false,"_jetpack_memberships_contains_paid_content":false,"footnotes":"","jetpack_publicize_message":"","jetpack_publicize_feature_enabled":true,"jetpack_social_post_already_shared":true,"jetpack_social_options":{"image_generator_settings":{"template":"highway","default_image_id":0,"font":"","enabled":false},"version":2}},"categories":[1],"tags":[],"class_list":["post-4084","post","type-post","status-publish","format-standard","hentry","category-raiz"],"jetpack_publicize_connections":[],"jetpack_featured_media_url":"","jetpack_shortlink":"https:\/\/wp.me\/p3niVf-13S","jetpack_sharing_enabled":true,"jetpack-related-posts":[{"id":13958,"url":"https:\/\/blogdafeira.com.br\/home\/2014\/12\/11\/bairro-do-viveiros-resiste-a-via-bahia-e-sofre-pressao-policial-em-feira\/","url_meta":{"origin":4084,"position":0},"title":"Bairro do Viveiros &#8216;resiste&#8217; \u00e0 Via Bahia e sofre press\u00e3o policial em Feira","author":"Blog da Feira","date":"11\/12\/2014","format":false,"excerpt":"As chuvas de hoje \u00e0 tarde impediram uma nova manifesta\u00e7\u00e3o organizada pelos moradores do bairro do Viveiros, em Feira de Santana, que resistem a todo custo \u00e0 duplica\u00e7\u00e3o do Anel do Contorno feita pela Via Bahia e que modificou h\u00e1bitos e caminhos de acesso ao bairro que fica al\u00e9m do\u2026","rel":"","context":"Em &quot;Home&quot;","block_context":{"text":"Home","link":"https:\/\/blogdafeira.com.br\/home\/categoria\/raiz\/"},"img":{"alt_text":"FOGO GOFOGOGOGO","src":"https:\/\/i0.wp.com\/blogdafeira.com.br\/home\/wp-content\/uploads\/2014\/12\/FOGO-GOFOGOGOGO.jpg?resize=350%2C200","width":350,"height":200,"srcset":"https:\/\/i0.wp.com\/blogdafeira.com.br\/home\/wp-content\/uploads\/2014\/12\/FOGO-GOFOGOGOGO.jpg?resize=350%2C200 1x, https:\/\/i0.wp.com\/blogdafeira.com.br\/home\/wp-content\/uploads\/2014\/12\/FOGO-GOFOGOGOGO.jpg?resize=525%2C300 1.5x"},"classes":[]},{"id":70743,"url":"https:\/\/blogdafeira.com.br\/home\/2026\/01\/02\/proximidade-entre-ze-ronaldo-e-jeronimo-marcou-o-assunto-politico-na-feira-em-2025\/","url_meta":{"origin":4084,"position":1},"title":"Proximidade entre Z\u00e9 Ronaldo e Jer\u00f4nimo marcou o assunto pol\u00edtico na Feira em 2025","author":"Blog da Feira","date":"02\/01\/2026","format":false,"excerpt":"A chamada\u00a0 proximidade institucional do prefeito Z\u00e9 Ronaldo com o governador Jer\u00f4nimo Rodrigues foi um dos assuntos pol\u00edticos mais comentados em Feira no ano que passou. Mas outros acontecimentos n\u00e3o passaram despercebidos, pelo menos para olhares mais atentos sobre a cidade, como por exemplo, \u00a0\"a inclus\u00e3o de Feira de Santana,\u2026","rel":"","context":"Em &quot;Cidade&quot;","block_context":{"text":"Cidade","link":"https:\/\/blogdafeira.com.br\/home\/categoria\/cidade\/"},"img":{"alt_text":"","src":"https:\/\/i0.wp.com\/blogdafeira.com.br\/home\/wp-content\/uploads\/2026\/01\/Ze-Ronaldo-nao-deve-dificultar-apoio-de-aliados-a-0135162700202509192118-ScaleDownProportional.webp?resize=350%2C200&ssl=1","width":350,"height":200,"srcset":"https:\/\/i0.wp.com\/blogdafeira.com.br\/home\/wp-content\/uploads\/2026\/01\/Ze-Ronaldo-nao-deve-dificultar-apoio-de-aliados-a-0135162700202509192118-ScaleDownProportional.webp?resize=350%2C200&ssl=1 1x, https:\/\/i0.wp.com\/blogdafeira.com.br\/home\/wp-content\/uploads\/2026\/01\/Ze-Ronaldo-nao-deve-dificultar-apoio-de-aliados-a-0135162700202509192118-ScaleDownProportional.webp?resize=525%2C300&ssl=1 1.5x"},"classes":[]},{"id":19359,"url":"https:\/\/blogdafeira.com.br\/home\/2016\/01\/22\/via-bahia-faz-projeto-de-tunel-para-resolver-isolamento-de-bairro-em-feira\/","url_meta":{"origin":4084,"position":2},"title":"Via Bahia faz projeto de t\u00fanel para resolver isolamento de bairro em Feira","author":"Blog da Feira","date":"22\/01\/2016","format":false,"excerpt":"A Via Bahia apresentar\u00e1, na C\u00e2mara dos Dirigentes Lojistas de Feira de Santana, na pr\u00f3xima \u00a0ter\u00e7a-feira, um projeto de constru\u00e7\u00e3o da passagem subterr\u00e2nea sob o Anel do Contorno (avenida Eduardo Fr\u00f3es da Mota) para ligar os bairros Viveiros e Feira X.. Com a duplica\u00e7\u00e3o do Anel do Contorno, o bairro\u2026","rel":"","context":"Em &quot;Home&quot;","block_context":{"text":"Home","link":"https:\/\/blogdafeira.com.br\/home\/categoria\/raiz\/"},"img":{"alt_text":"","src":"","width":0,"height":0},"classes":[]},{"id":56406,"url":"https:\/\/blogdafeira.com.br\/home\/2023\/02\/08\/ministro-da-infraestrutura-promete-recursos-para-duplicar-anel-de-contorno\/","url_meta":{"origin":4084,"position":3},"title":"Ministro da Infraestrutura promete recursos para duplicar Anel de Contorno","author":"Blog da Feira","date":"08\/02\/2023","format":false,"excerpt":"Em reuni\u00e3o na \u00faltima ter\u00e7a (7) com o deputado federal Z\u00e9 Neto (PT), o Ministro da infraestrutura, Renan Filho, prometeu garantir os recursos necess\u00e1rios para a duplica\u00e7\u00e3o completa do Anel de Contorno e da BR-116 Norte no trecho que liga Feira\u00a0 de Santana a Serrinha. O Contorno, que integra a\u2026","rel":"","context":"Em &quot;Bahia&quot;","block_context":{"text":"Bahia","link":"https:\/\/blogdafeira.com.br\/home\/categoria\/bahia\/"},"img":{"alt_text":"","src":"https:\/\/i0.wp.com\/blogdafeira.com.br\/home\/wp-content\/uploads\/2023\/02\/renan-filho.jpg?resize=350%2C200&ssl=1","width":350,"height":200,"srcset":"https:\/\/i0.wp.com\/blogdafeira.com.br\/home\/wp-content\/uploads\/2023\/02\/renan-filho.jpg?resize=350%2C200&ssl=1 1x, https:\/\/i0.wp.com\/blogdafeira.com.br\/home\/wp-content\/uploads\/2023\/02\/renan-filho.jpg?resize=525%2C300&ssl=1 1.5x, https:\/\/i0.wp.com\/blogdafeira.com.br\/home\/wp-content\/uploads\/2023\/02\/renan-filho.jpg?resize=700%2C400&ssl=1 2x"},"classes":[]},{"id":29557,"url":"https:\/\/blogdafeira.com.br\/home\/2018\/05\/05\/novo-plano-diretor-preve-um-2-anel-de-contorno-rodoferroviario-em-feira-de-santana\/","url_meta":{"origin":4084,"position":4},"title":"Novo Plano Diretor prev\u00ea um 2\u00b0 Anel de Contorno, &#8216;rodoferrovi\u00e1rio&#8217;, em Feira de Santana","author":"Blog da Feira","date":"05\/05\/2018","format":false,"excerpt":"O novo Plano Diretor de Desenvolvimento Urbano de Feira de Santana (PDDU) prev\u00ea a constru\u00e7\u00e3o de um 2\u00b0 Anel de Contorno que dever\u00e1 ser 'rodoferrovi\u00e1rio' . O documento tamb\u00e9m estimula a implanta\u00e7\u00e3o, de fato,\u00a0 da Regi\u00e3o Metropolitana de Feira de Santana Entre o atual Anel de Contorno e o futuro\u2026","rel":"","context":"Em &quot;Home&quot;","block_context":{"text":"Home","link":"https:\/\/blogdafeira.com.br\/home\/categoria\/raiz\/"},"img":{"alt_text":"","src":"https:\/\/i0.wp.com\/blogdafeira.com.br\/home\/wp-content\/uploads\/2018\/05\/images-22.jpeg?resize=350%2C200","width":350,"height":200},"classes":[]},{"id":5267,"url":"https:\/\/blogdafeira.com.br\/home\/2013\/09\/26\/ciretran-de-feira-defende-retirada-de-semaforos-no-anel-do-contorno\/","url_meta":{"origin":4084,"position":5},"title":"Ciretran de Feira defende retirada de sem\u00e1foros no Anel do Contorno","author":"Blog da Feira","date":"26\/09\/2013","format":false,"excerpt":"O coordernador regional da Ciretran de Feira de Santana, Silvio Dias, criticou a constru\u00e7\u00e3o dos viadutos de Feira de Santana que segundo ele foram feitos 'sem pensar no futuro'. Silvio participou de sess\u00e3o especial na C\u00e2mara de Feira de Santana sobre o tr\u00e1fego em Feira de Santana. Ele tamb\u00e9m defendeu\u2026","rel":"","context":"Em &quot;Home&quot;","block_context":{"text":"Home","link":"https:\/\/blogdafeira.com.br\/home\/categoria\/raiz\/"},"img":{"alt_text":"","src":"","width":0,"height":0},"classes":[]}],"_links":{"self":[{"href":"https:\/\/blogdafeira.com.br\/home\/wp-json\/wp\/v2\/posts\/4084","targetHints":{"allow":["GET"]}}],"collection":[{"href":"https:\/\/blogdafeira.com.br\/home\/wp-json\/wp\/v2\/posts"}],"about":[{"href":"https:\/\/blogdafeira.com.br\/home\/wp-json\/wp\/v2\/types\/post"}],"author":[{"embeddable":true,"href":"https:\/\/blogdafeira.com.br\/home\/wp-json\/wp\/v2\/users\/1"}],"replies":[{"embeddable":true,"href":"https:\/\/blogdafeira.com.br\/home\/wp-json\/wp\/v2\/comments?post=4084"}],"version-history":[{"count":1,"href":"https:\/\/blogdafeira.com.br\/home\/wp-json\/wp\/v2\/posts\/4084\/revisions"}],"predecessor-version":[{"id":4086,"href":"https:\/\/blogdafeira.com.br\/home\/wp-json\/wp\/v2\/posts\/4084\/revisions\/4086"}],"wp:attachment":[{"href":"https:\/\/blogdafeira.com.br\/home\/wp-json\/wp\/v2\/media?parent=4084"}],"wp:term":[{"taxonomy":"category","embeddable":true,"href":"https:\/\/blogdafeira.com.br\/home\/wp-json\/wp\/v2\/categories?post=4084"},{"taxonomy":"post_tag","embeddable":true,"href":"https:\/\/blogdafeira.com.br\/home\/wp-json\/wp\/v2\/tags?post=4084"}],"curies":[{"name":"wp","href":"https:\/\/api.w.org\/{rel}","templated":true}]}}