{"id":40889,"date":"2020-10-02T19:02:54","date_gmt":"2020-10-02T22:02:54","guid":{"rendered":"https:\/\/blogdafeira.com.br\/home\/?p=40889"},"modified":"2020-10-06T11:26:45","modified_gmt":"2020-10-06T14:26:45","slug":"pescadoras-de-ipuacu-aprendem-mais-sobre-tilapias","status":"publish","type":"post","link":"https:\/\/blogdafeira.com.br\/home\/2020\/10\/02\/pescadoras-de-ipuacu-aprendem-mais-sobre-tilapias\/","title":{"rendered":"Pescadoras de Ipua\u00e7u aprendem mais sobre til\u00e1pias"},"content":{"rendered":"<div id=\"blogd-1073668267\" class=\"blogd-fim-do-post-mobile blogd-entity-placement\" style=\"margin-left: auto;margin-right: auto;text-align: center;\"><a href=\"https:\/\/www.sefaz.feiradesantana.ba.gov.br\/\" target=\"_blank\" aria-label=\"728&#215;90 (6)\"><img loading=\"lazy\" decoding=\"async\" src=\"https:\/\/blogdafeira.com.br\/home\/wp-content\/uploads\/2026\/03\/728x90-6.gif\" alt=\"\"  class=\"no-lazyload\" width=\"728\" height=\"90\"  style=\"display: inline-block;\" \/><\/a><\/div><p>Um curso promovido pela Associa\u00e7\u00e3o dos Produtores Rurais e Pescadores do distrito rural de Ipua\u00e7u, em Feira de Santana, oportunizou moradores locais a garantir uma renda extra, a partir do beneficiamento de til\u00e1pias.<\/p><div id=\"blogd-1063063958\" class=\"blogd-conteudo-2-mobile blogd-entity-placement\"><a href=\"https:\/\/feirenses.com.br\/\" target=\"_blank\" aria-label=\"feirenses\"><img loading=\"lazy\" decoding=\"async\" src=\"https:\/\/blogdafeira.com.br\/home\/wp-content\/uploads\/2026\/04\/feirenses.png\" alt=\"\"  srcset=\"https:\/\/blogdafeira.com.br\/home\/wp-content\/uploads\/2026\/04\/feirenses.png 300w, https:\/\/blogdafeira.com.br\/home\/wp-content\/uploads\/2026\/04\/feirenses-170x45.png 170w, https:\/\/blogdafeira.com.br\/home\/wp-content\/uploads\/2026\/04\/feirenses-280x74.png 280w\" sizes=\"(max-width: 300px) 100vw, 300px\" class=\"no-lazyload\" width=\"300\" height=\"79\"  style=\"display: inline-block;\" \/><\/a><\/div>\n<div id=\"blogd-1069485163\" class=\"blogd-final-post blogd-entity-placement\"><a href=\"https:\/\/www.feiradesantana.ba.leg.br\/\" target=\"_blank\" aria-label=\"BANNER-SITE-ENTREGADECHEQUE-CAMARADEFEIRA\"><img loading=\"lazy\" decoding=\"async\" src=\"https:\/\/blogdafeira.com.br\/home\/wp-content\/uploads\/2026\/03\/BANNER-SITE-ENTREGADECHEQUE-CAMARADEFEIRA.gif\" alt=\"\"  class=\"no-lazyload\" width=\"728\" height=\"90\"   \/><\/a><\/div><p>Assista a reportagem em v\u00eddeo:<\/p>\n<p><span class=\"embed-youtube\" style=\"text-align:center; display: block;\"><iframe loading=\"lazy\" class=\"youtube-player\" width=\"1170\" height=\"659\" src=\"https:\/\/www.youtube.com\/embed\/IrjNe1mXTbY?version=3&#038;rel=1&#038;showsearch=0&#038;showinfo=1&#038;iv_load_policy=1&#038;fs=1&#038;hl=pt-BR&#038;autohide=2&#038;wmode=transparent\" allowfullscreen=\"true\" style=\"border:0;\" sandbox=\"allow-scripts allow-same-origin allow-popups allow-presentation allow-popups-to-escape-sandbox\"><\/iframe><\/span><\/p>\n<p>&nbsp;<\/p>\n","protected":false},"excerpt":{"rendered":"<p>Um curso promovido pela Associa\u00e7\u00e3o dos Produtores Rurais e Pescadores do distrito rural de Ipua\u00e7u, em Feira de Santana, oportunizou moradores locais a garantir uma renda extra, a partir do beneficiamento de til\u00e1pias. Assista a reportagem em v\u00eddeo: &nbsp;<\/p>\n","protected":false},"author":1,"featured_media":40890,"comment_status":"closed","ping_status":"closed","sticky":false,"template":"","format":"standard","meta":{"jetpack_post_was_ever_published":false,"cybocfi_hide_featured_image":"","_jetpack_newsletter_access":"","_jetpack_dont_email_post_to_subs":false,"_jetpack_newsletter_tier_id":0,"_jetpack_memberships_contains_paywalled_content":false,"_jetpack_memberships_contains_paid_content":false,"footnotes":"","jetpack_publicize_message":"","jetpack_publicize_feature_enabled":true,"jetpack_social_post_already_shared":true,"jetpack_social_options":{"image_generator_settings":{"template":"highway","default_image_id":0,"font":"","enabled":false},"version":2}},"categories":[748,1],"tags":[],"class_list":["post-40889","post","type-post","status-publish","format-standard","has-post-thumbnail","hentry","category-distritos","category-raiz"],"jetpack_publicize_connections":[],"jetpack_featured_media_url":"https:\/\/blogdafeira.com.br\/home\/wp-content\/uploads\/2020\/10\/tilapia.jpg","jetpack_shortlink":"https:\/\/wp.me\/p3niVf-aDv","jetpack_sharing_enabled":true,"jetpack-related-posts":[{"id":5681,"url":"https:\/\/blogdafeira.com.br\/home\/2013\/10\/22\/festa-do-pescador-neste-fim-de-semana-no-distrito-de-ipuacu-em-feira\/","url_meta":{"origin":40889,"position":0},"title":"Festa do Pescador neste fim de semana no distrito de Ipua\u00e7u em Feira","author":"Secom\/FSA","date":"22\/10\/2013","format":false,"excerpt":"De sexta-feira a domingo acontece a \u00a09\u00aa Festa do Pescador em Feira de Santana, \u00a0na Fazenda Mergulho, \u00e0s margens do Rio Jacu\u00edpe, no distrito de Governador Jo\u00e3o Durval Carneiro (antigo Ipua\u00e7u).Centenas de fam\u00edlias sobrevivem da pesca em Feira de Santana. Na regi\u00e3o, milhares de pescadores \u00a0jogam tarrafas ou fixam suas\u2026","rel":"","context":"Em &quot;Home&quot;","block_context":{"text":"Home","link":"https:\/\/blogdafeira.com.br\/home\/categoria\/raiz\/"},"img":{"alt_text":"","src":"","width":0,"height":0},"classes":[]},{"id":16310,"url":"https:\/\/blogdafeira.com.br\/home\/2015\/08\/24\/tilapia-e-a-atracao-no-centro-cultural-raso-da-catarina-em-paulo-afonso\/","url_meta":{"origin":40889,"position":1},"title":"Til\u00e1pia \u00e9 a atra\u00e7\u00e3o no Centro Cultural &#8216;Raso da Catarina&#8217; em Paulo Afonso","author":"Secom\/FSA","date":"24\/08\/2015","format":false,"excerpt":"Gastronomia e artesanatos feitos \u00e0 base de til\u00e1pia ser\u00e3o algumas das atra\u00e7\u00f5es da 1\u00aa Feira Agroecol\u00f3gica de Paulo Afonso, que come\u00e7a\u00a0nesta ter\u00e7a-feira , no \"Centro Cultural Raso da Catarina\". \u201cTeremos muita coisa diferente para degusta\u00e7\u00e3o, tudo feito com til\u00e1pia, como fil\u00e9s, lingui\u00e7as, hamb\u00fargueres, p\u00f3 para caldos e alm\u00f4ndegas\u201d, explica a\u2026","rel":"","context":"Em &quot;Home&quot;","block_context":{"text":"Home","link":"https:\/\/blogdafeira.com.br\/home\/categoria\/raiz\/"},"img":{"alt_text":"","src":"","width":0,"height":0},"classes":[]},{"id":50435,"url":"https:\/\/blogdafeira.com.br\/home\/2022\/02\/01\/cooperativa-produz-300kg-mes-de-file-de-tilapias-na-barragem-de-sobradinho\/","url_meta":{"origin":40889,"position":2},"title":"Cooperativa produz 300kg\/m\u00eas de fil\u00e9 de til\u00e1pias na barragem de Sobradinho","author":"Secom\/FSA","date":"01\/02\/2022","format":false,"excerpt":"O fil\u00e9 de til\u00e1pia tem excelentes qualidades nutricionais e \u00e9 vers\u00e1til na cozinha, podendo ser utilizado na elabora\u00e7\u00e3o de diversificados pratos. Ele se tornou o principal produto da\u00a0Cooperativa de Produ\u00e7\u00e3o e Comercializa\u00e7\u00e3o dos Derivados de Peixe de\u00a0Sobradinho\u00a0(Coopes), que comercializa o peixe a v\u00e1cuo, em embalagens de 1 quilo. O peixe,\u2026","rel":"","context":"Em &quot;Distritos&quot;","block_context":{"text":"Distritos","link":"https:\/\/blogdafeira.com.br\/home\/categoria\/distritos\/"},"img":{"alt_text":"","src":"https:\/\/i0.wp.com\/blogdafeira.com.br\/home\/wp-content\/uploads\/2022\/02\/WhatsApp-Image-2022-01-31-at-13.40.17-1.jpeg?resize=350%2C200&ssl=1","width":350,"height":200,"srcset":"https:\/\/i0.wp.com\/blogdafeira.com.br\/home\/wp-content\/uploads\/2022\/02\/WhatsApp-Image-2022-01-31-at-13.40.17-1.jpeg?resize=350%2C200&ssl=1 1x, https:\/\/i0.wp.com\/blogdafeira.com.br\/home\/wp-content\/uploads\/2022\/02\/WhatsApp-Image-2022-01-31-at-13.40.17-1.jpeg?resize=525%2C300&ssl=1 1.5x, https:\/\/i0.wp.com\/blogdafeira.com.br\/home\/wp-content\/uploads\/2022\/02\/WhatsApp-Image-2022-01-31-at-13.40.17-1.jpeg?resize=700%2C400&ssl=1 2x, https:\/\/i0.wp.com\/blogdafeira.com.br\/home\/wp-content\/uploads\/2022\/02\/WhatsApp-Image-2022-01-31-at-13.40.17-1.jpeg?resize=1050%2C600&ssl=1 3x"},"classes":[]},{"id":61210,"url":"https:\/\/blogdafeira.com.br\/home\/2024\/02\/22\/vermelho-a-r45-kg-e-tilapia-a-18-peixe-da-quaresma-e-no-centro-de-abastecimento\/","url_meta":{"origin":40889,"position":3},"title":"Vermelho a R$45\/kg e til\u00e1pia a 18; peixe da Quaresma \u00e9 no Centro de Abastecimento","author":"Secom\/FSA","date":"22\/02\/2024","format":false,"excerpt":"A procura por pescado j\u00e1 tem sido registrada no Centro de Abastecimento. Com o fim do Carnaval, \u00e9 dado o in\u00edcio da Quaresma, um per\u00edodo de 40 dias em que os cat\u00f3licos abst\u00e9m da carne vermelha em prepara\u00e7\u00e3o para a P\u00e1scoa. Entre os pescados, a maior procura \u00e9 pelo camar\u00e3o\u2026","rel":"","context":"Em &quot;Cidade&quot;","block_context":{"text":"Cidade","link":"https:\/\/blogdafeira.com.br\/home\/categoria\/cidade\/"},"img":{"alt_text":"","src":"https:\/\/i0.wp.com\/blogdafeira.com.br\/home\/wp-content\/uploads\/2024\/02\/images-5.jpeg?resize=350%2C200&ssl=1","width":350,"height":200,"srcset":"https:\/\/i0.wp.com\/blogdafeira.com.br\/home\/wp-content\/uploads\/2024\/02\/images-5.jpeg?resize=350%2C200&ssl=1 1x, https:\/\/i0.wp.com\/blogdafeira.com.br\/home\/wp-content\/uploads\/2024\/02\/images-5.jpeg?resize=525%2C300&ssl=1 1.5x, https:\/\/i0.wp.com\/blogdafeira.com.br\/home\/wp-content\/uploads\/2024\/02\/images-5.jpeg?resize=700%2C400&ssl=1 2x"},"classes":[]},{"id":60915,"url":"https:\/\/blogdafeira.com.br\/home\/2024\/01\/24\/projeto-fenix-detentos-vao-produzir-tilapias-no-presidio-regional-de-feira\/","url_meta":{"origin":40889,"position":4},"title":"Projeto F\u00eanix: detentos v\u00e3o produzir til\u00e1pias no Pres\u00eddio Regional de Feira","author":"Secom\/FSA","date":"24\/01\/2024","format":false,"excerpt":"O projeto-piloto de piscicultura, chamado Projeto F\u00eanix, foi lan\u00e7ado, hoje (24), no Complexo Prisional de Feira de Santana pelo Secret\u00e1rio Estadual de Administra\u00e7\u00e3o Penitenci\u00e1ria, Jos\u00e9 Ant\u00f4nio Maia, e pelo presidente da Bahia Pesca, Daniel Vict\u00f3ria, juntamente com o Diretor do pres\u00eddio,\u00a0 Jos\u00e9 Freitas J\u00fanior. O projeto tem como foco a\u2026","rel":"","context":"Em &quot;Geral&quot;","block_context":{"text":"Geral","link":"https:\/\/blogdafeira.com.br\/home\/categoria\/geral\/"},"img":{"alt_text":"","src":"https:\/\/i0.wp.com\/blogdafeira.com.br\/home\/wp-content\/uploads\/2024\/01\/Screenshot_20240124-182114.png?resize=350%2C200&ssl=1","width":350,"height":200,"srcset":"https:\/\/i0.wp.com\/blogdafeira.com.br\/home\/wp-content\/uploads\/2024\/01\/Screenshot_20240124-182114.png?resize=350%2C200&ssl=1 1x, https:\/\/i0.wp.com\/blogdafeira.com.br\/home\/wp-content\/uploads\/2024\/01\/Screenshot_20240124-182114.png?resize=525%2C300&ssl=1 1.5x, https:\/\/i0.wp.com\/blogdafeira.com.br\/home\/wp-content\/uploads\/2024\/01\/Screenshot_20240124-182114.png?resize=700%2C400&ssl=1 2x, https:\/\/i0.wp.com\/blogdafeira.com.br\/home\/wp-content\/uploads\/2024\/01\/Screenshot_20240124-182114.png?resize=1050%2C600&ssl=1 3x"},"classes":[]},{"id":4879,"url":"https:\/\/blogdafeira.com.br\/home\/2013\/09\/09\/ipuacu-distrito-rural-de-feira-fez-a-festa-da-colheira-em-amarela\/","url_meta":{"origin":40889,"position":5},"title":"Ipua\u00e7u: distrito rural de Feira fez a festa da colheita em Amarela","author":"Secom\/FSA","date":"09\/09\/2013","format":false,"excerpt":"A comunidade de Amarela, no distrito de Ipua\u00e7u, promoveu a Festa da Colheita, neste domingo, 08, para comemorar a fartura da safra. A data foi marcada por uma missa campal, celebrada pelo padre Igor, da Par\u00f3quia Nossa Senhora dos Rem\u00e9dios. Durante a missa, marcada por c\u00e2nticos de adora\u00e7\u00e3o e louvor,\u2026","rel":"","context":"Em &quot;Home&quot;","block_context":{"text":"Home","link":"https:\/\/blogdafeira.com.br\/home\/categoria\/raiz\/"},"img":{"alt_text":"","src":"","width":0,"height":0},"classes":[]}],"_links":{"self":[{"href":"https:\/\/blogdafeira.com.br\/home\/wp-json\/wp\/v2\/posts\/40889","targetHints":{"allow":["GET"]}}],"collection":[{"href":"https:\/\/blogdafeira.com.br\/home\/wp-json\/wp\/v2\/posts"}],"about":[{"href":"https:\/\/blogdafeira.com.br\/home\/wp-json\/wp\/v2\/types\/post"}],"author":[{"embeddable":true,"href":"https:\/\/blogdafeira.com.br\/home\/wp-json\/wp\/v2\/users\/1"}],"replies":[{"embeddable":true,"href":"https:\/\/blogdafeira.com.br\/home\/wp-json\/wp\/v2\/comments?post=40889"}],"version-history":[{"count":1,"href":"https:\/\/blogdafeira.com.br\/home\/wp-json\/wp\/v2\/posts\/40889\/revisions"}],"predecessor-version":[{"id":40891,"href":"https:\/\/blogdafeira.com.br\/home\/wp-json\/wp\/v2\/posts\/40889\/revisions\/40891"}],"wp:featuredmedia":[{"embeddable":true,"href":"https:\/\/blogdafeira.com.br\/home\/wp-json\/wp\/v2\/media\/40890"}],"wp:attachment":[{"href":"https:\/\/blogdafeira.com.br\/home\/wp-json\/wp\/v2\/media?parent=40889"}],"wp:term":[{"taxonomy":"category","embeddable":true,"href":"https:\/\/blogdafeira.com.br\/home\/wp-json\/wp\/v2\/categories?post=40889"},{"taxonomy":"post_tag","embeddable":true,"href":"https:\/\/blogdafeira.com.br\/home\/wp-json\/wp\/v2\/tags?post=40889"}],"curies":[{"name":"wp","href":"https:\/\/api.w.org\/{rel}","templated":true}]}}