{"id":40961,"date":"2020-10-06T09:27:47","date_gmt":"2020-10-06T12:27:47","guid":{"rendered":"https:\/\/blogdafeira.com.br\/home\/?p=40961"},"modified":"2020-10-07T23:47:44","modified_gmt":"2020-10-08T02:47:44","slug":"feira-tem-saldo-positivo-de-emprego-diz-boletim-economico-da-uefs","status":"publish","type":"post","link":"https:\/\/blogdafeira.com.br\/home\/2020\/10\/06\/feira-tem-saldo-positivo-de-emprego-diz-boletim-economico-da-uefs\/","title":{"rendered":"Feira tem &#8220;saldo positivo de emprego&#8221;, diz boletim econ\u00f4mico da UEFS"},"content":{"rendered":"<div id=\"blogd-3465304177\" class=\"blogd-fim-do-post-mobile blogd-entity-placement\" style=\"margin-left: auto;margin-right: auto;text-align: center;\"><a href=\"https:\/\/www.sefaz.feiradesantana.ba.gov.br\/\" target=\"_blank\" aria-label=\"728&#215;90 (6)\"><img loading=\"lazy\" decoding=\"async\" src=\"https:\/\/blogdafeira.com.br\/home\/wp-content\/uploads\/2026\/03\/728x90-6.gif\" alt=\"\"  class=\"no-lazyload\" width=\"728\" height=\"90\"  style=\"display: inline-block;\" \/><\/a><\/div><p>O Programa Conhecendo a Economia Feirense, desenvolvido no \u00e2mbito do Departamento de\u00a0Ci\u00eancias\u00a0Sociais Aplicadas da\u00a0Universidade\u00a0Estadual de\u00a0Feira de\u00a0Santana (DCIS\/Uefs),\u00a0por professores e alunos do Curso de Economia, tem divulgado mensalmente informa\u00e7\u00f5es sobre o Emprego Formal em Feira de Santana.<\/p><div id=\"blogd-700211251\" class=\"blogd-conteudo-2-mobile blogd-entity-placement\"><a href=\"https:\/\/feirenses.com.br\/\" target=\"_blank\" aria-label=\"feirenses\"><img loading=\"lazy\" decoding=\"async\" src=\"https:\/\/blogdafeira.com.br\/home\/wp-content\/uploads\/2026\/04\/feirenses.png\" alt=\"\"  srcset=\"https:\/\/blogdafeira.com.br\/home\/wp-content\/uploads\/2026\/04\/feirenses.png 300w, https:\/\/blogdafeira.com.br\/home\/wp-content\/uploads\/2026\/04\/feirenses-170x45.png 170w, https:\/\/blogdafeira.com.br\/home\/wp-content\/uploads\/2026\/04\/feirenses-280x74.png 280w\" sizes=\"(max-width: 300px) 100vw, 300px\" class=\"no-lazyload\" width=\"300\" height=\"79\"  style=\"display: inline-block;\" \/><\/a><\/div>\n<p>Assim, al\u00e9m do Custo da Cesta B\u00e1sica e do \u00cdndice dos Pre\u00e7os dos Combust\u00edveis, a popula\u00e7\u00e3o feirense poder\u00e1 acompanhar o comportamento do mercado de trabalho no seu munic\u00edpio.\u00a0Os dados de emprego utilizados s\u00e3o do Novo Cadastro Geral de Empregados e Desempregados (Novo Caged), que congrega dados dos sistemas eSocial, Caged e Empregador Web.<\/p>\n<p>No m\u00eas de agosto\u00a0foram realizadas 2.292 admiss\u00f5es e 2.074 demiss\u00f5es, resultando em um saldo de 218 postos de trabalhos. \u00c9 o segundo m\u00eas consecutivo que o munic\u00edpio apresenta saldo positivo de emprego.<\/p>\n<p>No acumulado do ano, por outro lado, registra-se, at\u00e9 o momento, um saldo de\u00a0-3.982 empregos, decorrente de 18.030 admiss\u00f5es e 22.012 desligamentos.<\/p>\n<div id=\"blogd-224315790\" class=\"blogd-final-post blogd-entity-placement\"><a href=\"https:\/\/www.feiradesantana.ba.leg.br\/\" target=\"_blank\" aria-label=\"BANNER-SITE-ENTREGADECHEQUE-CAMARADEFEIRA\"><img loading=\"lazy\" decoding=\"async\" src=\"https:\/\/blogdafeira.com.br\/home\/wp-content\/uploads\/2026\/03\/BANNER-SITE-ENTREGADECHEQUE-CAMARADEFEIRA.gif\" alt=\"\"  class=\"no-lazyload\" width=\"728\" height=\"90\"   \/><\/a><\/div><p>Confira\u00a0<a href=\"http:\/\/www.dcis.uefs.br\/arquivos\/File\/BOLETIMDOEMPREGOFORMALDEFEIRADESANTANAAGOSTO2020.pdf\" target=\"_blank\" rel=\"noopener noreferrer\" data-saferedirecturl=\"https:\/\/www.google.com\/url?q=http:\/\/www.dcis.uefs.br\/arquivos\/File\/BOLETIMDOEMPREGOFORMALDEFEIRADESANTANAAGOSTO2020.pdf&amp;source=gmail&amp;ust=1602072906581000&amp;usg=AFQjCNG9CByM8N8anfNJQwYHvjrlFzbHmQ\">AQUI<\/a>\u00a0o Boletim Completo.<\/p>\n","protected":false},"excerpt":{"rendered":"<p>O Programa Conhecendo a Economia Feirense, desenvolvido no \u00e2mbito do Departamento de\u00a0Ci\u00eancias\u00a0Sociais Aplicadas da\u00a0Universidade\u00a0Estadual de\u00a0Feira de\u00a0Santana (DCIS\/Uefs),\u00a0por professores e alunos do Curso de Economia, tem divulgado mensalmente informa\u00e7\u00f5es sobre o Emprego Formal em Feira de Santana. Assim, al\u00e9m do Custo da Cesta B\u00e1sica e do \u00cdndice dos Pre\u00e7os dos Combust\u00edveis, a popula\u00e7\u00e3o feirense poder\u00e1 acompanhar<\/p>\n","protected":false},"author":1,"featured_media":40968,"comment_status":"closed","ping_status":"closed","sticky":false,"template":"","format":"standard","meta":{"jetpack_post_was_ever_published":false,"cybocfi_hide_featured_image":"","_jetpack_newsletter_access":"","_jetpack_dont_email_post_to_subs":false,"_jetpack_newsletter_tier_id":0,"_jetpack_memberships_contains_paywalled_content":false,"_jetpack_memberships_contains_paid_content":false,"footnotes":"","jetpack_publicize_message":"","jetpack_publicize_feature_enabled":true,"jetpack_social_post_already_shared":true,"jetpack_social_options":{"image_generator_settings":{"template":"highway","default_image_id":0,"font":"","enabled":false},"version":2}},"categories":[3,1],"tags":[],"class_list":["post-40961","post","type-post","status-publish","format-standard","has-post-thumbnail","hentry","category-cidade","category-raiz"],"jetpack_publicize_connections":[],"jetpack_featured_media_url":"https:\/\/blogdafeira.com.br\/home\/wp-content\/uploads\/2020\/10\/InShot_20201006_092311575-1.jpg","jetpack_shortlink":"https:\/\/wp.me\/p3niVf-aEF","jetpack_sharing_enabled":true,"jetpack-related-posts":[{"id":63106,"url":"https:\/\/blogdafeira.com.br\/home\/2024\/08\/02\/saldo-de-emprego-em-feira-de-santana-e-positivo-pelo-sexto-mes-consecutivo\/","url_meta":{"origin":40961,"position":0},"title":"Saldo de emprego em Feira de Santana \u00e9 positivo pelo sexto m\u00eas consecutivo","author":"Ascom\/Uefs","date":"02\/08\/2024","format":false,"excerpt":"De acordo com os dados coletados do\u00a0Novo CAGED\u00a0referentes a junho de 2024, o mercado de trabalho formal em Feira de Santana segue em trajet\u00f3ria positiva pelo sexto m\u00eas consecutivo. No m\u00eas de junho, foram registradas 4.781 admiss\u00f5es e 4.206 desligamentos, resultando em um saldo positivo de 575 empregos. Segundo a\u2026","rel":"","context":"Em &quot;Cidade&quot;","block_context":{"text":"Cidade","link":"https:\/\/blogdafeira.com.br\/home\/categoria\/cidade\/"},"img":{"alt_text":"","src":"https:\/\/i0.wp.com\/blogdafeira.com.br\/home\/wp-content\/uploads\/2024\/08\/1722629823b2ap3_medium_Empregos.png?resize=350%2C200&ssl=1","width":350,"height":200,"srcset":"https:\/\/i0.wp.com\/blogdafeira.com.br\/home\/wp-content\/uploads\/2024\/08\/1722629823b2ap3_medium_Empregos.png?resize=350%2C200&ssl=1 1x, https:\/\/i0.wp.com\/blogdafeira.com.br\/home\/wp-content\/uploads\/2024\/08\/1722629823b2ap3_medium_Empregos.png?resize=525%2C300&ssl=1 1.5x"},"classes":[]},{"id":43205,"url":"https:\/\/blogdafeira.com.br\/home\/2021\/02\/01\/apesar-da-pandemia-feira-tem-saldo-positivo-de-emprego-em-2020\/","url_meta":{"origin":40961,"position":1},"title":"Apesar da pandemia, Feira tem saldo positivo de emprego em 2020","author":"Ascom\/Uefs","date":"01\/02\/2021","format":false,"excerpt":"A partir de informa\u00e7\u00f5es do Caged (Cadastro Geral de Empregados e Desempregados), pesquisadores da UEFS conclu\u00edram que, apesar dos efeitos da pandemia, a economia feirense apresentou um pequeno saldo positivo de 316 empregos. Ao total, foram registrados 32.226 admiss\u00f5es e 31.910 desligamentos em 2020. Quanto ao m\u00eas de dezembro, observa-se\u2026","rel":"","context":"Em &quot;Cidade&quot;","block_context":{"text":"Cidade","link":"https:\/\/blogdafeira.com.br\/home\/categoria\/cidade\/"},"img":{"alt_text":"","src":"https:\/\/i0.wp.com\/blogdafeira.com.br\/home\/wp-content\/uploads\/2020\/12\/IMG_1277-scaled.jpg?resize=350%2C200&ssl=1","width":350,"height":200,"srcset":"https:\/\/i0.wp.com\/blogdafeira.com.br\/home\/wp-content\/uploads\/2020\/12\/IMG_1277-scaled.jpg?resize=350%2C200&ssl=1 1x, https:\/\/i0.wp.com\/blogdafeira.com.br\/home\/wp-content\/uploads\/2020\/12\/IMG_1277-scaled.jpg?resize=525%2C300&ssl=1 1.5x, https:\/\/i0.wp.com\/blogdafeira.com.br\/home\/wp-content\/uploads\/2020\/12\/IMG_1277-scaled.jpg?resize=700%2C400&ssl=1 2x, https:\/\/i0.wp.com\/blogdafeira.com.br\/home\/wp-content\/uploads\/2020\/12\/IMG_1277-scaled.jpg?resize=1050%2C600&ssl=1 3x, https:\/\/i0.wp.com\/blogdafeira.com.br\/home\/wp-content\/uploads\/2020\/12\/IMG_1277-scaled.jpg?resize=1400%2C800&ssl=1 4x"},"classes":[]},{"id":35413,"url":"https:\/\/blogdafeira.com.br\/home\/2020\/02\/14\/no-ritmo-atual-feira-vai-levar-decadas-para-resgatar-nivel-de-emprego-por-andre-pomponet\/","url_meta":{"origin":40961,"position":2},"title":"No ritmo atual, Feira vai levar d\u00e9cadas para resgatar n\u00edvel de emprego","author":"Ascom\/Uefs","date":"14\/02\/2020","format":false,"excerpt":"L\u00e1 se vai mais de um ano. \u00c9 ocioso mencionar o amplo leque de absurdos que se vomita a partir do Planalto.","rel":"","context":"Em &quot;Colunistas&quot;","block_context":{"text":"Colunistas","link":"https:\/\/blogdafeira.com.br\/home\/categoria\/colunistas\/"},"img":{"alt_text":"","src":"https:\/\/i0.wp.com\/blogdafeira.com.br\/home\/wp-content\/uploads\/2020\/02\/20200122_132455_HDR.jpg?resize=350%2C200&ssl=1","width":350,"height":200,"srcset":"https:\/\/i0.wp.com\/blogdafeira.com.br\/home\/wp-content\/uploads\/2020\/02\/20200122_132455_HDR.jpg?resize=350%2C200&ssl=1 1x, https:\/\/i0.wp.com\/blogdafeira.com.br\/home\/wp-content\/uploads\/2020\/02\/20200122_132455_HDR.jpg?resize=525%2C300&ssl=1 1.5x, https:\/\/i0.wp.com\/blogdafeira.com.br\/home\/wp-content\/uploads\/2020\/02\/20200122_132455_HDR.jpg?resize=700%2C400&ssl=1 2x, https:\/\/i0.wp.com\/blogdafeira.com.br\/home\/wp-content\/uploads\/2020\/02\/20200122_132455_HDR.jpg?resize=1050%2C600&ssl=1 3x, https:\/\/i0.wp.com\/blogdafeira.com.br\/home\/wp-content\/uploads\/2020\/02\/20200122_132455_HDR.jpg?resize=1400%2C800&ssl=1 4x"},"classes":[]},{"id":38117,"url":"https:\/\/blogdafeira.com.br\/home\/2020\/05\/29\/o-pior-mes-da-historia-para-o-emprego-em-feira\/","url_meta":{"origin":40961,"position":3},"title":"O pior m\u00eas da Hist\u00f3ria para o emprego em Feira","author":"Ascom\/Uefs","date":"29\/05\/2020","format":false,"excerpt":"O m\u00eas de abril foi catastr\u00f3fico para o mercado de trabalho na Feira de Santana. Ali\u00e1s, n\u00e3o s\u00f3 por aqui: o pa\u00eds e boa parte do planeta penam sob os efeitos da pandemia do novo coronav\u00edrus. No saldo, foram extintos exatos 2.230 postos formais de trabalho no munic\u00edpio. As assombrosas\u2026","rel":"","context":"Em &quot;Cidade&quot;","block_context":{"text":"Cidade","link":"https:\/\/blogdafeira.com.br\/home\/categoria\/cidade\/"},"img":{"alt_text":"","src":"https:\/\/i0.wp.com\/blogdafeira.com.br\/home\/wp-content\/uploads\/2020\/05\/IMG_20200512_153140623_HDR-1-scaled.jpg?resize=350%2C200&ssl=1","width":350,"height":200,"srcset":"https:\/\/i0.wp.com\/blogdafeira.com.br\/home\/wp-content\/uploads\/2020\/05\/IMG_20200512_153140623_HDR-1-scaled.jpg?resize=350%2C200&ssl=1 1x, https:\/\/i0.wp.com\/blogdafeira.com.br\/home\/wp-content\/uploads\/2020\/05\/IMG_20200512_153140623_HDR-1-scaled.jpg?resize=525%2C300&ssl=1 1.5x, https:\/\/i0.wp.com\/blogdafeira.com.br\/home\/wp-content\/uploads\/2020\/05\/IMG_20200512_153140623_HDR-1-scaled.jpg?resize=700%2C400&ssl=1 2x, https:\/\/i0.wp.com\/blogdafeira.com.br\/home\/wp-content\/uploads\/2020\/05\/IMG_20200512_153140623_HDR-1-scaled.jpg?resize=1050%2C600&ssl=1 3x, https:\/\/i0.wp.com\/blogdafeira.com.br\/home\/wp-content\/uploads\/2020\/05\/IMG_20200512_153140623_HDR-1-scaled.jpg?resize=1400%2C800&ssl=1 4x"},"classes":[]},{"id":28021,"url":"https:\/\/blogdafeira.com.br\/home\/2017\/08\/29\/crise-dizima-postos-de-trabalho-formal-em-feira-por-andre-pomponet\/","url_meta":{"origin":40961,"position":4},"title":"Crise dizima postos de trabalho formal em Feira, por Andr\u00e9 Pomponet","author":"Ascom\/Uefs","date":"29\/08\/2017","format":false,"excerpt":"Est\u00e1 se tornando enfadonho torpedear o governo de Michel Temer (PMDB-SP), o mandat\u00e1rio de Tiet\u00ea. Afinal, a popularidade estacionou em 5%, bordejando a margem de erro; esc\u00e2ndalos de corrup\u00e7\u00e3o se avolumam, exigindo uma investiga\u00e7\u00e3o que o Congresso bloqueia ao custo de bilh\u00f5es de reais do er\u00e1rio combalido; generosas concess\u00f5es aos\u2026","rel":"","context":"Em &quot;Colunistas&quot;","block_context":{"text":"Colunistas","link":"https:\/\/blogdafeira.com.br\/home\/categoria\/colunistas\/"},"img":{"alt_text":"centro-da-cidade-janio-rego","src":"https:\/\/i0.wp.com\/blogdafeira.com.br\/home\/wp-content\/uploads\/2017\/08\/CENTRO-DA-CIDADE-janio-rego.jpg?resize=350%2C200","width":350,"height":200},"classes":[]},{"id":40942,"url":"https:\/\/blogdafeira.com.br\/home\/2020\/10\/05\/arrecadacao-do-icms-em-feira-de-santana-esta-na-contramao-da-pandemia\/","url_meta":{"origin":40961,"position":5},"title":"Arrecada\u00e7\u00e3o do ICMS em Feira de Santana est\u00e1 na contram\u00e3o da pandemia","author":"Ascom\/Uefs","date":"05\/10\/2020","format":false,"excerpt":"Os dados dispon\u00edveis at\u00e9 o momento revelam que Feira de Santana tem ido na contram\u00e3o da pandemia, pelo menos no quesito arrecada\u00e7\u00e3o do Imposto sobre Circula\u00e7\u00e3o de Mercadorias e Servi\u00e7os de transporte intermunicipal e interestadual e de comunica\u00e7\u00f5es (ICMS). Em 2020, at\u00e9 o m\u00eas de setembro, o munic\u00edpio acumula R$\u00a0742,9\u00a0milh\u00f5es\u2026","rel":"","context":"Em &quot;Bahia&quot;","block_context":{"text":"Bahia","link":"https:\/\/blogdafeira.com.br\/home\/categoria\/bahia\/"},"img":{"alt_text":"","src":"https:\/\/i0.wp.com\/blogdafeira.com.br\/home\/wp-content\/uploads\/2020\/03\/89620coronavirus-prefeito-de-feira-de-santana-define-nesta-sexta-se-comercio-local-continuara-fechado-3.jpg?resize=350%2C200&ssl=1","width":350,"height":200,"srcset":"https:\/\/i0.wp.com\/blogdafeira.com.br\/home\/wp-content\/uploads\/2020\/03\/89620coronavirus-prefeito-de-feira-de-santana-define-nesta-sexta-se-comercio-local-continuara-fechado-3.jpg?resize=350%2C200&ssl=1 1x, https:\/\/i0.wp.com\/blogdafeira.com.br\/home\/wp-content\/uploads\/2020\/03\/89620coronavirus-prefeito-de-feira-de-santana-define-nesta-sexta-se-comercio-local-continuara-fechado-3.jpg?resize=525%2C300&ssl=1 1.5x, https:\/\/i0.wp.com\/blogdafeira.com.br\/home\/wp-content\/uploads\/2020\/03\/89620coronavirus-prefeito-de-feira-de-santana-define-nesta-sexta-se-comercio-local-continuara-fechado-3.jpg?resize=700%2C400&ssl=1 2x, https:\/\/i0.wp.com\/blogdafeira.com.br\/home\/wp-content\/uploads\/2020\/03\/89620coronavirus-prefeito-de-feira-de-santana-define-nesta-sexta-se-comercio-local-continuara-fechado-3.jpg?resize=1050%2C600&ssl=1 3x, https:\/\/i0.wp.com\/blogdafeira.com.br\/home\/wp-content\/uploads\/2020\/03\/89620coronavirus-prefeito-de-feira-de-santana-define-nesta-sexta-se-comercio-local-continuara-fechado-3.jpg?resize=1400%2C800&ssl=1 4x"},"classes":[]}],"_links":{"self":[{"href":"https:\/\/blogdafeira.com.br\/home\/wp-json\/wp\/v2\/posts\/40961","targetHints":{"allow":["GET"]}}],"collection":[{"href":"https:\/\/blogdafeira.com.br\/home\/wp-json\/wp\/v2\/posts"}],"about":[{"href":"https:\/\/blogdafeira.com.br\/home\/wp-json\/wp\/v2\/types\/post"}],"author":[{"embeddable":true,"href":"https:\/\/blogdafeira.com.br\/home\/wp-json\/wp\/v2\/users\/1"}],"replies":[{"embeddable":true,"href":"https:\/\/blogdafeira.com.br\/home\/wp-json\/wp\/v2\/comments?post=40961"}],"version-history":[{"count":1,"href":"https:\/\/blogdafeira.com.br\/home\/wp-json\/wp\/v2\/posts\/40961\/revisions"}],"predecessor-version":[{"id":40969,"href":"https:\/\/blogdafeira.com.br\/home\/wp-json\/wp\/v2\/posts\/40961\/revisions\/40969"}],"wp:featuredmedia":[{"embeddable":true,"href":"https:\/\/blogdafeira.com.br\/home\/wp-json\/wp\/v2\/media\/40968"}],"wp:attachment":[{"href":"https:\/\/blogdafeira.com.br\/home\/wp-json\/wp\/v2\/media?parent=40961"}],"wp:term":[{"taxonomy":"category","embeddable":true,"href":"https:\/\/blogdafeira.com.br\/home\/wp-json\/wp\/v2\/categories?post=40961"},{"taxonomy":"post_tag","embeddable":true,"href":"https:\/\/blogdafeira.com.br\/home\/wp-json\/wp\/v2\/tags?post=40961"}],"curies":[{"name":"wp","href":"https:\/\/api.w.org\/{rel}","templated":true}]}}