{"id":4109,"date":"2013-08-04T16:28:15","date_gmt":"2013-08-04T19:28:15","guid":{"rendered":"http:\/\/blogdafeira.com.br\/home\/?p=4109"},"modified":"2013-08-04T16:29:08","modified_gmt":"2013-08-04T19:29:08","slug":"projeto-altera-concessao-de-estabilidade-financeira-ao-servidor-publico-de-feira","status":"publish","type":"post","link":"https:\/\/blogdafeira.com.br\/home\/2013\/08\/04\/projeto-altera-concessao-de-estabilidade-financeira-ao-servidor-publico-de-feira\/","title":{"rendered":"Projeto muda tempo para &#8216;estabilidade financeira&#8217; de servidor p\u00fablico em Feira"},"content":{"rendered":"<div id=\"blogd-2305708549\" class=\"blogd-fim-do-post-mobile blogd-entity-placement\" style=\"margin-left: auto;margin-right: auto;text-align: center;\"><a href=\"https:\/\/www.sefaz.feiradesantana.ba.gov.br\/\" target=\"_blank\" aria-label=\"728&#215;90 (6)\"><img loading=\"lazy\" decoding=\"async\" src=\"https:\/\/blogdafeira.com.br\/home\/wp-content\/uploads\/2026\/03\/728x90-6.gif\" alt=\"\"  class=\"no-lazyload\" width=\"728\" height=\"90\"  style=\"display: inline-block;\" \/><\/a><\/div><p>Um projeto de lei do Poder Executivo que entra em aprecia\u00e7\u00e3o nesta segunda-feira na C\u00e2mara de Vereadores visa modificar os par\u00e2metros para que o servidor municipal ganhe &#8216;estabilidade financeira&#8217;.<\/p><div id=\"blogd-2644244024\" class=\"blogd-conteudo-2-mobile blogd-entity-placement\"><a href=\"https:\/\/feirenses.com.br\/\" target=\"_blank\" aria-label=\"feirenses\"><img loading=\"lazy\" decoding=\"async\" src=\"https:\/\/blogdafeira.com.br\/home\/wp-content\/uploads\/2026\/04\/feirenses.png\" alt=\"\"  srcset=\"https:\/\/blogdafeira.com.br\/home\/wp-content\/uploads\/2026\/04\/feirenses.png 300w, https:\/\/blogdafeira.com.br\/home\/wp-content\/uploads\/2026\/04\/feirenses-170x45.png 170w, https:\/\/blogdafeira.com.br\/home\/wp-content\/uploads\/2026\/04\/feirenses-280x74.png 280w\" sizes=\"(max-width: 300px) 100vw, 300px\" class=\"no-lazyload\" width=\"300\" height=\"79\"  style=\"display: inline-block;\" \/><\/a><\/div>\n<p>A nova legisla\u00e7\u00e3o vai aumentar o tempo necess\u00e1rio para que o servidor p\u00fablico ganhe a &#8216;estabilidade&#8217; que ocorre em caso, como exemplo, quando o servidor ocupa cargo comissionado por alguns anos seguidos ou exerce algum cargo eletivo, como vereador.<\/p>\n<p>O projeto de lei, segundo informa\u00e7\u00f5es do l\u00edder do governo na C\u00e2mara, Carlito do Peixe, \u00e9 complemento de um outro sobre a Previd\u00eancia Municipal e que seguem, ambos, orienta\u00e7\u00e3o do INSS.<\/p>\n<div id=\"blogd-1406205401\" class=\"blogd-final-post blogd-entity-placement\"><a href=\"https:\/\/www.feiradesantana.ba.leg.br\/\" target=\"_blank\" aria-label=\"BANNER-SITE-ENTREGADECHEQUE-CAMARADEFEIRA\"><img loading=\"lazy\" decoding=\"async\" src=\"https:\/\/blogdafeira.com.br\/home\/wp-content\/uploads\/2026\/03\/BANNER-SITE-ENTREGADECHEQUE-CAMARADEFEIRA.gif\" alt=\"\"  class=\"no-lazyload\" width=\"728\" height=\"90\"   \/><\/a><\/div><p>O projeto de lei tamb\u00e9m foi enviado \u00e0 C\u00e2mara &#8216;em regime de urg\u00eancia&#8217;.<\/p>\n","protected":false},"excerpt":{"rendered":"<p>Um projeto de lei do Poder Executivo que entra em aprecia\u00e7\u00e3o nesta segunda-feira na C\u00e2mara de Vereadores visa modificar os par\u00e2metros para que o servidor municipal ganhe &#8216;estabilidade financeira&#8217;. A nova legisla\u00e7\u00e3o vai aumentar o tempo necess\u00e1rio para que o servidor p\u00fablico ganhe a &#8216;estabilidade&#8217; que ocorre em caso, como exemplo, quando o servidor ocupa<\/p>\n","protected":false},"author":1,"featured_media":0,"comment_status":"closed","ping_status":"closed","sticky":false,"template":"","format":"standard","meta":{"jetpack_post_was_ever_published":false,"cybocfi_hide_featured_image":"","_jetpack_newsletter_access":"","_jetpack_dont_email_post_to_subs":false,"_jetpack_newsletter_tier_id":0,"_jetpack_memberships_contains_paywalled_content":false,"_jetpack_memberships_contains_paid_content":false,"footnotes":"","jetpack_publicize_message":"","jetpack_publicize_feature_enabled":true,"jetpack_social_post_already_shared":true,"jetpack_social_options":{"image_generator_settings":{"template":"highway","default_image_id":0,"font":"","enabled":false},"version":2}},"categories":[1],"tags":[],"class_list":["post-4109","post","type-post","status-publish","format-standard","hentry","category-raiz"],"jetpack_publicize_connections":[],"jetpack_featured_media_url":"","jetpack_shortlink":"https:\/\/wp.me\/p3niVf-14h","jetpack_sharing_enabled":true,"jetpack-related-posts":[{"id":4117,"url":"https:\/\/blogdafeira.com.br\/home\/2013\/08\/05\/lobby-de-ex-vereadores-de-feira-tira-de-pauta-projeto-da-estabilidade-financeira\/","url_meta":{"origin":4109,"position":0},"title":"Lobby de ex-vereadores de Feira tira de pauta projeto da &#8216;estabilidade financeira&#8217;","author":"Blog da Feira","date":"05\/08\/2013","format":false,"excerpt":"Um grupo de ex-vereadores que reivindica a estabilidade financeira como servidores p\u00fablicos de Feira de Santana conseguiu evitar que o projeto do Executivo que trata sobre o assunto entrasse na pauta dos trabalhos de hoje na C\u00e2mara de Vereadores quando seria apreciado em 'regime de urg\u00eancia'. O novo projeto altera\u2026","rel":"","context":"Em &quot;Home&quot;","block_context":{"text":"Home","link":"https:\/\/blogdafeira.com.br\/home\/categoria\/raiz\/"},"img":{"alt_text":"","src":"","width":0,"height":0},"classes":[]},{"id":4048,"url":"https:\/\/blogdafeira.com.br\/home\/2013\/08\/01\/ronaldo-envia-4-projetos-para-camara-de-feira-inclusive-zona-azul\/","url_meta":{"origin":4109,"position":1},"title":"Ronaldo envia 4 projetos para C\u00e2mara de Feira inclusive Zona Azul","author":"Blog da Feira","date":"01\/08\/2013","format":false,"excerpt":"J\u00e1 est\u00e3o na C\u00e2mara de Vereadores de Feira de Santana quatro projetos do Poder Executivo enviados pelo prefeito Jos\u00e9 Ronaldo 'em regime de urg\u00eancia'. Um deles cria o estacionamento Zona Azul no centro da cidade. Dos outros tr\u00eas, dois s\u00e3o relativos a mudan\u00e7as no desconto patronal da Previd\u00eancia Municipal e\u2026","rel":"","context":"Em &quot;Home&quot;","block_context":{"text":"Home","link":"https:\/\/blogdafeira.com.br\/home\/categoria\/raiz\/"},"img":{"alt_text":"","src":"","width":0,"height":0},"classes":[]},{"id":42499,"url":"https:\/\/blogdafeira.com.br\/home\/2020\/12\/15\/vereadores-aprovam-lei-que-corta-isencao-do-iptu-para-servidor-publico\/","url_meta":{"origin":4109,"position":2},"title":"Vereadores aprovam lei que corta isen\u00e7\u00e3o do IPTU para servidor p\u00fablico","author":"Blog da Feira","date":"15\/12\/2020","format":false,"excerpt":"Servidor p\u00fablico municipal em Feira de Santana, em atividade ou inativo,\u00a0 que ganha acima de dois sal\u00e1rios m\u00ednimos vai perder isen\u00e7\u00e3o do IPTU a partir do pr\u00f3ximo ano. Uma Lei Complementar, de iniciativa do Poder Executivo, foi aprovado por unanimidade dos vereadores na \u00faltima sess\u00e3o do ano, nesta ter\u00e7a-feira (15)\u2026","rel":"","context":"Em &quot;Cidade&quot;","block_context":{"text":"Cidade","link":"https:\/\/blogdafeira.com.br\/home\/categoria\/cidade\/"},"img":{"alt_text":"","src":"https:\/\/i0.wp.com\/blogdafeira.com.br\/home\/wp-content\/uploads\/2020\/10\/IMG_20201017_153216_452-scaled.jpg?resize=350%2C200&ssl=1","width":350,"height":200,"srcset":"https:\/\/i0.wp.com\/blogdafeira.com.br\/home\/wp-content\/uploads\/2020\/10\/IMG_20201017_153216_452-scaled.jpg?resize=350%2C200&ssl=1 1x, https:\/\/i0.wp.com\/blogdafeira.com.br\/home\/wp-content\/uploads\/2020\/10\/IMG_20201017_153216_452-scaled.jpg?resize=525%2C300&ssl=1 1.5x, https:\/\/i0.wp.com\/blogdafeira.com.br\/home\/wp-content\/uploads\/2020\/10\/IMG_20201017_153216_452-scaled.jpg?resize=700%2C400&ssl=1 2x, https:\/\/i0.wp.com\/blogdafeira.com.br\/home\/wp-content\/uploads\/2020\/10\/IMG_20201017_153216_452-scaled.jpg?resize=1050%2C600&ssl=1 3x, https:\/\/i0.wp.com\/blogdafeira.com.br\/home\/wp-content\/uploads\/2020\/10\/IMG_20201017_153216_452-scaled.jpg?resize=1400%2C800&ssl=1 4x"},"classes":[]},{"id":60441,"url":"https:\/\/blogdafeira.com.br\/home\/2023\/12\/13\/13-x-8-vereadores-aprovam-reajuste-retroativo-de-4-para-servidores-municipais\/","url_meta":{"origin":4109,"position":3},"title":"Vereadores aprovam reajuste de 4% para servidores municipais","author":"Blog da Feira","date":"13\/12\/2023","format":false,"excerpt":"Por 13 votos favor\u00e1veis e oito contr\u00e1rios, a C\u00e2mara de Vereadores de Feira de Santana conseguiu, ao homologar o veto do prefeito Colbert,\u00a0 finalmente, aprovar um reajuste aos servidores p\u00fablicos municipais de 4%, retroativo a maio, proposto pelo Poder Executivo. O projeto de lei do Executivo chegou a sofrer emendas\u2026","rel":"","context":"Em &quot;Cidade&quot;","block_context":{"text":"Cidade","link":"https:\/\/blogdafeira.com.br\/home\/categoria\/cidade\/"},"img":{"alt_text":"","src":"https:\/\/i0.wp.com\/blogdafeira.com.br\/home\/wp-content\/uploads\/2023\/12\/images-57.jpeg?resize=350%2C200&ssl=1","width":350,"height":200,"srcset":"https:\/\/i0.wp.com\/blogdafeira.com.br\/home\/wp-content\/uploads\/2023\/12\/images-57.jpeg?resize=350%2C200&ssl=1 1x, https:\/\/i0.wp.com\/blogdafeira.com.br\/home\/wp-content\/uploads\/2023\/12\/images-57.jpeg?resize=525%2C300&ssl=1 1.5x"},"classes":[]},{"id":46402,"url":"https:\/\/blogdafeira.com.br\/home\/2021\/07\/13\/ldo-de-feira-volta-a-pauta-de-hoje-na-camara-de-vereadores\/","url_meta":{"origin":4109,"position":4},"title":"LDO de Feira volta \u00e0 pauta de hoje na C\u00e2mara de Vereadores","author":"Blog da Feira","date":"13\/07\/2021","format":false,"excerpt":"O Projeto de Lei das Diretrizes Or\u00e7ament\u00e1rias (LDO) do Munic\u00edpio de Feira de Santana volta a ser discutido nesta ter\u00e7a-feira (13), na sess\u00e3o ordin\u00e1ria da C\u00e2mara de Vereadores de Feira de Santana, em segunda aprecia\u00e7\u00e3o. A primeira aconteceu na \u00faltima ter\u00e7a-feira (06), e a proposta teve os pareceres favor\u00e1veis da\u2026","rel":"","context":"Em &quot;Cidade&quot;","block_context":{"text":"Cidade","link":"https:\/\/blogdafeira.com.br\/home\/categoria\/cidade\/"},"img":{"alt_text":"","src":"https:\/\/i0.wp.com\/blogdafeira.com.br\/home\/wp-content\/uploads\/2021\/07\/camara-de-feira-de-santanananana.jpg?resize=350%2C200&ssl=1","width":350,"height":200,"srcset":"https:\/\/i0.wp.com\/blogdafeira.com.br\/home\/wp-content\/uploads\/2021\/07\/camara-de-feira-de-santanananana.jpg?resize=350%2C200&ssl=1 1x, https:\/\/i0.wp.com\/blogdafeira.com.br\/home\/wp-content\/uploads\/2021\/07\/camara-de-feira-de-santanananana.jpg?resize=525%2C300&ssl=1 1.5x"},"classes":[]},{"id":60537,"url":"https:\/\/blogdafeira.com.br\/home\/2023\/12\/19\/prefeito-de-feira-sanciona-lei-de-reajuste-salarial-para-servidores-municipais\/","url_meta":{"origin":4109,"position":5},"title":"Prefeito de Feira sanciona lei de reajuste salarial para servidores municipais","author":"Blog da Feira","date":"19\/12\/2023","format":false,"excerpt":"Em publica\u00e7\u00e3o realizada hoje,\u00a0 ter\u00e7a-feira (19), no Di\u00e1rio Oficial Eletr\u00f4nico do Munic\u00edpio, o prefeito Colbert Filho sancionou o Projeto de Lei 166\/2023, de autoria do Poder Executivo, que estabelece a Revis\u00e3o Anual dos Vencimentos dos Servidores P\u00fablicos Municipais em Feira de Santana. A Lei, identificada como N\u00ba 4.203, de 18\u2026","rel":"","context":"Em &quot;Cidade&quot;","block_context":{"text":"Cidade","link":"https:\/\/blogdafeira.com.br\/home\/categoria\/cidade\/"},"img":{"alt_text":"","src":"https:\/\/i0.wp.com\/blogdafeira.com.br\/home\/wp-content\/uploads\/2023\/12\/Screenshot_20231219-1710322.png?resize=350%2C200&ssl=1","width":350,"height":200,"srcset":"https:\/\/i0.wp.com\/blogdafeira.com.br\/home\/wp-content\/uploads\/2023\/12\/Screenshot_20231219-1710322.png?resize=350%2C200&ssl=1 1x, https:\/\/i0.wp.com\/blogdafeira.com.br\/home\/wp-content\/uploads\/2023\/12\/Screenshot_20231219-1710322.png?resize=525%2C300&ssl=1 1.5x, https:\/\/i0.wp.com\/blogdafeira.com.br\/home\/wp-content\/uploads\/2023\/12\/Screenshot_20231219-1710322.png?resize=700%2C400&ssl=1 2x, https:\/\/i0.wp.com\/blogdafeira.com.br\/home\/wp-content\/uploads\/2023\/12\/Screenshot_20231219-1710322.png?resize=1050%2C600&ssl=1 3x"},"classes":[]}],"_links":{"self":[{"href":"https:\/\/blogdafeira.com.br\/home\/wp-json\/wp\/v2\/posts\/4109","targetHints":{"allow":["GET"]}}],"collection":[{"href":"https:\/\/blogdafeira.com.br\/home\/wp-json\/wp\/v2\/posts"}],"about":[{"href":"https:\/\/blogdafeira.com.br\/home\/wp-json\/wp\/v2\/types\/post"}],"author":[{"embeddable":true,"href":"https:\/\/blogdafeira.com.br\/home\/wp-json\/wp\/v2\/users\/1"}],"replies":[{"embeddable":true,"href":"https:\/\/blogdafeira.com.br\/home\/wp-json\/wp\/v2\/comments?post=4109"}],"version-history":[{"count":6,"href":"https:\/\/blogdafeira.com.br\/home\/wp-json\/wp\/v2\/posts\/4109\/revisions"}],"predecessor-version":[{"id":4115,"href":"https:\/\/blogdafeira.com.br\/home\/wp-json\/wp\/v2\/posts\/4109\/revisions\/4115"}],"wp:attachment":[{"href":"https:\/\/blogdafeira.com.br\/home\/wp-json\/wp\/v2\/media?parent=4109"}],"wp:term":[{"taxonomy":"category","embeddable":true,"href":"https:\/\/blogdafeira.com.br\/home\/wp-json\/wp\/v2\/categories?post=4109"},{"taxonomy":"post_tag","embeddable":true,"href":"https:\/\/blogdafeira.com.br\/home\/wp-json\/wp\/v2\/tags?post=4109"}],"curies":[{"name":"wp","href":"https:\/\/api.w.org\/{rel}","templated":true}]}}