{"id":4119,"date":"2013-08-05T12:44:06","date_gmt":"2013-08-05T15:44:06","guid":{"rendered":"http:\/\/blogdafeira.com.br\/home\/?p=4119"},"modified":"2013-08-05T12:44:06","modified_gmt":"2013-08-05T15:44:06","slug":"vereadores-querem-fazer-audiencias-publicas-sobre-os-10-andares","status":"publish","type":"post","link":"https:\/\/blogdafeira.com.br\/home\/2013\/08\/05\/vereadores-querem-fazer-audiencias-publicas-sobre-os-10-andares\/","title":{"rendered":"Vereadores querem fazer audi\u00eancias p\u00fablicas sobre os &#8217;10 andares&#8217;"},"content":{"rendered":"<div id=\"blogd-3894064572\" class=\"blogd-fim-do-post-mobile blogd-entity-placement\" style=\"margin-left: auto;margin-right: auto;text-align: center;\"><a href=\"https:\/\/www.sefaz.feiradesantana.ba.gov.br\/\" target=\"_blank\" aria-label=\"728&#215;90 (6)\"><img loading=\"lazy\" decoding=\"async\" src=\"https:\/\/blogdafeira.com.br\/home\/wp-content\/uploads\/2026\/03\/728x90-6.gif\" alt=\"\"  class=\"no-lazyload\" width=\"728\" height=\"90\"  style=\"display: inline-block;\" \/><\/a><\/div><p>O pol\u00eamico projeto do vereador feirense Reinaldo Miranda regulamentando em 10 andares o limite para a altura dos pr\u00e9dios dentro do Anel do Contorno em Feira de Santana teve sua vota\u00e7\u00e3o adiada por 4 sess\u00f5es e a proposta de se fazer audi\u00eancias p\u00fablicas.<\/p><div id=\"blogd-2938283336\" class=\"blogd-conteudo-2-mobile blogd-entity-placement\"><a href=\"https:\/\/feirenses.com.br\/\" target=\"_blank\" aria-label=\"feirenses\"><img loading=\"lazy\" decoding=\"async\" src=\"https:\/\/blogdafeira.com.br\/home\/wp-content\/uploads\/2026\/04\/feirenses.png\" alt=\"\"  srcset=\"https:\/\/blogdafeira.com.br\/home\/wp-content\/uploads\/2026\/04\/feirenses.png 300w, https:\/\/blogdafeira.com.br\/home\/wp-content\/uploads\/2026\/04\/feirenses-170x45.png 170w, https:\/\/blogdafeira.com.br\/home\/wp-content\/uploads\/2026\/04\/feirenses-280x74.png 280w\" sizes=\"(max-width: 300px) 100vw, 300px\" class=\"no-lazyload\" width=\"300\" height=\"79\"  style=\"display: inline-block;\" \/><\/a><\/div>\n<p>O Governo Municipal j\u00e1 mandou o &#8216;recado&#8217; que est\u00e1 contra o projeto, \u00a0atrav\u00e9s do secret\u00e1rio especial, Ars\u00eanio Oliveira que em entrevista \u00e0 imprensa se posicionou no mesmo &#8216;tom&#8217; dos empres\u00e1rios de constru\u00e7\u00e3o civil.<\/p>\n<div id=\"blogd-1921498624\" class=\"blogd-final-post blogd-entity-placement\"><a href=\"https:\/\/www.feiradesantana.ba.leg.br\/\" target=\"_blank\" aria-label=\"BANNER-SITE-ENTREGADECHEQUE-CAMARADEFEIRA\"><img loading=\"lazy\" decoding=\"async\" src=\"https:\/\/blogdafeira.com.br\/home\/wp-content\/uploads\/2026\/03\/BANNER-SITE-ENTREGADECHEQUE-CAMARADEFEIRA.gif\" alt=\"\"  class=\"no-lazyload\" width=\"728\" height=\"90\"   \/><\/a><\/div><p>O l\u00edder do governo, vereador Carlito do Peixe tamb\u00e9m j\u00e1 recuou e afirmou \u00e0 imprensa que apesar de ter votado favor\u00e1vel na primeira vota\u00e7\u00e3o, na segunda ele ir\u00e1 votar contra.<\/p>\n","protected":false},"excerpt":{"rendered":"<p>O pol\u00eamico projeto do vereador feirense Reinaldo Miranda regulamentando em 10 andares o limite para a altura dos pr\u00e9dios dentro do Anel do Contorno em Feira de Santana teve sua vota\u00e7\u00e3o adiada por 4 sess\u00f5es e a proposta de se fazer audi\u00eancias p\u00fablicas. O Governo Municipal j\u00e1 mandou o &#8216;recado&#8217; que est\u00e1 contra o projeto,<\/p>\n","protected":false},"author":1,"featured_media":0,"comment_status":"closed","ping_status":"closed","sticky":false,"template":"","format":"standard","meta":{"jetpack_post_was_ever_published":false,"cybocfi_hide_featured_image":"","_jetpack_newsletter_access":"","_jetpack_dont_email_post_to_subs":false,"_jetpack_newsletter_tier_id":0,"_jetpack_memberships_contains_paywalled_content":false,"_jetpack_memberships_contains_paid_content":false,"footnotes":"","jetpack_publicize_message":"","jetpack_publicize_feature_enabled":true,"jetpack_social_post_already_shared":true,"jetpack_social_options":{"image_generator_settings":{"template":"highway","default_image_id":0,"font":"","enabled":false},"version":2}},"categories":[1],"tags":[],"class_list":["post-4119","post","type-post","status-publish","format-standard","hentry","category-raiz"],"jetpack_publicize_connections":[],"jetpack_featured_media_url":"","jetpack_shortlink":"https:\/\/wp.me\/p3niVf-14r","jetpack_sharing_enabled":true,"jetpack-related-posts":[{"id":20751,"url":"https:\/\/blogdafeira.com.br\/home\/2016\/04\/13\/camara-de-feira-vai-fazer-audiencia-publica-antes-de-votar-plano-de-cultura\/","url_meta":{"origin":4119,"position":0},"title":"C\u00e2mara de Feira vai fazer audi\u00eancia p\u00fablica antes de votar Plano de Cultura","author":"Blog da Feira","date":"13\/04\/2016","format":false,"excerpt":"Mirem-se no exemplo do Conselho de Cultura e ativistas culturais em Feira de Santana que ontem obtiveram \u00a0mais uma vit\u00f3ria ao impedir a vota\u00e7\u00e3o do Plano Municipal de Cultura na C\u00e2mara de Vereadores para que antes seja realizada uma audi\u00eancia p\u00fablica. A Presid\u00eancia da C\u00e2mara recebeu os membros do Conselho\u2026","rel":"","context":"Em &quot;Home&quot;","block_context":{"text":"Home","link":"https:\/\/blogdafeira.com.br\/home\/categoria\/raiz\/"},"img":{"alt_text":"FEIRA CULTURA","src":"https:\/\/i0.wp.com\/blogdafeira.com.br\/home\/wp-content\/uploads\/2016\/04\/FEIRA-CULTURA.jpg?resize=350%2C200","width":350,"height":200,"srcset":"https:\/\/i0.wp.com\/blogdafeira.com.br\/home\/wp-content\/uploads\/2016\/04\/FEIRA-CULTURA.jpg?resize=350%2C200 1x, https:\/\/i0.wp.com\/blogdafeira.com.br\/home\/wp-content\/uploads\/2016\/04\/FEIRA-CULTURA.jpg?resize=525%2C300 1.5x"},"classes":[]},{"id":30069,"url":"https:\/\/blogdafeira.com.br\/home\/2018\/08\/17\/publico-da-audencia-aponta-erros-e-falhas-do-pddu-de-feira-e-pede-mais-tempo-de-discussao\/","url_meta":{"origin":4119,"position":1},"title":"P\u00fablico da aud\u00eancia aponta erros e falhas do PDDU de Feira e pede mais tempo de discuss\u00e3o","author":"J\u00e2nio R\u00eago","date":"17\/08\/2018","format":false,"excerpt":"Na primeira audi\u00eancia p\u00fablica na C\u00e2mara de Vereadores de Feira de Santana sobre o PDDU (Plano Diretor de Desenvolvimento Urbano) foram apontados erros e falhas no projeto de Lei enviado pelo Poder Executivo e solicitado aos vereadores mais tempo de discuss\u00e3o antes de votarem o documento. Quest\u00f5es\u00a0 como por exemplo\u2026","rel":"","context":"Em &quot;Home&quot;","block_context":{"text":"Home","link":"https:\/\/blogdafeira.com.br\/home\/categoria\/raiz\/"},"img":{"alt_text":"","src":"https:\/\/i0.wp.com\/blogdafeira.com.br\/home\/wp-content\/uploads\/2018\/08\/images-6.jpeg?resize=350%2C200","width":350,"height":200},"classes":[]},{"id":4009,"url":"https:\/\/blogdafeira.com.br\/home\/2013\/08\/01\/projeto-dos-10-andares-justiniano-manobra-e-adia-a-votacao\/","url_meta":{"origin":4119,"position":2},"title":"Projeto dos 10 andares: Justiniano manobra e adia a vota\u00e7\u00e3o","author":"Blog da Feira","date":"01\/08\/2013","format":false,"excerpt":"O presidente da C\u00e2mara de Vereadores de Feira de Santana fez uma 'manobra presidencial' e adiou a vota\u00e7\u00e3o do projeto do vereador Reinaldo Miranda que altera a lei de ocupa\u00e7\u00e3o e uso do solo na cidade. Justiniano alegou uma reuni\u00e3o de urg\u00eancia 'solicitada pelo Executivo', com secret\u00e1rios municipais que, segundo\u2026","rel":"","context":"Em &quot;Home&quot;","block_context":{"text":"Home","link":"https:\/\/blogdafeira.com.br\/home\/categoria\/raiz\/"},"img":{"alt_text":"","src":"","width":0,"height":0},"classes":[]},{"id":29383,"url":"https:\/\/blogdafeira.com.br\/home\/2018\/04\/03\/governo-de-feira-manda-pacotao-de-leis-para-camara-votar-pddu-codigos-de-obras-meio-ambiente-e-lei-do-uso-do-solo\/","url_meta":{"origin":4119,"position":3},"title":"Governo de Feira manda &#8216;pacot\u00e3o&#8217; de leis para C\u00e2mara votar: PDDU, c\u00f3digos de Obras, Meio Ambiente e Lei do Uso do Solo","author":"Blog da Feira","date":"03\/04\/2018","format":false,"excerpt":"O Munic\u00edpio de Feira de Santana ter\u00e1, em breves dias, o seu Plano Diretor de Desenvolvimento Urbano e Territorial. O projeto do PDDU, elaborado pela Funda\u00e7\u00e3o Escola Polit\u00e9cnica da Universidade Federal da Bahia, \u00f3rg\u00e3o especializado contratado pela Prefeitura, est\u00e1 pronto e foi apresentado nesta segunda-feira (2) \u00e0 imprensa. Na quarta-feira,\u2026","rel":"","context":"Em &quot;Distritos&quot;","block_context":{"text":"Distritos","link":"https:\/\/blogdafeira.com.br\/home\/categoria\/distritos\/"},"img":{"alt_text":"","src":"https:\/\/i0.wp.com\/blogdafeira.com.br\/home\/wp-content\/uploads\/2018\/04\/IMG_20180402_152845402-1024x768.jpg?resize=350%2C200","width":350,"height":200,"srcset":"https:\/\/i0.wp.com\/blogdafeira.com.br\/home\/wp-content\/uploads\/2018\/04\/IMG_20180402_152845402-1024x768.jpg?resize=350%2C200 1x, https:\/\/i0.wp.com\/blogdafeira.com.br\/home\/wp-content\/uploads\/2018\/04\/IMG_20180402_152845402-1024x768.jpg?resize=525%2C300 1.5x, https:\/\/i0.wp.com\/blogdafeira.com.br\/home\/wp-content\/uploads\/2018\/04\/IMG_20180402_152845402-1024x768.jpg?resize=700%2C400 2x"},"classes":[]},{"id":20730,"url":"https:\/\/blogdafeira.com.br\/home\/2016\/04\/11\/plano-municipal-de-cultura-vai-ser-votado-amanha-na-camara-de-feira\/","url_meta":{"origin":4119,"position":4},"title":"Plano Municipal de Cultura vai ser votado amanh\u00e3 na C\u00e2mara de Feira","author":"Blog da Feira","date":"11\/04\/2016","format":false,"excerpt":"Na pr\u00f3xima ter\u00e7a-feira, 12 de abril de 2016, deve entrar na pauta de vota\u00e7\u00f5es da C\u00e2mara Vereadores de Feira de Santana, o Plano Municipal de Cultura, fruto do trabalho do Conselho Municipal de Cultura e da colabora\u00e7\u00e3o de v\u00e1rias pessoas que atuam neste segmento em nossa cidade. No entanto, a\u2026","rel":"","context":"Em &quot;Home&quot;","block_context":{"text":"Home","link":"https:\/\/blogdafeira.com.br\/home\/categoria\/raiz\/"},"img":{"alt_text":"elsimar.2","src":"https:\/\/i0.wp.com\/blogdafeira.com.br\/home\/wp-content\/uploads\/2016\/04\/elsimar.2-300x300.jpg?resize=350%2C200","width":350,"height":200},"classes":[]},{"id":4144,"url":"https:\/\/blogdafeira.com.br\/home\/2013\/08\/05\/projeto-dos-10-andares-vira-o-assunto-polemico-de-feira\/","url_meta":{"origin":4119,"position":5},"title":"Projeto \u2018dos 10 andares\u2019 vira o assunto pol\u00eamico de Feira","author":"Blog da Feira","date":"05\/08\/2013","format":false,"excerpt":"A pol\u00eamica e a discuss\u00e3o em torno do projeto do vereador \u00a0feirense Reinaldo Miranda tomou conta de boa parcela da popula\u00e7\u00e3o principalmente a interessada em melhores condi\u00e7\u00f5es de vida em Feira de Santana. O assunto est\u00e1 em todos os lugares, espalha-se pelas redes sociais e qualquer refer\u00eancia a ele, em\u2026","rel":"","context":"Em &quot;Home&quot;","block_context":{"text":"Home","link":"https:\/\/blogdafeira.com.br\/home\/categoria\/raiz\/"},"img":{"alt_text":"","src":"","width":0,"height":0},"classes":[]}],"_links":{"self":[{"href":"https:\/\/blogdafeira.com.br\/home\/wp-json\/wp\/v2\/posts\/4119","targetHints":{"allow":["GET"]}}],"collection":[{"href":"https:\/\/blogdafeira.com.br\/home\/wp-json\/wp\/v2\/posts"}],"about":[{"href":"https:\/\/blogdafeira.com.br\/home\/wp-json\/wp\/v2\/types\/post"}],"author":[{"embeddable":true,"href":"https:\/\/blogdafeira.com.br\/home\/wp-json\/wp\/v2\/users\/1"}],"replies":[{"embeddable":true,"href":"https:\/\/blogdafeira.com.br\/home\/wp-json\/wp\/v2\/comments?post=4119"}],"version-history":[{"count":2,"href":"https:\/\/blogdafeira.com.br\/home\/wp-json\/wp\/v2\/posts\/4119\/revisions"}],"predecessor-version":[{"id":4122,"href":"https:\/\/blogdafeira.com.br\/home\/wp-json\/wp\/v2\/posts\/4119\/revisions\/4122"}],"wp:attachment":[{"href":"https:\/\/blogdafeira.com.br\/home\/wp-json\/wp\/v2\/media?parent=4119"}],"wp:term":[{"taxonomy":"category","embeddable":true,"href":"https:\/\/blogdafeira.com.br\/home\/wp-json\/wp\/v2\/categories?post=4119"},{"taxonomy":"post_tag","embeddable":true,"href":"https:\/\/blogdafeira.com.br\/home\/wp-json\/wp\/v2\/tags?post=4119"}],"curies":[{"name":"wp","href":"https:\/\/api.w.org\/{rel}","templated":true}]}}