{"id":4138,"date":"2013-08-05T23:56:38","date_gmt":"2013-08-06T02:56:38","guid":{"rendered":"http:\/\/blogdafeira.com.br\/home\/?p=4138"},"modified":"2013-08-05T23:59:07","modified_gmt":"2013-08-06T02:59:07","slug":"4138","status":"publish","type":"post","link":"https:\/\/blogdafeira.com.br\/home\/2013\/08\/05\/4138\/","title":{"rendered":"Pol\u00eamica dos 10 andares: \u2018o que falta \u00e9 um Plano Diretor\u2019"},"content":{"rendered":"<div id=\"blogd-1805192832\" class=\"blogd-fim-do-post-mobile blogd-entity-placement\" style=\"margin-left: auto;margin-right: auto;text-align: center;\"><a href=\"https:\/\/www.sefaz.feiradesantana.ba.gov.br\/\" target=\"_blank\" aria-label=\"728&#215;90 (6)\"><img loading=\"lazy\" decoding=\"async\" src=\"https:\/\/blogdafeira.com.br\/home\/wp-content\/uploads\/2026\/03\/728x90-6.gif\" alt=\"\"  class=\"no-lazyload\" width=\"728\" height=\"90\"  style=\"display: inline-block;\" \/><\/a><\/div><p><a href=\"https:\/\/www.facebook.com\/nei.rios.10\" target=\"_blank\"><img loading=\"lazy\" decoding=\"async\" class=\"alignleft size-thumbnail wp-image-4139\" alt=\"NEI RIOS\" src=\"http:\/\/blogdafeira.com.br\/home\/wp-content\/uploads\/2013\/08\/NEI-RIOS-118x150.jpg\" width=\"118\" height=\"150\" srcset=\"https:\/\/blogdafeira.com.br\/home\/wp-content\/uploads\/2013\/08\/NEI-RIOS-118x150.jpg 118w, https:\/\/blogdafeira.com.br\/home\/wp-content\/uploads\/2013\/08\/NEI-RIOS.jpg 126w\" sizes=\"auto, (max-width: 118px) 100vw, 118px\" \/>Nei Rios:<\/a><\/p><div id=\"blogd-3840771384\" class=\"blogd-conteudo-2-mobile blogd-entity-placement\"><a href=\"https:\/\/feirenses.com.br\/\" target=\"_blank\" aria-label=\"feirenses\"><img loading=\"lazy\" decoding=\"async\" src=\"https:\/\/blogdafeira.com.br\/home\/wp-content\/uploads\/2026\/04\/feirenses.png\" alt=\"\"  srcset=\"https:\/\/blogdafeira.com.br\/home\/wp-content\/uploads\/2026\/04\/feirenses.png 300w, https:\/\/blogdafeira.com.br\/home\/wp-content\/uploads\/2026\/04\/feirenses-170x45.png 170w, https:\/\/blogdafeira.com.br\/home\/wp-content\/uploads\/2026\/04\/feirenses-280x74.png 280w\" sizes=\"(max-width: 300px) 100vw, 300px\" class=\"no-lazyload\" width=\"300\" height=\"79\"  style=\"display: inline-block;\" \/><\/a><\/div>\n<div id=\"blogd-1899608274\" class=\"blogd-final-post blogd-entity-placement\"><a href=\"https:\/\/www.feiradesantana.ba.leg.br\/\" target=\"_blank\" aria-label=\"BANNER-SITE-ENTREGADECHEQUE-CAMARADEFEIRA\"><img loading=\"lazy\" decoding=\"async\" src=\"https:\/\/blogdafeira.com.br\/home\/wp-content\/uploads\/2026\/03\/BANNER-SITE-ENTREGADECHEQUE-CAMARADEFEIRA.gif\" alt=\"\"  class=\"no-lazyload\" width=\"728\" height=\"90\"   \/><\/a><\/div><p><em>\u00a0&#8220;Romulo, o que falta em Feira \u00e9 um Plano Diretor elaborado com foco no interesse da cidade. \u00c9 um bom debate. Acho que o Projeto de Lei pode provocar este debate que dever\u00e1 envolver a sociedade como um todo, sem privil\u00e9gio para a Construtoras\/Incorporadoras. Ah, sobre saneamento, ilumina\u00e7\u00e3o, coleta de lixo e outros aspectos comentados por voc\u00ea, tais efeitos n\u00e3o ocorrem apenas com a horizontaliza\u00e7\u00e3o. Por exemplo, a quantidade de lixo de um edif\u00edcio \u00e9 maior ou menor que de uma casa? A rede de energia para alimentar edif\u00edcios tamb\u00e9m exige mais investimento&#8230; percebe?&#8221;<\/em><\/p>\n","protected":false},"excerpt":{"rendered":"<p>Nei Rios: \u00a0&#8220;Romulo, o que falta em Feira \u00e9 um Plano Diretor elaborado com foco no interesse da cidade. \u00c9 um bom debate. Acho que o Projeto de Lei pode provocar este debate que dever\u00e1 envolver a sociedade como um todo, sem privil\u00e9gio para a Construtoras\/Incorporadoras. Ah, sobre saneamento, ilumina\u00e7\u00e3o, coleta de lixo e outros<\/p>\n","protected":false},"author":1,"featured_media":0,"comment_status":"closed","ping_status":"closed","sticky":false,"template":"","format":"standard","meta":{"jetpack_post_was_ever_published":false,"cybocfi_hide_featured_image":"","_jetpack_newsletter_access":"","_jetpack_dont_email_post_to_subs":false,"_jetpack_newsletter_tier_id":0,"_jetpack_memberships_contains_paywalled_content":false,"_jetpack_memberships_contains_paid_content":false,"footnotes":"","jetpack_publicize_message":"","jetpack_publicize_feature_enabled":true,"jetpack_social_post_already_shared":true,"jetpack_social_options":{"image_generator_settings":{"template":"highway","default_image_id":0,"font":"","enabled":false},"version":2}},"categories":[1],"tags":[],"class_list":["post-4138","post","type-post","status-publish","format-standard","hentry","category-raiz"],"jetpack_publicize_connections":[],"jetpack_featured_media_url":"","jetpack_shortlink":"https:\/\/wp.me\/s3niVf-4138","jetpack_sharing_enabled":true,"jetpack-related-posts":[{"id":1927,"url":"https:\/\/blogdafeira.com.br\/home\/2013\/05\/24\/descarte-de-remedios-chama-atencao-para-o-problema-do-lixo-em-feira\/","url_meta":{"origin":4138,"position":0},"title":"Descarte de rem\u00e9dios chama aten\u00e7\u00e3o para o &#8216;problema do lixo&#8217; em Feira","author":"Blog da Feira","date":"24\/05\/2013","format":false,"excerpt":"Um 'lix\u00e3o de rem\u00e9dios' em \u00a0um terreno baldio no bairro Mangabeira, despertou a comunidade para o problema do lixo urbano e o seu destino em Feira de Santana. Em Feira a 'quest\u00e3o do lixo' envolve uma complicada disputa judici\u00e1ria em torno da propriedade e explora\u00e7\u00e3o de aterros sanit\u00e1rios. Inexiste um\u2026","rel":"","context":"Em &quot;Cidade&quot;","block_context":{"text":"Cidade","link":"https:\/\/blogdafeira.com.br\/home\/categoria\/cidade\/"},"img":{"alt_text":"DSC07030","src":"https:\/\/i0.wp.com\/blogdafeira.com.br\/home\/wp-content\/uploads\/2013\/05\/DSC07030.jpg?resize=350%2C200","width":350,"height":200,"srcset":"https:\/\/i0.wp.com\/blogdafeira.com.br\/home\/wp-content\/uploads\/2013\/05\/DSC07030.jpg?resize=350%2C200 1x, https:\/\/i0.wp.com\/blogdafeira.com.br\/home\/wp-content\/uploads\/2013\/05\/DSC07030.jpg?resize=525%2C300 1.5x"},"classes":[]},{"id":23038,"url":"https:\/\/blogdafeira.com.br\/home\/2016\/08\/13\/psol-abre-debate-publico-em-feira-sobre-plano-de-governo-2017-2020\/","url_meta":{"origin":4138,"position":1},"title":"PSOL abre debate p\u00fablico em Feira sobre Plano de Governo 2017-2020","author":"Blog da Feira","date":"13\/08\/2016","format":false,"excerpt":"O PSOL de Feira de Santana abriu um debate p\u00fablico e suprapartid\u00e1rio sobre o Plano de Governo do candidato a Prefeito, Jhonatas Monteiro. A primeira reuni\u00e3o aconteceu no s\u00e1bado, no Col\u00e9gio Intelecto, no centro da cidade, com a participa\u00e7\u00e3o de palestrantes convidados para os temas Cultura, Planejamento e Urbanismo e\u2026","rel":"","context":"Em &quot;Home&quot;","block_context":{"text":"Home","link":"https:\/\/blogdafeira.com.br\/home\/categoria\/raiz\/"},"img":{"alt_text":"IMG_20160813_170316996","src":"https:\/\/i0.wp.com\/blogdafeira.com.br\/home\/wp-content\/uploads\/2016\/08\/IMG_20160813_170316996-1024x576.jpg?resize=350%2C200","width":350,"height":200,"srcset":"https:\/\/i0.wp.com\/blogdafeira.com.br\/home\/wp-content\/uploads\/2016\/08\/IMG_20160813_170316996-1024x576.jpg?resize=350%2C200 1x, https:\/\/i0.wp.com\/blogdafeira.com.br\/home\/wp-content\/uploads\/2016\/08\/IMG_20160813_170316996-1024x576.jpg?resize=525%2C300 1.5x, https:\/\/i0.wp.com\/blogdafeira.com.br\/home\/wp-content\/uploads\/2016\/08\/IMG_20160813_170316996-1024x576.jpg?resize=700%2C400 2x"},"classes":[]},{"id":3403,"url":"https:\/\/blogdafeira.com.br\/home\/2013\/07\/10\/a-princesa-do-sertao-na-vertical-elegante\/","url_meta":{"origin":4138,"position":2},"title":"A Princesa do Sert\u00e3o na vertical. Elegante.","author":"Blog da Feira","date":"10\/07\/2013","format":false,"excerpt":"Todos sabemos que se a\u00a0 nossa Princesa fosse bem planeja e organizada, tivesse o Plano Diretor feito com aprova\u00e7\u00e3o da sociedade em audi\u00eancias p\u00fablicas, conforme determina a lei, atendesse as exig\u00eancias do Minist\u00e9rio das Cidades e do Banco Mundial, dentro do Anel de Contorno era poss\u00edvel habitar mais de 2\u2026","rel":"","context":"Em &quot;Colunistas&quot;","block_context":{"text":"Colunistas","link":"https:\/\/blogdafeira.com.br\/home\/categoria\/colunistas\/"},"img":{"alt_text":"","src":"","width":0,"height":0},"classes":[]},{"id":5404,"url":"https:\/\/blogdafeira.com.br\/home\/2013\/10\/03\/projeto-dos-10-andares-sai-da-pauta-mas-ainda-tramita-na-camara-de-feira\/","url_meta":{"origin":4138,"position":3},"title":"Projeto dos &#8217;10 andares&#8217; sai da pauta mas ainda tramita na C\u00e2mara de Feira","author":"Blog da Feira","date":"03\/10\/2013","format":false,"excerpt":"O famoso 'projeto dos 10 andares', apresentado na C\u00e2mara de Vereadores de Feira e que limita o n\u00famero de andares dos edif\u00edcios na cidade, foi 'esquecido', pelo menso temporariamente pelos vereadores. Depois de uma pol\u00eamica onde n\u00e3o faltaram especula\u00e7\u00f5es sobre poss\u00edveis tentativas de extors\u00e3o junto ao mercado imobili\u00e1rio (construtoras) e\u2026","rel":"","context":"Em &quot;Home&quot;","block_context":{"text":"Home","link":"https:\/\/blogdafeira.com.br\/home\/categoria\/raiz\/"},"img":{"alt_text":"","src":"","width":0,"height":0},"classes":[]},{"id":21512,"url":"https:\/\/blogdafeira.com.br\/home\/2016\/05\/13\/especulacao-imobiliaria-x-plano-diretor-em-feira-por-marilton-carvalho\/","url_meta":{"origin":4138,"position":4},"title":"&#8216;Especula\u00e7\u00e3o imobili\u00e1ria X Plano Diretor em Feira&#8217;, por Marilton Carvalho","author":"Blog da Feira","date":"13\/05\/2016","format":false,"excerpt":"No meado da d\u00e9cada de 60, a nossa Princesa do Sert\u00e3o possu\u00eda o seu Plano Diretor, plano este feito sem as devidas audi\u00eancias p\u00fablicas, onde o povo opina sobre as prioridades da cidade. Neste\u00a0 plano, estava prevista a cria\u00e7\u00e3o de Centro Industrial do Suba\u00e9 situado no bairro do Tomba fora\u2026","rel":"","context":"Em &quot;Home&quot;","block_context":{"text":"Home","link":"https:\/\/blogdafeira.com.br\/home\/categoria\/raiz\/"},"img":{"alt_text":"MARILTON CARVALHO ..,,,","src":"https:\/\/i0.wp.com\/blogdafeira.com.br\/home\/wp-content\/uploads\/2016\/05\/MARILTON-CARVALHO-...jpg?resize=350%2C200","width":350,"height":200,"srcset":"https:\/\/i0.wp.com\/blogdafeira.com.br\/home\/wp-content\/uploads\/2016\/05\/MARILTON-CARVALHO-...jpg?resize=350%2C200 1x, https:\/\/i0.wp.com\/blogdafeira.com.br\/home\/wp-content\/uploads\/2016\/05\/MARILTON-CARVALHO-...jpg?resize=525%2C300 1.5x"},"classes":[]},{"id":24441,"url":"https:\/\/blogdafeira.com.br\/home\/2016\/11\/19\/comissao-de-urbanismo-da-assembleia-quer-tratar-do-caso-do-edificio-la-vue\/","url_meta":{"origin":4138,"position":5},"title":"Comiss\u00e3o de urbanismo da Assembleia quer tratar do caso do &#8216;Edif\u00edcio La Vue&#8217;","author":"Blog da Feira","date":"19\/11\/2016","format":false,"excerpt":"\u201cLicen\u00e7a para constru\u00e7\u00e3o \u00e9 de compet\u00eancia municipal. Se o alvar\u00e1 para uma obra de grande impacto paisag\u00edstico como esta foi liberado pela Secretaria Municipal de Urbanismo de Salvador, a Prefeitura precisa se explicar. Se Geddel cometeu crime de prevarica\u00e7\u00e3o para se beneficiar, tamb\u00e9m precisa se explicar e inclusive ser afastado\u2026","rel":"","context":"Em &quot;Home&quot;","block_context":{"text":"Home","link":"https:\/\/blogdafeira.com.br\/home\/categoria\/raiz\/"},"img":{"alt_text":"geddelfrfffdsfdasfadfdas","src":"https:\/\/i0.wp.com\/blogdafeira.com.br\/home\/wp-content\/uploads\/2016\/11\/geddelfrfffdsfdasfadfdas.jpg?resize=350%2C200","width":350,"height":200},"classes":[]}],"_links":{"self":[{"href":"https:\/\/blogdafeira.com.br\/home\/wp-json\/wp\/v2\/posts\/4138","targetHints":{"allow":["GET"]}}],"collection":[{"href":"https:\/\/blogdafeira.com.br\/home\/wp-json\/wp\/v2\/posts"}],"about":[{"href":"https:\/\/blogdafeira.com.br\/home\/wp-json\/wp\/v2\/types\/post"}],"author":[{"embeddable":true,"href":"https:\/\/blogdafeira.com.br\/home\/wp-json\/wp\/v2\/users\/1"}],"replies":[{"embeddable":true,"href":"https:\/\/blogdafeira.com.br\/home\/wp-json\/wp\/v2\/comments?post=4138"}],"version-history":[{"count":3,"href":"https:\/\/blogdafeira.com.br\/home\/wp-json\/wp\/v2\/posts\/4138\/revisions"}],"predecessor-version":[{"id":4150,"href":"https:\/\/blogdafeira.com.br\/home\/wp-json\/wp\/v2\/posts\/4138\/revisions\/4150"}],"wp:attachment":[{"href":"https:\/\/blogdafeira.com.br\/home\/wp-json\/wp\/v2\/media?parent=4138"}],"wp:term":[{"taxonomy":"category","embeddable":true,"href":"https:\/\/blogdafeira.com.br\/home\/wp-json\/wp\/v2\/categories?post=4138"},{"taxonomy":"post_tag","embeddable":true,"href":"https:\/\/blogdafeira.com.br\/home\/wp-json\/wp\/v2\/tags?post=4138"}],"curies":[{"name":"wp","href":"https:\/\/api.w.org\/{rel}","templated":true}]}}