{"id":41381,"date":"2020-10-27T06:06:50","date_gmt":"2020-10-27T09:06:50","guid":{"rendered":"https:\/\/blogdafeira.com.br\/home\/?p=41381"},"modified":"2020-10-28T19:15:16","modified_gmt":"2020-10-28T22:15:16","slug":"brasil-tem-o-maior-programa-de-imunizacao-gratuita-do-mundo-diz-fabio-vilas-boas","status":"publish","type":"post","link":"https:\/\/blogdafeira.com.br\/home\/2020\/10\/27\/brasil-tem-o-maior-programa-de-imunizacao-gratuita-do-mundo-diz-fabio-vilas-boas\/","title":{"rendered":"&#8216;Brasil tem o maior programa de imuniza\u00e7\u00e3o gratuita do mundo&#8217;, diz F\u00e1bio Vilas-Boas"},"content":{"rendered":"<div id=\"blogd-3430242573\" class=\"blogd-final-post blogd-entity-placement\"><a href=\"https:\/\/www.feiradesantana.ba.leg.br\/\" target=\"_blank\" aria-label=\"BANNER-SITE-ENTREGADECHEQUE-CAMARADEFEIRA\"><img loading=\"lazy\" decoding=\"async\" src=\"https:\/\/blogdafeira.com.br\/home\/wp-content\/uploads\/2026\/03\/BANNER-SITE-ENTREGADECHEQUE-CAMARADEFEIRA.gif\" alt=\"\"  class=\"no-lazyload\" width=\"728\" height=\"90\"   \/><\/a><\/div><div dir=\"auto\" lang=\"pt\">\n<div id=\"blogd-1143477590\" class=\"blogd-fim-do-post-mobile blogd-entity-placement\" style=\"margin-left: auto;margin-right: auto;text-align: center;\"><a href=\"https:\/\/www.sefaz.feiradesantana.ba.gov.br\/\" target=\"_blank\" aria-label=\"728&#215;90 (6)\"><img loading=\"lazy\" decoding=\"async\" src=\"https:\/\/blogdafeira.com.br\/home\/wp-content\/uploads\/2026\/03\/728x90-6.gif\" alt=\"\"  class=\"no-lazyload\" width=\"728\" height=\"90\"  style=\"display: inline-block;\" \/><\/a><\/div><p style=\"text-align: justify;\"><em>Em nossa hist\u00f3ria, nunca houve obrigatoriedade para vacinas. Ainda assim, o Brasil tem o maior e mais bem sucedido programa nacional de imuniza\u00e7\u00e3o gratuita do mundo,\u00a0<\/em>explica na p\u00e1gina dele no<strong><a href=\"https:\/\/twitter.com\/fabiovboas\/status\/1321011012791869440\"> twitter o secret\u00e1rio de sa\u00fade da Bahia, F\u00e1bio Vilas-Boa.<\/a><\/strong><\/p><div id=\"blogd-593361449\" class=\"blogd-conteudo-2-mobile blogd-entity-placement\"><a href=\"https:\/\/feirenses.com.br\/\" target=\"_blank\" aria-label=\"feirenses\"><img loading=\"lazy\" decoding=\"async\" src=\"https:\/\/blogdafeira.com.br\/home\/wp-content\/uploads\/2026\/04\/feirenses.png\" alt=\"\"  srcset=\"https:\/\/blogdafeira.com.br\/home\/wp-content\/uploads\/2026\/04\/feirenses.png 300w, https:\/\/blogdafeira.com.br\/home\/wp-content\/uploads\/2026\/04\/feirenses-170x45.png 170w, https:\/\/blogdafeira.com.br\/home\/wp-content\/uploads\/2026\/04\/feirenses-280x74.png 280w\" sizes=\"(max-width: 300px) 100vw, 300px\" class=\"no-lazyload\" width=\"300\" height=\"79\"  style=\"display: inline-block;\" \/><\/a><\/div>\n<p style=\"text-align: justify;\"><em><span class=\"css-901oao css-16my406 r-1qd0xha r-ad9z0x r-bcqeeo r-qvutc0\">N\u00e3o se pode confundir obrigatoriedade de as pessoas serem vacinadas, com obrigatoriedade do governo disponibilizar a vacina para toda a popula\u00e7\u00e3o. S\u00e3o coisas completamente diferentes,\u00a0<\/span><\/em><span class=\"css-901oao css-16my406 r-1qd0xha r-ad9z0x r-bcqeeo r-qvutc0\">alerta ele, num momento em que o debate nacional sobre a vacina contra a Covid19 est\u00e1 se acirrando em todo o pa\u00eds.<\/span><\/p>\n<blockquote class=\"twitter-tweet\">\n<p dir=\"ltr\" lang=\"pt\">N\u00e3o se pode confundir obrigatoriedade de as pessoas serem vacinadas, com obrigatoriedade do governo disponibilizar a vacina para toda a popula\u00e7\u00e3o. S\u00e3o coisas completamente diferentes.<\/p>\n<p>\u2014 F\u00e1bio Vilas-Boas (@fabiovboas) <a href=\"https:\/\/twitter.com\/fabiovboas\/status\/1321011411850612737?ref_src=twsrc%5Etfw\">October 27, 2020<\/a><\/p><\/blockquote>\n<p><script async src=\"https:\/\/platform.twitter.com\/widgets.js\" charset=\"utf-8\"><\/script><br \/>\nO Secret\u00e1rio da Bahia continuou em um terceiro tweet:<\/p>\n<p><em>Em 1904 o Governo quis tornar obrigat\u00f3ria a vacina contra var\u00edola. O projeto exigia comprovantes de vacina\u00e7\u00e3o para a realiza\u00e7\u00e3o de matr\u00edculas escolares, obten\u00e7\u00e3o de empregos, viagens, hospedagens e casamentos, al\u00e9m de multas para quem resistisse. Resultado: a Revolta da Vacina.<\/em><\/p>\n<\/div>\n","protected":false},"excerpt":{"rendered":"<p>Em nossa hist\u00f3ria, nunca houve obrigatoriedade para vacinas. Ainda assim, o Brasil tem o maior e mais bem sucedido programa nacional de imuniza\u00e7\u00e3o gratuita do mundo,\u00a0explica na p\u00e1gina dele no twitter o secret\u00e1rio de sa\u00fade da Bahia, F\u00e1bio Vilas-Boa. N\u00e3o se pode confundir obrigatoriedade de as pessoas serem vacinadas, com obrigatoriedade do governo disponibilizar a<\/p>\n","protected":false},"author":1,"featured_media":41382,"comment_status":"closed","ping_status":"closed","sticky":false,"template":"","format":"standard","meta":{"jetpack_post_was_ever_published":false,"cybocfi_hide_featured_image":"","_jetpack_newsletter_access":"","_jetpack_dont_email_post_to_subs":false,"_jetpack_newsletter_tier_id":0,"_jetpack_memberships_contains_paywalled_content":false,"_jetpack_memberships_contains_paid_content":false,"footnotes":"","jetpack_publicize_message":"","jetpack_publicize_feature_enabled":true,"jetpack_social_post_already_shared":true,"jetpack_social_options":{"image_generator_settings":{"template":"highway","default_image_id":0,"font":"","enabled":false},"version":2}},"categories":[680,1],"tags":[],"class_list":["post-41381","post","type-post","status-publish","format-standard","has-post-thumbnail","hentry","category-bahia","category-raiz"],"jetpack_publicize_connections":[],"jetpack_featured_media_url":"https:\/\/blogdafeira.com.br\/home\/wp-content\/uploads\/2020\/10\/fabio-vilas-boas.jpg","jetpack_shortlink":"https:\/\/wp.me\/p3niVf-aLr","jetpack_sharing_enabled":true,"jetpack-related-posts":[{"id":48948,"url":"https:\/\/blogdafeira.com.br\/home\/2021\/11\/29\/decretada-obrigatoriedade-do-cartao-de-vacina-para-servidor-publico-de-feira\/","url_meta":{"origin":41381,"position":0},"title":"Decretada obrigatoriedade do cart\u00e3o de vacina para servidor p\u00fablico de Feira","author":"Blog da Feira","date":"29\/11\/2021","format":false,"excerpt":"A partir desta segunda-feira, 29, todos os servidores p\u00fablicos municipais de Feira de Santana, concursados, nomeados, contratados, inclusive os que exercem fun\u00e7\u00f5es p\u00fablicas vinculadas ao Poder Executivo, ter\u00e3o que apresentar a comprova\u00e7\u00e3o de vacina\u00e7\u00e3o contra a COVID-19 ao \u00f3rg\u00e3o no qual est\u00e1 lotado. O decreto com\u00a0altera\u00e7\u00f5es\u00a0sobre a obrigatoriedade da imuniza\u00e7\u00e3o\u2026","rel":"","context":"Em &quot;Cidade&quot;","block_context":{"text":"Cidade","link":"https:\/\/blogdafeira.com.br\/home\/categoria\/cidade\/"},"img":{"alt_text":"","src":"https:\/\/i0.wp.com\/blogdafeira.com.br\/home\/wp-content\/uploads\/2021\/11\/27112021092658.jpg?resize=350%2C200&ssl=1","width":350,"height":200,"srcset":"https:\/\/i0.wp.com\/blogdafeira.com.br\/home\/wp-content\/uploads\/2021\/11\/27112021092658.jpg?resize=350%2C200&ssl=1 1x, https:\/\/i0.wp.com\/blogdafeira.com.br\/home\/wp-content\/uploads\/2021\/11\/27112021092658.jpg?resize=525%2C300&ssl=1 1.5x, https:\/\/i0.wp.com\/blogdafeira.com.br\/home\/wp-content\/uploads\/2021\/11\/27112021092658.jpg?resize=700%2C400&ssl=1 2x, https:\/\/i0.wp.com\/blogdafeira.com.br\/home\/wp-content\/uploads\/2021\/11\/27112021092658.jpg?resize=1050%2C600&ssl=1 3x"},"classes":[]},{"id":47032,"url":"https:\/\/blogdafeira.com.br\/home\/2021\/08\/12\/deputada-bolsonarista-promete-ir-a-justica-contra-restricoes-a-nao-vacinados\/","url_meta":{"origin":41381,"position":1},"title":"Deputada bolsonarista promete ir \u00e0 justi\u00e7a contra restri\u00e7\u00f5es a n\u00e3o-vacinados","author":"Blog da Feira","date":"12\/08\/2021","format":false,"excerpt":"A deputada estadual Talita Oliveira (PSL) prometeu, nesta quinta-feira (12), acionar judicialmente o governador Rui Costa (PT) caso o Estado imponha medidas restritivas em pessoas n\u00e3o vacinadas contra a Covid-19. A declara\u00e7\u00e3o acontece ap\u00f3s o governador admitir que estuda um pacote de restri\u00e7\u00f5es para n\u00e3o vacinados, que poderiam ser impedidos\u2026","rel":"","context":"Em &quot;Bahia&quot;","block_context":{"text":"Bahia","link":"https:\/\/blogdafeira.com.br\/home\/categoria\/bahia\/"},"img":{"alt_text":"","src":"https:\/\/i0.wp.com\/blogdafeira.com.br\/home\/wp-content\/uploads\/2021\/06\/vacinas-brasil.jpg?resize=350%2C200&ssl=1","width":350,"height":200},"classes":[]},{"id":50577,"url":"https:\/\/blogdafeira.com.br\/home\/2022\/02\/08\/cala-a-boca-magno-ministerio-publico-alerta-que-e-obrigatorio-vacinar-criancas\/","url_meta":{"origin":41381,"position":2},"title":"&#8220;Cala a boca, Magno&#8221;: Minist\u00e9rio P\u00fablico alerta que \u00e9 obrigat\u00f3rio vacinar crian\u00e7as","author":"Blog da Feira","date":"08\/02\/2022","format":false,"excerpt":"O Minist\u00e9rio P\u00fablico notificou o Governo Municipal para que fiscalize a obrigatoriedade da vacina\u00e7\u00e3o de crian\u00e7as de 5 a 11 anos contra a Covid 19, bem como de todos os imunizantes previstos no Plano Nacional de Vacina\u00e7\u00e3o. A promotora Idelzuith Freitas de Oliveira Nunes, autora do procedimento, determina inclusive que\u2026","rel":"","context":"Em &quot;Cidade&quot;","block_context":{"text":"Cidade","link":"https:\/\/blogdafeira.com.br\/home\/categoria\/cidade\/"},"img":{"alt_text":"","src":"","width":0,"height":0},"classes":[]},{"id":34104,"url":"https:\/\/blogdafeira.com.br\/home\/2019\/11\/21\/vacina-para-burrice-e-a-revolta-jolivaldo-freitas\/","url_meta":{"origin":41381,"position":3},"title":"&#8220;Vacina para burrice e a revolta&#8221;, Jolivaldo Freitas","author":"Jolivaldo Freitas","date":"21\/11\/2019","format":false,"excerpt":"por Jolivaldo Freitas* Esta semana, embora esteja passando desapercebido pelos ve\u00edculos de comunica\u00e7\u00e3o, \u00e9 tempo de relembrar os 115 anos da Revolta da Vacina, um motim organizado pelo povo em novembro de 1904 no Rio de Janeiro e que chegou a se espalhar por outras cidades, como Recife e Salvador,\u2026","rel":"","context":"Em &quot;Colunistas&quot;","block_context":{"text":"Colunistas","link":"https:\/\/blogdafeira.com.br\/home\/categoria\/colunistas\/"},"img":{"alt_text":"","src":"https:\/\/i0.wp.com\/blogdafeira.com.br\/home\/wp-content\/uploads\/2019\/11\/download-13.jpeg?resize=350%2C200","width":350,"height":200},"classes":[]},{"id":39456,"url":"https:\/\/blogdafeira.com.br\/home\/2020\/08\/10\/bahia-ja-testa-vacina-americana-e-agora-vai-testar-a-chinesa\/","url_meta":{"origin":41381,"position":4},"title":"Bahia j\u00e1 testa vacina americana e agora vai testar a chinesa","author":"Blog da Feira","date":"10\/08\/2020","format":false,"excerpt":"O governador Rui Costa, juntamente com o secret\u00e1rio estadual de Sa\u00fade, F\u00e1bio Vilas-Boas, e a secret\u00e1ria de Ci\u00eancia e Tecnologia, Ad\u00e9lia Pinheiro, participou de uma teleconfer\u00eancia com um grupo composto por duas empresas chinesas que est\u00e3o desenvolvendo duas linhas de vacinas contra a Covid-19. \"N\u00f3s fizemos o contato com eles\u2026","rel":"","context":"Em &quot;Bahia&quot;","block_context":{"text":"Bahia","link":"https:\/\/blogdafeira.com.br\/home\/categoria\/bahia\/"},"img":{"alt_text":"","src":"https:\/\/i0.wp.com\/blogdafeira.com.br\/home\/wp-content\/uploads\/2020\/08\/rui-rui-rui.jpeg?resize=350%2C200&ssl=1","width":350,"height":200},"classes":[]},{"id":42677,"url":"https:\/\/blogdafeira.com.br\/home\/2020\/12\/23\/governo-federal-fala-em-2584-milhoes-de-doses-de-vacinas\/","url_meta":{"origin":41381,"position":5},"title":"Governo federal fala em 258,4 milh\u00f5es de doses de vacinas","author":"Blog da Feira","date":"23\/12\/2020","format":false,"excerpt":"A Funda\u00e7\u00e3o Oswaldo Cruz (Fiocruz) pretende entregar o primeiro lote de um milh\u00e3o de doses da chamada \u201cvacina de Oxford\u201d ao Programa Nacional de Imuniza\u00e7\u00f5es (PNI) do Minist\u00e9rio da Sa\u00fade na semana de 8 de fevereiro de 2021. A expectativa do minist\u00e9rio \u00e9 que, nos pr\u00f3ximos meses, o pa\u00eds conte\u2026","rel":"","context":"Em &quot;Bahia&quot;","block_context":{"text":"Bahia","link":"https:\/\/blogdafeira.com.br\/home\/categoria\/bahia\/"},"img":{"alt_text":"","src":"https:\/\/i0.wp.com\/blogdafeira.com.br\/home\/wp-content\/uploads\/2020\/12\/vacina.jpg?resize=350%2C200&ssl=1","width":350,"height":200,"srcset":"https:\/\/i0.wp.com\/blogdafeira.com.br\/home\/wp-content\/uploads\/2020\/12\/vacina.jpg?resize=350%2C200&ssl=1 1x, https:\/\/i0.wp.com\/blogdafeira.com.br\/home\/wp-content\/uploads\/2020\/12\/vacina.jpg?resize=525%2C300&ssl=1 1.5x"},"classes":[]}],"_links":{"self":[{"href":"https:\/\/blogdafeira.com.br\/home\/wp-json\/wp\/v2\/posts\/41381","targetHints":{"allow":["GET"]}}],"collection":[{"href":"https:\/\/blogdafeira.com.br\/home\/wp-json\/wp\/v2\/posts"}],"about":[{"href":"https:\/\/blogdafeira.com.br\/home\/wp-json\/wp\/v2\/types\/post"}],"author":[{"embeddable":true,"href":"https:\/\/blogdafeira.com.br\/home\/wp-json\/wp\/v2\/users\/1"}],"replies":[{"embeddable":true,"href":"https:\/\/blogdafeira.com.br\/home\/wp-json\/wp\/v2\/comments?post=41381"}],"version-history":[{"count":4,"href":"https:\/\/blogdafeira.com.br\/home\/wp-json\/wp\/v2\/posts\/41381\/revisions"}],"predecessor-version":[{"id":41387,"href":"https:\/\/blogdafeira.com.br\/home\/wp-json\/wp\/v2\/posts\/41381\/revisions\/41387"}],"wp:featuredmedia":[{"embeddable":true,"href":"https:\/\/blogdafeira.com.br\/home\/wp-json\/wp\/v2\/media\/41382"}],"wp:attachment":[{"href":"https:\/\/blogdafeira.com.br\/home\/wp-json\/wp\/v2\/media?parent=41381"}],"wp:term":[{"taxonomy":"category","embeddable":true,"href":"https:\/\/blogdafeira.com.br\/home\/wp-json\/wp\/v2\/categories?post=41381"},{"taxonomy":"post_tag","embeddable":true,"href":"https:\/\/blogdafeira.com.br\/home\/wp-json\/wp\/v2\/tags?post=41381"}],"curies":[{"name":"wp","href":"https:\/\/api.w.org\/{rel}","templated":true}]}}