{"id":4164,"date":"2013-08-07T12:53:44","date_gmt":"2013-08-07T15:53:44","guid":{"rendered":"http:\/\/blogdafeira.com.br\/home\/?p=4164"},"modified":"2013-08-07T12:53:44","modified_gmt":"2013-08-07T15:53:44","slug":"emenda-adia-votacao-do-novo-projeto-de-zona-azul-na-camara","status":"publish","type":"post","link":"https:\/\/blogdafeira.com.br\/home\/2013\/08\/07\/emenda-adia-votacao-do-novo-projeto-de-zona-azul-na-camara\/","title":{"rendered":"Emenda adia vota\u00e7\u00e3o do &#8216;novo&#8217; projeto de &#8216;Zona Azul&#8217; na C\u00e2mara"},"content":{"rendered":"<div id=\"blogd-2867207489\" class=\"blogd-fim-do-post-mobile blogd-entity-placement\" style=\"margin-left: auto;margin-right: auto;text-align: center;\"><a href=\"https:\/\/www.sefaz.feiradesantana.ba.gov.br\/\" target=\"_blank\" aria-label=\"728&#215;90 (6)\"><img loading=\"lazy\" decoding=\"async\" src=\"https:\/\/blogdafeira.com.br\/home\/wp-content\/uploads\/2026\/03\/728x90-6.gif\" alt=\"\"  class=\"no-lazyload\" width=\"728\" height=\"90\"  style=\"display: inline-block;\" \/><\/a><\/div><p>Uma emenda diminuindo o tempo de perman\u00eancia do ve\u00edculo no estacionamento &#8216;Zona Azul&#8217; de 4 para 2 horas adiou a vota\u00e7\u00e3o do projeto enviado pelo Poder Executivo \u00e0 C\u00e2mara de Feira, em regime de urg\u00eancia.<\/p><div id=\"blogd-4225146858\" class=\"blogd-conteudo-2-mobile blogd-entity-placement\"><a href=\"https:\/\/feirenses.com.br\/\" target=\"_blank\" aria-label=\"feirenses\"><img loading=\"lazy\" decoding=\"async\" src=\"https:\/\/blogdafeira.com.br\/home\/wp-content\/uploads\/2026\/04\/feirenses.png\" alt=\"\"  srcset=\"https:\/\/blogdafeira.com.br\/home\/wp-content\/uploads\/2026\/04\/feirenses.png 300w, https:\/\/blogdafeira.com.br\/home\/wp-content\/uploads\/2026\/04\/feirenses-170x45.png 170w, https:\/\/blogdafeira.com.br\/home\/wp-content\/uploads\/2026\/04\/feirenses-280x74.png 280w\" sizes=\"(max-width: 300px) 100vw, 300px\" class=\"no-lazyload\" width=\"300\" height=\"79\"  style=\"display: inline-block;\" \/><\/a><\/div>\n<div id=\"blogd-240575703\" class=\"blogd-final-post blogd-entity-placement\"><a href=\"https:\/\/www.feiradesantana.ba.leg.br\/\" target=\"_blank\" aria-label=\"BANNER-SITE-ENTREGADECHEQUE-CAMARADEFEIRA\"><img loading=\"lazy\" decoding=\"async\" src=\"https:\/\/blogdafeira.com.br\/home\/wp-content\/uploads\/2026\/03\/BANNER-SITE-ENTREGADECHEQUE-CAMARADEFEIRA.gif\" alt=\"\"  class=\"no-lazyload\" width=\"728\" height=\"90\"   \/><\/a><\/div><p>O estacionamento &#8216;Zona Azul&#8217; j\u00e1 foi implantado uma vez em Feira de Santana, h\u00e1 mais de 15 anos atr\u00e1s mas o assunto sempre volta \u00e0 tona principalmente no in\u00edcio das legislaturas.<\/p>\n<p>&nbsp;<\/p>\n","protected":false},"excerpt":{"rendered":"<p>Uma emenda diminuindo o tempo de perman\u00eancia do ve\u00edculo no estacionamento &#8216;Zona Azul&#8217; de 4 para 2 horas adiou a vota\u00e7\u00e3o do projeto enviado pelo Poder Executivo \u00e0 C\u00e2mara de Feira, em regime de urg\u00eancia. O estacionamento &#8216;Zona Azul&#8217; j\u00e1 foi implantado uma vez em Feira de Santana, h\u00e1 mais de 15 anos atr\u00e1s mas<\/p>\n","protected":false},"author":1,"featured_media":0,"comment_status":"closed","ping_status":"closed","sticky":false,"template":"","format":"standard","meta":{"jetpack_post_was_ever_published":false,"cybocfi_hide_featured_image":"","_jetpack_newsletter_access":"","_jetpack_dont_email_post_to_subs":false,"_jetpack_newsletter_tier_id":0,"_jetpack_memberships_contains_paywalled_content":false,"_jetpack_memberships_contains_paid_content":false,"footnotes":"","jetpack_publicize_message":"","jetpack_publicize_feature_enabled":true,"jetpack_social_post_already_shared":true,"jetpack_social_options":{"image_generator_settings":{"template":"highway","default_image_id":0,"font":"","enabled":false},"version":2}},"categories":[1],"tags":[],"class_list":["post-4164","post","type-post","status-publish","format-standard","hentry","category-raiz"],"jetpack_publicize_connections":[],"jetpack_featured_media_url":"","jetpack_shortlink":"https:\/\/wp.me\/p3niVf-15a","jetpack_sharing_enabled":true,"jetpack-related-posts":[{"id":61035,"url":"https:\/\/blogdafeira.com.br\/home\/2024\/02\/04\/arquivo-bf-zona-azul-esta-voltando-mais-um-chupa-cabra-no-centro-da-cidade\/","url_meta":{"origin":4164,"position":0},"title":"Arquivo BF: Zona Azul est\u00e1 voltando. Mais um \u201cchupa cabra\u201d no Centro da Cidade","author":"J\u00e2nio R\u00eago","date":"04\/02\/2024","format":false,"excerpt":"Publicado originalmente em 15 de maio de 2007 A Zona Azul est\u00e1 sendo aprovada na C\u00e2mara. Ontem aprovou-se o projeto em primeira vota\u00e7\u00e3o e logo mais acontecer\u00e1 a segunda vota\u00e7\u00e3o. O projeto de Zona Azul \u00e9 de Renildo Brito, a servi\u00e7o de empres\u00e1rios e comerciantes que querem explorar o servi\u00e7o\u2026","rel":"","context":"Em &quot;Cidade&quot;","block_context":{"text":"Cidade","link":"https:\/\/blogdafeira.com.br\/home\/categoria\/cidade\/"},"img":{"alt_text":"","src":"https:\/\/i0.wp.com\/blogdafeira.com.br\/home\/wp-content\/uploads\/2024\/02\/1282013173238.jpg?resize=350%2C200&ssl=1","width":350,"height":200,"srcset":"https:\/\/i0.wp.com\/blogdafeira.com.br\/home\/wp-content\/uploads\/2024\/02\/1282013173238.jpg?resize=350%2C200&ssl=1 1x, https:\/\/i0.wp.com\/blogdafeira.com.br\/home\/wp-content\/uploads\/2024\/02\/1282013173238.jpg?resize=525%2C300&ssl=1 1.5x"},"classes":[]},{"id":4103,"url":"https:\/\/blogdafeira.com.br\/home\/2013\/08\/04\/veredores-de-feira-vao-aprovar-zona-azul-em-regime-de-urgencia\/","url_meta":{"origin":4164,"position":1},"title":"Vereadores de Feira v\u00e3o aprovar &#8216;Zona Azul&#8217; em &#8216;regime de urg\u00eancia","author":"Blog da Feira","date":"04\/08\/2013","format":false,"excerpt":"A C\u00e2mara de Vereadores de Feira de Santana come\u00e7a, na sess\u00e3o desta segunda-feira, a apreciar o projeto de lei do Executivo criando o estacionamento \"Zona Azul'. O projeto foi enviado \u00e0 C\u00e2mara pelo prefeito de Feira, Jos\u00e9 Ronaldo, no primeiro dia de retorno dos trabalhos do Legislativo, na \u00faltima quinta-feira.\u2026","rel":"","context":"Em &quot;Home&quot;","block_context":{"text":"Home","link":"https:\/\/blogdafeira.com.br\/home\/categoria\/raiz\/"},"img":{"alt_text":"","src":"","width":0,"height":0},"classes":[]},{"id":4165,"url":"https:\/\/blogdafeira.com.br\/home\/2013\/08\/07\/confusao-legislativa-lei-da-zona-azul-em-feira-ja-existe-desde-2007\/","url_meta":{"origin":4164,"position":2},"title":"Confus\u00e3o legislativa: lei da &#8216;Zona Azul&#8217; em Feira j\u00e1 existe desde 2007","author":"Blog da Feira","date":"07\/08\/2013","format":false,"excerpt":"Uma lei sancionada pela C\u00e2mara de Vereadores em 2007 criou o estacionamento 'Zona Azul' em Feira de Santana. O projeto de lei na \u00e9poca, foi de autoria do vereador Renildo Brito. O ex-vereador \u00a0estava hoje pela manh\u00e3 na C\u00e2mara de Vereadores para acompanhar o que ele pensava ser uma altera\u00e7\u00e3o\u2026","rel":"","context":"Em &quot;Home&quot;","block_context":{"text":"Home","link":"https:\/\/blogdafeira.com.br\/home\/categoria\/raiz\/"},"img":{"alt_text":"renildo","src":"https:\/\/i0.wp.com\/blogdafeira.com.br\/home\/wp-content\/uploads\/2013\/08\/renildo-170x127.jpg?resize=350%2C200","width":350,"height":200},"classes":[]},{"id":4048,"url":"https:\/\/blogdafeira.com.br\/home\/2013\/08\/01\/ronaldo-envia-4-projetos-para-camara-de-feira-inclusive-zona-azul\/","url_meta":{"origin":4164,"position":3},"title":"Ronaldo envia 4 projetos para C\u00e2mara de Feira inclusive Zona Azul","author":"Blog da Feira","date":"01\/08\/2013","format":false,"excerpt":"J\u00e1 est\u00e3o na C\u00e2mara de Vereadores de Feira de Santana quatro projetos do Poder Executivo enviados pelo prefeito Jos\u00e9 Ronaldo 'em regime de urg\u00eancia'. Um deles cria o estacionamento Zona Azul no centro da cidade. Dos outros tr\u00eas, dois s\u00e3o relativos a mudan\u00e7as no desconto patronal da Previd\u00eancia Municipal e\u2026","rel":"","context":"Em &quot;Home&quot;","block_context":{"text":"Home","link":"https:\/\/blogdafeira.com.br\/home\/categoria\/raiz\/"},"img":{"alt_text":"","src":"","width":0,"height":0},"classes":[]},{"id":63098,"url":"https:\/\/blogdafeira.com.br\/home\/2024\/08\/01\/bolsa-de-valores-de-sao-paulo-recebe-inscricoes-para-leilao-da-licitacao-da-zona-azul-na-feira\/","url_meta":{"origin":4164,"position":4},"title":"Bolsa de Valores de S\u00e3o Paulo recebe inscri\u00e7\u00f5es para leil\u00e3o da licita\u00e7\u00e3o da Zona Azul na Feira","author":"Blog da Feira","date":"01\/08\/2024","format":false,"excerpt":"O prefeito Colbert Martins Filho deu a ordem de servi\u00e7o nesta ter\u00e7a-feira (1\u00ba) para a realiza\u00e7\u00e3o do leil\u00e3o da licita\u00e7\u00e3o visando a implanta\u00e7\u00e3o do sistema de estacionamento rotativo pago de ve\u00edculos em logradouros p\u00fablicos e \u00e1reas pertencentes ao Munic\u00edpio de Feira de Santana, popularmente conhecido como Zona Azul. A autoriza\u00e7\u00e3o\u2026","rel":"","context":"Em &quot;Geral&quot;","block_context":{"text":"Geral","link":"https:\/\/blogdafeira.com.br\/home\/categoria\/geral\/"},"img":{"alt_text":"","src":"https:\/\/i0.wp.com\/blogdafeira.com.br\/home\/wp-content\/uploads\/2024\/08\/01082024183700.jpg?resize=350%2C200&ssl=1","width":350,"height":200,"srcset":"https:\/\/i0.wp.com\/blogdafeira.com.br\/home\/wp-content\/uploads\/2024\/08\/01082024183700.jpg?resize=350%2C200&ssl=1 1x, https:\/\/i0.wp.com\/blogdafeira.com.br\/home\/wp-content\/uploads\/2024\/08\/01082024183700.jpg?resize=525%2C300&ssl=1 1.5x, https:\/\/i0.wp.com\/blogdafeira.com.br\/home\/wp-content\/uploads\/2024\/08\/01082024183700.jpg?resize=700%2C400&ssl=1 2x, https:\/\/i0.wp.com\/blogdafeira.com.br\/home\/wp-content\/uploads\/2024\/08\/01082024183700.jpg?resize=1050%2C600&ssl=1 3x"},"classes":[]},{"id":17461,"url":"https:\/\/blogdafeira.com.br\/home\/2015\/11\/01\/jornalista-aponta-a-incoerencia-da-zona-azul-em-feira-de-santana-2\/","url_meta":{"origin":4164,"position":5},"title":"Jornalista aponta a \u2018incoer\u00eancia\u2019 da Zona Azul em Feira de Santana","author":"Blog da Feira","date":"01\/11\/2015","format":false,"excerpt":"Na coluna que escreve no jornal Tribuna Feirense (impresso e on line) o jornalista Glauco Wanderley apontou a \u2018incoer\u00eancia da cobran\u00e7a\u2019 de estacionamento em local p\u00fablico, referindo-se \u00e0 Zona Azul, que ser\u00e1 explorada por uma empresa privada nas ruas de Feira de Santana. Leia a nota: A luta do Executivo\u2026","rel":"","context":"Em &quot;Home&quot;","block_context":{"text":"Home","link":"https:\/\/blogdafeira.com.br\/home\/categoria\/raiz\/"},"img":{"alt_text":"glauco","src":"https:\/\/i0.wp.com\/blogdafeira.com.br\/home\/wp-content\/uploads\/2015\/11\/glauco.jpg?resize=350%2C200","width":350,"height":200},"classes":[]}],"_links":{"self":[{"href":"https:\/\/blogdafeira.com.br\/home\/wp-json\/wp\/v2\/posts\/4164","targetHints":{"allow":["GET"]}}],"collection":[{"href":"https:\/\/blogdafeira.com.br\/home\/wp-json\/wp\/v2\/posts"}],"about":[{"href":"https:\/\/blogdafeira.com.br\/home\/wp-json\/wp\/v2\/types\/post"}],"author":[{"embeddable":true,"href":"https:\/\/blogdafeira.com.br\/home\/wp-json\/wp\/v2\/users\/1"}],"replies":[{"embeddable":true,"href":"https:\/\/blogdafeira.com.br\/home\/wp-json\/wp\/v2\/comments?post=4164"}],"version-history":[{"count":2,"href":"https:\/\/blogdafeira.com.br\/home\/wp-json\/wp\/v2\/posts\/4164\/revisions"}],"predecessor-version":[{"id":4168,"href":"https:\/\/blogdafeira.com.br\/home\/wp-json\/wp\/v2\/posts\/4164\/revisions\/4168"}],"wp:attachment":[{"href":"https:\/\/blogdafeira.com.br\/home\/wp-json\/wp\/v2\/media?parent=4164"}],"wp:term":[{"taxonomy":"category","embeddable":true,"href":"https:\/\/blogdafeira.com.br\/home\/wp-json\/wp\/v2\/categories?post=4164"},{"taxonomy":"post_tag","embeddable":true,"href":"https:\/\/blogdafeira.com.br\/home\/wp-json\/wp\/v2\/tags?post=4164"}],"curies":[{"name":"wp","href":"https:\/\/api.w.org\/{rel}","templated":true}]}}