{"id":41986,"date":"2020-11-21T10:45:40","date_gmt":"2020-11-21T13:45:40","guid":{"rendered":"https:\/\/blogdafeira.com.br\/home\/?p=41986"},"modified":"2020-11-22T12:34:57","modified_gmt":"2020-11-22T15:34:57","slug":"ex-prefeito-tarcizio-pimenta-tambem-adere-a-ze-neto","status":"publish","type":"post","link":"https:\/\/blogdafeira.com.br\/home\/2020\/11\/21\/ex-prefeito-tarcizio-pimenta-tambem-adere-a-ze-neto\/","title":{"rendered":"Ex-prefeito Tarc\u00edzio Pimenta tamb\u00e9m adere a Z\u00e9 Neto"},"content":{"rendered":"<div id=\"blogd-1818283968\" class=\"blogd-fim-do-post-mobile blogd-entity-placement\" style=\"margin-left: auto;margin-right: auto;text-align: center;\"><a href=\"https:\/\/www.sefaz.feiradesantana.ba.gov.br\/\" target=\"_blank\" aria-label=\"728&#215;90 (6)\"><img loading=\"lazy\" decoding=\"async\" src=\"https:\/\/blogdafeira.com.br\/home\/wp-content\/uploads\/2026\/03\/728x90-6.gif\" alt=\"\"  class=\"no-lazyload\" width=\"728\" height=\"90\"  style=\"display: inline-block;\" \/><\/a><\/div><p style=\"text-align: justify;\">O ex-prefeito de Feira de Santana, Tarc\u00edzio Pimenta\u00a0 tamb\u00e9m pulou fora do &#8216;barco ronaldista&#8217; e entrou na onda de ades\u00e3o ao candidato do PT, Z\u00e9 Neto.<\/p><div id=\"blogd-382527052\" class=\"blogd-conteudo-2-mobile blogd-entity-placement\"><a href=\"https:\/\/feirenses.com.br\/\" target=\"_blank\" aria-label=\"feirenses\"><img loading=\"lazy\" decoding=\"async\" src=\"https:\/\/blogdafeira.com.br\/home\/wp-content\/uploads\/2026\/04\/feirenses.png\" alt=\"\"  srcset=\"https:\/\/blogdafeira.com.br\/home\/wp-content\/uploads\/2026\/04\/feirenses.png 300w, https:\/\/blogdafeira.com.br\/home\/wp-content\/uploads\/2026\/04\/feirenses-170x45.png 170w, https:\/\/blogdafeira.com.br\/home\/wp-content\/uploads\/2026\/04\/feirenses-280x74.png 280w\" sizes=\"(max-width: 300px) 100vw, 300px\" class=\"no-lazyload\" width=\"300\" height=\"79\"  style=\"display: inline-block;\" \/><\/a><\/div>\n<p style=\"text-align: justify;\">Na sexta-feira\u00a0 ao final da noite, depois de uma maratona de ades\u00f5es durante o dia,\u00a0 Z\u00e9 Neto recebeu a de Tarc\u00edzio Pimenta (foto). A mulher de Tarc\u00edzio, Gra\u00e7a Pimenta que foi candidata a vereador, n\u00e3o estava presente.<\/p>\n<div id=\"blogd-1687415434\" class=\"blogd-final-post blogd-entity-placement\"><a href=\"https:\/\/www.feiradesantana.ba.leg.br\/\" target=\"_blank\" aria-label=\"BANNER-SITE-ENTREGADECHEQUE-CAMARADEFEIRA\"><img loading=\"lazy\" decoding=\"async\" src=\"https:\/\/blogdafeira.com.br\/home\/wp-content\/uploads\/2026\/03\/BANNER-SITE-ENTREGADECHEQUE-CAMARADEFEIRA.gif\" alt=\"\"  class=\"no-lazyload\" width=\"728\" height=\"90\"   \/><\/a><\/div><p style=\"text-align: justify;\">Tarc\u00edzio foi eleito prefeito em 2008, ap\u00f3s os dois mandatos de Jos\u00e9 Ronaldo. Como Colbert governou com praticamente a mesma equipe montada pelo ex-prefeito para iniciar o primeiro mandato em 2001, com a diferen\u00e7a de que Tarc\u00edzio manteve sempre em tens\u00e3o a rela\u00e7\u00e3o com Ronaldo. Ao tentar a reelei\u00e7\u00e3o em 2012 sofreu fragorosa derrota para o pr\u00f3prio Ronaldo que voltou como &#8216;salvador da p\u00e1tria&#8217;.<\/p>\n","protected":false},"excerpt":{"rendered":"<p>O ex-prefeito de Feira de Santana, Tarc\u00edzio Pimenta\u00a0 tamb\u00e9m pulou fora do &#8216;barco ronaldista&#8217; e entrou na onda de ades\u00e3o ao candidato do PT, Z\u00e9 Neto. Na sexta-feira\u00a0 ao final da noite, depois de uma maratona de ades\u00f5es durante o dia,\u00a0 Z\u00e9 Neto recebeu a de Tarc\u00edzio Pimenta (foto). A mulher de Tarc\u00edzio, Gra\u00e7a Pimenta<\/p>\n","protected":false},"author":1,"featured_media":41987,"comment_status":"open","ping_status":"open","sticky":false,"template":"","format":"standard","meta":{"jetpack_post_was_ever_published":false,"cybocfi_hide_featured_image":"","_jetpack_newsletter_access":"","_jetpack_dont_email_post_to_subs":false,"_jetpack_newsletter_tier_id":0,"_jetpack_memberships_contains_paywalled_content":false,"_jetpack_memberships_contains_paid_content":false,"footnotes":"","jetpack_publicize_message":"","jetpack_publicize_feature_enabled":true,"jetpack_social_post_already_shared":true,"jetpack_social_options":{"image_generator_settings":{"template":"highway","default_image_id":0,"font":"","enabled":false},"version":2}},"categories":[750,1],"tags":[],"class_list":["post-41986","post","type-post","status-publish","format-standard","has-post-thumbnail","hentry","category-eleicoes-2020","category-raiz"],"jetpack_publicize_connections":[],"jetpack_featured_media_url":"https:\/\/blogdafeira.com.br\/home\/wp-content\/uploads\/2020\/11\/tarcizio-pimenta-ze-neto.jpg","jetpack_shortlink":"https:\/\/wp.me\/p3niVf-aVc","jetpack_sharing_enabled":true,"jetpack-related-posts":[{"id":28211,"url":"https:\/\/blogdafeira.com.br\/home\/2017\/09\/17\/ex-prefeito-de-feira-tarcizio-pimenta-confirma-candidatura-a-deputado-estadual\/","url_meta":{"origin":41986,"position":0},"title":"Ex-prefeito de Feira Tarc\u00edzio Pimenta confirma candidatura a deputado estadual","author":"Blog da Feira","date":"17\/09\/2017","format":false,"excerpt":"O ex-prefeito de Feira de Santana, Tarc\u00edzio Pimenta confirmou, neste domingo, ao jornalista Adilson Simas que ser\u00e1 candidato a deputado estadual na pr\u00f3xima elei\u00e7\u00e3o que deve ocorrer em 2018. \"Pensei comigo, imaginando o desespero dos concorrentes: Tarcizio\u00a0tem votos pessoais, conhece os quatro cantos da cidade. \u00c9\u00a0chegado a passar sebo nas\u2026","rel":"","context":"Em &quot;Home&quot;","block_context":{"text":"Home","link":"https:\/\/blogdafeira.com.br\/home\/categoria\/raiz\/"},"img":{"alt_text":"fb_img_1505678657106","src":"https:\/\/i0.wp.com\/blogdafeira.com.br\/home\/wp-content\/uploads\/2017\/09\/FB_IMG_1505678657106.jpg?resize=350%2C200","width":350,"height":200,"srcset":"https:\/\/i0.wp.com\/blogdafeira.com.br\/home\/wp-content\/uploads\/2017\/09\/FB_IMG_1505678657106.jpg?resize=350%2C200 1x, https:\/\/i0.wp.com\/blogdafeira.com.br\/home\/wp-content\/uploads\/2017\/09\/FB_IMG_1505678657106.jpg?resize=525%2C300 1.5x"},"classes":[]},{"id":5455,"url":"https:\/\/blogdafeira.com.br\/home\/2013\/10\/05\/ex-prefeito-tarcizio-pimenta-pode-ser-candidato-a-deputado-federal\/","url_meta":{"origin":41986,"position":1},"title":"Ex-prefeito Tarc\u00edzio Pimenta pode ser candidato a deputado federal","author":"Blog da Feira","date":"05\/10\/2013","format":false,"excerpt":"Parte da imprensa que noticiou neste s\u00e1bado a filia\u00e7\u00e3o do ex-prefeito de Feira, Tarc\u00edzio Pimenta, ao PHS, levantou a possibilidade dele ser candidato a deputado federal no pr\u00f3ximo ano. Por enquanto, o ex-deputado estadual Tarc\u00edzio Pimenta n\u00e3o confirmou nem desmentiu as notas sobre sua candidatura ao Congresso Nacional. Uma candidatura\u2026","rel":"","context":"Em &quot;Home&quot;","block_context":{"text":"Home","link":"https:\/\/blogdafeira.com.br\/home\/categoria\/raiz\/"},"img":{"alt_text":"tarcizio","src":"https:\/\/i0.wp.com\/blogdafeira.com.br\/home\/wp-content\/uploads\/2013\/10\/tarcizio.jpg?resize=350%2C200","width":350,"height":200,"srcset":"https:\/\/i0.wp.com\/blogdafeira.com.br\/home\/wp-content\/uploads\/2013\/10\/tarcizio.jpg?resize=350%2C200 1x, https:\/\/i0.wp.com\/blogdafeira.com.br\/home\/wp-content\/uploads\/2013\/10\/tarcizio.jpg?resize=525%2C300 1.5x"},"classes":[]},{"id":5281,"url":"https:\/\/blogdafeira.com.br\/home\/2013\/09\/26\/indefinicao-do-ex-prefeito-tarcizio-pimenta-gera-expectativas-em-feira\/","url_meta":{"origin":41986,"position":2},"title":"Indefini\u00e7\u00e3o do ex-prefeito Tarc\u00edzio Pimenta gera expectativas em Feira","author":"Blog da Feira","date":"26\/09\/2013","format":false,"excerpt":"Tarc\u00edzio Pimenta ser\u00e1 candidato em 2014? Vai sair do PDT? A mulher dele, a deputada Gra\u00e7a Pimenta \u00e9 candidata \u00e0 reelei\u00e7\u00e3o? A indefini\u00e7\u00e3o pol\u00edtica do ex-prefeito de Feira, Tarc\u00edzio Pimenta, alimenta as especula\u00e7\u00f5es em torno do futuro pol\u00edtico dele e de sua mulher, a deputada Gra\u00e7a Pimenta, filiada ao PR\u2026","rel":"","context":"Em &quot;Home&quot;","block_context":{"text":"Home","link":"https:\/\/blogdafeira.com.br\/home\/categoria\/raiz\/"},"img":{"alt_text":"","src":"","width":0,"height":0},"classes":[]},{"id":31722,"url":"https:\/\/blogdafeira.com.br\/home\/2019\/06\/19\/pleito-eleitoral-de-2020-comeca-a-ganhar-forma-em-feira-de-santana-por-rogerio-correia\/","url_meta":{"origin":41986,"position":3},"title":"&#8216;Pleito eleitoral de 2020 come\u00e7a a ganhar forma em Feira de Santana&#8217;, por Rog\u00e9rio Correia","author":"J\u00e2nio R\u00eago","date":"19\/06\/2019","format":false,"excerpt":"Feira de Santana \u00e9 o segundo maior Munic\u00edpio da Bahia, possuindo atualmente 388.717 (trezentos e oitenta e oito mil setecentos e dezessete) eleitores. Podendo o Pleito Eleitoral no referido Munic\u00edpio ocorrer em dois turnos. A \u00faltima vez que ocorreu segundo turno nas elei\u00e7\u00f5es Municipais de Feira de Santana foi no\u2026","rel":"","context":"Em &quot;Home&quot;","block_context":{"text":"Home","link":"https:\/\/blogdafeira.com.br\/home\/categoria\/raiz\/"},"img":{"alt_text":"","src":"https:\/\/i0.wp.com\/blogdafeira.com.br\/home\/wp-content\/uploads\/2019\/06\/FB_IMG_1560982956764.jpg?resize=350%2C200","width":350,"height":200,"srcset":"https:\/\/i0.wp.com\/blogdafeira.com.br\/home\/wp-content\/uploads\/2019\/06\/FB_IMG_1560982956764.jpg?resize=350%2C200 1x, https:\/\/i0.wp.com\/blogdafeira.com.br\/home\/wp-content\/uploads\/2019\/06\/FB_IMG_1560982956764.jpg?resize=525%2C300 1.5x, https:\/\/i0.wp.com\/blogdafeira.com.br\/home\/wp-content\/uploads\/2019\/06\/FB_IMG_1560982956764.jpg?resize=700%2C400 2x"},"classes":[]},{"id":29120,"url":"https:\/\/blogdafeira.com.br\/home\/2018\/02\/28\/colbert-e-o-risco-de-ser-apenas-mais-um-tarcizio-na-prefeitura-de-feira-de-santana\/","url_meta":{"origin":41986,"position":4},"title":"Colbert e o risco de ser apenas &#8216;mais um Tarc\u00edzio&#8217; na Prefeitura de Feira de Santana","author":"Blog da Feira","date":"28\/02\/2018","format":false,"excerpt":"O vice-prefeito de Feira de Santana, o ex-deputado Colbert Martins Filho (PMDB) vai ter a chance de ser Prefeito por dois anos, a partir de abril, quando Jos\u00e9 Ronaldo (DEM) sai do cargo\u00a0 para ser candidato ao Senado Federal ou, em hip\u00f3tese menos prov\u00e1vel, a vice-governador da Bahia. A ascens\u00e3o\u2026","rel":"","context":"Em &quot;Home&quot;","block_context":{"text":"Home","link":"https:\/\/blogdafeira.com.br\/home\/categoria\/raiz\/"},"img":{"alt_text":"","src":"https:\/\/i0.wp.com\/blogdafeira.com.br\/home\/wp-content\/uploads\/2018\/02\/IMG_20180228_220623-1024x1024.jpg?resize=350%2C200","width":350,"height":200,"srcset":"https:\/\/i0.wp.com\/blogdafeira.com.br\/home\/wp-content\/uploads\/2018\/02\/IMG_20180228_220623-1024x1024.jpg?resize=350%2C200 1x, https:\/\/i0.wp.com\/blogdafeira.com.br\/home\/wp-content\/uploads\/2018\/02\/IMG_20180228_220623-1024x1024.jpg?resize=525%2C300 1.5x, https:\/\/i0.wp.com\/blogdafeira.com.br\/home\/wp-content\/uploads\/2018\/02\/IMG_20180228_220623-1024x1024.jpg?resize=700%2C400 2x"},"classes":[]},{"id":14162,"url":"https:\/\/blogdafeira.com.br\/home\/2015\/03\/17\/tarcizio-pimenta-esta-livre-e-desimpedido-para-se-candidatar-em-2016\/","url_meta":{"origin":41986,"position":5},"title":"Tarc\u00edzio Pimenta est\u00e1 &#8216;livre e desimpedido&#8217; para se candidatar em 2016","author":"Blog da Feira","date":"17\/03\/2015","format":false,"excerpt":"O ex-prefeito de Feira de Santana, Tarc\u00edzio Pimenta, teve as contas do governo dele aprovadas pela C\u00e2mara Municipal, por unanimidade, contrariando o parecer do Tribunal de Contas dos Munic\u00edpios que pedia a reprova\u00e7\u00e3o delas. Com a aprova\u00e7\u00e3o, o ex-prefeito e ex-deputado estadual fica 'livre e desimpedido', ou seja, com a\u2026","rel":"","context":"Em &quot;Home&quot;","block_context":{"text":"Home","link":"https:\/\/blogdafeira.com.br\/home\/categoria\/raiz\/"},"img":{"alt_text":"tata","src":"https:\/\/i0.wp.com\/blogdafeira.com.br\/home\/wp-content\/uploads\/2015\/03\/tata.jpg?resize=350%2C200","width":350,"height":200,"srcset":"https:\/\/i0.wp.com\/blogdafeira.com.br\/home\/wp-content\/uploads\/2015\/03\/tata.jpg?resize=350%2C200 1x, https:\/\/i0.wp.com\/blogdafeira.com.br\/home\/wp-content\/uploads\/2015\/03\/tata.jpg?resize=525%2C300 1.5x"},"classes":[]}],"_links":{"self":[{"href":"https:\/\/blogdafeira.com.br\/home\/wp-json\/wp\/v2\/posts\/41986","targetHints":{"allow":["GET"]}}],"collection":[{"href":"https:\/\/blogdafeira.com.br\/home\/wp-json\/wp\/v2\/posts"}],"about":[{"href":"https:\/\/blogdafeira.com.br\/home\/wp-json\/wp\/v2\/types\/post"}],"author":[{"embeddable":true,"href":"https:\/\/blogdafeira.com.br\/home\/wp-json\/wp\/v2\/users\/1"}],"replies":[{"embeddable":true,"href":"https:\/\/blogdafeira.com.br\/home\/wp-json\/wp\/v2\/comments?post=41986"}],"version-history":[{"count":3,"href":"https:\/\/blogdafeira.com.br\/home\/wp-json\/wp\/v2\/posts\/41986\/revisions"}],"predecessor-version":[{"id":42021,"href":"https:\/\/blogdafeira.com.br\/home\/wp-json\/wp\/v2\/posts\/41986\/revisions\/42021"}],"wp:featuredmedia":[{"embeddable":true,"href":"https:\/\/blogdafeira.com.br\/home\/wp-json\/wp\/v2\/media\/41987"}],"wp:attachment":[{"href":"https:\/\/blogdafeira.com.br\/home\/wp-json\/wp\/v2\/media?parent=41986"}],"wp:term":[{"taxonomy":"category","embeddable":true,"href":"https:\/\/blogdafeira.com.br\/home\/wp-json\/wp\/v2\/categories?post=41986"},{"taxonomy":"post_tag","embeddable":true,"href":"https:\/\/blogdafeira.com.br\/home\/wp-json\/wp\/v2\/tags?post=41986"}],"curies":[{"name":"wp","href":"https:\/\/api.w.org\/{rel}","templated":true}]}}