{"id":4212,"date":"2013-08-08T14:29:58","date_gmt":"2013-08-08T17:29:58","guid":{"rendered":"http:\/\/blogdafeira.com.br\/home\/?p=4212"},"modified":"2013-08-08T14:29:58","modified_gmt":"2013-08-08T17:29:58","slug":"cupim-esta-destruindo-painel-de-juraci-dorea-na-cdl-de-feira","status":"publish","type":"post","link":"https:\/\/blogdafeira.com.br\/home\/2013\/08\/08\/cupim-esta-destruindo-painel-de-juraci-dorea-na-cdl-de-feira\/","title":{"rendered":"Cupim est\u00e1 destruindo painel de Juraci D\u00f3rea na CDL de Feira"},"content":{"rendered":"<div id=\"blogd-1356654743\" class=\"blogd-fim-do-post-mobile blogd-entity-placement\" style=\"margin-left: auto;margin-right: auto;text-align: center;\"><a href=\"https:\/\/www.sefaz.feiradesantana.ba.gov.br\/\" target=\"_blank\" aria-label=\"728&#215;90 (6)\"><img loading=\"lazy\" decoding=\"async\" src=\"https:\/\/blogdafeira.com.br\/home\/wp-content\/uploads\/2026\/03\/728x90-6.gif\" alt=\"\"  class=\"no-lazyload\" width=\"728\" height=\"90\"  style=\"display: inline-block;\" \/><\/a><\/div><p><img loading=\"lazy\" decoding=\"async\" class=\"aligncenter size-full wp-image-4213\" alt=\"DSC08338\" src=\"http:\/\/blogdafeira.com.br\/home\/wp-content\/uploads\/2013\/08\/DSC08338.jpg\" width=\"640\" height=\"480\" srcset=\"https:\/\/blogdafeira.com.br\/home\/wp-content\/uploads\/2013\/08\/DSC08338.jpg 640w, https:\/\/blogdafeira.com.br\/home\/wp-content\/uploads\/2013\/08\/DSC08338-170x127.jpg 170w, https:\/\/blogdafeira.com.br\/home\/wp-content\/uploads\/2013\/08\/DSC08338-346x259.jpg 346w\" sizes=\"auto, (max-width: 640px) 100vw, 640px\" \/>O cupim ou outra &#8216;doen\u00e7a&#8217; que ataca a madeira est\u00e1 destruindo um painel do artista pl\u00e1stico Juraci D\u00f3rea que fica no hall de entrada da <a href=\"http:\/\/www.cdlfs.com.br\/\" target=\"_blank\">C\u00e2mara de Dirigentes Lojistas de Feira de Santana.<\/a><\/p><div id=\"blogd-231794674\" class=\"blogd-conteudo-2-mobile blogd-entity-placement\"><a href=\"https:\/\/feirenses.com.br\/\" target=\"_blank\" aria-label=\"feirenses\"><img loading=\"lazy\" decoding=\"async\" src=\"https:\/\/blogdafeira.com.br\/home\/wp-content\/uploads\/2026\/04\/feirenses.png\" alt=\"\"  srcset=\"https:\/\/blogdafeira.com.br\/home\/wp-content\/uploads\/2026\/04\/feirenses.png 300w, https:\/\/blogdafeira.com.br\/home\/wp-content\/uploads\/2026\/04\/feirenses-170x45.png 170w, https:\/\/blogdafeira.com.br\/home\/wp-content\/uploads\/2026\/04\/feirenses-280x74.png 280w\" sizes=\"(max-width: 300px) 100vw, 300px\" class=\"no-lazyload\" width=\"300\" height=\"79\"  style=\"display: inline-block;\" \/><\/a><\/div>\n<p>O painel retrata a cultura sertaneja em diversas va<img loading=\"lazy\" decoding=\"async\" class=\"alignright size-thumbnail wp-image-4214\" alt=\"DSC08339\" src=\"http:\/\/blogdafeira.com.br\/home\/wp-content\/uploads\/2013\/08\/DSC08339-170x111.jpg\" width=\"170\" height=\"111\" srcset=\"https:\/\/blogdafeira.com.br\/home\/wp-content\/uploads\/2013\/08\/DSC08339-170x111.jpg 170w, https:\/\/blogdafeira.com.br\/home\/wp-content\/uploads\/2013\/08\/DSC08339-346x227.jpg 346w, https:\/\/blogdafeira.com.br\/home\/wp-content\/uploads\/2013\/08\/DSC08339.jpg 640w\" sizes=\"auto, (max-width: 170px) 100vw, 170px\" \/>riantes, uma tem\u00e1tica recorrente na arte de Juraci D\u00f3rea, um dos mais importantes artistas da Bahia.<\/p>\n<div id=\"blogd-954639093\" class=\"blogd-final-post blogd-entity-placement\"><a href=\"https:\/\/www.feiradesantana.ba.leg.br\/\" target=\"_blank\" aria-label=\"BANNER-SITE-ENTREGADECHEQUE-CAMARADEFEIRA\"><img loading=\"lazy\" decoding=\"async\" src=\"https:\/\/blogdafeira.com.br\/home\/wp-content\/uploads\/2026\/03\/BANNER-SITE-ENTREGADECHEQUE-CAMARADEFEIRA.gif\" alt=\"\"  class=\"no-lazyload\" width=\"728\" height=\"90\"   \/><\/a><\/div><p>Recentemente a UEFS promoveu a restaura\u00e7\u00e3o de uma escultura de Juraci D\u00f3rea que fica defronte \u00e0 Biblioteca no campus central.<\/p>\n","protected":false},"excerpt":{"rendered":"<p>O cupim ou outra &#8216;doen\u00e7a&#8217; que ataca a madeira est\u00e1 destruindo um painel do artista pl\u00e1stico Juraci D\u00f3rea que fica no hall de entrada da C\u00e2mara de Dirigentes Lojistas de Feira de Santana. O painel retrata a cultura sertaneja em diversas variantes, uma tem\u00e1tica recorrente na arte de Juraci D\u00f3rea, um dos mais importantes artistas<\/p>\n","protected":false},"author":1,"featured_media":0,"comment_status":"closed","ping_status":"closed","sticky":false,"template":"","format":"standard","meta":{"jetpack_post_was_ever_published":false,"cybocfi_hide_featured_image":"","_jetpack_newsletter_access":"","_jetpack_dont_email_post_to_subs":false,"_jetpack_newsletter_tier_id":0,"_jetpack_memberships_contains_paywalled_content":false,"_jetpack_memberships_contains_paid_content":false,"footnotes":"","jetpack_publicize_message":"","jetpack_publicize_feature_enabled":true,"jetpack_social_post_already_shared":true,"jetpack_social_options":{"image_generator_settings":{"template":"highway","default_image_id":0,"font":"","enabled":false},"version":2}},"categories":[1],"tags":[],"class_list":["post-4212","post","type-post","status-publish","format-standard","hentry","category-raiz"],"jetpack_publicize_connections":[],"jetpack_featured_media_url":"","jetpack_shortlink":"https:\/\/wp.me\/p3niVf-15W","jetpack_sharing_enabled":true,"jetpack-related-posts":[{"id":67854,"url":"https:\/\/blogdafeira.com.br\/home\/2025\/06\/17\/painel-de-juraci-dorea-no-jomafa-foi-retirado-para-restauracao\/","url_meta":{"origin":4212,"position":0},"title":"Painel de Juraci D\u00f3rea no Jomafa foi retirado para restaura\u00e7\u00e3o","author":"Blog da Feira","date":"17\/06\/2025","format":false,"excerpt":"Em 2017, o site Feirenses\/Danillo Ferreira\u00a0mostrou o Shopping Jomafa em fotos e texto impec\u00e1veis e, naquela \u00e9poca, j\u00e1 apontava a \"necessidade de melhor preserva\u00e7\u00e3o com urg\u00eancia\" do painel de Juraci D\u00f3rea, da s\u00e9rie \u201cFantasia Sertaneja\u201d, produzido em 1987 e que ocupava uma das paredes da Pra\u00e7a de Alimenta\u00e7\u00e3o. H\u00e1 alguns\u2026","rel":"","context":"Em &quot;Cultura&quot;","block_context":{"text":"Cultura","link":"https:\/\/blogdafeira.com.br\/home\/categoria\/cultura\/"},"img":{"alt_text":"","src":"https:\/\/i0.wp.com\/blogdafeira.com.br\/home\/wp-content\/uploads\/2025\/06\/InShot_20250617_112436092.jpg?resize=350%2C200&ssl=1","width":350,"height":200,"srcset":"https:\/\/i0.wp.com\/blogdafeira.com.br\/home\/wp-content\/uploads\/2025\/06\/InShot_20250617_112436092.jpg?resize=350%2C200&ssl=1 1x, https:\/\/i0.wp.com\/blogdafeira.com.br\/home\/wp-content\/uploads\/2025\/06\/InShot_20250617_112436092.jpg?resize=525%2C300&ssl=1 1.5x, https:\/\/i0.wp.com\/blogdafeira.com.br\/home\/wp-content\/uploads\/2025\/06\/InShot_20250617_112436092.jpg?resize=700%2C400&ssl=1 2x, https:\/\/i0.wp.com\/blogdafeira.com.br\/home\/wp-content\/uploads\/2025\/06\/InShot_20250617_112436092.jpg?resize=1050%2C600&ssl=1 3x, https:\/\/i0.wp.com\/blogdafeira.com.br\/home\/wp-content\/uploads\/2025\/06\/InShot_20250617_112436092.jpg?resize=1400%2C800&ssl=1 4x"},"classes":[]},{"id":17723,"url":"https:\/\/blogdafeira.com.br\/home\/2015\/11\/16\/juraci-dorea-pintou-no-beco\/","url_meta":{"origin":4212,"position":1},"title":"Juraci D\u00f3rea pintou no Beco","author":"Blog da Feira","date":"16\/11\/2015","format":false,"excerpt":"O grande Juraci D\u00f3rea pintou no Beco da Energia, ontem, em plena zoeira do #FeiraNoise2015. O painel de Juraci est\u00e1 no interior do Bar da Cl\u00e1udia. Nas fotos ele est\u00e1 com Jo\u00e3o (filho) e Marcio Punk. Fotos de Reginaldo Tracaj\u00e1\/facebook","rel":"","context":"Em &quot;Cultura&quot;","block_context":{"text":"Cultura","link":"https:\/\/blogdafeira.com.br\/home\/categoria\/cultura\/"},"img":{"alt_text":"juraci no beco","src":"https:\/\/i0.wp.com\/blogdafeira.com.br\/home\/wp-content\/uploads\/2015\/11\/juraci-no-beco.jpg?resize=350%2C200","width":350,"height":200,"srcset":"https:\/\/i0.wp.com\/blogdafeira.com.br\/home\/wp-content\/uploads\/2015\/11\/juraci-no-beco.jpg?resize=350%2C200 1x, https:\/\/i0.wp.com\/blogdafeira.com.br\/home\/wp-content\/uploads\/2015\/11\/juraci-no-beco.jpg?resize=525%2C300 1.5x, https:\/\/i0.wp.com\/blogdafeira.com.br\/home\/wp-content\/uploads\/2015\/11\/juraci-no-beco.jpg?resize=700%2C400 2x"},"classes":[]},{"id":2980,"url":"https:\/\/blogdafeira.com.br\/home\/2013\/06\/26\/coruja-buraqueira-adota-escultura-de-juraci-dorea-no-campus-da-uefs\/","url_meta":{"origin":4212,"position":2},"title":"Coruja-buraqueira &#8216;adota&#8217; escultura de Juraci D\u00f3rea no campus da UEFS","author":"Blog da Feira","date":"26\/06\/2013","format":false,"excerpt":"Uma coruja-buraqueira (Athene cunicularia)\u00a0'adotou' como seu 'point' predileto a escultura montada no campus da UEFS, em Feira de Santana, pelo artista pl\u00e1stico Juraci D\u00f3rea. Desde o dia em que o artista estava montando a escultura ela apareceu. O fot\u00f3grafo Beto Souza tem fotos dela naquele dia. Agora, quase todas as\u2026","rel":"","context":"Em &quot;Cultura&quot;","block_context":{"text":"Cultura","link":"https:\/\/blogdafeira.com.br\/home\/categoria\/cultura\/"},"img":{"alt_text":"JURACI DOREA","src":"https:\/\/i0.wp.com\/blogdafeira.com.br\/home\/wp-content\/uploads\/2013\/06\/JURACI-DOREA.jpg?resize=350%2C200","width":350,"height":200,"srcset":"https:\/\/i0.wp.com\/blogdafeira.com.br\/home\/wp-content\/uploads\/2013\/06\/JURACI-DOREA.jpg?resize=350%2C200 1x, https:\/\/i0.wp.com\/blogdafeira.com.br\/home\/wp-content\/uploads\/2013\/06\/JURACI-DOREA.jpg?resize=525%2C300 1.5x"},"classes":[]},{"id":57779,"url":"https:\/\/blogdafeira.com.br\/home\/2023\/05\/23\/feira-do-livro-de-feira-homenageia-este-ano-o-artista-juraci-dorea\/","url_meta":{"origin":4212,"position":3},"title":"Feira do Livro de Feira homenageia este ano o artista Juraci D\u00f3rea","author":"Blog da Feira","date":"23\/05\/2023","format":false,"excerpt":"Este ano a Feira do Livro de Feira de Santana, a FLIFS, vai homenagear Juraci Dorea, um dos artista mais admirados da Bahia. Arquiteto, pintor, escultor, escritor, poeta, a arte de Juraci D\u00f3rea \u00e9 multifacetada e est\u00e1 presente nos mais inusitados espa\u00e7os do cotidiano, principalmente, dos feirense: nas ruas, nas\u2026","rel":"","context":"Em &quot;Cultura&quot;","block_context":{"text":"Cultura","link":"https:\/\/blogdafeira.com.br\/home\/categoria\/cultura\/"},"img":{"alt_text":"","src":"https:\/\/i0.wp.com\/blogdafeira.com.br\/home\/wp-content\/uploads\/2023\/05\/Screenshot_20230523-124603.png?resize=350%2C200&ssl=1","width":350,"height":200,"srcset":"https:\/\/i0.wp.com\/blogdafeira.com.br\/home\/wp-content\/uploads\/2023\/05\/Screenshot_20230523-124603.png?resize=350%2C200&ssl=1 1x, https:\/\/i0.wp.com\/blogdafeira.com.br\/home\/wp-content\/uploads\/2023\/05\/Screenshot_20230523-124603.png?resize=525%2C300&ssl=1 1.5x, https:\/\/i0.wp.com\/blogdafeira.com.br\/home\/wp-content\/uploads\/2023\/05\/Screenshot_20230523-124603.png?resize=700%2C400&ssl=1 2x"},"classes":[]},{"id":30257,"url":"https:\/\/blogdafeira.com.br\/home\/2018\/09\/24\/uma-noite-sob-o-sertao-de-juraci-dorea-por-jozailto-lima-de-aracaju\/","url_meta":{"origin":4212,"position":4},"title":"&#8216;Uma noite sob o sert\u00e3o de Juraci D\u00f3rea&#8217;, por Jozailto Lima (de Aracaju)","author":"J\u00e2nio R\u00eago","date":"24\/09\/2018","format":false,"excerpt":"\"Meu caro J\u00e2nio Rego, creio que seja motivo de grande alegria para qualquer pessoa que goste de artes pl\u00e1sticas ter em casa uma obra deste grande pintor brasileiro que \u00e9 o feirense Juraci D\u00f3rea. E desde o come\u00e7o deste ano n\u00f3s temos aqui em casa, em Aracaju, um belo painel\u2026","rel":"","context":"Em &quot;Home&quot;","block_context":{"text":"Home","link":"https:\/\/blogdafeira.com.br\/home\/categoria\/raiz\/"},"img":{"alt_text":"","src":"https:\/\/i0.wp.com\/blogdafeira.com.br\/home\/wp-content\/uploads\/2018\/09\/42469893_483782285452794_4407396453043929088_n-768x1024.jpg?resize=350%2C200","width":350,"height":200,"srcset":"https:\/\/i0.wp.com\/blogdafeira.com.br\/home\/wp-content\/uploads\/2018\/09\/42469893_483782285452794_4407396453043929088_n-768x1024.jpg?resize=350%2C200 1x, https:\/\/i0.wp.com\/blogdafeira.com.br\/home\/wp-content\/uploads\/2018\/09\/42469893_483782285452794_4407396453043929088_n-768x1024.jpg?resize=525%2C300 1.5x, https:\/\/i0.wp.com\/blogdafeira.com.br\/home\/wp-content\/uploads\/2018\/09\/42469893_483782285452794_4407396453043929088_n-768x1024.jpg?resize=700%2C400 2x"},"classes":[]},{"id":13814,"url":"https:\/\/blogdafeira.com.br\/home\/2014\/12\/01\/exposicao-de-antonio-brasileiro-e-juraci-dorea-no-mac-feira\/","url_meta":{"origin":4212,"position":5},"title":"Exposi\u00e7\u00e3o de Ant\u00f4nio Brasileiro e Juraci D\u00f3rea no MAC Feira","author":"Blog da Feira","date":"01\/12\/2014","format":false,"excerpt":"Para encerrar as exposi\u00e7\u00f5es de 2014, o Museu de Arte Contempor\u00e2nea (MAC Feira) apresenta nesta quinta-feira (4) a mostra Phantasias com trabalhos dos artistas Antonio Brasileiro e Juraci D\u00f3rea. Junto a abertura das exposi\u00e7\u00f5es, a partir das 20h, haver\u00e1 os lan\u00e7amentos dos livros de poesia in\u00e9ditos Longes terras e O\u2026","rel":"","context":"Em &quot;Home&quot;","block_context":{"text":"Home","link":"https:\/\/blogdafeira.com.br\/home\/categoria\/raiz\/"},"img":{"alt_text":"mac","src":"https:\/\/i0.wp.com\/blogdafeira.com.br\/home\/wp-content\/uploads\/2014\/12\/mac.jpg?resize=350%2C200","width":350,"height":200},"classes":[]}],"_links":{"self":[{"href":"https:\/\/blogdafeira.com.br\/home\/wp-json\/wp\/v2\/posts\/4212","targetHints":{"allow":["GET"]}}],"collection":[{"href":"https:\/\/blogdafeira.com.br\/home\/wp-json\/wp\/v2\/posts"}],"about":[{"href":"https:\/\/blogdafeira.com.br\/home\/wp-json\/wp\/v2\/types\/post"}],"author":[{"embeddable":true,"href":"https:\/\/blogdafeira.com.br\/home\/wp-json\/wp\/v2\/users\/1"}],"replies":[{"embeddable":true,"href":"https:\/\/blogdafeira.com.br\/home\/wp-json\/wp\/v2\/comments?post=4212"}],"version-history":[{"count":1,"href":"https:\/\/blogdafeira.com.br\/home\/wp-json\/wp\/v2\/posts\/4212\/revisions"}],"predecessor-version":[{"id":4215,"href":"https:\/\/blogdafeira.com.br\/home\/wp-json\/wp\/v2\/posts\/4212\/revisions\/4215"}],"wp:attachment":[{"href":"https:\/\/blogdafeira.com.br\/home\/wp-json\/wp\/v2\/media?parent=4212"}],"wp:term":[{"taxonomy":"category","embeddable":true,"href":"https:\/\/blogdafeira.com.br\/home\/wp-json\/wp\/v2\/categories?post=4212"},{"taxonomy":"post_tag","embeddable":true,"href":"https:\/\/blogdafeira.com.br\/home\/wp-json\/wp\/v2\/tags?post=4212"}],"curies":[{"name":"wp","href":"https:\/\/api.w.org\/{rel}","templated":true}]}}