{"id":42184,"date":"2020-11-30T14:23:26","date_gmt":"2020-11-30T17:23:26","guid":{"rendered":"https:\/\/blogdafeira.com.br\/home\/?p=42184"},"modified":"2020-12-02T16:18:22","modified_gmt":"2020-12-02T19:18:22","slug":"vao-ate-o-dia-10-as-inscricoes-de-escolas-na-9a-feira-de-ciencias-da-bahia","status":"publish","type":"post","link":"https:\/\/blogdafeira.com.br\/home\/2020\/11\/30\/vao-ate-o-dia-10-as-inscricoes-de-escolas-na-9a-feira-de-ciencias-da-bahia\/","title":{"rendered":"V\u00e3o at\u00e9 o dia 10 as inscri\u00e7\u00f5es de escolas na 9\u00aa Feira de Ci\u00eancias da Bahia"},"content":{"rendered":"<div id=\"blogd-3714168435\" class=\"blogd-fim-do-post-mobile blogd-entity-placement\" style=\"margin-left: auto;margin-right: auto;text-align: center;\"><a href=\"https:\/\/www.sefaz.feiradesantana.ba.gov.br\/\" target=\"_blank\" aria-label=\"728&#215;90 (6)\"><img loading=\"lazy\" decoding=\"async\" src=\"https:\/\/blogdafeira.com.br\/home\/wp-content\/uploads\/2026\/03\/728x90-6.gif\" alt=\"\"  class=\"no-lazyload\" width=\"728\" height=\"90\"  style=\"display: inline-block;\" \/><\/a><\/div><p>A Secretaria da Educa\u00e7\u00e3o do Estado prorrogou, at\u00e9 o dia 10 de dezembro, o prazo para que as escolas da rede estadual de ensino possam fazer a ades\u00e3o para participar da 9\u00aa edi\u00e7\u00e3o da Feira de Ci\u00eancias, Empreendedorismo e Inova\u00e7\u00e3o da Bahia (FECIBA).<\/p><div id=\"blogd-1180254397\" class=\"blogd-conteudo-2-mobile blogd-entity-placement\"><a href=\"https:\/\/feirenses.com.br\/\" target=\"_blank\" aria-label=\"feirenses\"><img loading=\"lazy\" decoding=\"async\" src=\"https:\/\/blogdafeira.com.br\/home\/wp-content\/uploads\/2026\/04\/feirenses.png\" alt=\"\"  srcset=\"https:\/\/blogdafeira.com.br\/home\/wp-content\/uploads\/2026\/04\/feirenses.png 300w, https:\/\/blogdafeira.com.br\/home\/wp-content\/uploads\/2026\/04\/feirenses-170x45.png 170w, https:\/\/blogdafeira.com.br\/home\/wp-content\/uploads\/2026\/04\/feirenses-280x74.png 280w\" sizes=\"(max-width: 300px) 100vw, 300px\" class=\"no-lazyload\" width=\"300\" height=\"79\"  style=\"display: inline-block;\" \/><\/a><\/div>\n<p>Para isto, \u00e9 necess\u00e1rio preencher um formul\u00e1rio dispon\u00edvel no endere\u00e7o:\u00a0\u00a0<a href=\"https:\/\/bit.ly\/3kr28hA\" data-saferedirecturl=\"https:\/\/www.google.com\/url?q=https:\/\/bit.ly\/3kr28hA&amp;source=gmail&amp;ust=1606842261528000&amp;usg=AFQjCNEvn0RyQiRK-NvIVUdXlOcJt5aybQ\">https:\/\/bit.ly\/3kr28hA<\/a>. A FECIBA visa popularizar e incentivar a Ci\u00eancia por meio de apresenta\u00e7\u00f5es de projetos desenvolvidos por estudantes e professores da rede p\u00fablica. A sua pr\u00f3xima edi\u00e7\u00e3o ser\u00e1 realizada em 2021, devido \u00e0 pandemia do novo Coronav\u00edrus.<\/p>\n<p>No formul\u00e1rio, s\u00e3o solicitadas informa\u00e7\u00f5es b\u00e1sicas, como nome, telefone, e-mail da escola e do gestor. Tamb\u00e9m devem ser indicados dados referentes aos trabalhos, a exemplo da quantidade de projetos de pesquisa a serem submetidos, quais s\u00e3o as categorias ou \u00e1reas escolhidas, modalidade de submiss\u00e3o, n\u00famero de professores interessados em participar, interesse da escola em realizar uma feira cient\u00edfica virtual e em fomentar Clubes de Ci\u00eancia virtuais, entre outros.<\/p>\n<p>As submiss\u00f5es dos projetos ser\u00e3o feitas no per\u00edodo de 3 de dezembro a 8 de janeiro de 2021. A Chamada P\u00fablica da 9\u00aa FECIBA foi lan\u00e7ada virtualmente, no dia 11 de novembro.<\/p>\n<p>Para esclarecer d\u00favidas: atrav\u00e9s do telefone (71) 3115-9032 ou pelo e-mail <a href=\"mailto:feciba@enova.educacao.ba.gov.br\">feciba@enova.educacao.ba.gov.br<\/a>.<\/p>\n<div id=\"blogd-141403269\" class=\"blogd-final-post blogd-entity-placement\"><a href=\"https:\/\/www.feiradesantana.ba.leg.br\/\" target=\"_blank\" aria-label=\"BANNER-SITE-ENTREGADECHEQUE-CAMARADEFEIRA\"><img loading=\"lazy\" decoding=\"async\" src=\"https:\/\/blogdafeira.com.br\/home\/wp-content\/uploads\/2026\/03\/BANNER-SITE-ENTREGADECHEQUE-CAMARADEFEIRA.gif\" alt=\"\"  class=\"no-lazyload\" width=\"728\" height=\"90\"   \/><\/a><\/div><p style=\"font-weight: 400;\"><em>Foto:\u00a0 Claudionor Jr<\/em><\/p>\n<p>&nbsp;<\/p>\n","protected":false},"excerpt":{"rendered":"<p>A Secretaria da Educa\u00e7\u00e3o do Estado prorrogou, at\u00e9 o dia 10 de dezembro, o prazo para que as escolas da rede estadual de ensino possam fazer a ades\u00e3o para participar da 9\u00aa edi\u00e7\u00e3o da Feira de Ci\u00eancias, Empreendedorismo e Inova\u00e7\u00e3o da Bahia (FECIBA). Para isto, \u00e9 necess\u00e1rio preencher um formul\u00e1rio dispon\u00edvel no endere\u00e7o:\u00a0\u00a0https:\/\/bit.ly\/3kr28hA. A FECIBA<\/p>\n","protected":false},"author":1,"featured_media":42185,"comment_status":"open","ping_status":"open","sticky":false,"template":"","format":"standard","meta":{"jetpack_post_was_ever_published":false,"cybocfi_hide_featured_image":"","_jetpack_newsletter_access":"","_jetpack_dont_email_post_to_subs":false,"_jetpack_newsletter_tier_id":0,"_jetpack_memberships_contains_paywalled_content":false,"_jetpack_memberships_contains_paid_content":false,"footnotes":"","jetpack_publicize_message":"","jetpack_publicize_feature_enabled":true,"jetpack_social_post_already_shared":true,"jetpack_social_options":{"image_generator_settings":{"template":"highway","default_image_id":0,"font":"","enabled":false},"version":2}},"categories":[680,1],"tags":[],"class_list":["post-42184","post","type-post","status-publish","format-standard","has-post-thumbnail","hentry","category-bahia","category-raiz"],"jetpack_publicize_connections":[],"jetpack_featured_media_url":"https:\/\/blogdafeira.com.br\/home\/wp-content\/uploads\/2020\/11\/WhatsApp-Image-2020-11-30-at-11.53.03.jpeg","jetpack_shortlink":"https:\/\/wp.me\/p3niVf-aYo","jetpack_sharing_enabled":true,"jetpack-related-posts":[{"id":48200,"url":"https:\/\/blogdafeira.com.br\/home\/2021\/11\/10\/rede-sesi-de-educacao-oferece-510-bolsas-de-estudo-na-bahia-40-vagas-em-feira\/","url_meta":{"origin":42184,"position":0},"title":"Rede Sesi de Educa\u00e7\u00e3o oferece 510 bolsas de estudo na Bahia; 40 vagas em Feira","author":"Secom\/Bahia","date":"10\/11\/2021","format":false,"excerpt":"A Escola SESI Jos\u00e9 Carvalho, localizada no munic\u00edpio de Feira de Santana, abriu processo seletivo para 40 bolsas de estudos integrais gratuitas para o ensino m\u00e9dio, no ano letivo de 2022. Os candidatos a uma das vagas gratuitas ter\u00e3o que se submeter a um processo seletivo. Para se habilitar, o\u2026","rel":"","context":"Em &quot;Bahia&quot;","block_context":{"text":"Bahia","link":"https:\/\/blogdafeira.com.br\/home\/categoria\/bahia\/"},"img":{"alt_text":"","src":"https:\/\/i0.wp.com\/blogdafeira.com.br\/home\/wp-content\/uploads\/2021\/11\/feira_circulacao-2.jpg?resize=350%2C200&ssl=1","width":350,"height":200},"classes":[]},{"id":48447,"url":"https:\/\/blogdafeira.com.br\/home\/2021\/11\/16\/ufrb-faz-selecao-para-mestrado-e-doutorado-em-ciencias-agraria\/","url_meta":{"origin":42184,"position":1},"title":"UFRB faz sele\u00e7\u00e3o para mestrado e doutorado em Ci\u00eancias Agr\u00e1ria","author":"Secom\/Bahia","date":"16\/11\/2021","format":false,"excerpt":"A Universidade Federal do Rec\u00f4ncavo da Bahia (UFRB) abre edital para selecionar alunos para os cursos de p\u00f3s-gradua\u00e7\u00e3o, em n\u00edveis de Mestrado e Doutorado Acad\u00eamico, em Ci\u00eancias Agr\u00e1rias (PPGCAGR),\u00a0para ingresso no primeiro semestre letivo de 2022. As inscri\u00e7\u00f5es acontecem, exclusivamente, via internet no\u00a0Sistema Integrado de Gest\u00e3o de Atividades Acad\u00eamicas (SIGAA)\u00a0,at\u00e9\u2026","rel":"","context":"Em &quot;Geral&quot;","block_context":{"text":"Geral","link":"https:\/\/blogdafeira.com.br\/home\/categoria\/geral\/"},"img":{"alt_text":"","src":"","width":0,"height":0},"classes":[]},{"id":53284,"url":"https:\/\/blogdafeira.com.br\/home\/2022\/07\/09\/40-escolas-da-rede-municipal-vao-receber-vales-livros-para-a-flifs\/","url_meta":{"origin":42184,"position":2},"title":"56 escolas da rede municipal v\u00e3o receber vales-livros para a FLIFS","author":"Secom\/Bahia","date":"09\/07\/2022","format":false,"excerpt":"Com o objetivo de incentivar a pr\u00e1tica da leitura e fomentar a cultura, a Secretaria de Educa\u00e7\u00e3o distribuir\u00e1 vales-livros no valor de R$ 38,00 para os estudantes\u00a0 inscritos no 15\u00ba Festival Liter\u00e1rio e Cultural de Feira de Santana. A FLIFS, como \u00e9 conhecido o evento, acontece entre os dias 30\u2026","rel":"","context":"Em &quot;Cultura&quot;","block_context":{"text":"Cultura","link":"https:\/\/blogdafeira.com.br\/home\/categoria\/cultura\/"},"img":{"alt_text":"","src":"https:\/\/i0.wp.com\/blogdafeira.com.br\/home\/wp-content\/uploads\/2022\/07\/livro.jpg?resize=350%2C200&ssl=1","width":350,"height":200,"srcset":"https:\/\/i0.wp.com\/blogdafeira.com.br\/home\/wp-content\/uploads\/2022\/07\/livro.jpg?resize=350%2C200&ssl=1 1x, https:\/\/i0.wp.com\/blogdafeira.com.br\/home\/wp-content\/uploads\/2022\/07\/livro.jpg?resize=525%2C300&ssl=1 1.5x, https:\/\/i0.wp.com\/blogdafeira.com.br\/home\/wp-content\/uploads\/2022\/07\/livro.jpg?resize=700%2C400&ssl=1 2x, https:\/\/i0.wp.com\/blogdafeira.com.br\/home\/wp-content\/uploads\/2022\/07\/livro.jpg?resize=1050%2C600&ssl=1 3x"},"classes":[]},{"id":42207,"url":"https:\/\/blogdafeira.com.br\/home\/2020\/12\/02\/projetos-da-feira-de-ciencia-credenciados-a-representar-bahia-no-exterior\/","url_meta":{"origin":42184,"position":3},"title":"Projetos da Feira de Ci\u00eancia credenciados a representar Bahia no exterior","author":"Secom\/Bahia","date":"02\/12\/2020","format":false,"excerpt":"Dois projetos, desenvolvidos por estudantes de Salvador e Livramento de Nossa Senhora, foram premiados na 16\u00aa edi\u00e7\u00e3o da Feira Nordestina de Ci\u00eancia e Tecnologia (FENECIT), que aconteceu no per\u00edodo de 24 a 28 de novembro, em Recife, Pernambuco. Com isto, foram credenciados a representar a Bahia e o pa\u00eds em\u2026","rel":"","context":"Em &quot;Bahia&quot;","block_context":{"text":"Bahia","link":"https:\/\/blogdafeira.com.br\/home\/categoria\/bahia\/"},"img":{"alt_text":"","src":"https:\/\/i0.wp.com\/blogdafeira.com.br\/home\/wp-content\/uploads\/2020\/12\/WhatsApp-Image-2020-12-02-at-12.33.37.jpeg?resize=350%2C200&ssl=1","width":350,"height":200,"srcset":"https:\/\/i0.wp.com\/blogdafeira.com.br\/home\/wp-content\/uploads\/2020\/12\/WhatsApp-Image-2020-12-02-at-12.33.37.jpeg?resize=350%2C200&ssl=1 1x, https:\/\/i0.wp.com\/blogdafeira.com.br\/home\/wp-content\/uploads\/2020\/12\/WhatsApp-Image-2020-12-02-at-12.33.37.jpeg?resize=525%2C300&ssl=1 1.5x, https:\/\/i0.wp.com\/blogdafeira.com.br\/home\/wp-content\/uploads\/2020\/12\/WhatsApp-Image-2020-12-02-at-12.33.37.jpeg?resize=700%2C400&ssl=1 2x, https:\/\/i0.wp.com\/blogdafeira.com.br\/home\/wp-content\/uploads\/2020\/12\/WhatsApp-Image-2020-12-02-at-12.33.37.jpeg?resize=1050%2C600&ssl=1 3x"},"classes":[]},{"id":41371,"url":"https:\/\/blogdafeira.com.br\/home\/2020\/10\/26\/sesi-bahia-abre-inscricoes-para-475-bolsas-de-ensino-medio\/","url_meta":{"origin":42184,"position":4},"title":"SESI Bahia abre inscri\u00e7\u00f5es para 475 bolsas de ensino m\u00e9dio","author":"Secom\/Bahia","date":"26\/10\/2020","format":false,"excerpt":"O Servi\u00e7o Social da Ind\u00fastria (SESI Bahia) abriu inscri\u00e7\u00f5es, nesta segunda-feira, 26 de outubro, para bolsas de estudo destinadas a estudantes do 1\u00ba ano do Ensino M\u00e9dio para o ano letivo de 2021. O principal crit\u00e9rio para concorrer a uma das bolsas \u00e9 renda familiar de at\u00e9 dois sal\u00e1rios m\u00ednimos.\u2026","rel":"","context":"Em &quot;Bahia&quot;","block_context":{"text":"Bahia","link":"https:\/\/blogdafeira.com.br\/home\/categoria\/bahia\/"},"img":{"alt_text":"","src":"https:\/\/i0.wp.com\/blogdafeira.com.br\/home\/wp-content\/uploads\/2020\/10\/fieb-bahia.jpg?resize=350%2C200&ssl=1","width":350,"height":200,"srcset":"https:\/\/i0.wp.com\/blogdafeira.com.br\/home\/wp-content\/uploads\/2020\/10\/fieb-bahia.jpg?resize=350%2C200&ssl=1 1x, https:\/\/i0.wp.com\/blogdafeira.com.br\/home\/wp-content\/uploads\/2020\/10\/fieb-bahia.jpg?resize=525%2C300&ssl=1 1.5x, https:\/\/i0.wp.com\/blogdafeira.com.br\/home\/wp-content\/uploads\/2020\/10\/fieb-bahia.jpg?resize=700%2C400&ssl=1 2x"},"classes":[]},{"id":59853,"url":"https:\/\/blogdafeira.com.br\/home\/2023\/10\/26\/festa-literaria-internacional-de-cachoeira-vai-ate-proximo-domingo\/","url_meta":{"origin":42184,"position":5},"title":"Festa Liter\u00e1ria Internacional de Cachoeira vai at\u00e9 pr\u00f3ximo domingo","author":"Secom\/Bahia","date":"26\/10\/2023","format":false,"excerpt":"A 11\u00aa Festa Liter\u00e1ria Internacional de Cachoeira (Flica) come\u00e7ou nesta quinta-feira (26) e segue at\u00e9 domingo (29), com uma programa\u00e7\u00e3o diversificada, al\u00e9m de a\u00e7\u00f5es e servi\u00e7os nas \u00e1reas da cultura, educa\u00e7\u00e3o, cidadania e direitos humanos promovidas pelo Governo do Estado. Ap\u00f3s a abertura oficial do evento, que este ano traz\u2026","rel":"","context":"Em &quot;Cultura&quot;","block_context":{"text":"Cultura","link":"https:\/\/blogdafeira.com.br\/home\/categoria\/cultura\/"},"img":{"alt_text":"","src":"https:\/\/i0.wp.com\/blogdafeira.com.br\/home\/wp-content\/uploads\/2023\/10\/Flica-2023.-Fotos-Feijao-Almeida-GOVBA-696x464-1.jpg?resize=350%2C200&ssl=1","width":350,"height":200,"srcset":"https:\/\/i0.wp.com\/blogdafeira.com.br\/home\/wp-content\/uploads\/2023\/10\/Flica-2023.-Fotos-Feijao-Almeida-GOVBA-696x464-1.jpg?resize=350%2C200&ssl=1 1x, https:\/\/i0.wp.com\/blogdafeira.com.br\/home\/wp-content\/uploads\/2023\/10\/Flica-2023.-Fotos-Feijao-Almeida-GOVBA-696x464-1.jpg?resize=525%2C300&ssl=1 1.5x"},"classes":[]}],"_links":{"self":[{"href":"https:\/\/blogdafeira.com.br\/home\/wp-json\/wp\/v2\/posts\/42184","targetHints":{"allow":["GET"]}}],"collection":[{"href":"https:\/\/blogdafeira.com.br\/home\/wp-json\/wp\/v2\/posts"}],"about":[{"href":"https:\/\/blogdafeira.com.br\/home\/wp-json\/wp\/v2\/types\/post"}],"author":[{"embeddable":true,"href":"https:\/\/blogdafeira.com.br\/home\/wp-json\/wp\/v2\/users\/1"}],"replies":[{"embeddable":true,"href":"https:\/\/blogdafeira.com.br\/home\/wp-json\/wp\/v2\/comments?post=42184"}],"version-history":[{"count":1,"href":"https:\/\/blogdafeira.com.br\/home\/wp-json\/wp\/v2\/posts\/42184\/revisions"}],"predecessor-version":[{"id":42186,"href":"https:\/\/blogdafeira.com.br\/home\/wp-json\/wp\/v2\/posts\/42184\/revisions\/42186"}],"wp:featuredmedia":[{"embeddable":true,"href":"https:\/\/blogdafeira.com.br\/home\/wp-json\/wp\/v2\/media\/42185"}],"wp:attachment":[{"href":"https:\/\/blogdafeira.com.br\/home\/wp-json\/wp\/v2\/media?parent=42184"}],"wp:term":[{"taxonomy":"category","embeddable":true,"href":"https:\/\/blogdafeira.com.br\/home\/wp-json\/wp\/v2\/categories?post=42184"},{"taxonomy":"post_tag","embeddable":true,"href":"https:\/\/blogdafeira.com.br\/home\/wp-json\/wp\/v2\/tags?post=42184"}],"curies":[{"name":"wp","href":"https:\/\/api.w.org\/{rel}","templated":true}]}}