{"id":42251,"date":"2020-12-03T13:52:19","date_gmt":"2020-12-03T16:52:19","guid":{"rendered":"https:\/\/blogdafeira.com.br\/home\/?p=42251"},"modified":"2020-12-04T10:44:52","modified_gmt":"2020-12-04T13:44:52","slug":"jean-marques-feira-perde-uma-figura-alegre-e-generosa","status":"publish","type":"post","link":"https:\/\/blogdafeira.com.br\/home\/2020\/12\/03\/jean-marques-feira-perde-uma-figura-alegre-e-generosa\/","title":{"rendered":"Jean Marques, Feira perde uma figura alegre e generosa"},"content":{"rendered":"<div id=\"blogd-772200764\" class=\"blogd-fim-do-post-mobile blogd-entity-placement\" style=\"margin-left: auto;margin-right: auto;text-align: center;\"><a href=\"https:\/\/www.sefaz.feiradesantana.ba.gov.br\/\" target=\"_blank\" aria-label=\"728&#215;90 (6)\"><img loading=\"lazy\" decoding=\"async\" src=\"https:\/\/blogdafeira.com.br\/home\/wp-content\/uploads\/2026\/03\/728x90-6.gif\" alt=\"\"  class=\"no-lazyload\" width=\"728\" height=\"90\"  style=\"display: inline-block;\" \/><\/a><\/div><p>Faleceu nesta triste manh\u00e3 de 03\/12 o ator, produtor, diretor e performer Jean Marques.\u00a0 A cidade perde um artista de tamanho imensur\u00e1vel, a fam\u00edlia e os amigos perdem uma figura alegre e generosa.<\/p><div id=\"blogd-4063743449\" class=\"blogd-conteudo-2-mobile blogd-entity-placement\"><a href=\"https:\/\/feirenses.com.br\/\" target=\"_blank\" aria-label=\"feirenses\"><img loading=\"lazy\" decoding=\"async\" src=\"https:\/\/blogdafeira.com.br\/home\/wp-content\/uploads\/2026\/04\/feirenses.png\" alt=\"\"  srcset=\"https:\/\/blogdafeira.com.br\/home\/wp-content\/uploads\/2026\/04\/feirenses.png 300w, https:\/\/blogdafeira.com.br\/home\/wp-content\/uploads\/2026\/04\/feirenses-170x45.png 170w, https:\/\/blogdafeira.com.br\/home\/wp-content\/uploads\/2026\/04\/feirenses-280x74.png 280w\" sizes=\"(max-width: 300px) 100vw, 300px\" class=\"no-lazyload\" width=\"300\" height=\"79\"  style=\"display: inline-block;\" \/><\/a><\/div>\n<p style=\"text-align: justify;\">Jean era um jovem de 36 anos, inquieto e criativo, que mesmo em seus \u00faltimos dias n\u00e3o deixou de pensar nas crian\u00e7as de seu bairro. Sempre inventivo, criou v\u00e1rios eventos que pretendiam chamar a aten\u00e7\u00e3o das pessoas para a situa\u00e7\u00e3o das comunidades perif\u00e9ricas, bem como dos moradores de rua.<\/p>\n<p style=\"text-align: justify;\">Dagmar e Madame Scargot, duas de suas personagens, desfilaram por diversos palcos, dentro e fora de Feira. Lembro quando fui assistir uma homenagem a Lili Bolero, protagonizada por Jean, no palco da C\u00fapula do Som&#8230; era um artista sensacional!<\/p>\n<p style=\"text-align: justify;\">As festas de Feira come\u00e7avam de verdade quando Jean &#8220;brotava&#8221;, at\u00e9 porque ele era a pr\u00f3pria festa! Sempre sorridente e falante, mexia com as pessoas com a irrever\u00eancia que se tornou uma marca registrada, conhecesse ele ou n\u00e3o.<\/p>\n<p style=\"text-align: justify;\">Desejo que a nossa cidade aprenda a cuidar melhor de seus artistas! Nesses \u00faltimos meses Jean contou com a ajuda de amigos para conseguir sobreviver \u00e0 pandemia, que tirou dos palcos todos os agentes culturais da cidade. Mesmo assim, Jean atuava como membro do F\u00f3rum Permanente de Cultura, fazendo parte inclusive do comit\u00ea gestor da Lei Aldir Blanc, representando a cadeira de Culturas LGBTQI+.<\/p>\n<p style=\"text-align: justify;\">Que a sua vida sirva de li\u00e7\u00e3o de generosidade, criatividade e inquietude! Mudar o mundo vai ser mais dif\u00edcil sem voc\u00ea aqui Jean.<\/p>\n<div id=\"blogd-2286628657\" class=\"blogd-final-post blogd-entity-placement\"><a href=\"https:\/\/www.feiradesantana.ba.leg.br\/\" target=\"_blank\" aria-label=\"BANNER-SITE-ENTREGADECHEQUE-CAMARADEFEIRA\"><img loading=\"lazy\" decoding=\"async\" src=\"https:\/\/blogdafeira.com.br\/home\/wp-content\/uploads\/2026\/03\/BANNER-SITE-ENTREGADECHEQUE-CAMARADEFEIRA.gif\" alt=\"\"  class=\"no-lazyload\" width=\"728\" height=\"90\"   \/><\/a><\/div><blockquote class=\"instagram-media\" data-instgrm-captioned data-instgrm-permalink=\"https:\/\/www.instagram.com\/tv\/CIVv0mpBBBP\/?utm_source=ig_embed&amp;utm_campaign=loading\" data-instgrm-version=\"13\" style=\" background:#FFF; border:0; border-radius:3px; box-shadow:0 0 1px 0 rgba(0,0,0,0.5),0 1px 10px 0 rgba(0,0,0,0.15); margin: 1px; max-width:658px; min-width:326px; padding:0; width:99.375%; width:-webkit-calc(100% - 2px); width:calc(100% - 2px);\">\n<div style=\"padding:16px;\"> <a href=\"https:\/\/www.instagram.com\/tv\/CIVv0mpBBBP\/?utm_source=ig_embed&amp;utm_campaign=loading\" style=\" background:#FFFFFF; line-height:0; padding:0 0; text-align:center; text-decoration:none; width:100%;\" target=\"_blank\"> <\/p>\n<div style=\" display: flex; flex-direction: row; align-items: center;\">\n<div style=\"background-color: #F4F4F4; border-radius: 50%; flex-grow: 0; height: 40px; margin-right: 14px; width: 40px;\"><\/div>\n<div style=\"display: flex; flex-direction: column; flex-grow: 1; justify-content: center;\">\n<div style=\" background-color: #F4F4F4; border-radius: 4px; flex-grow: 0; height: 14px; margin-bottom: 6px; width: 100px;\"><\/div>\n<div style=\" background-color: #F4F4F4; border-radius: 4px; flex-grow: 0; height: 14px; width: 60px;\"><\/div>\n<\/div>\n<\/div>\n<div style=\"padding: 19% 0;\"><\/div>\n<div style=\"display:block; height:50px; margin:0 auto 12px; width:50px;\"><svg width=\"50px\" height=\"50px\" viewBox=\"0 0 60 60\" version=\"1.1\" xmlns=\"https:\/\/www.w3.org\/2000\/svg\" xmlns:xlink=\"https:\/\/www.w3.org\/1999\/xlink\"><g stroke=\"none\" stroke-width=\"1\" fill=\"none\" fill-rule=\"evenodd\"><g transform=\"translate(-511.000000, -20.000000)\" fill=\"#000000\"><g><path d=\"M556.869,30.41 C554.814,30.41 553.148,32.076 553.148,34.131 C553.148,36.186 554.814,37.852 556.869,37.852 C558.924,37.852 560.59,36.186 560.59,34.131 C560.59,32.076 558.924,30.41 556.869,30.41 M541,60.657 C535.114,60.657 530.342,55.887 530.342,50 C530.342,44.114 535.114,39.342 541,39.342 C546.887,39.342 551.658,44.114 551.658,50 C551.658,55.887 546.887,60.657 541,60.657 M541,33.886 C532.1,33.886 524.886,41.1 524.886,50 C524.886,58.899 532.1,66.113 541,66.113 C549.9,66.113 557.115,58.899 557.115,50 C557.115,41.1 549.9,33.886 541,33.886 M565.378,62.101 C565.244,65.022 564.756,66.606 564.346,67.663 C563.803,69.06 563.154,70.057 562.106,71.106 C561.058,72.155 560.06,72.803 558.662,73.347 C557.607,73.757 556.021,74.244 553.102,74.378 C549.944,74.521 548.997,74.552 541,74.552 C533.003,74.552 532.056,74.521 528.898,74.378 C525.979,74.244 524.393,73.757 523.338,73.347 C521.94,72.803 520.942,72.155 519.894,71.106 C518.846,70.057 518.197,69.06 517.654,67.663 C517.244,66.606 516.755,65.022 516.623,62.101 C516.479,58.943 516.448,57.996 516.448,50 C516.448,42.003 516.479,41.056 516.623,37.899 C516.755,34.978 517.244,33.391 517.654,32.338 C518.197,30.938 518.846,29.942 519.894,28.894 C520.942,27.846 521.94,27.196 523.338,26.654 C524.393,26.244 525.979,25.756 528.898,25.623 C532.057,25.479 533.004,25.448 541,25.448 C548.997,25.448 549.943,25.479 553.102,25.623 C556.021,25.756 557.607,26.244 558.662,26.654 C560.06,27.196 561.058,27.846 562.106,28.894 C563.154,29.942 563.803,30.938 564.346,32.338 C564.756,33.391 565.244,34.978 565.378,37.899 C565.522,41.056 565.552,42.003 565.552,50 C565.552,57.996 565.522,58.943 565.378,62.101 M570.82,37.631 C570.674,34.438 570.167,32.258 569.425,30.349 C568.659,28.377 567.633,26.702 565.965,25.035 C564.297,23.368 562.623,22.342 560.652,21.575 C558.743,20.834 556.562,20.326 553.369,20.18 C550.169,20.033 549.148,20 541,20 C532.853,20 531.831,20.033 528.631,20.18 C525.438,20.326 523.257,20.834 521.349,21.575 C519.376,22.342 517.703,23.368 516.035,25.035 C514.368,26.702 513.342,28.377 512.574,30.349 C511.834,32.258 511.326,34.438 511.181,37.631 C511.035,40.831 511,41.851 511,50 C511,58.147 511.035,59.17 511.181,62.369 C511.326,65.562 511.834,67.743 512.574,69.651 C513.342,71.625 514.368,73.296 516.035,74.965 C517.703,76.634 519.376,77.658 521.349,78.425 C523.257,79.167 525.438,79.673 528.631,79.82 C531.831,79.965 532.853,80.001 541,80.001 C549.148,80.001 550.169,79.965 553.369,79.82 C556.562,79.673 558.743,79.167 560.652,78.425 C562.623,77.658 564.297,76.634 565.965,74.965 C567.633,73.296 568.659,71.625 569.425,69.651 C570.167,67.743 570.674,65.562 570.82,62.369 C570.966,59.17 571,58.147 571,50 C571,41.851 570.966,40.831 570.82,37.631\"><\/path><\/g><\/g><\/g><\/svg><\/div>\n<div style=\"padding-top: 8px;\">\n<div style=\" color:#3897f0; font-family:Arial,sans-serif; font-size:14px; font-style:normal; font-weight:550; line-height:18px;\"> View this post on Instagram<\/div>\n<\/div>\n<div style=\"padding: 12.5% 0;\"><\/div>\n<div style=\"display: flex; flex-direction: row; margin-bottom: 14px; align-items: center;\">\n<div>\n<div style=\"background-color: #F4F4F4; border-radius: 50%; height: 12.5px; width: 12.5px; transform: translateX(0px) translateY(7px);\"><\/div>\n<div style=\"background-color: #F4F4F4; height: 12.5px; transform: rotate(-45deg) translateX(3px) translateY(1px); width: 12.5px; flex-grow: 0; margin-right: 14px; margin-left: 2px;\"><\/div>\n<div style=\"background-color: #F4F4F4; border-radius: 50%; height: 12.5px; width: 12.5px; transform: translateX(9px) translateY(-18px);\"><\/div>\n<\/div>\n<div style=\"margin-left: 8px;\">\n<div style=\" background-color: #F4F4F4; border-radius: 50%; flex-grow: 0; height: 20px; width: 20px;\"><\/div>\n<div style=\" width: 0; height: 0; border-top: 2px solid transparent; border-left: 6px solid #f4f4f4; border-bottom: 2px solid transparent; transform: translateX(16px) translateY(-4px) rotate(30deg)\"><\/div>\n<\/div>\n<div style=\"margin-left: auto;\">\n<div style=\" width: 0px; border-top: 8px solid #F4F4F4; border-right: 8px solid transparent; transform: translateY(16px);\"><\/div>\n<div style=\" background-color: #F4F4F4; flex-grow: 0; height: 12px; width: 16px; transform: translateY(-4px);\"><\/div>\n<div style=\" width: 0; height: 0; border-top: 8px solid #F4F4F4; border-left: 8px solid transparent; transform: translateY(-4px) translateX(8px);\"><\/div>\n<\/div>\n<\/div>\n<div style=\"display: flex; flex-direction: column; flex-grow: 1; justify-content: center; margin-bottom: 24px;\">\n<div style=\" background-color: #F4F4F4; border-radius: 4px; flex-grow: 0; height: 14px; margin-bottom: 6px; width: 224px;\"><\/div>\n<div style=\" background-color: #F4F4F4; border-radius: 4px; flex-grow: 0; height: 14px; width: 144px;\"><\/div>\n<\/div>\n<p><\/a><\/p>\n<p style=\" color:#c9c8cd; font-family:Arial,sans-serif; font-size:14px; line-height:17px; margin-bottom:0; margin-top:8px; overflow:hidden; padding:8px 0 7px; text-align:center; text-overflow:ellipsis; white-space:nowrap;\"><a href=\"https:\/\/www.instagram.com\/tv\/CIVv0mpBBBP\/?utm_source=ig_embed&amp;utm_campaign=loading\" style=\" color:#c9c8cd; font-family:Arial,sans-serif; font-size:14px; font-style:normal; font-weight:normal; line-height:17px; text-decoration:none;\" target=\"_blank\">A post shared by Luciano Mello (@luaxe)<\/a><\/p>\n<\/div>\n<\/blockquote>\n<p><script async src=\"\/\/platform.instagram.com\/en_US\/embeds.js\"><\/script><\/p>\n","protected":false},"excerpt":{"rendered":"<p>Faleceu nesta triste manh\u00e3 de 03\/12 o ator, produtor, diretor e performer Jean Marques.\u00a0 A cidade perde um artista de tamanho imensur\u00e1vel, a fam\u00edlia e os amigos perdem uma figura alegre e generosa. Jean era um jovem de 36 anos, inquieto e criativo, que mesmo em seus \u00faltimos dias n\u00e3o deixou de pensar nas crian\u00e7as<\/p>\n","protected":false},"author":33,"featured_media":42252,"comment_status":"open","ping_status":"open","sticky":false,"template":"","format":"standard","meta":{"jetpack_post_was_ever_published":false,"cybocfi_hide_featured_image":"","_jetpack_newsletter_access":"","_jetpack_dont_email_post_to_subs":false,"_jetpack_newsletter_tier_id":0,"_jetpack_memberships_contains_paywalled_content":false,"_jetpack_memberships_contains_paid_content":false,"footnotes":"","jetpack_publicize_message":"","jetpack_publicize_feature_enabled":true,"jetpack_social_post_already_shared":true,"jetpack_social_options":{"image_generator_settings":{"template":"highway","default_image_id":0,"font":"","enabled":false},"version":2}},"categories":[3,592,4],"tags":[],"class_list":["post-42251","post","type-post","status-publish","format-standard","has-post-thumbnail","hentry","category-cidade","category-colunistas","category-cultura"],"jetpack_publicize_connections":[],"jetpack_featured_media_url":"https:\/\/blogdafeira.com.br\/home\/wp-content\/uploads\/2020\/12\/jean-marques-nnnn.jpg","jetpack_shortlink":"https:\/\/wp.me\/p3niVf-aZt","jetpack_sharing_enabled":true,"jetpack-related-posts":[{"id":40236,"url":"https:\/\/blogdafeira.com.br\/home\/2020\/09\/08\/jean-marques-estreia-hoje-o-teatro-virtual-sobre-a-pandemia\/","url_meta":{"origin":42251,"position":0},"title":"Jean Marques estreia hoje o &#8216;teatro virtual&#8217; sobre a pandemia","author":"Blog da Feira","date":"08\/09\/2020","format":false,"excerpt":"No perfil da p\u00e1gina no facebook, ele est\u00e1 encarnado em Dag, a\u00a0 personagem drag-queen com a qual fez shows solid\u00e1rios com doa\u00e7\u00e3o de m\u00e1scaras, \u00e1lcool gel e objetos \"\u00fateis \u00e0 vida pand\u00eamica\" , e agora em setembro far\u00e1 uma apresenta\u00e7\u00e3o presencial no elegante Teatro 7 de Setembro, em\u00a0 Penedo, Alagoas.\u2026","rel":"","context":"Em &quot;Cultura&quot;","block_context":{"text":"Cultura","link":"https:\/\/blogdafeira.com.br\/home\/categoria\/cultura\/"},"img":{"alt_text":"","src":"https:\/\/i0.wp.com\/blogdafeira.com.br\/home\/wp-content\/uploads\/2020\/09\/jean-marques-TEATRO-VIRTUAL.jpg?resize=350%2C200&ssl=1","width":350,"height":200,"srcset":"https:\/\/i0.wp.com\/blogdafeira.com.br\/home\/wp-content\/uploads\/2020\/09\/jean-marques-TEATRO-VIRTUAL.jpg?resize=350%2C200&ssl=1 1x, https:\/\/i0.wp.com\/blogdafeira.com.br\/home\/wp-content\/uploads\/2020\/09\/jean-marques-TEATRO-VIRTUAL.jpg?resize=525%2C300&ssl=1 1.5x, https:\/\/i0.wp.com\/blogdafeira.com.br\/home\/wp-content\/uploads\/2020\/09\/jean-marques-TEATRO-VIRTUAL.jpg?resize=700%2C400&ssl=1 2x, https:\/\/i0.wp.com\/blogdafeira.com.br\/home\/wp-content\/uploads\/2020\/09\/jean-marques-TEATRO-VIRTUAL.jpg?resize=1050%2C600&ssl=1 3x"},"classes":[]},{"id":68961,"url":"https:\/\/blogdafeira.com.br\/home\/2025\/08\/13\/arte-de-jean-lima-da-vida-e-beleza-a-logomarca-do-festival-literario-de-feira\/","url_meta":{"origin":42251,"position":1},"title":"Arte de Jean Lima d\u00e1 vida e beleza \u00e0 logomarca do Festival Liter\u00e1rio de Feira","author":"Blog da Feira","date":"13\/08\/2025","format":false,"excerpt":"\u00c9 de Jean Lima o tra\u00e7o que d\u00e1 vida e beleza\u00a0 \u00e0 logo do Festival Liter\u00e1rio e Cultural de Feira de Santana. Quem acompanha o artista, seu trabalho,\u00a0 viagens no\u00a0 Instagram, nota que ele est\u00e1 em uma fase de imers\u00e3o no universo rural do Nordeste, criando tipos e resgatando objetos,\u2026","rel":"","context":"Em &quot;Cultura&quot;","block_context":{"text":"Cultura","link":"https:\/\/blogdafeira.com.br\/home\/categoria\/cultura\/"},"img":{"alt_text":"","src":"https:\/\/i0.wp.com\/blogdafeira.com.br\/home\/wp-content\/uploads\/2025\/08\/Screenshot_20250813-083245.png?resize=350%2C200&ssl=1","width":350,"height":200,"srcset":"https:\/\/i0.wp.com\/blogdafeira.com.br\/home\/wp-content\/uploads\/2025\/08\/Screenshot_20250813-083245.png?resize=350%2C200&ssl=1 1x, https:\/\/i0.wp.com\/blogdafeira.com.br\/home\/wp-content\/uploads\/2025\/08\/Screenshot_20250813-083245.png?resize=525%2C300&ssl=1 1.5x, https:\/\/i0.wp.com\/blogdafeira.com.br\/home\/wp-content\/uploads\/2025\/08\/Screenshot_20250813-083245.png?resize=700%2C400&ssl=1 2x, https:\/\/i0.wp.com\/blogdafeira.com.br\/home\/wp-content\/uploads\/2025\/08\/Screenshot_20250813-083245.png?resize=1050%2C600&ssl=1 3x"},"classes":[]},{"id":27352,"url":"https:\/\/blogdafeira.com.br\/home\/2017\/07\/06\/feira-se-prepara-para-sair-domingo-no-bando-anunciador-da-festa-de-santana-2\/","url_meta":{"origin":42251,"position":2},"title":"Feira se prepara para sair domingo no Bando Anunciador da Festa de Santana","author":"Blog da Feira","date":"06\/07\/2017","format":false,"excerpt":"A cidade est\u00e1 mobilizada para a sa\u00edda do Bando Anunciador da festa da padroeira \u00a0Senhora Sant\u2019Anna pelas ruas do centro da cidade na madrugada e manh\u00e3 do pr\u00f3ximo domingo, dia 9. A festa de rua resgatada h\u00e1 11 anos pela Universidade Estadual de Feira de Santana se reincorporou aos costumes\u2026","rel":"","context":"Em &quot;Home&quot;","block_context":{"text":"Home","link":"https:\/\/blogdafeira.com.br\/home\/categoria\/raiz\/"},"img":{"alt_text":"jeca","src":"https:\/\/i0.wp.com\/blogdafeira.com.br\/home\/wp-content\/uploads\/2017\/07\/jeca.jpg?resize=350%2C200","width":350,"height":200,"srcset":"https:\/\/i0.wp.com\/blogdafeira.com.br\/home\/wp-content\/uploads\/2017\/07\/jeca.jpg?resize=350%2C200 1x, https:\/\/i0.wp.com\/blogdafeira.com.br\/home\/wp-content\/uploads\/2017\/07\/jeca.jpg?resize=525%2C300 1.5x"},"classes":[]},{"id":41873,"url":"https:\/\/blogdafeira.com.br\/home\/2020\/11\/18\/jean-lima-mostra-feira-em-pequenos-formatos\/","url_meta":{"origin":42251,"position":3},"title":"Jean Lima mostra Feira  em &#8216;pequenos formatos&#8217;","author":"J\u00e2nio R\u00eago","date":"18\/11\/2020","format":false,"excerpt":"A met\u00e1lica\u00a0 est\u00e1tua do padre Ov\u00eddio de S\u00e3o Boaventura pr\u00f3xima \u00e0 Catedral de Santana, o singelo coreto, o rosto azulejado da hero\u00edna Maria Quit\u00e9ria\u00a0 e o melanc\u00f3lico fot\u00f3grafo lambe-lambe \u00e0 espera de fregu\u00eas s\u00e3o apenas algumas das cenas do universo geogr\u00e1fico e memorial de Feira de Santana revelados pelo talento\u2026","rel":"","context":"Em &quot;Colunistas&quot;","block_context":{"text":"Colunistas","link":"https:\/\/blogdafeira.com.br\/home\/categoria\/colunistas\/"},"img":{"alt_text":"","src":"https:\/\/i0.wp.com\/blogdafeira.com.br\/home\/wp-content\/uploads\/2020\/11\/InShot_20201118_012534910.jpg?resize=350%2C200&ssl=1","width":350,"height":200,"srcset":"https:\/\/i0.wp.com\/blogdafeira.com.br\/home\/wp-content\/uploads\/2020\/11\/InShot_20201118_012534910.jpg?resize=350%2C200&ssl=1 1x, https:\/\/i0.wp.com\/blogdafeira.com.br\/home\/wp-content\/uploads\/2020\/11\/InShot_20201118_012534910.jpg?resize=525%2C300&ssl=1 1.5x, https:\/\/i0.wp.com\/blogdafeira.com.br\/home\/wp-content\/uploads\/2020\/11\/InShot_20201118_012534910.jpg?resize=700%2C400&ssl=1 2x, https:\/\/i0.wp.com\/blogdafeira.com.br\/home\/wp-content\/uploads\/2020\/11\/InShot_20201118_012534910.jpg?resize=1050%2C600&ssl=1 3x, https:\/\/i0.wp.com\/blogdafeira.com.br\/home\/wp-content\/uploads\/2020\/11\/InShot_20201118_012534910.jpg?resize=1400%2C800&ssl=1 4x"},"classes":[]},{"id":66992,"url":"https:\/\/blogdafeira.com.br\/home\/2025\/04\/30\/saiba-quais-sao-os-conheca-os-pontos-que-dao-vida-a-micareta-de-feira\/","url_meta":{"origin":42251,"position":4},"title":"Saiba quais s\u00e3o os pontos que d\u00e3o vida \u00e0 Micareta de Feira","author":"Blog da Feira","date":"30\/04\/2025","format":false,"excerpt":"Mais do que trios el\u00e9tricos e multid\u00f5es, a Micareta de Feira \u00e9 um festival pulsante, marcado por espa\u00e7os \u00fanicos que d\u00e3o identidade, diversidade e emo\u00e7\u00e3o \u00e0 festa. Em 2025, a estrutura foi pensada para acolher diferentes p\u00fablicos, estilos musicais e faixas et\u00e1rias, consolidando o evento como o maior carnaval fora\u2026","rel":"","context":"Em &quot;Geral&quot;","block_context":{"text":"Geral","link":"https:\/\/blogdafeira.com.br\/home\/categoria\/geral\/"},"img":{"alt_text":"","src":"https:\/\/i0.wp.com\/blogdafeira.com.br\/home\/wp-content\/uploads\/2025\/04\/Palco-Charles-Albert-fotos-Jorge-Magalhaes-4.jpeg?resize=350%2C200&ssl=1","width":350,"height":200,"srcset":"https:\/\/i0.wp.com\/blogdafeira.com.br\/home\/wp-content\/uploads\/2025\/04\/Palco-Charles-Albert-fotos-Jorge-Magalhaes-4.jpeg?resize=350%2C200&ssl=1 1x, https:\/\/i0.wp.com\/blogdafeira.com.br\/home\/wp-content\/uploads\/2025\/04\/Palco-Charles-Albert-fotos-Jorge-Magalhaes-4.jpeg?resize=525%2C300&ssl=1 1.5x, https:\/\/i0.wp.com\/blogdafeira.com.br\/home\/wp-content\/uploads\/2025\/04\/Palco-Charles-Albert-fotos-Jorge-Magalhaes-4.jpeg?resize=700%2C400&ssl=1 2x, https:\/\/i0.wp.com\/blogdafeira.com.br\/home\/wp-content\/uploads\/2025\/04\/Palco-Charles-Albert-fotos-Jorge-Magalhaes-4.jpeg?resize=1050%2C600&ssl=1 3x"},"classes":[]},{"id":20803,"url":"https:\/\/blogdafeira.com.br\/home\/2016\/04\/14\/neste-sabado-tem-a-grande-final-do-festival-de-musica-no-mercado-de-arte-2\/","url_meta":{"origin":42251,"position":5},"title":"Neste s\u00e1bado tem a grande final do Festival de M\u00fasica no Mercado de Arte","author":"Blog da Feira","date":"14\/04\/2016","format":false,"excerpt":"Quatro bandas vencedoras deste Festival ser\u00e3o contratadas para a Micareta de Feira que acontece de 28 de abril a 1\u00ba de maio.","rel":"","context":"Em &quot;Home&quot;","block_context":{"text":"Home","link":"https:\/\/blogdafeira.com.br\/home\/categoria\/raiz\/"},"img":{"alt_text":"jean marques","src":"https:\/\/i0.wp.com\/blogdafeira.com.br\/home\/wp-content\/uploads\/2016\/04\/jean-marques.jpg?resize=350%2C200","width":350,"height":200,"srcset":"https:\/\/i0.wp.com\/blogdafeira.com.br\/home\/wp-content\/uploads\/2016\/04\/jean-marques.jpg?resize=350%2C200 1x, https:\/\/i0.wp.com\/blogdafeira.com.br\/home\/wp-content\/uploads\/2016\/04\/jean-marques.jpg?resize=525%2C300 1.5x"},"classes":[]}],"_links":{"self":[{"href":"https:\/\/blogdafeira.com.br\/home\/wp-json\/wp\/v2\/posts\/42251","targetHints":{"allow":["GET"]}}],"collection":[{"href":"https:\/\/blogdafeira.com.br\/home\/wp-json\/wp\/v2\/posts"}],"about":[{"href":"https:\/\/blogdafeira.com.br\/home\/wp-json\/wp\/v2\/types\/post"}],"author":[{"embeddable":true,"href":"https:\/\/blogdafeira.com.br\/home\/wp-json\/wp\/v2\/users\/33"}],"replies":[{"embeddable":true,"href":"https:\/\/blogdafeira.com.br\/home\/wp-json\/wp\/v2\/comments?post=42251"}],"version-history":[{"count":3,"href":"https:\/\/blogdafeira.com.br\/home\/wp-json\/wp\/v2\/posts\/42251\/revisions"}],"predecessor-version":[{"id":42277,"href":"https:\/\/blogdafeira.com.br\/home\/wp-json\/wp\/v2\/posts\/42251\/revisions\/42277"}],"wp:featuredmedia":[{"embeddable":true,"href":"https:\/\/blogdafeira.com.br\/home\/wp-json\/wp\/v2\/media\/42252"}],"wp:attachment":[{"href":"https:\/\/blogdafeira.com.br\/home\/wp-json\/wp\/v2\/media?parent=42251"}],"wp:term":[{"taxonomy":"category","embeddable":true,"href":"https:\/\/blogdafeira.com.br\/home\/wp-json\/wp\/v2\/categories?post=42251"},{"taxonomy":"post_tag","embeddable":true,"href":"https:\/\/blogdafeira.com.br\/home\/wp-json\/wp\/v2\/tags?post=42251"}],"curies":[{"name":"wp","href":"https:\/\/api.w.org\/{rel}","templated":true}]}}