{"id":4229,"date":"2013-08-08T17:21:43","date_gmt":"2013-08-08T20:21:43","guid":{"rendered":"http:\/\/blogdafeira.com.br\/home\/?p=4229"},"modified":"2013-08-08T22:51:01","modified_gmt":"2013-08-09T01:51:01","slug":"nova-turma-de-fisioterapia-da-fan-cola-grau-nesta-quinta-feira-no-olimpo","status":"publish","type":"post","link":"https:\/\/blogdafeira.com.br\/home\/2013\/08\/08\/nova-turma-de-fisioterapia-da-fan-cola-grau-nesta-quinta-feira-no-olimpo\/","title":{"rendered":"Nova turma de Fisioterapia cola grau neste s\u00e1bado no Olimpo"},"content":{"rendered":"<div id=\"blogd-376300174\" class=\"blogd-fim-do-post-mobile blogd-entity-placement\" style=\"margin-left: auto;margin-right: auto;text-align: center;\"><a href=\"https:\/\/www.sefaz.feiradesantana.ba.gov.br\/\" target=\"_blank\" aria-label=\"728&#215;90 (6)\"><img loading=\"lazy\" decoding=\"async\" src=\"https:\/\/blogdafeira.com.br\/home\/wp-content\/uploads\/2026\/03\/728x90-6.gif\" alt=\"\"  class=\"no-lazyload\" width=\"728\" height=\"90\"  style=\"display: inline-block;\" \/><\/a><\/div><p>Uma nova turma de fisioterapeutas ingressa no mercado de trabalho profissional. Dezoito jovens <img loading=\"lazy\" decoding=\"async\" class=\"alignright size-medium wp-image-4230\" alt=\"DSC08343\" src=\"http:\/\/blogdafeira.com.br\/home\/wp-content\/uploads\/2013\/08\/DSC08343-346x259.jpg\" width=\"346\" height=\"259\" srcset=\"https:\/\/blogdafeira.com.br\/home\/wp-content\/uploads\/2013\/08\/DSC08343-346x259.jpg 346w, https:\/\/blogdafeira.com.br\/home\/wp-content\/uploads\/2013\/08\/DSC08343-170x127.jpg 170w, https:\/\/blogdafeira.com.br\/home\/wp-content\/uploads\/2013\/08\/DSC08343.jpg 640w\" sizes=\"auto, (max-width: 346px) 100vw, 346px\" \/>graduados na Faculdade Nobre, em Feira de Santana, colam grau neste s\u00e1bado, 10, em solenidade que acontece \u00e0s 19:30h no Olimpo (BR-324, antiga Phebo).<\/p><div id=\"blogd-3964326483\" class=\"blogd-conteudo-2-mobile blogd-entity-placement\"><a href=\"https:\/\/feirenses.com.br\/\" target=\"_blank\" aria-label=\"feirenses\"><img loading=\"lazy\" decoding=\"async\" src=\"https:\/\/blogdafeira.com.br\/home\/wp-content\/uploads\/2026\/04\/feirenses.png\" alt=\"\"  srcset=\"https:\/\/blogdafeira.com.br\/home\/wp-content\/uploads\/2026\/04\/feirenses.png 300w, https:\/\/blogdafeira.com.br\/home\/wp-content\/uploads\/2026\/04\/feirenses-170x45.png 170w, https:\/\/blogdafeira.com.br\/home\/wp-content\/uploads\/2026\/04\/feirenses-280x74.png 280w\" sizes=\"(max-width: 300px) 100vw, 300px\" class=\"no-lazyload\" width=\"300\" height=\"79\"  style=\"display: inline-block;\" \/><\/a><\/div>\n<p>&#8216;A fisioterapia \u00e9 uma ci\u00eancia aplicado ao estudo, diagn\u00f3stico, preven\u00e7\u00e3o ew tramento de distifun\u00e7\u00f5es cin\u00e9ticas \u00a0funcionais de \u00f3rg\u00e3os e sistemas&#8221;<\/p>\n<div id=\"blogd-2114633280\" class=\"blogd-final-post blogd-entity-placement\"><a href=\"https:\/\/www.feiradesantana.ba.leg.br\/\" target=\"_blank\" aria-label=\"BANNER-SITE-ENTREGADECHEQUE-CAMARADEFEIRA\"><img loading=\"lazy\" decoding=\"async\" src=\"https:\/\/blogdafeira.com.br\/home\/wp-content\/uploads\/2026\/03\/BANNER-SITE-ENTREGADECHEQUE-CAMARADEFEIRA.gif\" alt=\"\"  class=\"no-lazyload\" width=\"728\" height=\"90\"   \/><\/a><\/div><p>Entre os formando est\u00e1 Rodrigo Campos Oliveira (foto).<\/p>\n","protected":false},"excerpt":{"rendered":"<p>Uma nova turma de fisioterapeutas ingressa no mercado de trabalho profissional. Dezoito jovens graduados na Faculdade Nobre, em Feira de Santana, colam grau neste s\u00e1bado, 10, em solenidade que acontece \u00e0s 19:30h no Olimpo (BR-324, antiga Phebo). &#8216;A fisioterapia \u00e9 uma ci\u00eancia aplicado ao estudo, diagn\u00f3stico, preven\u00e7\u00e3o ew tramento de distifun\u00e7\u00f5es cin\u00e9ticas \u00a0funcionais de \u00f3rg\u00e3os<\/p>\n","protected":false},"author":1,"featured_media":0,"comment_status":"closed","ping_status":"closed","sticky":false,"template":"","format":"standard","meta":{"jetpack_post_was_ever_published":false,"cybocfi_hide_featured_image":"","_jetpack_newsletter_access":"","_jetpack_dont_email_post_to_subs":false,"_jetpack_newsletter_tier_id":0,"_jetpack_memberships_contains_paywalled_content":false,"_jetpack_memberships_contains_paid_content":false,"footnotes":"","jetpack_publicize_message":"","jetpack_publicize_feature_enabled":true,"jetpack_social_post_already_shared":true,"jetpack_social_options":{"image_generator_settings":{"template":"highway","default_image_id":0,"font":"","enabled":false},"version":2}},"categories":[1],"tags":[],"class_list":["post-4229","post","type-post","status-publish","format-standard","hentry","category-raiz"],"jetpack_publicize_connections":[],"jetpack_featured_media_url":"","jetpack_shortlink":"https:\/\/wp.me\/p3niVf-16d","jetpack_sharing_enabled":true,"jetpack-related-posts":[{"id":61446,"url":"https:\/\/blogdafeira.com.br\/home\/2024\/03\/06\/atleta-do-jiu-jitsu-rodrigo-campos-faz-primeira-luta-de-mma-nesta-sexta-feira\/","url_meta":{"origin":4229,"position":0},"title":"Atleta do jiu-jitsu, Rodrigo Campos faz primeira luta de MMA nesta sexta-feira","author":"Blog da Feira","date":"06\/03\/2024","format":false,"excerpt":"Faixa preta, de terceiro grau, no Jiu-Jitsu, Rodrigo Campos come\u00e7ou na adolesc\u00eancia com sua paix\u00e3o por essa luta, construindo uma hist\u00f3ria de lutas e vit\u00f3rias nesse esporte do qual \u00e9 professor. Graduado em Fisioterapia faz um trabalho social na Evolu\u00e7\u00e3o Sport. Agora Rodrigo resolveu lutar MMA. O atleta sua estreia,\u2026","rel":"","context":"Em &quot;Esporte&quot;","block_context":{"text":"Esporte","link":"https:\/\/blogdafeira.com.br\/home\/categoria\/esporte\/"},"img":{"alt_text":"","src":"https:\/\/i0.wp.com\/blogdafeira.com.br\/home\/wp-content\/uploads\/2024\/03\/IMG-20240306-WA00154.jpg?resize=350%2C200&ssl=1","width":350,"height":200,"srcset":"https:\/\/i0.wp.com\/blogdafeira.com.br\/home\/wp-content\/uploads\/2024\/03\/IMG-20240306-WA00154.jpg?resize=350%2C200&ssl=1 1x, https:\/\/i0.wp.com\/blogdafeira.com.br\/home\/wp-content\/uploads\/2024\/03\/IMG-20240306-WA00154.jpg?resize=525%2C300&ssl=1 1.5x, https:\/\/i0.wp.com\/blogdafeira.com.br\/home\/wp-content\/uploads\/2024\/03\/IMG-20240306-WA00154.jpg?resize=700%2C400&ssl=1 2x"},"classes":[]},{"id":42574,"url":"https:\/\/blogdafeira.com.br\/home\/2020\/12\/17\/curso-superior-em-apicultura-forma-primeira-turma-em-tucano\/","url_meta":{"origin":4229,"position":1},"title":"Curso superior em Apicultura forma primeira turma em Tucano","author":"Blog da Feira","date":"17\/12\/2020","format":false,"excerpt":"O curso superior de Tecnologia em Apicultura e em Meliponicultura do Norte e Nordeste do Pa\u00eds, implantado pelo Governo da Bahia, em parceria com a Universidade de Taubat\u00e9 (Unitau)\u00a0e a Cooperativa dos Apicultores de Tucano (Cooapit),\u00a0formou a primeira turma, nesta quarta-feira (16). A solenidade de cola\u00e7\u00e3o de grau dos 28\u2026","rel":"","context":"Em &quot;Bahia&quot;","block_context":{"text":"Bahia","link":"https:\/\/blogdafeira.com.br\/home\/categoria\/bahia\/"},"img":{"alt_text":"","src":"https:\/\/i0.wp.com\/blogdafeira.com.br\/home\/wp-content\/uploads\/2020\/12\/abelha.jpg?resize=350%2C200&ssl=1","width":350,"height":200,"srcset":"https:\/\/i0.wp.com\/blogdafeira.com.br\/home\/wp-content\/uploads\/2020\/12\/abelha.jpg?resize=350%2C200&ssl=1 1x, https:\/\/i0.wp.com\/blogdafeira.com.br\/home\/wp-content\/uploads\/2020\/12\/abelha.jpg?resize=525%2C300&ssl=1 1.5x, https:\/\/i0.wp.com\/blogdafeira.com.br\/home\/wp-content\/uploads\/2020\/12\/abelha.jpg?resize=700%2C400&ssl=1 2x"},"classes":[]},{"id":43750,"url":"https:\/\/blogdafeira.com.br\/home\/2021\/03\/03\/secretario-faz-fisioterapia-muscular-e-respiratoria-para-voltar-ao-trabalho\/","url_meta":{"origin":4229,"position":2},"title":"Secret\u00e1rio faz fisioterapia muscular e respirat\u00f3ria para voltar ao trabalho","author":"Blog da Feira","date":"03\/03\/2021","format":false,"excerpt":"\"por aqui sigo focando na fisioterapia muscular e respirat\u00f3ria. O caminho \u00e9 longo pra desfazer o estrago do v\u00edrus. Perdi 5kg (alguma coisa de boa! (risos) mas a maioria foi m\u00fasculo. Com uma boa alimenta\u00e7\u00e3o e os exerc\u00edcios muito em breve estarei no batente\", escreveu o secret\u00e1rio estadual da Sa\u00fade,\u2026","rel":"","context":"Em &quot;Bahia&quot;","block_context":{"text":"Bahia","link":"https:\/\/blogdafeira.com.br\/home\/categoria\/bahia\/"},"img":{"alt_text":"","src":"https:\/\/i0.wp.com\/blogdafeira.com.br\/home\/wp-content\/uploads\/2021\/03\/EvehH2aXEAMqqVS.jpg?resize=350%2C200&ssl=1","width":350,"height":200,"srcset":"https:\/\/i0.wp.com\/blogdafeira.com.br\/home\/wp-content\/uploads\/2021\/03\/EvehH2aXEAMqqVS.jpg?resize=350%2C200&ssl=1 1x, https:\/\/i0.wp.com\/blogdafeira.com.br\/home\/wp-content\/uploads\/2021\/03\/EvehH2aXEAMqqVS.jpg?resize=525%2C300&ssl=1 1.5x, https:\/\/i0.wp.com\/blogdafeira.com.br\/home\/wp-content\/uploads\/2021\/03\/EvehH2aXEAMqqVS.jpg?resize=700%2C400&ssl=1 2x, https:\/\/i0.wp.com\/blogdafeira.com.br\/home\/wp-content\/uploads\/2021\/03\/EvehH2aXEAMqqVS.jpg?resize=1050%2C600&ssl=1 3x"},"classes":[]},{"id":46654,"url":"https:\/\/blogdafeira.com.br\/home\/2021\/07\/26\/bie-teve-leve-melhora-e-faz-fisioterapia-sob-cuidados-de-dona-santinha\/","url_meta":{"origin":4229,"position":3},"title":"Bi\u00e9 teve leve melhora e faz fisioterapia; sob cuidados de Dona Santinha","author":"Blog da Feira","date":"26\/07\/2021","format":false,"excerpt":"O sanfoneiro Francisco de Sena, Bi\u00e9 dos 8 Baixos, sofreu um princ\u00edpio de AVC no dia em que iria fazer a live de lan\u00e7amento do primeiro CD, gravado em est\u00fadio profissional. O disco e o EP\u00a0 s\u00e3o compostos de m\u00fasicas que fazem parte do repert\u00f3rio do famoso \"Samba de Bi\u00e9\"\u2026","rel":"","context":"Em &quot;Cultura&quot;","block_context":{"text":"Cultura","link":"https:\/\/blogdafeira.com.br\/home\/categoria\/cultura\/"},"img":{"alt_text":"","src":"https:\/\/i0.wp.com\/blogdafeira.com.br\/home\/wp-content\/uploads\/2021\/07\/FB_IMG_1627293850687.jpg?resize=350%2C200&ssl=1","width":350,"height":200,"srcset":"https:\/\/i0.wp.com\/blogdafeira.com.br\/home\/wp-content\/uploads\/2021\/07\/FB_IMG_1627293850687.jpg?resize=350%2C200&ssl=1 1x, https:\/\/i0.wp.com\/blogdafeira.com.br\/home\/wp-content\/uploads\/2021\/07\/FB_IMG_1627293850687.jpg?resize=525%2C300&ssl=1 1.5x, https:\/\/i0.wp.com\/blogdafeira.com.br\/home\/wp-content\/uploads\/2021\/07\/FB_IMG_1627293850687.jpg?resize=700%2C400&ssl=1 2x"},"classes":[]},{"id":14509,"url":"https:\/\/blogdafeira.com.br\/home\/2015\/04\/10\/criancas-com-cancer-precisam-de-perucas-doe-seu-cabelo\/","url_meta":{"origin":4229,"position":4},"title":"Crian\u00e7as com c\u00e2ncer precisam de perucas: doe seu cabelo!","author":"Blog da Feira","date":"10\/04\/2015","format":false,"excerpt":"O curso de Fisioterapia da FTC Feira realiza o I Encontro de Oncologia do N\u00facleo de Estudo, Pesquisa e Orienta\u00e7\u00e3o em Fisioterapia (Nepofi). O evento, multidisciplinar, est\u00e1 agendado para a pr\u00f3xima ter\u00e7a-feira (14), a partir das 13h30, no espa\u00e7o tenda, \u00e1rea de conviv\u00eancia da Faculdade. A fisioterapeuta Itana Nogueira, coordenadora\u2026","rel":"","context":"Em &quot;Home&quot;","block_context":{"text":"Home","link":"https:\/\/blogdafeira.com.br\/home\/categoria\/raiz\/"},"img":{"alt_text":"IMG_20150410_230518","src":"https:\/\/i0.wp.com\/blogdafeira.com.br\/home\/wp-content\/uploads\/2015\/04\/IMG_20150410_230518.jpg?resize=350%2C200","width":350,"height":200,"srcset":"https:\/\/i0.wp.com\/blogdafeira.com.br\/home\/wp-content\/uploads\/2015\/04\/IMG_20150410_230518.jpg?resize=350%2C200 1x, https:\/\/i0.wp.com\/blogdafeira.com.br\/home\/wp-content\/uploads\/2015\/04\/IMG_20150410_230518.jpg?resize=525%2C300 1.5x"},"classes":[]},{"id":9306,"url":"https:\/\/blogdafeira.com.br\/home\/2014\/02\/25\/ftc-promove-em-feira-um-simposio-sobre-envelhecimento-humano\/","url_meta":{"origin":4229,"position":5},"title":"FTC promove em Feira um Simp\u00f3sio sobre Envelhecimento Humano","author":"Blog da Feira","date":"25\/02\/2014","format":false,"excerpt":"O Curso de Fisioterapia da FTC Feira promove entre os dias 21 e 22 de mar\u00e7o, no audit\u00f3rio da Faculdade, o I Simp\u00f3sio Multidisciplinar em Envelhecimento Humano. O evento tem como p\u00fablico alvo estudantes da \u00e1rea de sa\u00fade, mais especificamente dos cursos de Fisioterapia, Enfermagem, Nutri\u00e7\u00e3o, Psicologia e Servi\u00e7o Social.\u2026","rel":"","context":"Em &quot;Home&quot;","block_context":{"text":"Home","link":"https:\/\/blogdafeira.com.br\/home\/categoria\/raiz\/"},"img":{"alt_text":"","src":"","width":0,"height":0},"classes":[]}],"_links":{"self":[{"href":"https:\/\/blogdafeira.com.br\/home\/wp-json\/wp\/v2\/posts\/4229","targetHints":{"allow":["GET"]}}],"collection":[{"href":"https:\/\/blogdafeira.com.br\/home\/wp-json\/wp\/v2\/posts"}],"about":[{"href":"https:\/\/blogdafeira.com.br\/home\/wp-json\/wp\/v2\/types\/post"}],"author":[{"embeddable":true,"href":"https:\/\/blogdafeira.com.br\/home\/wp-json\/wp\/v2\/users\/1"}],"replies":[{"embeddable":true,"href":"https:\/\/blogdafeira.com.br\/home\/wp-json\/wp\/v2\/comments?post=4229"}],"version-history":[{"count":5,"href":"https:\/\/blogdafeira.com.br\/home\/wp-json\/wp\/v2\/posts\/4229\/revisions"}],"predecessor-version":[{"id":4235,"href":"https:\/\/blogdafeira.com.br\/home\/wp-json\/wp\/v2\/posts\/4229\/revisions\/4235"}],"wp:attachment":[{"href":"https:\/\/blogdafeira.com.br\/home\/wp-json\/wp\/v2\/media?parent=4229"}],"wp:term":[{"taxonomy":"category","embeddable":true,"href":"https:\/\/blogdafeira.com.br\/home\/wp-json\/wp\/v2\/categories?post=4229"},{"taxonomy":"post_tag","embeddable":true,"href":"https:\/\/blogdafeira.com.br\/home\/wp-json\/wp\/v2\/tags?post=4229"}],"curies":[{"name":"wp","href":"https:\/\/api.w.org\/{rel}","templated":true}]}}