{"id":4237,"date":"2013-08-09T01:50:41","date_gmt":"2013-08-09T04:50:41","guid":{"rendered":"http:\/\/blogdafeira.com.br\/home\/?p=4237"},"modified":"2013-08-09T01:50:41","modified_gmt":"2013-08-09T04:50:41","slug":"feira-de-santana-adere-ao-programa-crack-e-possivel-vencer","status":"publish","type":"post","link":"https:\/\/blogdafeira.com.br\/home\/2013\/08\/09\/feira-de-santana-adere-ao-programa-crack-e-possivel-vencer\/","title":{"rendered":"Feira de Santana adere ao programa &#8216;Crack, \u00e9 Poss\u00edvel Vencer&#8217;"},"content":{"rendered":"<div id=\"blogd-1604104932\" class=\"blogd-fim-do-post-mobile blogd-entity-placement\" style=\"margin-left: auto;margin-right: auto;text-align: center;\"><a href=\"https:\/\/www.sefaz.feiradesantana.ba.gov.br\/\" target=\"_blank\" aria-label=\"728&#215;90 (6)\"><img loading=\"lazy\" decoding=\"async\" src=\"https:\/\/blogdafeira.com.br\/home\/wp-content\/uploads\/2026\/03\/728x90-6.gif\" alt=\"\"  class=\"no-lazyload\" width=\"728\" height=\"90\"  style=\"display: inline-block;\" \/><\/a><\/div><p>Feira de Santana \u00e9 um dos seis munic\u00edpios baianos que assinaram o termo de ades\u00e3o ao programa \u2018Crack, \u00e9 Poss\u00edvel Vencer\u2019, nesta ter\u00e7a-feira (6) no Minist\u00e9rio da Justi\u00e7a, em Bras\u00edlia.<\/p><div id=\"blogd-304182740\" class=\"blogd-conteudo-2-mobile blogd-entity-placement\"><a href=\"https:\/\/feirenses.com.br\/\" target=\"_blank\" aria-label=\"feirenses\"><img loading=\"lazy\" decoding=\"async\" src=\"https:\/\/blogdafeira.com.br\/home\/wp-content\/uploads\/2026\/04\/feirenses.png\" alt=\"\"  srcset=\"https:\/\/blogdafeira.com.br\/home\/wp-content\/uploads\/2026\/04\/feirenses.png 300w, https:\/\/blogdafeira.com.br\/home\/wp-content\/uploads\/2026\/04\/feirenses-170x45.png 170w, https:\/\/blogdafeira.com.br\/home\/wp-content\/uploads\/2026\/04\/feirenses-280x74.png 280w\" sizes=\"(max-width: 300px) 100vw, 300px\" class=\"no-lazyload\" width=\"300\" height=\"79\"  style=\"display: inline-block;\" \/><\/a><\/div>\n<p>O termo de ades\u00e3o \u00a0foi assinado por 26 estados da federa\u00e7\u00e3o e 118 munic\u00edpios, com a presen\u00e7a do governador\u00a0\u00a0Jaques Wagner.<\/p>\n<div id=\"blogd-560094534\" class=\"blogd-final-post blogd-entity-placement\"><a href=\"https:\/\/www.feiradesantana.ba.leg.br\/\" target=\"_blank\" aria-label=\"BANNER-SITE-ENTREGADECHEQUE-CAMARADEFEIRA\"><img loading=\"lazy\" decoding=\"async\" src=\"https:\/\/blogdafeira.com.br\/home\/wp-content\/uploads\/2026\/03\/BANNER-SITE-ENTREGADECHEQUE-CAMARADEFEIRA.gif\" alt=\"\"  class=\"no-lazyload\" width=\"728\" height=\"90\"   \/><\/a><\/div><p>Os outros munic\u00edpios que ingressaram no programa s\u00e3o: Salvador, Cama\u00e7ari, Itabuna, Juazeiro e Vit\u00f3ria da Conquista.<\/p>\n<p>&nbsp;<\/p>\n","protected":false},"excerpt":{"rendered":"<p>Feira de Santana \u00e9 um dos seis munic\u00edpios baianos que assinaram o termo de ades\u00e3o ao programa \u2018Crack, \u00e9 Poss\u00edvel Vencer\u2019, nesta ter\u00e7a-feira (6) no Minist\u00e9rio da Justi\u00e7a, em Bras\u00edlia. O termo de ades\u00e3o \u00a0foi assinado por 26 estados da federa\u00e7\u00e3o e 118 munic\u00edpios, com a presen\u00e7a do governador\u00a0\u00a0Jaques Wagner. Os outros munic\u00edpios que ingressaram<\/p>\n","protected":false},"author":1,"featured_media":0,"comment_status":"closed","ping_status":"closed","sticky":false,"template":"","format":"standard","meta":{"jetpack_post_was_ever_published":false,"cybocfi_hide_featured_image":"","_jetpack_newsletter_access":"","_jetpack_dont_email_post_to_subs":false,"_jetpack_newsletter_tier_id":0,"_jetpack_memberships_contains_paywalled_content":false,"_jetpack_memberships_contains_paid_content":false,"footnotes":"","jetpack_publicize_message":"","jetpack_publicize_feature_enabled":true,"jetpack_social_post_already_shared":true,"jetpack_social_options":{"image_generator_settings":{"template":"highway","default_image_id":0,"font":"","enabled":false},"version":2}},"categories":[1],"tags":[],"class_list":["post-4237","post","type-post","status-publish","format-standard","hentry","category-raiz"],"jetpack_publicize_connections":[],"jetpack_featured_media_url":"","jetpack_shortlink":"https:\/\/wp.me\/p3niVf-16l","jetpack_sharing_enabled":true,"jetpack-related-posts":[{"id":3950,"url":"https:\/\/blogdafeira.com.br\/home\/2013\/07\/30\/prefeitura-de-feira-assinou-a-adesao-ao-programa-mais-medicos\/","url_meta":{"origin":4237,"position":0},"title":"Prefeitura de Feira assinou a ades\u00e3o ao Programa Mais M\u00e9dicos","author":"Blog da Feira","date":"30\/07\/2013","format":false,"excerpt":"A Prefeitura de Feira de Santana j\u00e1 assinou o termo de ades\u00e3o ao programa federal 'Mais M\u00e9dicos' que visa suprir a car\u00eancia desses profissionais principamente nas periferias e cidades do interior do pa\u00eds. Mas o governo ainda vai analisar os pr\u00f3s e os contras do programa proposto pelo governo federal\u2026","rel":"","context":"Em &quot;Home&quot;","block_context":{"text":"Home","link":"https:\/\/blogdafeira.com.br\/home\/categoria\/raiz\/"},"img":{"alt_text":"","src":"","width":0,"height":0},"classes":[]},{"id":3970,"url":"https:\/\/blogdafeira.com.br\/home\/2013\/07\/31\/feira-de-santana-aderiu-ao-sistema-nacional-de-cultura\/","url_meta":{"origin":4237,"position":1},"title":"Feira de Santana aderiu ao Sistema Nacional de Cultura","author":"Blog da Feira","date":"31\/07\/2013","format":false,"excerpt":"O secret\u00e1rio de Cultura de Feira, Jailton Batista, disse hoje pela manh\u00e3 durante a posse dos conselheiros de Cultura que o munic\u00edpio \u00a0j\u00e1 assinou o termo de ades\u00e3o ao Sistema Nacional de Cultura. O Sistema Nacional de Cultura (SNC) \u00e9 um modelo de gest\u00e3o criado pelo Minist\u00e9rio da Cultura (MinC)\u2026","rel":"","context":"Em &quot;Home&quot;","block_context":{"text":"Home","link":"https:\/\/blogdafeira.com.br\/home\/categoria\/raiz\/"},"img":{"alt_text":"JAILTON","src":"https:\/\/i0.wp.com\/blogdafeira.com.br\/home\/wp-content\/uploads\/2013\/07\/JAILTON-240x300.jpg?resize=350%2C200","width":350,"height":200},"classes":[]},{"id":58615,"url":"https:\/\/blogdafeira.com.br\/home\/2023\/07\/12\/lei-paulo-gustavo-tem-adesao-de-100-dos-municipios-baianos\/","url_meta":{"origin":4237,"position":2},"title":"Lei Paulo Gustavo tem ades\u00e3o de 100% dos munic\u00edpios baianos","author":"Blog da Feira","date":"12\/07\/2023","format":false,"excerpt":"Os 417 munic\u00edpios da Bahia completaram a etapa de envio dos documentos para garantir o envio dos valores da Lei Paulo Gustavo (LPG). A Secretaria de Cultura do Estado da Bahia (SecultBa), garantiu uma s\u00e9rie de forma\u00e7\u00f5es para dirigentes municipais e fazedoras e fazedores de cultura em todo o estado,\u2026","rel":"","context":"Em &quot;Bahia&quot;","block_context":{"text":"Bahia","link":"https:\/\/blogdafeira.com.br\/home\/categoria\/bahia\/"},"img":{"alt_text":"","src":"https:\/\/i0.wp.com\/blogdafeira.com.br\/home\/wp-content\/uploads\/2023\/07\/Fotos-ilustrativas-do-lancamento-da-LPG-Mateus-PereiraGOVBA-3.jpeg?resize=350%2C200&ssl=1","width":350,"height":200,"srcset":"https:\/\/i0.wp.com\/blogdafeira.com.br\/home\/wp-content\/uploads\/2023\/07\/Fotos-ilustrativas-do-lancamento-da-LPG-Mateus-PereiraGOVBA-3.jpeg?resize=350%2C200&ssl=1 1x, https:\/\/i0.wp.com\/blogdafeira.com.br\/home\/wp-content\/uploads\/2023\/07\/Fotos-ilustrativas-do-lancamento-da-LPG-Mateus-PereiraGOVBA-3.jpeg?resize=525%2C300&ssl=1 1.5x, https:\/\/i0.wp.com\/blogdafeira.com.br\/home\/wp-content\/uploads\/2023\/07\/Fotos-ilustrativas-do-lancamento-da-LPG-Mateus-PereiraGOVBA-3.jpeg?resize=700%2C400&ssl=1 2x, https:\/\/i0.wp.com\/blogdafeira.com.br\/home\/wp-content\/uploads\/2023\/07\/Fotos-ilustrativas-do-lancamento-da-LPG-Mateus-PereiraGOVBA-3.jpeg?resize=1050%2C600&ssl=1 3x, https:\/\/i0.wp.com\/blogdafeira.com.br\/home\/wp-content\/uploads\/2023\/07\/Fotos-ilustrativas-do-lancamento-da-LPG-Mateus-PereiraGOVBA-3.jpeg?resize=1400%2C800&ssl=1 4x"},"classes":[]},{"id":3625,"url":"https:\/\/blogdafeira.com.br\/home\/2013\/07\/18\/igualdader-racialfeira-ingressa-no-forum-estadual-de-gestores\/","url_meta":{"origin":4237,"position":3},"title":"Igualdade racial:Feira ingressa no F\u00f3rum Estadual de Gestores","author":"Blog da Feira","date":"18\/07\/2013","format":false,"excerpt":"Feira de Santana vai ingressar no F\u00f3rum Estadual de Gestores Municipais de Promo\u00e7\u00e3o de Igualdade Racial. O prefeito de Feira, Jos\u00e9 Ronaldo, assina nesta quinta-feira o termo de ades\u00e3o ao f\u00f3rum, durante a abertura da \u00a03\u00aa Confer\u00eancia Municipal de Promo\u00e7\u00e3o da Igualdade Racial que ser\u00e1 aberta no Centro Comunit\u00e1rio Ederval\u2026","rel":"","context":"Em &quot;Home&quot;","block_context":{"text":"Home","link":"https:\/\/blogdafeira.com.br\/home\/categoria\/raiz\/"},"img":{"alt_text":"","src":"","width":0,"height":0},"classes":[]},{"id":149,"url":"https:\/\/blogdafeira.com.br\/home\/2013\/04\/06\/governo-federal-quer-ampliar-o-mais-educacao-em-feira-e-regiao\/","url_meta":{"origin":4237,"position":4},"title":"Governo federal quer ampliar o Mais Educa\u00e7\u00e3o em Feira e Regi\u00e3o","author":"Blog da Feira","date":"06\/04\/2013","format":false,"excerpt":"Feira de Santana sediou nesta sexta-feira (5), o Encontro de Articula\u00e7\u00e3o e Di\u00e1logos entre o Programa Mais Educa\u00e7\u00e3o e o Programa Bolsa Fam\u00edlia, ambos do governo federal. O evento promovido na cidade pelo Minist\u00e9rio de Desenvolvimento Social e Combate \u00e0 Fome (MDS),\u00a0 Minist\u00e9rio de Educa\u00e7\u00e3o (MEC) e as Secretarias de\u2026","rel":"","context":"Em &quot;Home&quot;","block_context":{"text":"Home","link":"https:\/\/blogdafeira.com.br\/home\/categoria\/raiz\/"},"img":{"alt_text":"","src":"","width":0,"height":0},"classes":[]},{"id":54761,"url":"https:\/\/blogdafeira.com.br\/home\/2022\/10\/06\/colbert-diz-que-e-anti-pt-mas-nao-declara-voto-em-bolsonaro\/","url_meta":{"origin":4237,"position":5},"title":"Colbert diz que \u00e9 &#8216;anti-PT&#8217; mas n\u00e3o declara voto em Bolsonaro","author":"Blog da Feira","date":"06\/10\/2022","format":false,"excerpt":"O prefeito de Feira de Santana, Colbert Filho (MDB) apoia ACM Neto e igualmente ao\u00a0 candidato do Uni\u00e3o Brasil manteve-se neutro e disse\u00a0 que n\u00e3o resolveu ainda\u00a0 em quem vai votar para a Presid\u00eancia, se em Lula ou Bolsonaro, mas presssionado pelo radialista Dilton Coutinho, que o entrevistou hoje pela\u2026","rel":"","context":"Em &quot;Home&quot;","block_context":{"text":"Home","link":"https:\/\/blogdafeira.com.br\/home\/categoria\/raiz\/"},"img":{"alt_text":"","src":"https:\/\/i0.wp.com\/blogdafeira.com.br\/home\/wp-content\/uploads\/2022\/10\/1042018145704.jpg?resize=350%2C200&ssl=1","width":350,"height":200,"srcset":"https:\/\/i0.wp.com\/blogdafeira.com.br\/home\/wp-content\/uploads\/2022\/10\/1042018145704.jpg?resize=350%2C200&ssl=1 1x, https:\/\/i0.wp.com\/blogdafeira.com.br\/home\/wp-content\/uploads\/2022\/10\/1042018145704.jpg?resize=525%2C300&ssl=1 1.5x"},"classes":[]}],"_links":{"self":[{"href":"https:\/\/blogdafeira.com.br\/home\/wp-json\/wp\/v2\/posts\/4237","targetHints":{"allow":["GET"]}}],"collection":[{"href":"https:\/\/blogdafeira.com.br\/home\/wp-json\/wp\/v2\/posts"}],"about":[{"href":"https:\/\/blogdafeira.com.br\/home\/wp-json\/wp\/v2\/types\/post"}],"author":[{"embeddable":true,"href":"https:\/\/blogdafeira.com.br\/home\/wp-json\/wp\/v2\/users\/1"}],"replies":[{"embeddable":true,"href":"https:\/\/blogdafeira.com.br\/home\/wp-json\/wp\/v2\/comments?post=4237"}],"version-history":[{"count":1,"href":"https:\/\/blogdafeira.com.br\/home\/wp-json\/wp\/v2\/posts\/4237\/revisions"}],"predecessor-version":[{"id":4238,"href":"https:\/\/blogdafeira.com.br\/home\/wp-json\/wp\/v2\/posts\/4237\/revisions\/4238"}],"wp:attachment":[{"href":"https:\/\/blogdafeira.com.br\/home\/wp-json\/wp\/v2\/media?parent=4237"}],"wp:term":[{"taxonomy":"category","embeddable":true,"href":"https:\/\/blogdafeira.com.br\/home\/wp-json\/wp\/v2\/categories?post=4237"},{"taxonomy":"post_tag","embeddable":true,"href":"https:\/\/blogdafeira.com.br\/home\/wp-json\/wp\/v2\/tags?post=4237"}],"curies":[{"name":"wp","href":"https:\/\/api.w.org\/{rel}","templated":true}]}}