{"id":4243,"date":"2013-08-09T15:22:42","date_gmt":"2013-08-09T18:22:42","guid":{"rendered":"http:\/\/blogdafeira.com.br\/home\/?p=4243"},"modified":"2013-08-09T15:22:42","modified_gmt":"2013-08-09T18:22:42","slug":"colbert-dispara-aeroporto-ja-teve-4-audiencias-publicas-e-nao-decola","status":"publish","type":"post","link":"https:\/\/blogdafeira.com.br\/home\/2013\/08\/09\/colbert-dispara-aeroporto-ja-teve-4-audiencias-publicas-e-nao-decola\/","title":{"rendered":"Colbert dispara: &#8220;Aeroporto j\u00e1 teve 4 audi\u00eancias p\u00fablicas e n\u00e3o decola&#8221;"},"content":{"rendered":"<div id=\"blogd-2609329421\" class=\"blogd-fim-do-post-mobile blogd-entity-placement\" style=\"margin-left: auto;margin-right: auto;text-align: center;\"><a href=\"https:\/\/www.sefaz.feiradesantana.ba.gov.br\/\" target=\"_blank\" aria-label=\"728&#215;90 (6)\"><img loading=\"lazy\" decoding=\"async\" src=\"https:\/\/blogdafeira.com.br\/home\/wp-content\/uploads\/2026\/03\/728x90-6.gif\" alt=\"\"  class=\"no-lazyload\" width=\"728\" height=\"90\"  style=\"display: inline-block;\" \/><\/a><\/div><p>\u201c\u00c9 tanta discuss\u00e3o que at\u00e9 parece se tratar de um aeroporto internacional\u201d, protesta \u00a0o deputado federal Colbert Martins Filho (PMDB-BA), a prop\u00f3sito da realiza\u00e7\u00e3o da quarta audi\u00eancia p\u00fablica, no per\u00edodo de um ano e meio, para tratar das melhorias e amplia\u00e7\u00e3o do Aeroporto Jo\u00e3o Durval Carneiro, em Feira de Santana.<\/p><div id=\"blogd-1659349892\" class=\"blogd-conteudo-2-mobile blogd-entity-placement\"><a href=\"https:\/\/feirenses.com.br\/\" target=\"_blank\" aria-label=\"feirenses\"><img loading=\"lazy\" decoding=\"async\" src=\"https:\/\/blogdafeira.com.br\/home\/wp-content\/uploads\/2026\/04\/feirenses.png\" alt=\"\"  srcset=\"https:\/\/blogdafeira.com.br\/home\/wp-content\/uploads\/2026\/04\/feirenses.png 300w, https:\/\/blogdafeira.com.br\/home\/wp-content\/uploads\/2026\/04\/feirenses-170x45.png 170w, https:\/\/blogdafeira.com.br\/home\/wp-content\/uploads\/2026\/04\/feirenses-280x74.png 280w\" sizes=\"(max-width: 300px) 100vw, 300px\" class=\"no-lazyload\" width=\"300\" height=\"79\"  style=\"display: inline-block;\" \/><\/a><\/div>\n<p>A primeira audi\u00eancia p\u00fablica sobre o aeroporto aconteceu no dia 30 de janeiro de 2012, em Salvador. No dia seguinte, aconteceu a \u201csegunda e \u00faltima\u201d, conforme an\u00fancio do Governo do Estado, em Feira de Santana.<\/p>\n<p>No dia 29 de novembro de 2012, aconteceu a terceira e, agora, nessa quinta-feira (8), foi realizada a quarta audi\u00eancia p\u00fablica sobre o aeroporto.<\/p>\n<p>O parlamentar lembra que todo o tr\u00e2mite burocr\u00e1tico da concess\u00e3o do aeroporto para a iniciativa privada foi encerrado desde maio deste ano, mas at\u00e9 agora nada de concreto aconteceu.<\/p>\n<div id=\"blogd-3447827691\" class=\"blogd-final-post blogd-entity-placement\"><a href=\"https:\/\/www.feiradesantana.ba.leg.br\/\" target=\"_blank\" aria-label=\"BANNER-SITE-ENTREGADECHEQUE-CAMARADEFEIRA\"><img loading=\"lazy\" decoding=\"async\" src=\"https:\/\/blogdafeira.com.br\/home\/wp-content\/uploads\/2026\/03\/BANNER-SITE-ENTREGADECHEQUE-CAMARADEFEIRA.gif\" alt=\"\"  class=\"no-lazyload\" width=\"728\" height=\"90\"   \/><\/a><\/div><p>\u201cN\u00e3o h\u00e1 nem mesmo a divulga\u00e7\u00e3o de um cronograma de a\u00e7\u00e3o, assim como as desapropria\u00e7\u00f5es das \u00e1reas em torno do aeroporto tamb\u00e9m n\u00e3o saem do papel\u201d, acrescenta.<\/p>\n","protected":false},"excerpt":{"rendered":"<p>\u201c\u00c9 tanta discuss\u00e3o que at\u00e9 parece se tratar de um aeroporto internacional\u201d, protesta \u00a0o deputado federal Colbert Martins Filho (PMDB-BA), a prop\u00f3sito da realiza\u00e7\u00e3o da quarta audi\u00eancia p\u00fablica, no per\u00edodo de um ano e meio, para tratar das melhorias e amplia\u00e7\u00e3o do Aeroporto Jo\u00e3o Durval Carneiro, em Feira de Santana. A primeira audi\u00eancia p\u00fablica sobre<\/p>\n","protected":false},"author":1,"featured_media":0,"comment_status":"closed","ping_status":"closed","sticky":false,"template":"","format":"standard","meta":{"jetpack_post_was_ever_published":false,"cybocfi_hide_featured_image":"","_jetpack_newsletter_access":"","_jetpack_dont_email_post_to_subs":false,"_jetpack_newsletter_tier_id":0,"_jetpack_memberships_contains_paywalled_content":false,"_jetpack_memberships_contains_paid_content":false,"footnotes":"","jetpack_publicize_message":"","jetpack_publicize_feature_enabled":true,"jetpack_social_post_already_shared":true,"jetpack_social_options":{"image_generator_settings":{"template":"highway","default_image_id":0,"font":"","enabled":false},"version":2}},"categories":[1],"tags":[],"class_list":["post-4243","post","type-post","status-publish","format-standard","hentry","category-raiz"],"jetpack_publicize_connections":[],"jetpack_featured_media_url":"","jetpack_shortlink":"https:\/\/wp.me\/p3niVf-16r","jetpack_sharing_enabled":true,"jetpack-related-posts":[{"id":66326,"url":"https:\/\/blogdafeira.com.br\/home\/2025\/03\/24\/aeroporto-de-feira-completa-40-anos-proximo-dia-31-quinta-feira-vereadores-fazem-audiencia-publica\/","url_meta":{"origin":4243,"position":0},"title":"Aeroporto de Feira completa 40 anos pr\u00f3ximo dia 31; quinta-feira vereadores fazem audi\u00eancia p\u00fablica","author":"Blog da Feira","date":"24\/03\/2025","format":false,"excerpt":"O governador Jo\u00e3o Durval inaugurou o Aeroporto de Feira h\u00e1 40 anos, no dia 31 de mar\u00e7o, data em que os militares comemoravam o Golpe que eles chamavam de \"Revolu\u00e7\u00e3o\". O local, no distrito de Ja\u00edba, era uma fazenda de propriedade do banqueiro \u00c2ngelo Calmon de S\u00e1, que foi desapropriado\u2026","rel":"","context":"Em &quot;Cidade&quot;","block_context":{"text":"Cidade","link":"https:\/\/blogdafeira.com.br\/home\/categoria\/cidade\/"},"img":{"alt_text":"","src":"https:\/\/i0.wp.com\/blogdafeira.com.br\/home\/wp-content\/uploads\/2025\/03\/FB_IMG_1742821880470.jpg?resize=350%2C200&ssl=1","width":350,"height":200,"srcset":"https:\/\/i0.wp.com\/blogdafeira.com.br\/home\/wp-content\/uploads\/2025\/03\/FB_IMG_1742821880470.jpg?resize=350%2C200&ssl=1 1x, https:\/\/i0.wp.com\/blogdafeira.com.br\/home\/wp-content\/uploads\/2025\/03\/FB_IMG_1742821880470.jpg?resize=525%2C300&ssl=1 1.5x, https:\/\/i0.wp.com\/blogdafeira.com.br\/home\/wp-content\/uploads\/2025\/03\/FB_IMG_1742821880470.jpg?resize=700%2C400&ssl=1 2x"},"classes":[]},{"id":11150,"url":"https:\/\/blogdafeira.com.br\/home\/2014\/06\/27\/brt-de-feira-ze-neto-diz-que-governo-deve-fazer-audiencias-publicas\/","url_meta":{"origin":4243,"position":1},"title":"BRT de Feira: Z\u00e9 Neto diz que governo deve fazer audi\u00eancias p\u00fablicas","author":"Blog da Feira","date":"27\/06\/2014","format":false,"excerpt":"O deputado Z\u00e9 Neto disse em coment\u00e1rio a uma postagem no Facebook sobre a Consulta Popular sobre o BRT lan\u00e7ada pela\u00a0\u00a0Prefeitura de Feira de Santana: \"Tem \u00e9 que fazer audi\u00eancias p\u00fablicas e tratar de ouvir pra valer a comunidade, como fizemos com a Noide, Aeroporto, Lagoa Grande, Minha Casa Minha\u2026","rel":"","context":"Em &quot;Home&quot;","block_context":{"text":"Home","link":"https:\/\/blogdafeira.com.br\/home\/categoria\/raiz\/"},"img":{"alt_text":"gerinaldo","src":"https:\/\/i0.wp.com\/blogdafeira.com.br\/home\/wp-content\/uploads\/2014\/05\/gerinaldo-170x127.jpg?resize=350%2C200","width":350,"height":200},"classes":[]},{"id":33324,"url":"https:\/\/blogdafeira.com.br\/home\/2019\/10\/16\/nos-queremos-que-o-governador-encare-feira-com-a-importancia-que-feira-de-santana-tem-diz-colbert-ao-cobrar-investimentos-no-aeroporto\/","url_meta":{"origin":4243,"position":2},"title":"&#8216;N\u00f3s queremos que o governador encare Feira com a import\u00e2ncia que Feira de Santana tem&#8217;, diz Colbert ao cobrar investimentos no Aeroporto","author":"J\u00e2nio R\u00eago","date":"16\/10\/2019","format":false,"excerpt":"\"Por que tem dinheiro para o Aeroporto de Bom Jesus da Lapa e n\u00e3o tem para Feira de Santana?\", pergunta o prefeito de Feira, Colbert Martins Filho em um v\u00eddeo direcionado para o aeroporto de Feira de Santana e Governo da Bahia. Ele comparou tamb\u00e9m com\u00a0 Vit\u00f3ria da Conquista onde\u2026","rel":"","context":"Em &quot;Home&quot;","block_context":{"text":"Home","link":"https:\/\/blogdafeira.com.br\/home\/categoria\/raiz\/"},"img":{"alt_text":"","src":"https:\/\/i0.wp.com\/blogdafeira.com.br\/home\/wp-content\/uploads\/2019\/10\/download-8-346x238.jpeg?resize=350%2C200","width":350,"height":200},"classes":[]},{"id":2077,"url":"https:\/\/blogdafeira.com.br\/home\/2013\/05\/29\/previsao-e-que-o-aeroporto-de-feira-comece-a-operar-em-setembro\/","url_meta":{"origin":4243,"position":3},"title":"Previs\u00e3o \u00e9 que o Aeroporto de Feira comece a operar at\u00e9 o final do ano","author":"Blog da Feira","date":"29\/05\/2013","format":false,"excerpt":"O governador da Bahia, em exerc\u00edcio, Otto Alencar assinou hoje pela manh\u00e3 o contrato de concess\u00e3o para in\u00edcio das obras no Aeroporto Jo\u00e3o Durval Carneiro, de Feira de Santana. As obras ser\u00e3o realizadas pelo Cons\u00f3rcio Aeroportos Bahia, composto pelas empresas UTC e Sinart. A previs\u00e3o \u00e9 que dentro de seis\u2026","rel":"","context":"Em &quot;Home&quot;","block_context":{"text":"Home","link":"https:\/\/blogdafeira.com.br\/home\/categoria\/raiz\/"},"img":{"alt_text":"aaaaaa....","src":"https:\/\/i0.wp.com\/blogdafeira.com.br\/home\/wp-content\/uploads\/2013\/05\/aaaaaa.....jpg?resize=350%2C200","width":350,"height":200,"srcset":"https:\/\/i0.wp.com\/blogdafeira.com.br\/home\/wp-content\/uploads\/2013\/05\/aaaaaa.....jpg?resize=350%2C200 1x, https:\/\/i0.wp.com\/blogdafeira.com.br\/home\/wp-content\/uploads\/2013\/05\/aaaaaa.....jpg?resize=525%2C300 1.5x"},"classes":[]},{"id":57705,"url":"https:\/\/blogdafeira.com.br\/home\/2023\/05\/18\/novo-aeroporto-internacional-costa-do-descobrimento-vai-custar-cerca-de-r13-bi\/","url_meta":{"origin":4243,"position":4},"title":"Novo Aeroporto Internacional Costa do Descobrimento vai custar cerca de R$1,3 bi","author":"Blog da Feira","date":"18\/05\/2023","format":false,"excerpt":"A Bahia ser\u00e1 beneficiada em breve com a implanta\u00e7\u00e3o do novo Aeroporto Internacional Costa do Descobrimento , em Santa Cruz Cabr\u00e1lia. O aviso de licita\u00e7\u00e3o para a constru\u00e7\u00e3o e concess\u00e3o do novo equipamento aeroportu\u00e1rio foi publicado no Di\u00e1rio Oficial do Estado (DOE) da \u00faltima quarta-feira (17). A obra ser\u00e1 realizada\u2026","rel":"","context":"Em &quot;Economia&quot;","block_context":{"text":"Economia","link":"https:\/\/blogdafeira.com.br\/home\/categoria\/economia\/"},"img":{"alt_text":"","src":"https:\/\/i0.wp.com\/blogdafeira.com.br\/home\/wp-content\/uploads\/2023\/05\/AeroportoInternacionalCostaDoDescobrimento04IlustracaoAcquamarina-696x392-1.jpg?resize=350%2C200&ssl=1","width":350,"height":200,"srcset":"https:\/\/i0.wp.com\/blogdafeira.com.br\/home\/wp-content\/uploads\/2023\/05\/AeroportoInternacionalCostaDoDescobrimento04IlustracaoAcquamarina-696x392-1.jpg?resize=350%2C200&ssl=1 1x, https:\/\/i0.wp.com\/blogdafeira.com.br\/home\/wp-content\/uploads\/2023\/05\/AeroportoInternacionalCostaDoDescobrimento04IlustracaoAcquamarina-696x392-1.jpg?resize=525%2C300&ssl=1 1.5x"},"classes":[]},{"id":18222,"url":"https:\/\/blogdafeira.com.br\/home\/2015\/12\/08\/ze-neto-visita-em-brasilia-a-anac-para-tratar-sobre-aeroporto-de-feira\/","url_meta":{"origin":4243,"position":5},"title":"Z\u00e9 Neto visita em Bras\u00edlia a Anac para tratar sobre Aeroporto de Feira","author":"Blog da Feira","date":"08\/12\/2015","format":false,"excerpt":"\"Estivemos na Ag\u00eancia Nacional de Avia\u00e7\u00e3o Civil (Anac) hoje pela manh\u00e3 e fomos atendidos por T\u00e1rik Pereira, representando a diretoria de regula\u00e7\u00e3o, e George Lima, chefe da assessoria parlamentar, para acompanhar de perto os processos de homologa\u00e7\u00e3o da amplia\u00e7\u00e3o dos retornos da pista de pouso e decolagem e o andamento\u2026","rel":"","context":"Em &quot;Home&quot;","block_context":{"text":"Home","link":"https:\/\/blogdafeira.com.br\/home\/categoria\/raiz\/"},"img":{"alt_text":"Z\u00e9 neto brasilia","src":"https:\/\/i0.wp.com\/blogdafeira.com.br\/home\/wp-content\/uploads\/2015\/12\/Z%C3%A9-neto-brasilia.jpg?resize=350%2C200","width":350,"height":200,"srcset":"https:\/\/i0.wp.com\/blogdafeira.com.br\/home\/wp-content\/uploads\/2015\/12\/Z%C3%A9-neto-brasilia.jpg?resize=350%2C200 1x, https:\/\/i0.wp.com\/blogdafeira.com.br\/home\/wp-content\/uploads\/2015\/12\/Z%C3%A9-neto-brasilia.jpg?resize=525%2C300 1.5x, https:\/\/i0.wp.com\/blogdafeira.com.br\/home\/wp-content\/uploads\/2015\/12\/Z%C3%A9-neto-brasilia.jpg?resize=700%2C400 2x"},"classes":[]}],"_links":{"self":[{"href":"https:\/\/blogdafeira.com.br\/home\/wp-json\/wp\/v2\/posts\/4243","targetHints":{"allow":["GET"]}}],"collection":[{"href":"https:\/\/blogdafeira.com.br\/home\/wp-json\/wp\/v2\/posts"}],"about":[{"href":"https:\/\/blogdafeira.com.br\/home\/wp-json\/wp\/v2\/types\/post"}],"author":[{"embeddable":true,"href":"https:\/\/blogdafeira.com.br\/home\/wp-json\/wp\/v2\/users\/1"}],"replies":[{"embeddable":true,"href":"https:\/\/blogdafeira.com.br\/home\/wp-json\/wp\/v2\/comments?post=4243"}],"version-history":[{"count":2,"href":"https:\/\/blogdafeira.com.br\/home\/wp-json\/wp\/v2\/posts\/4243\/revisions"}],"predecessor-version":[{"id":4245,"href":"https:\/\/blogdafeira.com.br\/home\/wp-json\/wp\/v2\/posts\/4243\/revisions\/4245"}],"wp:attachment":[{"href":"https:\/\/blogdafeira.com.br\/home\/wp-json\/wp\/v2\/media?parent=4243"}],"wp:term":[{"taxonomy":"category","embeddable":true,"href":"https:\/\/blogdafeira.com.br\/home\/wp-json\/wp\/v2\/categories?post=4243"},{"taxonomy":"post_tag","embeddable":true,"href":"https:\/\/blogdafeira.com.br\/home\/wp-json\/wp\/v2\/tags?post=4243"}],"curies":[{"name":"wp","href":"https:\/\/api.w.org\/{rel}","templated":true}]}}