{"id":43423,"date":"2021-02-12T09:51:38","date_gmt":"2021-02-12T12:51:38","guid":{"rendered":"https:\/\/blogdafeira.com.br\/home\/?p=43423"},"modified":"2021-02-14T21:05:32","modified_gmt":"2021-02-15T00:05:32","slug":"carnaval-virtual-de-djalma-ferreira-neste-sabado-homenageia-ademar-furtacor","status":"publish","type":"post","link":"https:\/\/blogdafeira.com.br\/home\/2021\/02\/12\/carnaval-virtual-de-djalma-ferreira-neste-sabado-homenageia-ademar-furtacor\/","title":{"rendered":"Carnaval virtual de Djalma Ferreira neste s\u00e1bado homenageia Ademar Furtacor"},"content":{"rendered":"<div id=\"blogd-4219230887\" class=\"blogd-fim-do-post-mobile blogd-entity-placement\" style=\"margin-left: auto;margin-right: auto;text-align: center;\"><a href=\"https:\/\/www.sefaz.feiradesantana.ba.gov.br\/\" target=\"_blank\" aria-label=\"728&#215;90 (6)\"><img loading=\"lazy\" decoding=\"async\" src=\"https:\/\/blogdafeira.com.br\/home\/wp-content\/uploads\/2026\/03\/728x90-6.gif\" alt=\"\"  class=\"no-lazyload\" width=\"728\" height=\"90\"  style=\"display: inline-block;\" \/><\/a><\/div><p>Cidade m\u00e3e da Micareta, o carnaval fora de \u00e9poca que se espalhou pelo Brasil, em Feira de Santana o Carnaval \u00e9 o de Salvador&#8230;mas este ano o cantor feirense Djalma Ferreira <em>quebra o tabu<\/em> e faz um carnaval virtual <strong><a href=\"https:\/\/www.youtube.com\/user\/canaltvmontesiao?reload=9\">neste s\u00e1bado (13), com a live solid\u00e1ria <em>&#8220;Carnavalizando&#8221;,\u00a0<\/em>a partir das 20 horas atrav\u00e9s do youtube. (CLIQUE AQUI)<\/a><\/strong><\/p><div id=\"blogd-3794026792\" class=\"blogd-conteudo-2-mobile blogd-entity-placement\"><a href=\"https:\/\/feirenses.com.br\/\" target=\"_blank\" aria-label=\"feirenses\"><img loading=\"lazy\" decoding=\"async\" src=\"https:\/\/blogdafeira.com.br\/home\/wp-content\/uploads\/2026\/04\/feirenses.png\" alt=\"\"  srcset=\"https:\/\/blogdafeira.com.br\/home\/wp-content\/uploads\/2026\/04\/feirenses.png 300w, https:\/\/blogdafeira.com.br\/home\/wp-content\/uploads\/2026\/04\/feirenses-170x45.png 170w, https:\/\/blogdafeira.com.br\/home\/wp-content\/uploads\/2026\/04\/feirenses-280x74.png 280w\" sizes=\"(max-width: 300px) 100vw, 300px\" class=\"no-lazyload\" width=\"300\" height=\"79\"  style=\"display: inline-block;\" \/><\/a><\/div>\n<p style=\"font-weight: 400;\">Para a live especial de Carnaval, Djalma Ferreira ter\u00e1 convidados especiais, os cantores <strong>Arthur Duarte (A Cor), \u00cdcaro Cerqueira (Sound Mar\u00e9), Milla Ferreira<\/strong> e direto de Salvador <strong>Jan Tchuco (Pega Me Leva)<\/strong> cantando sucessos que marcaram os carnavais baianos e fazendo uma homenagem especial ao m\u00fasico Ademar Furtacor.<\/p>\n<p style=\"font-weight: 400;\"><em>&#8220;Estou preparando um repert\u00f3rio especial, com m\u00fasicas que marcaram a minha carreira e dos convidados, muito ax\u00e9 music, frevo, pagode, samba e Ijex\u00e1 ritmos que fazem parte da nossa festa e est\u00e3o em nossa cultura&#8221;,\u00a0<\/em>conta o Djalma Ferreira. O cantor j\u00e1 tem programada uma &#8220;live Micareta&#8221;. Aguarde.<\/p>\n<div id=\"blogd-2805295320\" class=\"blogd-final-post blogd-entity-placement\"><a href=\"https:\/\/www.feiradesantana.ba.leg.br\/\" target=\"_blank\" aria-label=\"BANNER-SITE-ENTREGADECHEQUE-CAMARADEFEIRA\"><img loading=\"lazy\" decoding=\"async\" src=\"https:\/\/blogdafeira.com.br\/home\/wp-content\/uploads\/2026\/03\/BANNER-SITE-ENTREGADECHEQUE-CAMARADEFEIRA.gif\" alt=\"\"  class=\"no-lazyload\" width=\"728\" height=\"90\"   \/><\/a><\/div><p style=\"font-weight: 400;\">A live ter\u00e1 duas horas de dura\u00e7\u00e3o, com transmiss\u00e3o atrav\u00e9s do<strong><a href=\"https:\/\/www.youtube.com\/user\/canaltvmontesiao?reload=9\"> canal da TV Monte Si\u00e3o,<\/a><\/strong> seguindo todos os protocolos de seguran\u00e7a de combate a Covid-19 estabelecidos pelos \u00f3rg\u00e3os de sa\u00fade.<\/p>\n","protected":false},"excerpt":{"rendered":"<p>Cidade m\u00e3e da Micareta, o carnaval fora de \u00e9poca que se espalhou pelo Brasil, em Feira de Santana o Carnaval \u00e9 o de Salvador&#8230;mas este ano o cantor feirense Djalma Ferreira quebra o tabu e faz um carnaval virtual neste s\u00e1bado (13), com a live solid\u00e1ria &#8220;Carnavalizando&#8221;,\u00a0a partir das 20 horas atrav\u00e9s do youtube. (CLIQUE<\/p>\n","protected":false},"author":1,"featured_media":43424,"comment_status":"open","ping_status":"open","sticky":false,"template":"","format":"standard","meta":{"jetpack_post_was_ever_published":false,"cybocfi_hide_featured_image":"","_jetpack_newsletter_access":"","_jetpack_dont_email_post_to_subs":false,"_jetpack_newsletter_tier_id":0,"_jetpack_memberships_contains_paywalled_content":false,"_jetpack_memberships_contains_paid_content":false,"footnotes":"","jetpack_publicize_message":"","jetpack_publicize_feature_enabled":true,"jetpack_social_post_already_shared":true,"jetpack_social_options":{"image_generator_settings":{"template":"highway","default_image_id":0,"font":"","enabled":false},"version":2}},"categories":[3,4,1],"tags":[],"class_list":["post-43423","post","type-post","status-publish","format-standard","has-post-thumbnail","hentry","category-cidade","category-cultura","category-raiz"],"jetpack_publicize_connections":[],"jetpack_featured_media_url":"https:\/\/blogdafeira.com.br\/home\/wp-content\/uploads\/2021\/02\/LIVE-DJALMA-FERREIRA.jpeg","jetpack_shortlink":"https:\/\/wp.me\/p3niVf-bin","jetpack_sharing_enabled":true,"jetpack-related-posts":[{"id":60142,"url":"https:\/\/blogdafeira.com.br\/home\/2023\/11\/24\/djalma-ferreira-faz-show-pra-voce-hoje-no-teatro-do-sesc\/","url_meta":{"origin":43423,"position":0},"title":"Djalma Ferreira faz show &#8220;Pra Voc\u00ea&#8221; hoje no Teatro do Sesc","author":"Blog da Feira","date":"24\/11\/2023","format":false,"excerpt":"O cantor Djalma Ferreira retorna ao palco do Caf\u00e9 Teatro do Centro Cultural Sesc Feira de Santana, no centro, hoje, sexta-feira, 24, \u00e0s 18:30 horas, apresentando o show \u2018Pra Voc\u00ea\u2019. O p\u00fablico vai cantar e dan\u00e7ar ao som de um repert\u00f3rio com cl\u00e1ssico da m\u00fasica popular brasileira, ax\u00e9, samba de\u2026","rel":"","context":"Em &quot;Cultura&quot;","block_context":{"text":"Cultura","link":"https:\/\/blogdafeira.com.br\/home\/categoria\/cultura\/"},"img":{"alt_text":"","src":"https:\/\/i0.wp.com\/blogdafeira.com.br\/home\/wp-content\/uploads\/2023\/11\/IMG-20231123-WA00291.jpg?resize=350%2C200&ssl=1","width":350,"height":200,"srcset":"https:\/\/i0.wp.com\/blogdafeira.com.br\/home\/wp-content\/uploads\/2023\/11\/IMG-20231123-WA00291.jpg?resize=350%2C200&ssl=1 1x, https:\/\/i0.wp.com\/blogdafeira.com.br\/home\/wp-content\/uploads\/2023\/11\/IMG-20231123-WA00291.jpg?resize=525%2C300&ssl=1 1.5x, https:\/\/i0.wp.com\/blogdafeira.com.br\/home\/wp-content\/uploads\/2023\/11\/IMG-20231123-WA00291.jpg?resize=700%2C400&ssl=1 2x, https:\/\/i0.wp.com\/blogdafeira.com.br\/home\/wp-content\/uploads\/2023\/11\/IMG-20231123-WA00291.jpg?resize=1050%2C600&ssl=1 3x, https:\/\/i0.wp.com\/blogdafeira.com.br\/home\/wp-content\/uploads\/2023\/11\/IMG-20231123-WA00291.jpg?resize=1400%2C800&ssl=1 4x"},"classes":[]},{"id":59369,"url":"https:\/\/blogdafeira.com.br\/home\/2023\/09\/15\/djalma-ferreira-com-classicos-da-musica-brasileira-hoje-no-teatro-do-sesc\/","url_meta":{"origin":43423,"position":1},"title":"Djalma Ferreira com cl\u00e1ssicos da m\u00fasica brasileira hoje no Teatro do Sesc","author":"J\u00e2nio R\u00eago","date":"15\/09\/2023","format":false,"excerpt":"O final de semana come\u00e7a de forma especial, com apresenta\u00e7\u00e3o do cantor feirense Djalma Ferreira, nesta sexta-feira (15), a partir das 18:30, no Caf\u00e9 Teatro do Centro Cultural Sesc Feira de Santana, localizado ao lado do antigo pal\u00e1cio do menor. No repert\u00f3rio do show Pra Voc\u00ea , cl\u00e1ssicos da m\u00fasica\u2026","rel":"","context":"Em &quot;Cultura&quot;","block_context":{"text":"Cultura","link":"https:\/\/blogdafeira.com.br\/home\/categoria\/cultura\/"},"img":{"alt_text":"","src":"https:\/\/i0.wp.com\/blogdafeira.com.br\/home\/wp-content\/uploads\/2023\/09\/IMG-20230914-WA0038.jpg?resize=350%2C200&ssl=1","width":350,"height":200,"srcset":"https:\/\/i0.wp.com\/blogdafeira.com.br\/home\/wp-content\/uploads\/2023\/09\/IMG-20230914-WA0038.jpg?resize=350%2C200&ssl=1 1x, https:\/\/i0.wp.com\/blogdafeira.com.br\/home\/wp-content\/uploads\/2023\/09\/IMG-20230914-WA0038.jpg?resize=525%2C300&ssl=1 1.5x, https:\/\/i0.wp.com\/blogdafeira.com.br\/home\/wp-content\/uploads\/2023\/09\/IMG-20230914-WA0038.jpg?resize=700%2C400&ssl=1 2x, https:\/\/i0.wp.com\/blogdafeira.com.br\/home\/wp-content\/uploads\/2023\/09\/IMG-20230914-WA0038.jpg?resize=1050%2C600&ssl=1 3x, https:\/\/i0.wp.com\/blogdafeira.com.br\/home\/wp-content\/uploads\/2023\/09\/IMG-20230914-WA0038.jpg?resize=1400%2C800&ssl=1 4x"},"classes":[]},{"id":18414,"url":"https:\/\/blogdafeira.com.br\/home\/2015\/12\/16\/djalma-ferreira-faz-um-tributo-a-emilio-santiago-em-feira-nesta-quinta\/","url_meta":{"origin":43423,"position":2},"title":"Djalma Ferreira faz um &#8216;Tributo a Em\u00edlio Santiago&#8217; em Feira nesta quinta","author":"Blog da Feira","date":"16\/12\/2015","format":false,"excerpt":"Ap\u00f3s dois anos do seu falecimento e considerada a mais perfeita voz do Brasil ser\u00e1 homenageada em Feira de Santana nesta quinta-feira (17). O projeto Djalma Tributo a Em\u00edlio \u00e9 uma iniciativa do cantor Djalma Ferreira que promete levar ao p\u00fablico as mais famosas e premiadas composi\u00e7\u00f5es de um dos\u2026","rel":"","context":"Em &quot;Home&quot;","block_context":{"text":"Home","link":"https:\/\/blogdafeira.com.br\/home\/categoria\/raiz\/"},"img":{"alt_text":"adjalma ferrewira","src":"https:\/\/i0.wp.com\/blogdafeira.com.br\/home\/wp-content\/uploads\/2015\/12\/adjalma-ferrewira.jpg?resize=350%2C200","width":350,"height":200,"srcset":"https:\/\/i0.wp.com\/blogdafeira.com.br\/home\/wp-content\/uploads\/2015\/12\/adjalma-ferrewira.jpg?resize=350%2C200 1x, https:\/\/i0.wp.com\/blogdafeira.com.br\/home\/wp-content\/uploads\/2015\/12\/adjalma-ferrewira.jpg?resize=525%2C300 1.5x, https:\/\/i0.wp.com\/blogdafeira.com.br\/home\/wp-content\/uploads\/2015\/12\/adjalma-ferrewira.jpg?resize=700%2C400 2x"},"classes":[]},{"id":61955,"url":"https:\/\/blogdafeira.com.br\/home\/2024\/04\/19\/djalma-ferreira-esta-hoje-no-circuito-da-micareta-a-partir-das-20-horas\/","url_meta":{"origin":43423,"position":3},"title":"Djalma Ferreira est\u00e1 hoje no circuito da Micareta a partir das 20 horas","author":"Blog da Feira","date":"19\/04\/2024","format":false,"excerpt":"Uma pipoca engajada e muitos sucessos, assim s\u00e3o todas as apresenta\u00e7\u00f5es de Djalma Ferreira na Micareta de Feira e em 2024, onde se apresenta nesta sexta-feira (19), no circuito Maneca Ferreira, a partir das 20 horas, n\u00e3o ser\u00e1 diferente. Depois do sucesso dos hits T\u00eat\u00eat\u00ea nos anos 90, \u201cMe Cutuca\u201d,\u2026","rel":"","context":"Em &quot;Cidade&quot;","block_context":{"text":"Cidade","link":"https:\/\/blogdafeira.com.br\/home\/categoria\/cidade\/"},"img":{"alt_text":"","src":"https:\/\/i0.wp.com\/blogdafeira.com.br\/home\/wp-content\/uploads\/2024\/04\/IMG-20240419-WA0031.jpg?resize=350%2C200&ssl=1","width":350,"height":200,"srcset":"https:\/\/i0.wp.com\/blogdafeira.com.br\/home\/wp-content\/uploads\/2024\/04\/IMG-20240419-WA0031.jpg?resize=350%2C200&ssl=1 1x, https:\/\/i0.wp.com\/blogdafeira.com.br\/home\/wp-content\/uploads\/2024\/04\/IMG-20240419-WA0031.jpg?resize=525%2C300&ssl=1 1.5x, https:\/\/i0.wp.com\/blogdafeira.com.br\/home\/wp-content\/uploads\/2024\/04\/IMG-20240419-WA0031.jpg?resize=700%2C400&ssl=1 2x"},"classes":[]},{"id":38127,"url":"https:\/\/blogdafeira.com.br\/home\/2020\/05\/29\/tv-monte-siao-apresenta-hoje-a-segunda-live-com-djalma-ferreira\/","url_meta":{"origin":43423,"position":4},"title":"Tv Monte Si\u00e3o apresenta hoje a segunda live com Djalma Ferreira","author":"J\u00e2nio R\u00eago","date":"29\/05\/2020","format":false,"excerpt":"O cantor e compositor\u00a0 Djalma Ferreira est\u00e1 na segunda live da Tv Monte Si\u00e3o,\u00a0 hoje, sexta-feira, 28, \u00e0s 20 horas: no canal da tv clique aqui A primeira aconteceu no \u00faltimo dia 8 com acessos e visualiza\u00e7\u00f5es acima da m\u00e9dia das lives locais.\u00a0Djalma Ferrreira tem uma plat\u00e9ia cativa, principalmente em\u2026","rel":"","context":"Em &quot;Cultura&quot;","block_context":{"text":"Cultura","link":"https:\/\/blogdafeira.com.br\/home\/categoria\/cultura\/"},"img":{"alt_text":"","src":"https:\/\/i0.wp.com\/blogdafeira.com.br\/home\/wp-content\/uploads\/2020\/05\/djalma-ferreira.jpg?resize=350%2C200&ssl=1","width":350,"height":200,"srcset":"https:\/\/i0.wp.com\/blogdafeira.com.br\/home\/wp-content\/uploads\/2020\/05\/djalma-ferreira.jpg?resize=350%2C200&ssl=1 1x, https:\/\/i0.wp.com\/blogdafeira.com.br\/home\/wp-content\/uploads\/2020\/05\/djalma-ferreira.jpg?resize=525%2C300&ssl=1 1.5x"},"classes":[]},{"id":52722,"url":"https:\/\/blogdafeira.com.br\/home\/2022\/06\/02\/djalma-ferreira-lanca-musica-de-timbauba-sabado-no-programa-bom-dia-feira\/","url_meta":{"origin":43423,"position":5},"title":"Djalma Ferreira lan\u00e7a m\u00fasica de Timba\u00faba s\u00e1bado no programa Bom Dia Feira","author":"Blog da Feira","date":"02\/06\/2022","format":false,"excerpt":"N\u00e1 pagina do Instagram, o cantor Djalma Ferreira anunciou o lan\u00e7amento de uma m\u00fasica do compositor Timba\u00faba, no s\u00e1bado, no programa Bom Dia Feira que vai ao ar na R\u00e1dio Princesa Fm. Leia e clique na foto do cartaz: \u00a0\u00c9 com prazer que convido a todos para ficarem ligados, que\u2026","rel":"","context":"Em &quot;Cultura&quot;","block_context":{"text":"Cultura","link":"https:\/\/blogdafeira.com.br\/home\/categoria\/cultura\/"},"img":{"alt_text":"","src":"https:\/\/i0.wp.com\/blogdafeira.com.br\/home\/wp-content\/uploads\/2022\/06\/Screenshot_20220602-2028202.png?resize=350%2C200&ssl=1","width":350,"height":200,"srcset":"https:\/\/i0.wp.com\/blogdafeira.com.br\/home\/wp-content\/uploads\/2022\/06\/Screenshot_20220602-2028202.png?resize=350%2C200&ssl=1 1x, https:\/\/i0.wp.com\/blogdafeira.com.br\/home\/wp-content\/uploads\/2022\/06\/Screenshot_20220602-2028202.png?resize=525%2C300&ssl=1 1.5x, https:\/\/i0.wp.com\/blogdafeira.com.br\/home\/wp-content\/uploads\/2022\/06\/Screenshot_20220602-2028202.png?resize=700%2C400&ssl=1 2x"},"classes":[]}],"_links":{"self":[{"href":"https:\/\/blogdafeira.com.br\/home\/wp-json\/wp\/v2\/posts\/43423","targetHints":{"allow":["GET"]}}],"collection":[{"href":"https:\/\/blogdafeira.com.br\/home\/wp-json\/wp\/v2\/posts"}],"about":[{"href":"https:\/\/blogdafeira.com.br\/home\/wp-json\/wp\/v2\/types\/post"}],"author":[{"embeddable":true,"href":"https:\/\/blogdafeira.com.br\/home\/wp-json\/wp\/v2\/users\/1"}],"replies":[{"embeddable":true,"href":"https:\/\/blogdafeira.com.br\/home\/wp-json\/wp\/v2\/comments?post=43423"}],"version-history":[{"count":1,"href":"https:\/\/blogdafeira.com.br\/home\/wp-json\/wp\/v2\/posts\/43423\/revisions"}],"predecessor-version":[{"id":43425,"href":"https:\/\/blogdafeira.com.br\/home\/wp-json\/wp\/v2\/posts\/43423\/revisions\/43425"}],"wp:featuredmedia":[{"embeddable":true,"href":"https:\/\/blogdafeira.com.br\/home\/wp-json\/wp\/v2\/media\/43424"}],"wp:attachment":[{"href":"https:\/\/blogdafeira.com.br\/home\/wp-json\/wp\/v2\/media?parent=43423"}],"wp:term":[{"taxonomy":"category","embeddable":true,"href":"https:\/\/blogdafeira.com.br\/home\/wp-json\/wp\/v2\/categories?post=43423"},{"taxonomy":"post_tag","embeddable":true,"href":"https:\/\/blogdafeira.com.br\/home\/wp-json\/wp\/v2\/tags?post=43423"}],"curies":[{"name":"wp","href":"https:\/\/api.w.org\/{rel}","templated":true}]}}