{"id":43479,"date":"2021-02-16T09:45:12","date_gmt":"2021-02-16T12:45:12","guid":{"rendered":"https:\/\/blogdafeira.com.br\/home\/?p=43479"},"modified":"2021-07-04T08:55:15","modified_gmt":"2021-07-04T11:55:15","slug":"campina-grande-sem-assis-costa","status":"publish","type":"post","link":"https:\/\/blogdafeira.com.br\/home\/2021\/02\/16\/campina-grande-sem-assis-costa\/","title":{"rendered":"Campina Grande sem Assis Costa"},"content":{"rendered":"<div class=\"kvgmc6g5 cxmmr5t8 oygrvhab hcukyx3x c1et5uql ii04i59q\">\n<div dir=\"auto\">Naquele ano de 1994 estou em Salvador na reda\u00e7\u00e3o do &#8216;Bahia Hoje&#8217;, no calor do fechamento de mais uma edi\u00e7\u00e3o, quando a portaria me avisa pelo interfone que tinha um grupo de vereadores &#8220;de outro estado&#8221; querendo visitar o jornal.<\/div>\n<div dir=\"auto\"><\/div>\n<div dir=\"auto\">Quem? ele \u00e0 frente&#8230;Assis Costa, vereador em Campina Grande, antigo e afetuoso companheiro na Reda\u00e7\u00e3o do Di\u00e1rio da Borborema junto com William Monteiro, Geovaldo Carvalho, Itamar e mais um tanto de gente de um bom passado paraibano&#8230;muita gente acha que nasci na Para\u00edba&#8230;<\/div>\n<\/div>\n<div dir=\"auto\"><\/div>\n<div dir=\"auto\"><em><img loading=\"lazy\" decoding=\"async\" class=\"alignleft size-medium wp-image-43480\" src=\"https:\/\/blogdafeira.com.br\/home\/wp-content\/uploads\/2021\/02\/francisco_de_assis-346x231.jpg\" alt=\"\" width=\"346\" height=\"231\" srcset=\"https:\/\/blogdafeira.com.br\/home\/wp-content\/uploads\/2021\/02\/francisco_de_assis-346x231.jpg 346w, https:\/\/blogdafeira.com.br\/home\/wp-content\/uploads\/2021\/02\/francisco_de_assis-170x114.jpg 170w, https:\/\/blogdafeira.com.br\/home\/wp-content\/uploads\/2021\/02\/francisco_de_assis-768x513.jpg 768w, https:\/\/blogdafeira.com.br\/home\/wp-content\/uploads\/2021\/02\/francisco_de_assis-280x187.jpg 280w, https:\/\/blogdafeira.com.br\/home\/wp-content\/uploads\/2021\/02\/francisco_de_assis.jpg 876w\" sizes=\"auto, (max-width: 346px) 100vw, 346px\" \/><\/em><\/div>\n<div dir=\"auto\"><\/div>\n<div dir=\"auto\"><em>((- Quantas vezes demos risadas copidescando texto dele,? Era um amig\u00e3o. \u00c9 o caminho de todos n\u00f3s. William foi outro que tamb\u00e9m se foi, precedido por Itamar, <\/em><strong><a href=\"https:\/\/www.facebook.com\/geovaldo.carvalho\">comentou comigo Geovaldo no facebook.<\/a><\/strong><\/div>\n<div dir=\"auto\"><\/div>\n<div dir=\"auto\"><a href=\"https:\/\/www.facebook.com\/janio.rego.5\"><strong>Eu<\/strong><\/a>:<em> at\u00e9 uma das minhas in\u00fameras mudan\u00e7as ainda tinha comigo o &#8216;dicion\u00e1rio&#8217; com as palavras criadas por ele no r\u00e1dio e nos textos para o db&#8230;compiladas por voc\u00ea&#8230;..!!!!! boas risadas.))<\/em><\/div>\n<div class=\"kvgmc6g5 cxmmr5t8 oygrvhab hcukyx3x c1et5uql ii04i59q\">\n<div dir=\"auto\"><\/div>\n<div dir=\"auto\"><\/div>\n<div dir=\"auto\">Pois bem&#8230;Foi uma alegria receb\u00ea-los. Na\u00a0 reda\u00e7\u00e3o do BH ainda estavam editores, redatores, talvez\u00a0 dois ou mais rep\u00f3rteres.Eram mais de meia d\u00fazia de vereadores. Jornalistas em fim-de-noite, cansados, mas foram bem recebidos.\u00a0 Assis cativou a todos. Tinha um jeit\u00e3o de matuto paraibano, puxando nos erres que caricaturava com finura e esperteza. Fiz as mesuras, apresentei a todos, estava com eles o presidente da C\u00e2mara.<\/div>\n<div dir=\"auto\"><\/div>\n<div dir=\"auto\">Depois da visita e conversas, o secret\u00e1rio de reda\u00e7\u00e3o, parceiro de trabalho,<strong><a href=\"https:\/\/www.facebook.com\/nelson.rios.79219\"> Nelson Rios &#8216;segurou a onda&#8217; do fechamento,<\/a><\/strong> pedi licen\u00e7a \u00e0 equipe e ca\u00ed na noite ciceroneando o grupo sedento de Salvador e seu ax\u00e9&#8230;<\/div>\n<\/div>\n<div class=\"o9v6fnle cxmmr5t8 oygrvhab hcukyx3x c1et5uql ii04i59q\">\n<div dir=\"auto\"><\/div>\n<div dir=\"auto\">Ontem Janiro Rego, que mora e vive em Campina Grande, me comunicou a morte dele.Fiquei t\u00e3o triste&#8230;<\/div>\n<div dir=\"auto\">Resgato essa mem\u00f3ria baiana como homenagem ao amig\u00e3o, como disse o colega paraibano Geovaldo.<\/div>\n<\/div>\n<div id=\"blogd-2743558902\" class=\"blogd-final-post blogd-entity-placement\"><a href=\"https:\/\/www.feiradesantana.ba.leg.br\/\" target=\"_blank\" aria-label=\"BANNER-SITE-ENTREGADECHEQUE-CAMARADEFEIRA\"><img loading=\"lazy\" decoding=\"async\" src=\"https:\/\/blogdafeira.com.br\/home\/wp-content\/uploads\/2026\/03\/BANNER-SITE-ENTREGADECHEQUE-CAMARADEFEIRA.gif\" alt=\"\"  class=\"no-lazyload\" width=\"728\" height=\"90\"   \/><\/a><\/div><div class=\"o9v6fnle cxmmr5t8 oygrvhab hcukyx3x c1et5uql ii04i59q\">\n<div dir=\"auto\"><\/div>\n<div dir=\"auto\"><strong><em>fotos: Teatro Severino Cabral (2019);\u00a0 \u00a0Assis Costa, jornalista, radialista, ex-vereador,\u00a0 morto aos\u00a0 62 anos, em Campina Grande.<\/em><\/strong><\/div>\n<\/div>\n","protected":false},"excerpt":{"rendered":"<p>Naquele ano de 1994 estou em Salvador na reda\u00e7\u00e3o do &#8216;Bahia Hoje&#8217;, no calor do fechamento de mais uma edi\u00e7\u00e3o, quando a portaria me avisa pelo interfone que tinha um grupo de vereadores &#8220;de outro estado&#8221; querendo visitar o jornal. Quem? ele \u00e0 frente&#8230;Assis Costa, vereador em Campina Grande, antigo e afetuoso companheiro na Reda\u00e7\u00e3o<\/p>\n","protected":false},"author":8,"featured_media":43481,"comment_status":"open","ping_status":"open","sticky":false,"template":"","format":"standard","meta":{"jetpack_post_was_ever_published":false,"cybocfi_hide_featured_image":"","_jetpack_newsletter_access":"","_jetpack_dont_email_post_to_subs":false,"_jetpack_newsletter_tier_id":0,"_jetpack_memberships_contains_paywalled_content":false,"_jetpack_memberships_contains_paid_content":false,"footnotes":"","jetpack_publicize_message":"","jetpack_publicize_feature_enabled":true,"jetpack_social_post_already_shared":true,"jetpack_social_options":{"image_generator_settings":{"template":"highway","default_image_id":0,"font":"","enabled":false},"version":2}},"categories":[592,1],"tags":[],"class_list":["post-43479","post","type-post","status-publish","format-standard","has-post-thumbnail","hentry","category-colunistas","category-raiz"],"jetpack_publicize_connections":[],"jetpack_featured_media_url":"https:\/\/blogdafeira.com.br\/home\/wp-content\/uploads\/2021\/02\/150831559_4385204291495836_135599276194560384_o.jpg","jetpack_shortlink":"https:\/\/wp.me\/p3niVf-bjh","jetpack_sharing_enabled":true,"jetpack-related-posts":[{"id":58850,"url":"https:\/\/blogdafeira.com.br\/home\/2023\/08\/01\/talvez-se-saiba-pouco-aqui-por-feira\/","url_meta":{"origin":43479,"position":0},"title":"Talvez se saiba pouco aqui por Feira","author":"J\u00e2nio R\u00eago","date":"01\/08\/2023","format":false,"excerpt":"Talvez se saiba pouco aqui por Feira de Santana que l\u00e1 em Campina Grande existe uma feira popular, feira de tudo, feira feira, com barracas, estivas, comidas, ruas, cal\u00e7adas, ambulantes, peixe seco, queijo, carne, bares e bodegas,tudo, um galp\u00e3o gigante no meio, tudo ocupando diversas ruas, alguma com carro e\u2026","rel":"","context":"Em &quot;Cidade&quot;","block_context":{"text":"Cidade","link":"https:\/\/blogdafeira.com.br\/home\/categoria\/cidade\/"},"img":{"alt_text":"","src":"https:\/\/i0.wp.com\/blogdafeira.com.br\/home\/wp-content\/uploads\/2023\/07\/IMG_20230731_222732_008.webp?resize=350%2C200&ssl=1","width":350,"height":200,"srcset":"https:\/\/i0.wp.com\/blogdafeira.com.br\/home\/wp-content\/uploads\/2023\/07\/IMG_20230731_222732_008.webp?resize=350%2C200&ssl=1 1x, https:\/\/i0.wp.com\/blogdafeira.com.br\/home\/wp-content\/uploads\/2023\/07\/IMG_20230731_222732_008.webp?resize=525%2C300&ssl=1 1.5x, https:\/\/i0.wp.com\/blogdafeira.com.br\/home\/wp-content\/uploads\/2023\/07\/IMG_20230731_222732_008.webp?resize=700%2C400&ssl=1 2x, https:\/\/i0.wp.com\/blogdafeira.com.br\/home\/wp-content\/uploads\/2023\/07\/IMG_20230731_222732_008.webp?resize=1050%2C600&ssl=1 3x"},"classes":[]},{"id":46139,"url":"https:\/\/blogdafeira.com.br\/home\/2021\/06\/29\/three-towers-in-sulffock-de-jonh-piper-colecao-inglesa-do-mra\/","url_meta":{"origin":43479,"position":1},"title":"Three towers in Sulffock, de Jonh Piper; cole\u00e7\u00e3o inglesa do MRA","author":"J\u00e2nio R\u00eago","date":"29\/06\/2021","format":false,"excerpt":"\"Three towers in Sulffock\", de Jonh Piper. Madeira e tela \/Mista 112x87cm Exposi\u00e7\u00e3o MRA\/2015 foi no museu de arte de campina grande que tomei conhecimento da rica \"cole\u00e7\u00e3o inglesa\" do museu regional de feira de santana. aproximei-me do museu de campina por uma raz\u00e3o simples: era rep\u00f3rter do \"di\u00e1rio da\u2026","rel":"","context":"Em &quot;Cidade&quot;","block_context":{"text":"Cidade","link":"https:\/\/blogdafeira.com.br\/home\/categoria\/cidade\/"},"img":{"alt_text":"","src":"https:\/\/i0.wp.com\/blogdafeira.com.br\/home\/wp-content\/uploads\/2021\/06\/IMG_20210629_202834_340.jpg?resize=350%2C200&ssl=1","width":350,"height":200,"srcset":"https:\/\/i0.wp.com\/blogdafeira.com.br\/home\/wp-content\/uploads\/2021\/06\/IMG_20210629_202834_340.jpg?resize=350%2C200&ssl=1 1x, https:\/\/i0.wp.com\/blogdafeira.com.br\/home\/wp-content\/uploads\/2021\/06\/IMG_20210629_202834_340.jpg?resize=525%2C300&ssl=1 1.5x, https:\/\/i0.wp.com\/blogdafeira.com.br\/home\/wp-content\/uploads\/2021\/06\/IMG_20210629_202834_340.jpg?resize=700%2C400&ssl=1 2x"},"classes":[]},{"id":36842,"url":"https:\/\/blogdafeira.com.br\/home\/2020\/04\/02\/a-literatura-como-antidoto-ao-isolamento\/","url_meta":{"origin":43479,"position":2},"title":"A literatura como ant\u00eddoto ao isolamento","author":"Andr\u00e9 Pomponet","date":"02\/04\/2020","format":false,"excerpt":"\u00c9 necess\u00e1rio reconhecer que o isolamento social imposto pela epidemia de coronav\u00edrus oferece algumas \u2013 poucas \u2013 vantagens. Uma delas \u00e9 a reaproxima\u00e7\u00e3o \u2013 para quem aprecia os bons livros \u2013 da literatura. Na rotina normal \u00e9 necess\u00e1rio esfor\u00e7o para manter os v\u00ednculos com os grandes autores: o trabalho, o\u2026","rel":"","context":"Em &quot;Colunistas&quot;","block_context":{"text":"Colunistas","link":"https:\/\/blogdafeira.com.br\/home\/categoria\/colunistas\/"},"img":{"alt_text":"","src":"https:\/\/i0.wp.com\/blogdafeira.com.br\/home\/wp-content\/uploads\/2020\/04\/os-sert%C3%B5es.jpg?resize=350%2C200&ssl=1","width":350,"height":200,"srcset":"https:\/\/i0.wp.com\/blogdafeira.com.br\/home\/wp-content\/uploads\/2020\/04\/os-sert%C3%B5es.jpg?resize=350%2C200&ssl=1 1x, https:\/\/i0.wp.com\/blogdafeira.com.br\/home\/wp-content\/uploads\/2020\/04\/os-sert%C3%B5es.jpg?resize=525%2C300&ssl=1 1.5x"},"classes":[]},{"id":99,"url":"https:\/\/blogdafeira.com.br\/home\/2013\/04\/05\/fabrica-de-avioes-paradise-quer-colocar-filial-em-campina-grande\/","url_meta":{"origin":43479,"position":3},"title":"F\u00e1brica de avi\u00f5es Paradise quer colocar filial em Campina Grande","author":"Blog da Feira","date":"05\/04\/2013","format":false,"excerpt":"O diretor-presidente da Paradise Ind\u00fastria Aeron\u00e1utica, No\u00e9 de Oliveira Souza, reuniu-se em Campina Grande com representantes da Federa\u00e7\u00e3o das Ind\u00fastrias do Estado da Para\u00edba (Fiep-PB), do governo do Estado e da Prefeitura de Campina, com o objetivo de viabilizar a instala\u00e7\u00e3o de uma f\u00e1brica de aeronaves no munic\u00edpio paraibano. No\u00e9\u2026","rel":"","context":"Em &quot;Home&quot;","block_context":{"text":"Home","link":"https:\/\/blogdafeira.com.br\/home\/categoria\/raiz\/"},"img":{"alt_text":"","src":"","width":0,"height":0},"classes":[]},{"id":53438,"url":"https:\/\/blogdafeira.com.br\/home\/2022\/07\/25\/vaqueiro-e-o-museu-regional-de-feira-de-santana\/","url_meta":{"origin":43479,"position":4},"title":"Vaqueiro e o Museu Regional de Feira de Santana","author":"J\u00e2nio R\u00eago","date":"25\/07\/2022","format":false,"excerpt":"Bote O Vaqueiro na Pra\u00e7a dos Rem\u00e9dios - Essa foto mostra o dia em que Feira de Santana ganhou o Museu Regional de Arte, no espa\u00e7o onde havia sido o Campo do Gado e onde hoje \u00e9 outro museu, de Arte Contempor\u00e2nea 'Raimundo de Oliveira' que \u00e9 \"filho\" deste que\u2026","rel":"","context":"Em &quot;Colunistas&quot;","block_context":{"text":"Colunistas","link":"https:\/\/blogdafeira.com.br\/home\/categoria\/colunistas\/"},"img":{"alt_text":"","src":"https:\/\/i0.wp.com\/blogdafeira.com.br\/home\/wp-content\/uploads\/2022\/07\/IMG_20220725_114728_575-scaled.jpg?resize=350%2C200&ssl=1","width":350,"height":200,"srcset":"https:\/\/i0.wp.com\/blogdafeira.com.br\/home\/wp-content\/uploads\/2022\/07\/IMG_20220725_114728_575-scaled.jpg?resize=350%2C200&ssl=1 1x, https:\/\/i0.wp.com\/blogdafeira.com.br\/home\/wp-content\/uploads\/2022\/07\/IMG_20220725_114728_575-scaled.jpg?resize=525%2C300&ssl=1 1.5x, https:\/\/i0.wp.com\/blogdafeira.com.br\/home\/wp-content\/uploads\/2022\/07\/IMG_20220725_114728_575-scaled.jpg?resize=700%2C400&ssl=1 2x, https:\/\/i0.wp.com\/blogdafeira.com.br\/home\/wp-content\/uploads\/2022\/07\/IMG_20220725_114728_575-scaled.jpg?resize=1050%2C600&ssl=1 3x, https:\/\/i0.wp.com\/blogdafeira.com.br\/home\/wp-content\/uploads\/2022\/07\/IMG_20220725_114728_575-scaled.jpg?resize=1400%2C800&ssl=1 4x"},"classes":[]},{"id":60180,"url":"https:\/\/blogdafeira.com.br\/home\/2023\/11\/25\/60180\/","url_meta":{"origin":43479,"position":5},"title":"Feira de Campina Grande","author":"J\u00e2nio R\u00eago","date":"25\/11\/2023","format":false,"excerpt":"Campina Grande tem uma enorme feira-livre no centro da cidade, perto da Catedral, descendo no sentido do A\u00e7ude Velho. S\u00e3o quarteir\u00f5es de pura feira nordestina. Ningu\u00e9m, nunca, sequer pensou em tir\u00e1-la de l\u00e1. Ela existe desde que a cidade era chamada de Vila Nova da Rainha. Para quem mora em\u2026","rel":"","context":"Em &quot;Colunistas&quot;","block_context":{"text":"Colunistas","link":"https:\/\/blogdafeira.com.br\/home\/categoria\/colunistas\/"},"img":{"alt_text":"","src":"https:\/\/i0.wp.com\/blogdafeira.com.br\/home\/wp-content\/uploads\/2023\/11\/FB_IMG_1700950417807.jpg?resize=350%2C200&ssl=1","width":350,"height":200,"srcset":"https:\/\/i0.wp.com\/blogdafeira.com.br\/home\/wp-content\/uploads\/2023\/11\/FB_IMG_1700950417807.jpg?resize=350%2C200&ssl=1 1x, https:\/\/i0.wp.com\/blogdafeira.com.br\/home\/wp-content\/uploads\/2023\/11\/FB_IMG_1700950417807.jpg?resize=525%2C300&ssl=1 1.5x, https:\/\/i0.wp.com\/blogdafeira.com.br\/home\/wp-content\/uploads\/2023\/11\/FB_IMG_1700950417807.jpg?resize=700%2C400&ssl=1 2x, https:\/\/i0.wp.com\/blogdafeira.com.br\/home\/wp-content\/uploads\/2023\/11\/FB_IMG_1700950417807.jpg?resize=1050%2C600&ssl=1 3x"},"classes":[]}],"_links":{"self":[{"href":"https:\/\/blogdafeira.com.br\/home\/wp-json\/wp\/v2\/posts\/43479","targetHints":{"allow":["GET"]}}],"collection":[{"href":"https:\/\/blogdafeira.com.br\/home\/wp-json\/wp\/v2\/posts"}],"about":[{"href":"https:\/\/blogdafeira.com.br\/home\/wp-json\/wp\/v2\/types\/post"}],"author":[{"embeddable":true,"href":"https:\/\/blogdafeira.com.br\/home\/wp-json\/wp\/v2\/users\/8"}],"replies":[{"embeddable":true,"href":"https:\/\/blogdafeira.com.br\/home\/wp-json\/wp\/v2\/comments?post=43479"}],"version-history":[{"count":6,"href":"https:\/\/blogdafeira.com.br\/home\/wp-json\/wp\/v2\/posts\/43479\/revisions"}],"predecessor-version":[{"id":46213,"href":"https:\/\/blogdafeira.com.br\/home\/wp-json\/wp\/v2\/posts\/43479\/revisions\/46213"}],"wp:featuredmedia":[{"embeddable":true,"href":"https:\/\/blogdafeira.com.br\/home\/wp-json\/wp\/v2\/media\/43481"}],"wp:attachment":[{"href":"https:\/\/blogdafeira.com.br\/home\/wp-json\/wp\/v2\/media?parent=43479"}],"wp:term":[{"taxonomy":"category","embeddable":true,"href":"https:\/\/blogdafeira.com.br\/home\/wp-json\/wp\/v2\/categories?post=43479"},{"taxonomy":"post_tag","embeddable":true,"href":"https:\/\/blogdafeira.com.br\/home\/wp-json\/wp\/v2\/tags?post=43479"}],"curies":[{"name":"wp","href":"https:\/\/api.w.org\/{rel}","templated":true}]}}