{"id":43757,"date":"2021-03-03T23:56:22","date_gmt":"2021-03-04T02:56:22","guid":{"rendered":"https:\/\/blogdafeira.com.br\/home\/?p=43757"},"modified":"2021-03-03T23:57:24","modified_gmt":"2021-03-04T02:57:24","slug":"a-tendencia-das-roupas-genderless","status":"publish","type":"post","link":"https:\/\/blogdafeira.com.br\/home\/2021\/03\/03\/a-tendencia-das-roupas-genderless\/","title":{"rendered":"A tend\u00eancia das roupas genderless"},"content":{"rendered":"<div id=\"blogd-4287539111\" class=\"blogd-fim-do-post-mobile blogd-entity-placement\" style=\"margin-left: auto;margin-right: auto;text-align: center;\"><a href=\"https:\/\/www.sefaz.feiradesantana.ba.gov.br\/\" target=\"_blank\" aria-label=\"728&#215;90 (6)\"><img loading=\"lazy\" decoding=\"async\" src=\"https:\/\/blogdafeira.com.br\/home\/wp-content\/uploads\/2026\/03\/728x90-6.gif\" alt=\"\"  class=\"no-lazyload\" width=\"728\" height=\"90\"  style=\"display: inline-block;\" \/><\/a><\/div><p style=\"text-align: justify;\"><span style=\"font-weight: 400;\">A moda nas sociedades ocidentais \u00e9 bastante din\u00e2mica e, especialmente neste s\u00e9culo, no qual se esperam novidades ao mesmo tempo em que o conforto \u00e9 valorizado, n\u00e3o param de surgir tend\u00eancias no mundo <\/span><i><span style=\"font-weight: 400;\">fashion<\/span><\/i><span style=\"font-weight: 400;\">. Uma das tend\u00eancias em plena ascens\u00e3o \u00e9 a das pe\u00e7as de roupa <\/span><i><span style=\"font-weight: 400;\">genderless <\/span><\/i><span style=\"font-weight: 400;\">(&#8220;sem g\u00eanero&#8221;, em tradu\u00e7\u00e3o livre).\u00a0<\/span><\/p><div id=\"blogd-788761945\" class=\"blogd-conteudo-2-mobile blogd-entity-placement\"><a href=\"https:\/\/feirenses.com.br\/\" target=\"_blank\" aria-label=\"feirenses\"><img loading=\"lazy\" decoding=\"async\" src=\"https:\/\/blogdafeira.com.br\/home\/wp-content\/uploads\/2026\/04\/feirenses.png\" alt=\"\"  srcset=\"https:\/\/blogdafeira.com.br\/home\/wp-content\/uploads\/2026\/04\/feirenses.png 300w, https:\/\/blogdafeira.com.br\/home\/wp-content\/uploads\/2026\/04\/feirenses-170x45.png 170w, https:\/\/blogdafeira.com.br\/home\/wp-content\/uploads\/2026\/04\/feirenses-280x74.png 280w\" sizes=\"(max-width: 300px) 100vw, 300px\" class=\"no-lazyload\" width=\"300\" height=\"79\"  style=\"display: inline-block;\" \/><\/a><\/div>\n<p style=\"text-align: justify;\"><span style=\"font-weight: 400;\">Voc\u00ea j\u00e1 ouviu falar em roupa unissex, certo? Essa categoria, que \u00e9 comumente associada a roupas de cores neutras e com cortes largos, foi evoluindo e se tornou o hoje denominado <\/span><i><span style=\"font-weight: 400;\">genderless. <\/span><\/i><span style=\"font-weight: 400;\">Com cortes diversos, cores e estampas alegres (mas, \u00e0s vezes, nem tanto), essas pe\u00e7as do vestu\u00e1rio<\/span> <span style=\"font-weight: 400;\">s\u00e3o concebidas para uso em situa\u00e7\u00f5es que n\u00e3o exigem um <\/span><i><span style=\"font-weight: 400;\">dress code<\/span><\/i><span style=\"font-weight: 400;\"> mais restrito e, o mais importante, para que pessoas as usem &#8211; sem necessariamente corresponder ao que \u00e9 esperado das se\u00e7\u00f5es masculina e feminina em grandes lojas.\u00a0<\/span><\/p>\n<div id=\"blogd-823321897\" class=\"blogd-final-post blogd-entity-placement\"><a href=\"https:\/\/www.feiradesantana.ba.leg.br\/\" target=\"_blank\" aria-label=\"BANNER-SITE-ENTREGADECHEQUE-CAMARADEFEIRA\"><img loading=\"lazy\" decoding=\"async\" src=\"https:\/\/blogdafeira.com.br\/home\/wp-content\/uploads\/2026\/03\/BANNER-SITE-ENTREGADECHEQUE-CAMARADEFEIRA.gif\" alt=\"\"  class=\"no-lazyload\" width=\"728\" height=\"90\"   \/><\/a><\/div><p style=\"text-align: justify;\"><span style=\"font-weight: 400;\">Portanto, ao partir do pressuposto que as roupas e acess\u00f3rios que escolhemos para estar no mundo refletem nossa personalidade e os estados de esp\u00edrito que podemos assumir, as roupas <\/span><i><span style=\"font-weight: 400;\">genderless<\/span><\/i><span style=\"font-weight: 400;\"> tentam servir \u00e0 pluralidade dos corpos do s\u00e9culo XXI em pe\u00e7as como <span style=\"color: #0000ff;\"><a style=\"color: #0000ff;\" href=\"https:\/\/www.shop77.com.br\/camisetas-com-frases\" target=\"_blank\" rel=\"noopener\">as camisetas com frases, que podem ser adquiridas a pre\u00e7os de promo\u00e7\u00e3o na Shop77<\/a><\/span>.<\/span><\/p>\n","protected":false},"excerpt":{"rendered":"<p>A moda nas sociedades ocidentais \u00e9 bastante din\u00e2mica e, especialmente neste s\u00e9culo, no qual se esperam novidades ao mesmo tempo em que o conforto \u00e9 valorizado, n\u00e3o param de surgir tend\u00eancias no mundo fashion. Uma das tend\u00eancias em plena ascens\u00e3o \u00e9 a das pe\u00e7as de roupa genderless (&#8220;sem g\u00eanero&#8221;, em tradu\u00e7\u00e3o livre).\u00a0 Voc\u00ea j\u00e1 ouviu<\/p>\n","protected":false},"author":1,"featured_media":43758,"comment_status":"closed","ping_status":"closed","sticky":false,"template":"","format":"standard","meta":{"jetpack_post_was_ever_published":false,"cybocfi_hide_featured_image":"","_jetpack_newsletter_access":"","_jetpack_dont_email_post_to_subs":false,"_jetpack_newsletter_tier_id":0,"_jetpack_memberships_contains_paywalled_content":false,"_jetpack_memberships_contains_paid_content":false,"footnotes":"","jetpack_publicize_message":"","jetpack_publicize_feature_enabled":true,"jetpack_social_post_already_shared":true,"jetpack_social_options":{"image_generator_settings":{"template":"highway","default_image_id":0,"font":"","enabled":false},"version":2}},"categories":[1,670],"tags":[],"class_list":["post-43757","post","type-post","status-publish","format-standard","has-post-thumbnail","hentry","category-raiz","category-patrocinado"],"jetpack_publicize_connections":[],"jetpack_featured_media_url":"https:\/\/blogdafeira.com.br\/home\/wp-content\/uploads\/2021\/03\/pexels-kai-pilger-996329.jpg","jetpack_shortlink":"https:\/\/wp.me\/p3niVf-bnL","jetpack_sharing_enabled":true,"jetpack-related-posts":[{"id":42397,"url":"https:\/\/blogdafeira.com.br\/home\/2020\/12\/11\/menos-e-mais-o-tres-chic-da-moda-masculina\/","url_meta":{"origin":43757,"position":0},"title":"Menos \u00e9 mais \u2013 o tr\u00e8s chic da moda masculina","author":"Blog da Feira","date":"11\/12\/2020","format":false,"excerpt":"Coco Chanel defendia que a simplicidade \u00e9 a chave da verdadeira eleg\u00e2ncia. N\u00e3o \u00e0 toa, as ofertas de pe\u00e7as simples que mesclam eleg\u00e2ncia e conforto est\u00e3o presentes em m\u00faltiplas tend\u00eancias de moda masculina nos \u00faltimos anos. Entender sua personalidade \u00e9 essencial para encontrar as pe\u00e7as ideais que se adaptem ao\u2026","rel":"","context":"Em &quot;Home&quot;","block_context":{"text":"Home","link":"https:\/\/blogdafeira.com.br\/home\/categoria\/raiz\/"},"img":{"alt_text":"","src":"https:\/\/i0.wp.com\/blogdafeira.com.br\/home\/wp-content\/uploads\/2020\/12\/chris-benson-yFu8LBB_tUk-unsplash.jpg?resize=350%2C200&ssl=1","width":350,"height":200,"srcset":"https:\/\/i0.wp.com\/blogdafeira.com.br\/home\/wp-content\/uploads\/2020\/12\/chris-benson-yFu8LBB_tUk-unsplash.jpg?resize=350%2C200&ssl=1 1x, https:\/\/i0.wp.com\/blogdafeira.com.br\/home\/wp-content\/uploads\/2020\/12\/chris-benson-yFu8LBB_tUk-unsplash.jpg?resize=525%2C300&ssl=1 1.5x"},"classes":[]},{"id":43297,"url":"https:\/\/blogdafeira.com.br\/home\/2021\/02\/05\/kimono-feminino-a-peca-perfeita-para-o-outono\/","url_meta":{"origin":43757,"position":1},"title":"Kimono feminino: a pe\u00e7a perfeita para o outono","author":"Blog da Feira","date":"05\/02\/2021","format":false,"excerpt":"O outono est\u00e1 chegando, e o kimono feminino deve ser uma das pe\u00e7as favoritas nesta temporada. N\u00e3o dir\u00edamos que o casaco de l\u00e3 voltou, simplesmente porque \u00e9 indispens\u00e1vel, pr\u00e1tico, ultra confort\u00e1vel e nunca sai de moda. Inspirados nas vestes japonesas tradicionais, os kimonos contempor\u00e2neos receberam uma atualiza\u00e7\u00e3o moderna - estampas\u2026","rel":"","context":"Em &quot;Patrocinado&quot;","block_context":{"text":"Patrocinado","link":"https:\/\/blogdafeira.com.br\/home\/categoria\/patrocinado\/"},"img":{"alt_text":"","src":"https:\/\/i0.wp.com\/blogdafeira.com.br\/home\/wp-content\/uploads\/2021\/02\/x9tt019_2_1_2.jpg?resize=350%2C200&ssl=1","width":350,"height":200},"classes":[]},{"id":30406,"url":"https:\/\/blogdafeira.com.br\/home\/2018\/10\/31\/quem-e-flavia-sacramento-um-resumo-de-minha-trajetoria\/","url_meta":{"origin":43757,"position":2},"title":"Quem \u00e9 Fl\u00e1via Sacramento? resumo de minha trajet\u00f3ria","author":"Blog da Feira","date":"31\/10\/2018","format":false,"excerpt":"Nasci aqui mesmo na cidade de Feira de Santana, filha de Flora Sacramento Silva e Ant\u00f4nio Carlos de Oliveira Silva, segunda filha de quatro filhos sendo eu a \u00fanica mulher. Nascida e criada na maior parte da minha vida no Bairro Olhos D'\u00e1gua, ali onde Feira come\u00e7ou. Minha rela\u00e7\u00e3o com\u2026","rel":"","context":"Em &quot;Cultura&quot;","block_context":{"text":"Cultura","link":"https:\/\/blogdafeira.com.br\/home\/categoria\/cultura\/"},"img":{"alt_text":"","src":"https:\/\/i0.wp.com\/blogdafeira.com.br\/home\/wp-content\/uploads\/2018\/10\/FB_IMG_1541037527589.jpg?resize=350%2C200","width":350,"height":200,"srcset":"https:\/\/i0.wp.com\/blogdafeira.com.br\/home\/wp-content\/uploads\/2018\/10\/FB_IMG_1541037527589.jpg?resize=350%2C200 1x, https:\/\/i0.wp.com\/blogdafeira.com.br\/home\/wp-content\/uploads\/2018\/10\/FB_IMG_1541037527589.jpg?resize=525%2C300 1.5x, https:\/\/i0.wp.com\/blogdafeira.com.br\/home\/wp-content\/uploads\/2018\/10\/FB_IMG_1541037527589.jpg?resize=700%2C400 2x"},"classes":[]},{"id":43300,"url":"https:\/\/blogdafeira.com.br\/home\/2021\/02\/05\/onde-comprar-roupas-para-revender\/","url_meta":{"origin":43757,"position":3},"title":"Onde comprar roupas para revender","author":"Blog da Feira","date":"05\/02\/2021","format":false,"excerpt":"Abrir uma loja de roupas \u00e9 uma das op\u00e7\u00f5es preferidas de muitos empres\u00e1rios, principalmente daqueles que se interessam por moda. Mas, se voc\u00ea quiser abrir um neg\u00f3cio independente, ter\u00e1 que buscar fornecedores para esse segmento. Nesse artigo voc\u00ea ver\u00e1 onde comprar roupas para revender na sua loja. Voc\u00ea tem v\u00e1rias\u2026","rel":"","context":"Em &quot;Home&quot;","block_context":{"text":"Home","link":"https:\/\/blogdafeira.com.br\/home\/categoria\/raiz\/"},"img":{"alt_text":"","src":"https:\/\/i0.wp.com\/blogdafeira.com.br\/home\/wp-content\/uploads\/2021\/02\/pexels-artem-beliaikin-1078958.jpg?resize=350%2C200&ssl=1","width":350,"height":200,"srcset":"https:\/\/i0.wp.com\/blogdafeira.com.br\/home\/wp-content\/uploads\/2021\/02\/pexels-artem-beliaikin-1078958.jpg?resize=350%2C200&ssl=1 1x, https:\/\/i0.wp.com\/blogdafeira.com.br\/home\/wp-content\/uploads\/2021\/02\/pexels-artem-beliaikin-1078958.jpg?resize=525%2C300&ssl=1 1.5x, https:\/\/i0.wp.com\/blogdafeira.com.br\/home\/wp-content\/uploads\/2021\/02\/pexels-artem-beliaikin-1078958.jpg?resize=700%2C400&ssl=1 2x, https:\/\/i0.wp.com\/blogdafeira.com.br\/home\/wp-content\/uploads\/2021\/02\/pexels-artem-beliaikin-1078958.jpg?resize=1050%2C600&ssl=1 3x"},"classes":[]},{"id":8684,"url":"https:\/\/blogdafeira.com.br\/home\/2014\/01\/28\/de-corpo-e-alma\/","url_meta":{"origin":43757,"position":4},"title":"De corpo e alma","author":"Blog da Feira","date":"28\/01\/2014","format":false,"excerpt":"\u201cSou de Feira\u201d. A frase \u00e9 curta, mas carregada de significado, na voz tranquila e agrad\u00e1vel do ex-professor de Educa\u00e7\u00e3o F\u00edsica, que encontrou na arte n\u00e3o apenas um meio de express\u00e3o, como de sobreviv\u00eancia. Demitido da rede municipal de ensino ap\u00f3s 15 anos de trabalho, sem maiores explica\u00e7\u00f5es, Adelson Brito\u2026","rel":"","context":"Em &quot;Home&quot;","block_context":{"text":"Home","link":"https:\/\/blogdafeira.com.br\/home\/categoria\/raiz\/"},"img":{"alt_text":"adelson","src":"https:\/\/i0.wp.com\/blogdafeira.com.br\/home\/wp-content\/uploads\/2014\/01\/adelson.jpg?resize=350%2C200","width":350,"height":200,"srcset":"https:\/\/i0.wp.com\/blogdafeira.com.br\/home\/wp-content\/uploads\/2014\/01\/adelson.jpg?resize=350%2C200 1x, https:\/\/i0.wp.com\/blogdafeira.com.br\/home\/wp-content\/uploads\/2014\/01\/adelson.jpg?resize=525%2C300 1.5x"},"classes":[]},{"id":41507,"url":"https:\/\/blogdafeira.com.br\/home\/2020\/11\/03\/a-moda-na-pandemia-novos-looks-e-silhuetas\/","url_meta":{"origin":43757,"position":5},"title":"A moda na pandemia: novos looks e silhuetas","author":"Socorro Pitombo","date":"03\/11\/2020","format":false,"excerpt":"Como est\u00e1 acontecendo em todos os segmentos, o mercado da moda tamb\u00e9m est\u00e1 sofrendo muito com a pandemia e suas consequ\u00eancias. Setor forte na nossa economia - representa 17% dos empregos no pa\u00eds -, o mercado da moda tem sido afetado intensamente, seja no \u00e2mbito produtivo, no setor de distribui\u00e7\u00e3o\u2026","rel":"","context":"Em &quot;Colunistas&quot;","block_context":{"text":"Colunistas","link":"https:\/\/blogdafeira.com.br\/home\/categoria\/colunistas\/"},"img":{"alt_text":"","src":"https:\/\/i0.wp.com\/blogdafeira.com.br\/home\/wp-content\/uploads\/2020\/11\/Formas-da-Moda2.jpg?resize=350%2C200&ssl=1","width":350,"height":200},"classes":[]}],"_links":{"self":[{"href":"https:\/\/blogdafeira.com.br\/home\/wp-json\/wp\/v2\/posts\/43757","targetHints":{"allow":["GET"]}}],"collection":[{"href":"https:\/\/blogdafeira.com.br\/home\/wp-json\/wp\/v2\/posts"}],"about":[{"href":"https:\/\/blogdafeira.com.br\/home\/wp-json\/wp\/v2\/types\/post"}],"author":[{"embeddable":true,"href":"https:\/\/blogdafeira.com.br\/home\/wp-json\/wp\/v2\/users\/1"}],"replies":[{"embeddable":true,"href":"https:\/\/blogdafeira.com.br\/home\/wp-json\/wp\/v2\/comments?post=43757"}],"version-history":[{"count":1,"href":"https:\/\/blogdafeira.com.br\/home\/wp-json\/wp\/v2\/posts\/43757\/revisions"}],"predecessor-version":[{"id":43759,"href":"https:\/\/blogdafeira.com.br\/home\/wp-json\/wp\/v2\/posts\/43757\/revisions\/43759"}],"wp:featuredmedia":[{"embeddable":true,"href":"https:\/\/blogdafeira.com.br\/home\/wp-json\/wp\/v2\/media\/43758"}],"wp:attachment":[{"href":"https:\/\/blogdafeira.com.br\/home\/wp-json\/wp\/v2\/media?parent=43757"}],"wp:term":[{"taxonomy":"category","embeddable":true,"href":"https:\/\/blogdafeira.com.br\/home\/wp-json\/wp\/v2\/categories?post=43757"},{"taxonomy":"post_tag","embeddable":true,"href":"https:\/\/blogdafeira.com.br\/home\/wp-json\/wp\/v2\/tags?post=43757"}],"curies":[{"name":"wp","href":"https:\/\/api.w.org\/{rel}","templated":true}]}}