{"id":44193,"date":"2021-03-17T09:24:55","date_gmt":"2021-03-17T12:24:55","guid":{"rendered":"https:\/\/blogdafeira.com.br\/home\/?p=44193"},"modified":"2021-03-18T22:12:36","modified_gmt":"2021-03-19T01:12:36","slug":"senador-e-deputado-do-psd-indicam-verba-orcamentaria-para-humildes","status":"publish","type":"post","link":"https:\/\/blogdafeira.com.br\/home\/2021\/03\/17\/senador-e-deputado-do-psd-indicam-verba-orcamentaria-para-humildes\/","title":{"rendered":"Senador e deputado do PSD indicam verba or\u00e7ament\u00e1ria para Humildes"},"content":{"rendered":"<div id=\"blogd-1461100990\" class=\"blogd-fim-do-post-mobile blogd-entity-placement\" style=\"margin-left: auto;margin-right: auto;text-align: center;\"><a href=\"https:\/\/www.sefaz.feiradesantana.ba.gov.br\/\" target=\"_blank\" aria-label=\"728&#215;90 (6)\"><img loading=\"lazy\" decoding=\"async\" src=\"https:\/\/blogdafeira.com.br\/home\/wp-content\/uploads\/2026\/03\/728x90-6.gif\" alt=\"\"  class=\"no-lazyload\" width=\"728\" height=\"90\"  style=\"display: inline-block;\" \/><\/a><\/div><p style=\"text-align: justify;\">O distrito de Humildes vai receber R$ 850 mil em emendas federais para investimento em obras para beneficiar a sua popula\u00e7\u00e3o, informou o vereador Z\u00e9 Curuca (DEM) em pronunciamento na C\u00e2mara de Vereadores de Feira de Santana.<\/p><div id=\"blogd-848617005\" class=\"blogd-conteudo-2-mobile blogd-entity-placement\"><a href=\"https:\/\/feirenses.com.br\/\" target=\"_blank\" aria-label=\"feirenses\"><img loading=\"lazy\" decoding=\"async\" src=\"https:\/\/blogdafeira.com.br\/home\/wp-content\/uploads\/2026\/04\/feirenses.png\" alt=\"\"  srcset=\"https:\/\/blogdafeira.com.br\/home\/wp-content\/uploads\/2026\/04\/feirenses.png 300w, https:\/\/blogdafeira.com.br\/home\/wp-content\/uploads\/2026\/04\/feirenses-170x45.png 170w, https:\/\/blogdafeira.com.br\/home\/wp-content\/uploads\/2026\/04\/feirenses-280x74.png 280w\" sizes=\"(max-width: 300px) 100vw, 300px\" class=\"no-lazyload\" width=\"300\" height=\"79\"  style=\"display: inline-block;\" \/><\/a><\/div>\n<p style=\"text-align: justify;\">Maior distrito rural de Feira, as verbas para Humildes foram indicadas ao Or\u00e7amento da Uni\u00e3o pelo senador Otto Alencar e pelo filho dele, deputado federal Otto Filho, ambos do PSD.<\/p>\n<p style=\"text-align: justify;\">A quantia \u00e9 dividida em duas emendas, sendo uma delas, de R$ 500 mil, de autoria do senador. A outra, de R$ 350 mil, \u00e9 assinada pelo deputado.<\/p>\n<p style=\"text-align: justify;\">As indica\u00e7\u00f5es ainda ser\u00e3o submetidas a aprova\u00e7\u00e3o congressual.<\/p>\n<p style=\"text-align: justify;\">&#8220;Esses valores s\u00e3o muito bem vindos e v\u00e3o ser muito bem empregados em melhorias para o nosso querido Humildes&#8221;, diz Z\u00e9 Curuca.<\/p>\n<div id=\"blogd-3977606356\" class=\"blogd-final-post blogd-entity-placement\"><a href=\"https:\/\/www.feiradesantana.ba.leg.br\/\" target=\"_blank\" aria-label=\"BANNER-SITE-ENTREGADECHEQUE-CAMARADEFEIRA\"><img loading=\"lazy\" decoding=\"async\" src=\"https:\/\/blogdafeira.com.br\/home\/wp-content\/uploads\/2026\/03\/BANNER-SITE-ENTREGADECHEQUE-CAMARADEFEIRA.gif\" alt=\"\"  class=\"no-lazyload\" width=\"728\" height=\"90\"   \/><\/a><\/div><p style=\"text-align: justify;\">O Presidente da C\u00e2mara Municipal, Fernando Torres <strong>(foto)<\/strong>, que \u00e9 do PSD, mesmo partido dos parlamentares, comemorou a not\u00edcia comentando : &#8220;Lembro de quando estivemos, eu e o vereador Z\u00e9 Curuca, com o senador Otto Alencar, que gostou muito dele, brincaram bastante inclusive e fizeram uma boa amizade&#8221;.<\/p>\n","protected":false},"excerpt":{"rendered":"<p>O distrito de Humildes vai receber R$ 850 mil em emendas federais para investimento em obras para beneficiar a sua popula\u00e7\u00e3o, informou o vereador Z\u00e9 Curuca (DEM) em pronunciamento na C\u00e2mara de Vereadores de Feira de Santana. Maior distrito rural de Feira, as verbas para Humildes foram indicadas ao Or\u00e7amento da Uni\u00e3o pelo senador Otto<\/p>\n","protected":false},"author":1,"featured_media":44194,"comment_status":"open","ping_status":"open","sticky":false,"template":"","format":"standard","meta":{"jetpack_post_was_ever_published":false,"cybocfi_hide_featured_image":"","_jetpack_newsletter_access":"","_jetpack_dont_email_post_to_subs":false,"_jetpack_newsletter_tier_id":0,"_jetpack_memberships_contains_paywalled_content":false,"_jetpack_memberships_contains_paid_content":false,"footnotes":"","jetpack_publicize_message":"","jetpack_publicize_feature_enabled":true,"jetpack_social_post_already_shared":true,"jetpack_social_options":{"image_generator_settings":{"template":"highway","default_image_id":0,"font":"","enabled":false},"version":2}},"categories":[748,1,631],"tags":[],"class_list":["post-44193","post","type-post","status-publish","format-standard","has-post-thumbnail","hentry","category-distritos","category-raiz","category-politica"],"jetpack_publicize_connections":[],"jetpack_featured_media_url":"https:\/\/blogdafeira.com.br\/home\/wp-content\/uploads\/2021\/03\/604fd23666207.jpg","jetpack_shortlink":"https:\/\/wp.me\/p3niVf-buN","jetpack_sharing_enabled":true,"jetpack-related-posts":[{"id":50296,"url":"https:\/\/blogdafeira.com.br\/home\/2022\/01\/24\/as-emendas-dos-deputados-federais-para-feira-em-2021\/","url_meta":{"origin":44193,"position":0},"title":"As emendas dos deputados federais para Feira em 2021","author":"Andr\u00e9 Pomponet","date":"24\/01\/2022","format":false,"excerpt":"As emendas parlamentares est\u00e3o adquirindo import\u00e2ncia crescente no Brasil. Quem as assegura cacifa-se junto ao eleitorado, garante prest\u00edgio com o prefeito, arrebanha voto, se reelege. No ca\u00f3tico desgoverno de Jair Bolsonaro, o \u201cmito\u201d \u2013 terceirizado para o \u201cCentr\u00e3o\u201d desde um controverso arranjo ano passado \u2013, ent\u00e3o, as emendas tornaram-se essenciais\u2026","rel":"","context":"Em &quot;Cidade&quot;","block_context":{"text":"Cidade","link":"https:\/\/blogdafeira.com.br\/home\/categoria\/cidade\/"},"img":{"alt_text":"","src":"https:\/\/i0.wp.com\/blogdafeira.com.br\/home\/wp-content\/uploads\/2022\/01\/img20211216183114647-768x513-1.jpg?resize=350%2C200&ssl=1","width":350,"height":200,"srcset":"https:\/\/i0.wp.com\/blogdafeira.com.br\/home\/wp-content\/uploads\/2022\/01\/img20211216183114647-768x513-1.jpg?resize=350%2C200&ssl=1 1x, https:\/\/i0.wp.com\/blogdafeira.com.br\/home\/wp-content\/uploads\/2022\/01\/img20211216183114647-768x513-1.jpg?resize=525%2C300&ssl=1 1.5x"},"classes":[]},{"id":23722,"url":"https:\/\/blogdafeira.com.br\/home\/2016\/10\/03\/distrito-de-humildes-elege-2-vereadores-de-feira-apos-perder-emancipacao\/","url_meta":{"origin":44193,"position":1},"title":"Distrito de Humildes elege 2 vereadores de Feira ap\u00f3s perder emancipa\u00e7\u00e3o","author":"Blog da Feira","date":"03\/10\/2016","format":false,"excerpt":"O sonho do distrito de Humildes ser \u00a0um munic\u00edpio como Feira de Santana foi desfeito em todas as inst\u00e2ncias, inclusive a econ\u00f4mica mas o sentimento de uni\u00e3o territorial nascido do movimento de emancipa\u00e7\u00e3o surtiu efeito e dos 14 candidatos a vereador do local, dois foram eleitos com votos distritais para\u2026","rel":"","context":"Em &quot;Distritos&quot;","block_context":{"text":"Distritos","link":"https:\/\/blogdafeira.com.br\/home\/categoria\/distritos\/"},"img":{"alt_text":"Z\u00c9 CURUCA fabiano da van","src":"https:\/\/i0.wp.com\/blogdafeira.com.br\/home\/wp-content\/uploads\/2016\/10\/Z%C3%89-CURUCA-fabiano-da-van.jpg?resize=350%2C200","width":350,"height":200,"srcset":"https:\/\/i0.wp.com\/blogdafeira.com.br\/home\/wp-content\/uploads\/2016\/10\/Z%C3%89-CURUCA-fabiano-da-van.jpg?resize=350%2C200 1x, https:\/\/i0.wp.com\/blogdafeira.com.br\/home\/wp-content\/uploads\/2016\/10\/Z%C3%89-CURUCA-fabiano-da-van.jpg?resize=525%2C300 1.5x"},"classes":[]},{"id":64696,"url":"https:\/\/blogdafeira.com.br\/home\/2024\/11\/26\/senador-corrige-presidente-da-assembleia-em-estreia-de-gilberto-kassab-na-bahia\/","url_meta":{"origin":44193,"position":2},"title":"Senador  &#8220;corrige&#8221; presidente da Assembleia em &#8220;estreia&#8221; de Gilberto Kassab na Bahia","author":"Blog da Feira","date":"26\/11\/2024","format":false,"excerpt":"Coube ao senador Otto Alencar implantar\u00a0 de vez o clima de \"baianidade\" ao \"corrigir publicamente\" o presidente da Assembleia, Adolfo Menezes, na sess\u00e3o de entrega da Medalhas Thom\u00e9\u00a0 de Souza ao presidente nacional do PSD, Gilberto Kassab na C\u00e2mara de Vereadores em Salvador: \u201cAdolfo disse que o PSD \u2018nasceu na\u2026","rel":"","context":"Em &quot;Home&quot;","block_context":{"text":"Home","link":"https:\/\/blogdafeira.com.br\/home\/categoria\/raiz\/"},"img":{"alt_text":"","src":"https:\/\/i0.wp.com\/blogdafeira.com.br\/home\/wp-content\/uploads\/2024\/11\/IMG-20241125-WA0046.jpg?resize=350%2C200&ssl=1","width":350,"height":200,"srcset":"https:\/\/i0.wp.com\/blogdafeira.com.br\/home\/wp-content\/uploads\/2024\/11\/IMG-20241125-WA0046.jpg?resize=350%2C200&ssl=1 1x, https:\/\/i0.wp.com\/blogdafeira.com.br\/home\/wp-content\/uploads\/2024\/11\/IMG-20241125-WA0046.jpg?resize=525%2C300&ssl=1 1.5x, https:\/\/i0.wp.com\/blogdafeira.com.br\/home\/wp-content\/uploads\/2024\/11\/IMG-20241125-WA0046.jpg?resize=700%2C400&ssl=1 2x, https:\/\/i0.wp.com\/blogdafeira.com.br\/home\/wp-content\/uploads\/2024\/11\/IMG-20241125-WA0046.jpg?resize=1050%2C600&ssl=1 3x, https:\/\/i0.wp.com\/blogdafeira.com.br\/home\/wp-content\/uploads\/2024\/11\/IMG-20241125-WA0046.jpg?resize=1400%2C800&ssl=1 4x"},"classes":[]},{"id":2384,"url":"https:\/\/blogdafeira.com.br\/home\/2013\/06\/07\/reuniao-em-humildes-definira-comissao-pro-emancipacao\/","url_meta":{"origin":44193,"position":3},"title":"Humildes vai criar comiss\u00e3o Pr\u00f3 Emancipa\u00e7\u00e3o","author":"Blog da Feira","date":"07\/06\/2013","format":false,"excerpt":"Empolgados com o projeto aprovado na C\u00e2mara dos Deputados, que possibilita a cria\u00e7\u00e3o de novos munic\u00edpios, moradores do distrito de Humildes, liderados pelo ex-vereador Z\u00e9 N\u00e9ri e pelo l\u00edder comunit\u00e1rio Ubaldo Oliveira - Bal (foto), promovem neste domingo (09), uma reuni\u00e3o para discutir a forma\u00e7\u00e3o de uma comiss\u00e3o Pr\u00f3 Emancipa\u00e7\u00e3o\u2026","rel":"","context":"Em &quot;Home&quot;","block_context":{"text":"Home","link":"https:\/\/blogdafeira.com.br\/home\/categoria\/raiz\/"},"img":{"alt_text":"600077_496966876983690_1709901828_n","src":"https:\/\/i0.wp.com\/blogdafeira.com.br\/home\/wp-content\/uploads\/2013\/06\/600077_496966876983690_1709901828_n-169x300.jpg?resize=350%2C200","width":350,"height":200},"classes":[]},{"id":27962,"url":"https:\/\/blogdafeira.com.br\/home\/2017\/08\/27\/vereador-ronaldista-elogia-embasa-e-diz-que-vai-ter-audiencia-com-rui-costa\/","url_meta":{"origin":44193,"position":4},"title":"Vereador ronaldista elogia Embasa e diz que vai ter audi\u00eancia com Rui Costa","author":"Blog da Feira","date":"27\/08\/2017","format":false,"excerpt":"Essa n\u00e3o \u00e9 a primeira vez que o vereador Z\u00e9 Curuca 'provoca' o prefeito de Feira de Santana, Jos\u00e9 Ronaldo (DEM). Em certa ocasi\u00e3o declarou que se Ronaldo n\u00e3o fizesse as benfeitorias que solicitava para o distrito de Humildes ele ia procurar um deputado que fizesse. Na \u00e9poca o Prefeito\u2026","rel":"","context":"Em &quot;Distritos&quot;","block_context":{"text":"Distritos","link":"https:\/\/blogdafeira.com.br\/home\/categoria\/distritos\/"},"img":{"alt_text":"page","src":"https:\/\/i0.wp.com\/blogdafeira.com.br\/home\/wp-content\/uploads\/2017\/08\/page.jpg?resize=350%2C200","width":350,"height":200,"srcset":"https:\/\/i0.wp.com\/blogdafeira.com.br\/home\/wp-content\/uploads\/2017\/08\/page.jpg?resize=350%2C200 1x, https:\/\/i0.wp.com\/blogdafeira.com.br\/home\/wp-content\/uploads\/2017\/08\/page.jpg?resize=525%2C300 1.5x"},"classes":[]},{"id":4515,"url":"https:\/\/blogdafeira.com.br\/home\/2013\/08\/22\/emancipacao-ja-humildes-ja-tem-5-pre-candidatos-a-prefeito\/","url_meta":{"origin":44193,"position":5},"title":"Emancipa\u00e7\u00e3o j\u00e1! Humildes j\u00e1 tem 5 pr\u00e9-candidatos a prefeito","author":"Blog da Feira","date":"22\/08\/2013","format":false,"excerpt":"O distrito de Humildes, munic\u00edpio de Feira de Santana, ainda n\u00e3o foi emancipado mas as especula\u00e7\u00f5es sobre poss\u00edveis candidaturas a Prefeito caso a emancipa\u00e7\u00e3o se configure j\u00e1 come\u00e7aram a surgir. Pelas 'contas' de um veterano pol\u00edtico feirense, pelo menos cinco pr\u00e9-candidatos j\u00e1 podem ser relacionados. S\u00e3o eles: Elsimar Pond\u00e9, radialista,\u2026","rel":"","context":"Em &quot;Home&quot;","block_context":{"text":"Home","link":"https:\/\/blogdafeira.com.br\/home\/categoria\/raiz\/"},"img":{"alt_text":"","src":"","width":0,"height":0},"classes":[]}],"_links":{"self":[{"href":"https:\/\/blogdafeira.com.br\/home\/wp-json\/wp\/v2\/posts\/44193","targetHints":{"allow":["GET"]}}],"collection":[{"href":"https:\/\/blogdafeira.com.br\/home\/wp-json\/wp\/v2\/posts"}],"about":[{"href":"https:\/\/blogdafeira.com.br\/home\/wp-json\/wp\/v2\/types\/post"}],"author":[{"embeddable":true,"href":"https:\/\/blogdafeira.com.br\/home\/wp-json\/wp\/v2\/users\/1"}],"replies":[{"embeddable":true,"href":"https:\/\/blogdafeira.com.br\/home\/wp-json\/wp\/v2\/comments?post=44193"}],"version-history":[{"count":2,"href":"https:\/\/blogdafeira.com.br\/home\/wp-json\/wp\/v2\/posts\/44193\/revisions"}],"predecessor-version":[{"id":44204,"href":"https:\/\/blogdafeira.com.br\/home\/wp-json\/wp\/v2\/posts\/44193\/revisions\/44204"}],"wp:featuredmedia":[{"embeddable":true,"href":"https:\/\/blogdafeira.com.br\/home\/wp-json\/wp\/v2\/media\/44194"}],"wp:attachment":[{"href":"https:\/\/blogdafeira.com.br\/home\/wp-json\/wp\/v2\/media?parent=44193"}],"wp:term":[{"taxonomy":"category","embeddable":true,"href":"https:\/\/blogdafeira.com.br\/home\/wp-json\/wp\/v2\/categories?post=44193"},{"taxonomy":"post_tag","embeddable":true,"href":"https:\/\/blogdafeira.com.br\/home\/wp-json\/wp\/v2\/tags?post=44193"}],"curies":[{"name":"wp","href":"https:\/\/api.w.org\/{rel}","templated":true}]}}