{"id":44269,"date":"2021-03-20T20:19:28","date_gmt":"2021-03-20T23:19:28","guid":{"rendered":"https:\/\/blogdafeira.com.br\/home\/?p=44269"},"modified":"2021-03-24T14:06:32","modified_gmt":"2021-03-24T17:06:32","slug":"sumiu-o-brasao-da-fachada-do-predio-da-filarmonica-vitoria","status":"publish","type":"post","link":"https:\/\/blogdafeira.com.br\/home\/2021\/03\/20\/sumiu-o-brasao-da-fachada-do-predio-da-filarmonica-vitoria\/","title":{"rendered":"Sumiu o bras\u00e3o da fachada do pr\u00e9dio da Filarm\u00f4nica Vit\u00f3ria"},"content":{"rendered":"<div id=\"blogd-1181125632\" class=\"blogd-fim-do-post-mobile blogd-entity-placement\" style=\"margin-left: auto;margin-right: auto;text-align: center;\"><a href=\"https:\/\/www.sefaz.feiradesantana.ba.gov.br\/\" target=\"_blank\" aria-label=\"728&#215;90 (6)\"><img loading=\"lazy\" decoding=\"async\" src=\"https:\/\/blogdafeira.com.br\/home\/wp-content\/uploads\/2026\/03\/728x90-6.gif\" alt=\"\"  class=\"no-lazyload\" width=\"728\" height=\"90\"  style=\"display: inline-block;\" \/><\/a><\/div><p><em>Se h\u00e1 um im\u00f3vel na Feira de Santana que est\u00e1 impregnado de cultura \u00e9 o que abriga a Sociedade Filarm\u00f4nica Vit\u00f3ria, ali na Rua Conselheiro Franco, a antiga Rua Direita, no centro da cidade, <\/em>escreveu o jornalista Andr\u00e9 Pomponet, em artigo publicado h\u00e1 tr\u00eas anos, <strong><a href=\"http:\/\/www.tribunafeirense.com.br\/noticias\/30220\/o-predio-da-sociedade-filarmonica-vitoria\">no jornal Tribuna Feirense.<\/a> <em>\u00a0<\/em><\/strong><\/p><div id=\"blogd-3646368883\" class=\"blogd-conteudo-2-mobile blogd-entity-placement\"><a href=\"https:\/\/feirenses.com.br\/\" target=\"_blank\" aria-label=\"feirenses\"><img loading=\"lazy\" decoding=\"async\" src=\"https:\/\/blogdafeira.com.br\/home\/wp-content\/uploads\/2026\/04\/feirenses.png\" alt=\"\"  srcset=\"https:\/\/blogdafeira.com.br\/home\/wp-content\/uploads\/2026\/04\/feirenses.png 300w, https:\/\/blogdafeira.com.br\/home\/wp-content\/uploads\/2026\/04\/feirenses-170x45.png 170w, https:\/\/blogdafeira.com.br\/home\/wp-content\/uploads\/2026\/04\/feirenses-280x74.png 280w\" sizes=\"(max-width: 300px) 100vw, 300px\" class=\"no-lazyload\" width=\"300\" height=\"79\"  style=\"display: inline-block;\" \/><\/a><\/div>\n<p><em><img loading=\"lazy\" decoding=\"async\" class=\"alignright wp-image-44271 size-medium\" src=\"https:\/\/blogdafeira.com.br\/home\/wp-content\/uploads\/2021\/03\/163068005_4482779615071636_9115124562786109681_n-179x300.jpg\" alt=\"\" width=\"179\" height=\"300\" srcset=\"https:\/\/blogdafeira.com.br\/home\/wp-content\/uploads\/2021\/03\/163068005_4482779615071636_9115124562786109681_n-179x300.jpg 179w, https:\/\/blogdafeira.com.br\/home\/wp-content\/uploads\/2021\/03\/163068005_4482779615071636_9115124562786109681_n-90x150.jpg 90w, https:\/\/blogdafeira.com.br\/home\/wp-content\/uploads\/2021\/03\/163068005_4482779615071636_9115124562786109681_n-112x187.jpg 112w, https:\/\/blogdafeira.com.br\/home\/wp-content\/uploads\/2021\/03\/163068005_4482779615071636_9115124562786109681_n.jpg 574w\" sizes=\"auto, (max-width: 179px) 100vw, 179px\" \/><\/em><\/p>\n<p><em>&#8220;Afinal, &#8211; <\/em>continua o jornalista<em> &#8211; <\/em>\u00a0<em>o im\u00f3vel \u00e9 sede de uma das institui\u00e7\u00f5es em torno da qual gravitava a cultura feirense desde meados do s\u00e9culo XIX. O im\u00f3vel, por\u00e9m, \u00e9 do s\u00e9culo XX: a data de constru\u00e7\u00e3o \u00e9 indeterminada, de acordo com levantamento do Instituto do Patrim\u00f4nio Art\u00edstico e Cultural da Bahia, o IPAC. Pelas \u201ccaracter\u00edsticas tipol\u00f3gicas\u201d, \u00e9 do in\u00edcio do s\u00e9culo passado.&#8221;<\/em><\/p>\n<div id=\"blogd-71956855\" class=\"blogd-final-post blogd-entity-placement\"><a href=\"https:\/\/www.feiradesantana.ba.leg.br\/\" target=\"_blank\" aria-label=\"BANNER-SITE-ENTREGADECHEQUE-CAMARADEFEIRA\"><img loading=\"lazy\" decoding=\"async\" src=\"https:\/\/blogdafeira.com.br\/home\/wp-content\/uploads\/2026\/03\/BANNER-SITE-ENTREGADECHEQUE-CAMARADEFEIRA.gif\" alt=\"\"  class=\"no-lazyload\" width=\"728\" height=\"90\"   \/><\/a><\/div><p>Em 1917, nos informa ainda Pomponet, a Filarm\u00f4nica sofreu uma reforma que lhe deu a fachada que hoje existe. Isto \u00e9, existia, pois\u00a0 agora est\u00e1 sem o enorme bras\u00e3o que ficava logo abaixo da \u00e1guia que encima o im\u00f3vel hist\u00f3rico. \u00c9 um dos poucos que ainda se mant\u00e9m de p\u00e9 no centro da cidade. A poucos metros dele, e constru\u00eddo na mesma \u00e9poca, o pr\u00e9dio da Filarm\u00f4nica 25 de Mar\u00e7o est\u00e1 desmoronando.<\/p>\n","protected":false},"excerpt":{"rendered":"<p>Se h\u00e1 um im\u00f3vel na Feira de Santana que est\u00e1 impregnado de cultura \u00e9 o que abriga a Sociedade Filarm\u00f4nica Vit\u00f3ria, ali na Rua Conselheiro Franco, a antiga Rua Direita, no centro da cidade, escreveu o jornalista Andr\u00e9 Pomponet, em artigo publicado h\u00e1 tr\u00eas anos, no jornal Tribuna Feirense. \u00a0 &#8220;Afinal, &#8211; continua o jornalista<\/p>\n","protected":false},"author":1,"featured_media":44270,"comment_status":"open","ping_status":"open","sticky":false,"template":"","format":"standard","meta":{"jetpack_post_was_ever_published":false,"cybocfi_hide_featured_image":"","_jetpack_newsletter_access":"","_jetpack_dont_email_post_to_subs":false,"_jetpack_newsletter_tier_id":0,"_jetpack_memberships_contains_paywalled_content":false,"_jetpack_memberships_contains_paid_content":false,"footnotes":"","jetpack_publicize_message":"","jetpack_publicize_feature_enabled":true,"jetpack_social_post_already_shared":true,"jetpack_social_options":{"image_generator_settings":{"template":"highway","default_image_id":0,"font":"","enabled":false},"version":2}},"categories":[4,1],"tags":[],"class_list":["post-44269","post","type-post","status-publish","format-standard","has-post-thumbnail","hentry","category-cultura","category-raiz"],"jetpack_publicize_connections":[],"jetpack_featured_media_url":"https:\/\/blogdafeira.com.br\/home\/wp-content\/uploads\/2021\/03\/161817458_4482779515071646_297734986614745295_n.jpg","jetpack_shortlink":"https:\/\/wp.me\/p3niVf-bw1","jetpack_sharing_enabled":true,"jetpack-related-posts":[{"id":29918,"url":"https:\/\/blogdafeira.com.br\/home\/2018\/07\/09\/filarmorica-vitoria-vira-point-da-juventude-no-bando-anunciador-em-feira\/","url_meta":{"origin":44269,"position":0},"title":"Filarm\u00f4nica Vit\u00f3ria vira &#8216;point&#8217; da juventude no Bando Anunciador em Feira","author":"J\u00e2nio R\u00eago","date":"09\/07\/2018","format":false,"excerpt":"A Filarm\u00f4nica Vit\u00f3ria \u00e9 pop. O pr\u00e9dio secular da Filarm\u00f4nica, na rua Conselheiro Franco, virou um ponto de encontro, principalmente da juventude\u00a0 que\u00a0 participou do Bando Anunciador na manha de ontem em Feira de Santana. Da sacada do im\u00f3vel\u00a0 um dos mais antigos da cidade, o grupo Ro\u00e7a Sound tocou\u2026","rel":"","context":"Em &quot;Home&quot;","block_context":{"text":"Home","link":"https:\/\/blogdafeira.com.br\/home\/categoria\/raiz\/"},"img":{"alt_text":"","src":"https:\/\/i0.wp.com\/blogdafeira.com.br\/home\/wp-content\/uploads\/2018\/07\/20180708_104609_HDR.jpg?resize=350%2C200","width":350,"height":200,"srcset":"https:\/\/i0.wp.com\/blogdafeira.com.br\/home\/wp-content\/uploads\/2018\/07\/20180708_104609_HDR.jpg?resize=350%2C200 1x, https:\/\/i0.wp.com\/blogdafeira.com.br\/home\/wp-content\/uploads\/2018\/07\/20180708_104609_HDR.jpg?resize=525%2C300 1.5x, https:\/\/i0.wp.com\/blogdafeira.com.br\/home\/wp-content\/uploads\/2018\/07\/20180708_104609_HDR.jpg?resize=700%2C400 2x, https:\/\/i0.wp.com\/blogdafeira.com.br\/home\/wp-content\/uploads\/2018\/07\/20180708_104609_HDR.jpg?resize=1050%2C600 3x, https:\/\/i0.wp.com\/blogdafeira.com.br\/home\/wp-content\/uploads\/2018\/07\/20180708_104609_HDR.jpg?resize=1400%2C800 4x"},"classes":[]},{"id":13926,"url":"https:\/\/blogdafeira.com.br\/home\/2014\/12\/10\/briga-juridica-envolve-o-conservado-predio-da-filarmonica-vitoria-em-feira\/","url_meta":{"origin":44269,"position":1},"title":"Briga jur\u00eddica envolve o conservado pr\u00e9dio da Filarm\u00f4nica Vit\u00f3ria em Feira","author":"Blog da Feira","date":"10\/12\/2014","format":false,"excerpt":"Uma briga jur\u00eddica envolve a Filarm\u00f4nica Vit\u00f3ria de Feira de Santana e os usu\u00e1rios do pr\u00e9dio sede da entidade que fica na avenida Conselheiro Franco, no centro da cidade, e \u00e9 um dos edif\u00edcios\u00a0antigos mais conservados que existem no centro hist\u00f3rico da cidade. A Justi\u00e7a acatou reclama\u00e7\u00e3o de s\u00f3cios da\u2026","rel":"","context":"Em &quot;Home&quot;","block_context":{"text":"Home","link":"https:\/\/blogdafeira.com.br\/home\/categoria\/raiz\/"},"img":{"alt_text":"VITORIA","src":"https:\/\/i0.wp.com\/blogdafeira.com.br\/home\/wp-content\/uploads\/2014\/12\/VITORIA.jpg?resize=350%2C200","width":350,"height":200,"srcset":"https:\/\/i0.wp.com\/blogdafeira.com.br\/home\/wp-content\/uploads\/2014\/12\/VITORIA.jpg?resize=350%2C200 1x, https:\/\/i0.wp.com\/blogdafeira.com.br\/home\/wp-content\/uploads\/2014\/12\/VITORIA.jpg?resize=525%2C300 1.5x"},"classes":[]},{"id":35924,"url":"https:\/\/blogdafeira.com.br\/home\/2020\/03\/05\/predio-sede-do-montepio-dos-artistas-feirense-esta-se-deteriorando-pelo-abandono\/","url_meta":{"origin":44269,"position":2},"title":"Pr\u00e9dio do Montepio dos Artistas Feirenses daqui a uns dias vira ru\u00edna","author":"J\u00e2nio R\u00eago","date":"05\/03\/2020","format":false,"excerpt":"Esse \u00e9 outro que em breve vira uma ru\u00edna e uma parcela da popula\u00e7\u00e3o vai come\u00e7ar a falar em revitaliza\u00e7\u00e3o...Por agora ainda ningu\u00e9m lembra a poucos incomoda a situa\u00e7\u00e3o.\u00a0 O pr\u00e9dio sede da Sociedade Montepio dos Artistas Feirenses, entidade fundada h\u00e1 144 anos pelo padre Ov\u00eddio Boaventura,\u00a0 est\u00e1 se deteriorando\u2026","rel":"","context":"Em &quot;Cidade&quot;","block_context":{"text":"Cidade","link":"https:\/\/blogdafeira.com.br\/home\/categoria\/cidade\/"},"img":{"alt_text":"","src":"https:\/\/i0.wp.com\/blogdafeira.com.br\/home\/wp-content\/uploads\/2020\/03\/20200305_140458_HDR-rotated.jpg?resize=350%2C200&ssl=1","width":350,"height":200,"srcset":"https:\/\/i0.wp.com\/blogdafeira.com.br\/home\/wp-content\/uploads\/2020\/03\/20200305_140458_HDR-rotated.jpg?resize=350%2C200&ssl=1 1x, https:\/\/i0.wp.com\/blogdafeira.com.br\/home\/wp-content\/uploads\/2020\/03\/20200305_140458_HDR-rotated.jpg?resize=525%2C300&ssl=1 1.5x, https:\/\/i0.wp.com\/blogdafeira.com.br\/home\/wp-content\/uploads\/2020\/03\/20200305_140458_HDR-rotated.jpg?resize=700%2C400&ssl=1 2x, https:\/\/i0.wp.com\/blogdafeira.com.br\/home\/wp-content\/uploads\/2020\/03\/20200305_140458_HDR-rotated.jpg?resize=1050%2C600&ssl=1 3x, https:\/\/i0.wp.com\/blogdafeira.com.br\/home\/wp-content\/uploads\/2020\/03\/20200305_140458_HDR-rotated.jpg?resize=1400%2C800&ssl=1 4x"},"classes":[]},{"id":44351,"url":"https:\/\/blogdafeira.com.br\/home\/2021\/03\/24\/filarmonica-25-de-marco-completa-153-anos\/","url_meta":{"origin":44269,"position":3},"title":"Filarm\u00f4nica 25 de Mar\u00e7o completa 153 anos","author":"Blog da Feira","date":"24\/03\/2021","format":false,"excerpt":"A Sociedade Filarm\u00f4nica 25 de Mar\u00e7o est\u00e1 completando 153 anos de exist\u00eancia. A data do anivers\u00e1rio \u00e9 \u00f3bvia: 25 de mar\u00e7o. \u00c9 mais de um s\u00e9culo e meio de uma longa trajet\u00f3ria de participa\u00e7\u00e3o no cen\u00e1rio hist\u00f3rico de Feira de Santana, com presen\u00e7a marcante nos eventos culturais, sociais, c\u00edvicos e\u2026","rel":"","context":"Em &quot;Cultura&quot;","block_context":{"text":"Cultura","link":"https:\/\/blogdafeira.com.br\/home\/categoria\/cultura\/"},"img":{"alt_text":"","src":"https:\/\/i0.wp.com\/blogdafeira.com.br\/home\/wp-content\/uploads\/2021\/03\/Screenshot_20210324-1723492.png?resize=350%2C200&ssl=1","width":350,"height":200,"srcset":"https:\/\/i0.wp.com\/blogdafeira.com.br\/home\/wp-content\/uploads\/2021\/03\/Screenshot_20210324-1723492.png?resize=350%2C200&ssl=1 1x, https:\/\/i0.wp.com\/blogdafeira.com.br\/home\/wp-content\/uploads\/2021\/03\/Screenshot_20210324-1723492.png?resize=525%2C300&ssl=1 1.5x"},"classes":[]},{"id":64617,"url":"https:\/\/blogdafeira.com.br\/home\/2024\/11\/18\/o-maestro-da-filarmonica-vitoria-e-suas-oito-filhas-com-nomes-na-letra-z\/","url_meta":{"origin":44269,"position":4},"title":"O maestro da Filarm\u00f4nica Vit\u00f3ria e suas oito filhas com nomes na letra &#8220;Z&#8221;","author":"Blog da Feira","date":"18\/11\/2024","format":false,"excerpt":"\u201cO tempo passa e ficam os nossos feitos\u201d \u2014 express\u00e3o antiga e muito usada, \u00e0 qual um \u00b4fil\u00f3sofo de plant\u00e3o\u00b4 acrescentou ironicamente: \u201cbons ou maus\u201d. \u00c9 verdade, s\u00f3 que os feitos bons perecem mais rapidamente e s\u00e3o apagados pelo tempo, na maioria dos casos. E esse \u00e9 o caso do\u2026","rel":"","context":"Em &quot;Cultura&quot;","block_context":{"text":"Cultura","link":"https:\/\/blogdafeira.com.br\/home\/categoria\/cultura\/"},"img":{"alt_text":"","src":"https:\/\/i0.wp.com\/blogdafeira.com.br\/home\/wp-content\/uploads\/2024\/11\/18112024083754-1.jpg?resize=350%2C200&ssl=1","width":350,"height":200,"srcset":"https:\/\/i0.wp.com\/blogdafeira.com.br\/home\/wp-content\/uploads\/2024\/11\/18112024083754-1.jpg?resize=350%2C200&ssl=1 1x, https:\/\/i0.wp.com\/blogdafeira.com.br\/home\/wp-content\/uploads\/2024\/11\/18112024083754-1.jpg?resize=525%2C300&ssl=1 1.5x, https:\/\/i0.wp.com\/blogdafeira.com.br\/home\/wp-content\/uploads\/2024\/11\/18112024083754-1.jpg?resize=700%2C400&ssl=1 2x, https:\/\/i0.wp.com\/blogdafeira.com.br\/home\/wp-content\/uploads\/2024\/11\/18112024083754-1.jpg?resize=1050%2C600&ssl=1 3x"},"classes":[]},{"id":66788,"url":"https:\/\/blogdafeira.com.br\/home\/2025\/04\/17\/secretaria-de-cultura-da-feira-vai-funcionar-no-predio-da-antiga-escola-maria-quiteria\/","url_meta":{"origin":44269,"position":5},"title":"Secretaria de Cultura da Feira vai funcionar no pr\u00e9dio da antiga escola Maria Quiteria","author":"Blog da Feira","date":"17\/04\/2025","format":false,"excerpt":"Finalmente o Poder P\u00fablico Municipal resolveu socorrer o pr\u00e9dio secular onde funcionou a Escola Maria Quit\u00e9ria que encontra-se fechado h\u00e1 cerca de\u00a0 uma d\u00e9cada. Aqui no BF reclamamos disso\u00a0 insistentemente (clique) .Constru\u00eddo na intend\u00eancia de Agostinho Fr\u00f3es da Mota, o im\u00f3vel \u00e9 uma rel\u00edquia hist\u00f3rica-arquitet\u00f4nica que merece restauro e preserva\u00e7\u00e3o.\u2026","rel":"","context":"Em &quot;Geral&quot;","block_context":{"text":"Geral","link":"https:\/\/blogdafeira.com.br\/home\/categoria\/geral\/"},"img":{"alt_text":"","src":"https:\/\/i0.wp.com\/blogdafeira.com.br\/home\/wp-content\/uploads\/2025\/04\/Prefeito-e-secretario-visitam-Escola-Maria-Quiteria-Foto-DivulgacaoSEGOV-33.jpg?resize=350%2C200&ssl=1","width":350,"height":200,"srcset":"https:\/\/i0.wp.com\/blogdafeira.com.br\/home\/wp-content\/uploads\/2025\/04\/Prefeito-e-secretario-visitam-Escola-Maria-Quiteria-Foto-DivulgacaoSEGOV-33.jpg?resize=350%2C200&ssl=1 1x, https:\/\/i0.wp.com\/blogdafeira.com.br\/home\/wp-content\/uploads\/2025\/04\/Prefeito-e-secretario-visitam-Escola-Maria-Quiteria-Foto-DivulgacaoSEGOV-33.jpg?resize=525%2C300&ssl=1 1.5x, https:\/\/i0.wp.com\/blogdafeira.com.br\/home\/wp-content\/uploads\/2025\/04\/Prefeito-e-secretario-visitam-Escola-Maria-Quiteria-Foto-DivulgacaoSEGOV-33.jpg?resize=700%2C400&ssl=1 2x, https:\/\/i0.wp.com\/blogdafeira.com.br\/home\/wp-content\/uploads\/2025\/04\/Prefeito-e-secretario-visitam-Escola-Maria-Quiteria-Foto-DivulgacaoSEGOV-33.jpg?resize=1050%2C600&ssl=1 3x"},"classes":[]}],"_links":{"self":[{"href":"https:\/\/blogdafeira.com.br\/home\/wp-json\/wp\/v2\/posts\/44269","targetHints":{"allow":["GET"]}}],"collection":[{"href":"https:\/\/blogdafeira.com.br\/home\/wp-json\/wp\/v2\/posts"}],"about":[{"href":"https:\/\/blogdafeira.com.br\/home\/wp-json\/wp\/v2\/types\/post"}],"author":[{"embeddable":true,"href":"https:\/\/blogdafeira.com.br\/home\/wp-json\/wp\/v2\/users\/1"}],"replies":[{"embeddable":true,"href":"https:\/\/blogdafeira.com.br\/home\/wp-json\/wp\/v2\/comments?post=44269"}],"version-history":[{"count":2,"href":"https:\/\/blogdafeira.com.br\/home\/wp-json\/wp\/v2\/posts\/44269\/revisions"}],"predecessor-version":[{"id":44273,"href":"https:\/\/blogdafeira.com.br\/home\/wp-json\/wp\/v2\/posts\/44269\/revisions\/44273"}],"wp:featuredmedia":[{"embeddable":true,"href":"https:\/\/blogdafeira.com.br\/home\/wp-json\/wp\/v2\/media\/44270"}],"wp:attachment":[{"href":"https:\/\/blogdafeira.com.br\/home\/wp-json\/wp\/v2\/media?parent=44269"}],"wp:term":[{"taxonomy":"category","embeddable":true,"href":"https:\/\/blogdafeira.com.br\/home\/wp-json\/wp\/v2\/categories?post=44269"},{"taxonomy":"post_tag","embeddable":true,"href":"https:\/\/blogdafeira.com.br\/home\/wp-json\/wp\/v2\/tags?post=44269"}],"curies":[{"name":"wp","href":"https:\/\/api.w.org\/{rel}","templated":true}]}}