{"id":44345,"date":"2021-03-24T12:56:14","date_gmt":"2021-03-24T15:56:14","guid":{"rendered":"https:\/\/blogdafeira.com.br\/home\/?p=44345"},"modified":"2021-03-25T22:01:09","modified_gmt":"2021-03-26T01:01:09","slug":"crea-da-bahia-faz-como-o-ceara-e-lanca-atendimento-virtual","status":"publish","type":"post","link":"https:\/\/blogdafeira.com.br\/home\/2021\/03\/24\/crea-da-bahia-faz-como-o-ceara-e-lanca-atendimento-virtual\/","title":{"rendered":"CREA da Bahia faz como o Cear\u00e1 e lan\u00e7a atendimento virtual"},"content":{"rendered":"<div id=\"blogd-564773783\" class=\"blogd-fim-do-post-mobile blogd-entity-placement\" style=\"margin-left: auto;margin-right: auto;text-align: center;\"><a href=\"https:\/\/www.sefaz.feiradesantana.ba.gov.br\/\" target=\"_blank\" aria-label=\"728&#215;90 (6)\"><img loading=\"lazy\" decoding=\"async\" src=\"https:\/\/blogdafeira.com.br\/home\/wp-content\/uploads\/2026\/03\/728x90-6.gif\" alt=\"\"  class=\"no-lazyload\" width=\"728\" height=\"90\"  style=\"display: inline-block;\" \/><\/a><\/div><p style=\"text-align: justify;\">O Conselho Regional de Engenharia e Agronomia da Bahia lan\u00e7ou em mar\u00e7o, o atendimento virtual. Por meio de salas virtuais, os profissionais e empresas poder\u00e3o conversar com os atendentes e resolver suas demandas com a institui\u00e7\u00e3o. A nova ferramenta funciona de segunda a sexta-feira, das 13 \u00e0s 17 horas.<\/p><div id=\"blogd-2258669538\" class=\"blogd-conteudo-2-mobile blogd-entity-placement\"><a href=\"https:\/\/feirenses.com.br\/\" target=\"_blank\" aria-label=\"feirenses\"><img loading=\"lazy\" decoding=\"async\" src=\"https:\/\/blogdafeira.com.br\/home\/wp-content\/uploads\/2026\/04\/feirenses.png\" alt=\"\"  srcset=\"https:\/\/blogdafeira.com.br\/home\/wp-content\/uploads\/2026\/04\/feirenses.png 300w, https:\/\/blogdafeira.com.br\/home\/wp-content\/uploads\/2026\/04\/feirenses-170x45.png 170w, https:\/\/blogdafeira.com.br\/home\/wp-content\/uploads\/2026\/04\/feirenses-280x74.png 280w\" sizes=\"(max-width: 300px) 100vw, 300px\" class=\"no-lazyload\" width=\"300\" height=\"79\"  style=\"display: inline-block;\" \/><\/a><\/div>\n<p style=\"text-align: justify;\">O presidente do Crea-BA, eng. agrimensor Joseval Carqueija, destacou que este projeto j\u00e1 existe no Crea-CE.<\/p>\n<p style=\"text-align: justify;\"><em> \u201cEu vi o Balc\u00e3o de Atendimento Virtual do Cear\u00e1 e achei a ideia fant\u00e1stica, n\u00e3o s\u00f3 para nos ajudar a ficar mais pr\u00f3ximo dos profissionais neste momento de pandemia, onde estamos com atendimento presencial suspenso, cumprindo decretos governamentais, mas por lan\u00e7ar m\u00e3o de recursos tecnol\u00f3gicos que facilitam o dia a dia do profissional.<\/em>\u201d, pontua Carqueija.<\/p>\n<div id=\"blogd-1346701312\" class=\"blogd-final-post blogd-entity-placement\"><a href=\"https:\/\/www.feiradesantana.ba.leg.br\/\" target=\"_blank\" aria-label=\"BANNER-SITE-ENTREGADECHEQUE-CAMARADEFEIRA\"><img loading=\"lazy\" decoding=\"async\" src=\"https:\/\/blogdafeira.com.br\/home\/wp-content\/uploads\/2026\/03\/BANNER-SITE-ENTREGADECHEQUE-CAMARADEFEIRA.gif\" alt=\"\"  class=\"no-lazyload\" width=\"728\" height=\"90\"   \/><\/a><\/div><p style=\"text-align: justify;\">Os servi\u00e7os do Sistema de Informa\u00e7\u00f5es T\u00e9cnicas e Administrativas estar\u00e3o funcionando normalmente,\u00a0bem como o e-mail de atendimento (<a href=\"mailto:atendimento@creaba.org.br\" target=\"_blank\" rel=\"noopener\">atendimento@creaba.org.br<\/a>).<\/p>\n<div style=\"text-align: justify;\"><\/div>\n","protected":false},"excerpt":{"rendered":"<p>O Conselho Regional de Engenharia e Agronomia da Bahia lan\u00e7ou em mar\u00e7o, o atendimento virtual. Por meio de salas virtuais, os profissionais e empresas poder\u00e3o conversar com os atendentes e resolver suas demandas com a institui\u00e7\u00e3o. A nova ferramenta funciona de segunda a sexta-feira, das 13 \u00e0s 17 horas. O presidente do Crea-BA, eng. agrimensor<\/p>\n","protected":false},"author":1,"featured_media":44346,"comment_status":"open","ping_status":"open","sticky":false,"template":"","format":"standard","meta":{"jetpack_post_was_ever_published":false,"cybocfi_hide_featured_image":"","_jetpack_newsletter_access":"","_jetpack_dont_email_post_to_subs":false,"_jetpack_newsletter_tier_id":0,"_jetpack_memberships_contains_paywalled_content":false,"_jetpack_memberships_contains_paid_content":false,"footnotes":"","jetpack_publicize_message":"","jetpack_publicize_feature_enabled":true,"jetpack_social_post_already_shared":true,"jetpack_social_options":{"image_generator_settings":{"template":"highway","default_image_id":0,"font":"","enabled":false},"version":2}},"categories":[680,1],"tags":[],"class_list":["post-44345","post","type-post","status-publish","format-standard","has-post-thumbnail","hentry","category-bahia","category-raiz"],"jetpack_publicize_connections":[],"jetpack_featured_media_url":"https:\/\/blogdafeira.com.br\/home\/wp-content\/uploads\/2021\/03\/AtendimentoVirtual.Crea_.png","jetpack_shortlink":"https:\/\/wp.me\/p3niVf-bxf","jetpack_sharing_enabled":true,"jetpack-related-posts":[{"id":28831,"url":"https:\/\/blogdafeira.com.br\/home\/2017\/12\/19\/professor-luizao-e-o-novo-presidente-do-crea-da-bahia-toma-posse-em-janeiro\/","url_meta":{"origin":44345,"position":0},"title":"Professor Luiz\u00e3o \u00e9 o novo presidente do CREA da Bahia; toma posse em janeiro","author":"Comunica\u00e7\u00e3o\u00a0\/Crea-BA","date":"19\/12\/2017","format":false,"excerpt":"Marcada por uma ampla participa\u00e7\u00e3o dos profissionais da \u00e1rea tecnol\u00f3gica, as elei\u00e7\u00f5es do Conselho Regional de Engenharia e Agronomia da Bahia (Crea) definiram a escolha do nome do engenheiro civil Lu\u00eds Edmundo Prado de Campos, conhecido como professor Luiz\u00e3o, para conduzir os destinos da institui\u00e7\u00e3o nos pr\u00f3ximos tr\u00eas anos. O\u2026","rel":"","context":"Em &quot;Home&quot;","block_context":{"text":"Home","link":"https:\/\/blogdafeira.com.br\/home\/categoria\/raiz\/"},"img":{"alt_text":"images-8","src":"https:\/\/i0.wp.com\/blogdafeira.com.br\/home\/wp-content\/uploads\/2017\/12\/images-8.jpeg?resize=350%2C200","width":350,"height":200},"classes":[]},{"id":29185,"url":"https:\/\/blogdafeira.com.br\/home\/2018\/03\/08\/crea-da-bahia-faz-votacao-para-escolher-inspetores-nos-dias-15-e-16\/","url_meta":{"origin":44345,"position":1},"title":"CREA da Bahia faz vota\u00e7\u00e3o para escolher inspetores nos dias 15 e 16","author":"Comunica\u00e7\u00e3o\u00a0\/Crea-BA","date":"08\/03\/2018","format":false,"excerpt":"Mais de 100 profissionais da \u00e1rea tecnol\u00f3gica se candidataram para participar da consulta p\u00fablica para indica\u00e7\u00e3o de inspetores Conselho Regional de Engenharia e Agronomia da Bahia. As vota\u00e7\u00f5es ser\u00e3o realizadas nos dias 15 e 16\/03 atrav\u00e9s do portal do profissional (SITAC) e o resultado ser\u00e1 divulgado no dia 27\/03. As\u2026","rel":"","context":"Em &quot;Home&quot;","block_context":{"text":"Home","link":"https:\/\/blogdafeira.com.br\/home\/categoria\/raiz\/"},"img":{"alt_text":"","src":"https:\/\/i0.wp.com\/blogdafeira.com.br\/home\/wp-content\/uploads\/2018\/03\/images-7.jpeg?resize=350%2C200","width":350,"height":200},"classes":[]},{"id":47944,"url":"https:\/\/blogdafeira.com.br\/home\/2021\/10\/31\/praia-em-morro-de-sao-paulo-tem-deslizamento-de-falesias-crea-faz-alerta\/","url_meta":{"origin":44345,"position":2},"title":"Praia em Morro de S\u00e3o Paulo tem deslizamento de fal\u00e9sias; CREA faz alerta","author":"Comunica\u00e7\u00e3o\u00a0\/Crea-BA","date":"31\/10\/2021","format":false,"excerpt":"Um relat\u00f3rio t\u00e9cnico, com 104 p\u00e1ginas, feito por dois ge\u00f3logos, um agr\u00f4nomo e um ge\u00f3grafo, alerta para os riscos de deslizamentos de fal\u00e9sias em praia de Morro de S\u00e3o Paulo, um dos mais requisitados \"para\u00edsos tur\u00edsticos\" da Bahia. O relat\u00f3rio foi encomendado pela Prefeitura de Cairu, municipio-arquip\u00e9lago com 26 ilhas\u2026","rel":"","context":"Em &quot;Bahia&quot;","block_context":{"text":"Bahia","link":"https:\/\/blogdafeira.com.br\/home\/categoria\/bahia\/"},"img":{"alt_text":"","src":"https:\/\/i0.wp.com\/blogdafeira.com.br\/home\/wp-content\/uploads\/2021\/10\/WhatsApp-Image-2021-10-29-at-15.42.49-1.jpeg?resize=350%2C200&ssl=1","width":350,"height":200,"srcset":"https:\/\/i0.wp.com\/blogdafeira.com.br\/home\/wp-content\/uploads\/2021\/10\/WhatsApp-Image-2021-10-29-at-15.42.49-1.jpeg?resize=350%2C200&ssl=1 1x, https:\/\/i0.wp.com\/blogdafeira.com.br\/home\/wp-content\/uploads\/2021\/10\/WhatsApp-Image-2021-10-29-at-15.42.49-1.jpeg?resize=525%2C300&ssl=1 1.5x, https:\/\/i0.wp.com\/blogdafeira.com.br\/home\/wp-content\/uploads\/2021\/10\/WhatsApp-Image-2021-10-29-at-15.42.49-1.jpeg?resize=700%2C400&ssl=1 2x, https:\/\/i0.wp.com\/blogdafeira.com.br\/home\/wp-content\/uploads\/2021\/10\/WhatsApp-Image-2021-10-29-at-15.42.49-1.jpeg?resize=1050%2C600&ssl=1 3x"},"classes":[]},{"id":28382,"url":"https:\/\/blogdafeira.com.br\/home\/2017\/10\/17\/concurso-do-crea-da-bahia-incentiva-fabricacao-de-cerveja-artesanal\/","url_meta":{"origin":44345,"position":3},"title":"Concurso do CREA da Bahia incentiva fabrica\u00e7\u00e3o de cerveja artesanal","author":"Comunica\u00e7\u00e3o\u00a0\/Crea-BA","date":"17\/10\/2017","format":false,"excerpt":"Est\u00e3o abertas as inscri\u00e7\u00f5es para o I Concurso Engenheiro Premium, iniciativa realizada pelo Conselho Regional de Engenharia e Agronomia da Bahia, voltada ao incentivo ao ensino e pesquisa no processo de fabrica\u00e7\u00e3o de cerveja artesanal, bem como, fortalecimento das profiss\u00f5es da \u00e1rea tecnol\u00f3gica, como Engenharia Qu\u00edmica e de Alimentos. O\u2026","rel":"","context":"Em &quot;Home&quot;","block_context":{"text":"Home","link":"https:\/\/blogdafeira.com.br\/home\/categoria\/raiz\/"},"img":{"alt_text":"download-4","src":"https:\/\/i0.wp.com\/blogdafeira.com.br\/home\/wp-content\/uploads\/2017\/10\/download-4.jpg?resize=350%2C200","width":350,"height":200},"classes":[]},{"id":63116,"url":"https:\/\/blogdafeira.com.br\/home\/2024\/08\/03\/crea-contesta-edital-do-concurso-publico-da-prefeitura-de-feira\/","url_meta":{"origin":44345,"position":4},"title":"CREA contesta edital do concurso p\u00fablico da Prefeitura de Feira","author":"Comunica\u00e7\u00e3o\u00a0\/Crea-BA","date":"03\/08\/2024","format":false,"excerpt":"O Crea-BA (Conselho Regional de Engenharia e Agronomia da Bahia) apresentou impugna\u00e7\u00e3o contra o edital de concurso p\u00fablico realizado pela Prefeitura Municipal de Feira de Santana, tornado p\u00fablico sem respeitar os valores de sal\u00e1rio m\u00ednimo profissional definido por lei para a engenharia. O certame prev\u00ea vagas para engenheiros civil, agr\u00f4nomo,\u2026","rel":"","context":"Em &quot;Geral&quot;","block_context":{"text":"Geral","link":"https:\/\/blogdafeira.com.br\/home\/categoria\/geral\/"},"img":{"alt_text":"","src":"https:\/\/i0.wp.com\/blogdafeira.com.br\/home\/wp-content\/uploads\/2024\/07\/Passo-Municipal-CAPA-foto-Jorge-Magalhaes-144.jpeg?resize=350%2C200&ssl=1","width":350,"height":200,"srcset":"https:\/\/i0.wp.com\/blogdafeira.com.br\/home\/wp-content\/uploads\/2024\/07\/Passo-Municipal-CAPA-foto-Jorge-Magalhaes-144.jpeg?resize=350%2C200&ssl=1 1x, https:\/\/i0.wp.com\/blogdafeira.com.br\/home\/wp-content\/uploads\/2024\/07\/Passo-Municipal-CAPA-foto-Jorge-Magalhaes-144.jpeg?resize=525%2C300&ssl=1 1.5x, https:\/\/i0.wp.com\/blogdafeira.com.br\/home\/wp-content\/uploads\/2024\/07\/Passo-Municipal-CAPA-foto-Jorge-Magalhaes-144.jpeg?resize=700%2C400&ssl=1 2x, https:\/\/i0.wp.com\/blogdafeira.com.br\/home\/wp-content\/uploads\/2024\/07\/Passo-Municipal-CAPA-foto-Jorge-Magalhaes-144.jpeg?resize=1050%2C600&ssl=1 3x, https:\/\/i0.wp.com\/blogdafeira.com.br\/home\/wp-content\/uploads\/2024\/07\/Passo-Municipal-CAPA-foto-Jorge-Magalhaes-144.jpeg?resize=1400%2C800&ssl=1 4x"},"classes":[]},{"id":31794,"url":"https:\/\/blogdafeira.com.br\/home\/2019\/06\/27\/plano-de-saude-lanca-carteirinha-virtual-que-permite-cliente-acessar-procedimentos-pelo-smartphone\/","url_meta":{"origin":44345,"position":5},"title":"Plano de Sa\u00fade lan\u00e7a &#8216;carteirinha virtual&#8217; que permite cliente acessar procedimentos pelo smartphone","author":"Comunica\u00e7\u00e3o\u00a0\/Crea-BA","date":"27\/06\/2019","format":false,"excerpt":"Visando facilitar o processo de atendimento e reduzir burocracias, o Hapvida agora disponibiliza a Carteirinha virtual do plano de sa\u00fade. Atrav\u00e9s do App Hapvida Sa\u00fade, os clientes da rede poder\u00e3o ter acesso \u00e0 sua carteirinha e as de todos os seus dependentes no pr\u00f3prio smartphone. Nos aparelhos que utilizam sistema\u2026","rel":"","context":"Em &quot;Home&quot;","block_context":{"text":"Home","link":"https:\/\/blogdafeira.com.br\/home\/categoria\/raiz\/"},"img":{"alt_text":"","src":"https:\/\/i0.wp.com\/blogdafeira.com.br\/home\/wp-content\/uploads\/2019\/06\/unnamed.jpg?resize=350%2C200","width":350,"height":200,"srcset":"https:\/\/i0.wp.com\/blogdafeira.com.br\/home\/wp-content\/uploads\/2019\/06\/unnamed.jpg?resize=350%2C200 1x, https:\/\/i0.wp.com\/blogdafeira.com.br\/home\/wp-content\/uploads\/2019\/06\/unnamed.jpg?resize=525%2C300 1.5x, https:\/\/i0.wp.com\/blogdafeira.com.br\/home\/wp-content\/uploads\/2019\/06\/unnamed.jpg?resize=700%2C400 2x"},"classes":[]}],"_links":{"self":[{"href":"https:\/\/blogdafeira.com.br\/home\/wp-json\/wp\/v2\/posts\/44345","targetHints":{"allow":["GET"]}}],"collection":[{"href":"https:\/\/blogdafeira.com.br\/home\/wp-json\/wp\/v2\/posts"}],"about":[{"href":"https:\/\/blogdafeira.com.br\/home\/wp-json\/wp\/v2\/types\/post"}],"author":[{"embeddable":true,"href":"https:\/\/blogdafeira.com.br\/home\/wp-json\/wp\/v2\/users\/1"}],"replies":[{"embeddable":true,"href":"https:\/\/blogdafeira.com.br\/home\/wp-json\/wp\/v2\/comments?post=44345"}],"version-history":[{"count":2,"href":"https:\/\/blogdafeira.com.br\/home\/wp-json\/wp\/v2\/posts\/44345\/revisions"}],"predecessor-version":[{"id":44388,"href":"https:\/\/blogdafeira.com.br\/home\/wp-json\/wp\/v2\/posts\/44345\/revisions\/44388"}],"wp:featuredmedia":[{"embeddable":true,"href":"https:\/\/blogdafeira.com.br\/home\/wp-json\/wp\/v2\/media\/44346"}],"wp:attachment":[{"href":"https:\/\/blogdafeira.com.br\/home\/wp-json\/wp\/v2\/media?parent=44345"}],"wp:term":[{"taxonomy":"category","embeddable":true,"href":"https:\/\/blogdafeira.com.br\/home\/wp-json\/wp\/v2\/categories?post=44345"},{"taxonomy":"post_tag","embeddable":true,"href":"https:\/\/blogdafeira.com.br\/home\/wp-json\/wp\/v2\/tags?post=44345"}],"curies":[{"name":"wp","href":"https:\/\/api.w.org\/{rel}","templated":true}]}}