{"id":44477,"date":"2021-03-29T19:35:58","date_gmt":"2021-03-29T22:35:58","guid":{"rendered":"https:\/\/blogdafeira.com.br\/home\/?p=44477"},"modified":"2021-03-31T13:18:00","modified_gmt":"2021-03-31T16:18:00","slug":"segunda-feira-na-feira","status":"publish","type":"post","link":"https:\/\/blogdafeira.com.br\/home\/2021\/03\/29\/segunda-feira-na-feira\/","title":{"rendered":"Segunda-feira na Feira"},"content":{"rendered":"<div id=\"attachment_44481\" style=\"width: 352px\" class=\"wp-caption aligncenter\"><a href=\"https:\/\/blogdafeira.com.br\/home\/wp-content\/uploads\/2021\/03\/IMG_20170401_1215272-scaled.jpg\"><img loading=\"lazy\" decoding=\"async\" aria-describedby=\"caption-attachment-44481\" class=\"wp-image-44481\" src=\"https:\/\/blogdafeira.com.br\/home\/wp-content\/uploads\/2021\/03\/IMG_20170401_1215272-687x1024.jpg\" alt=\"\" width=\"342\" height=\"509\" srcset=\"https:\/\/blogdafeira.com.br\/home\/wp-content\/uploads\/2021\/03\/IMG_20170401_1215272-687x1024.jpg 687w, https:\/\/blogdafeira.com.br\/home\/wp-content\/uploads\/2021\/03\/IMG_20170401_1215272-201x300.jpg 201w, https:\/\/blogdafeira.com.br\/home\/wp-content\/uploads\/2021\/03\/IMG_20170401_1215272-101x150.jpg 101w, https:\/\/blogdafeira.com.br\/home\/wp-content\/uploads\/2021\/03\/IMG_20170401_1215272-768x1145.jpg 768w, https:\/\/blogdafeira.com.br\/home\/wp-content\/uploads\/2021\/03\/IMG_20170401_1215272-1030x1536.jpg 1030w, https:\/\/blogdafeira.com.br\/home\/wp-content\/uploads\/2021\/03\/IMG_20170401_1215272-1374x2048.jpg 1374w, https:\/\/blogdafeira.com.br\/home\/wp-content\/uploads\/2021\/03\/IMG_20170401_1215272-125x187.jpg 125w, https:\/\/blogdafeira.com.br\/home\/wp-content\/uploads\/2021\/03\/IMG_20170401_1215272-1170x1744.jpg 1170w, https:\/\/blogdafeira.com.br\/home\/wp-content\/uploads\/2021\/03\/IMG_20170401_1215272-scaled.jpg 1717w\" sizes=\"auto, (max-width: 342px) 100vw, 342px\" \/><\/a><p id=\"caption-attachment-44481\" class=\"wp-caption-text\">Vendedora na rampa do galp\u00e3o das farinhas no centro de abastecimento de feira de santana. (2017.c\/filtro)<\/p><\/div>\n<div id=\"blogd-4059935254\" class=\"blogd-fim-do-post-mobile blogd-entity-placement\" style=\"margin-left: auto;margin-right: auto;text-align: center;\"><a href=\"https:\/\/www.sefaz.feiradesantana.ba.gov.br\/\" target=\"_blank\" aria-label=\"728&#215;90 (6)\"><img loading=\"lazy\" decoding=\"async\" src=\"https:\/\/blogdafeira.com.br\/home\/wp-content\/uploads\/2026\/03\/728x90-6.gif\" alt=\"\"  class=\"no-lazyload\" width=\"728\" height=\"90\"  style=\"display: inline-block;\" \/><\/a><\/div><p><a href=\"https:\/\/blogdafeira.com.br\/home\/wp-content\/uploads\/2021\/03\/anjos-guardioes.jpg\"><img loading=\"lazy\" decoding=\"async\" class=\"alignleft wp-image-44496 size-medium\" src=\"https:\/\/blogdafeira.com.br\/home\/wp-content\/uploads\/2021\/03\/anjos-guardioes-204x300.jpg\" alt=\"\" width=\"204\" height=\"300\" srcset=\"https:\/\/blogdafeira.com.br\/home\/wp-content\/uploads\/2021\/03\/anjos-guardioes-204x300.jpg 204w, https:\/\/blogdafeira.com.br\/home\/wp-content\/uploads\/2021\/03\/anjos-guardioes-102x150.jpg 102w, https:\/\/blogdafeira.com.br\/home\/wp-content\/uploads\/2021\/03\/anjos-guardioes-127x187.jpg 127w, https:\/\/blogdafeira.com.br\/home\/wp-content\/uploads\/2021\/03\/anjos-guardioes.jpg 442w\" sizes=\"auto, (max-width: 204px) 100vw, 204px\" \/><\/a>Olhando, vesgos, para a Matriz de Santana e o entorno est\u00e3o os anjos guardi\u00f5es das ru\u00ednas do primeiro hospital da Santa Casa de Miseric\u00f3rdia de Feira de Santana, hoje sob a guarda casti\u00e7a do Sesc. \u00c9 um tema reincidente que a segunda-feira me trouxe, as ru\u00ednas. O que seria de Roma sem elas?<a href=\"https:\/\/blogdafeira.com.br\/home\/wp-content\/uploads\/2021\/03\/IMG_20210329_124153_750-scaled.jpg\"><img loading=\"lazy\" decoding=\"async\" class=\"alignright wp-image-44482 size-medium\" src=\"https:\/\/blogdafeira.com.br\/home\/wp-content\/uploads\/2021\/03\/IMG_20210329_124153_750-225x300.jpg\" alt=\"\" width=\"225\" height=\"300\" srcset=\"https:\/\/blogdafeira.com.br\/home\/wp-content\/uploads\/2021\/03\/IMG_20210329_124153_750-225x300.jpg 225w, https:\/\/blogdafeira.com.br\/home\/wp-content\/uploads\/2021\/03\/IMG_20210329_124153_750-768x1024.jpg 768w, https:\/\/blogdafeira.com.br\/home\/wp-content\/uploads\/2021\/03\/IMG_20210329_124153_750-113x150.jpg 113w, https:\/\/blogdafeira.com.br\/home\/wp-content\/uploads\/2021\/03\/IMG_20210329_124153_750-1152x1536.jpg 1152w, https:\/\/blogdafeira.com.br\/home\/wp-content\/uploads\/2021\/03\/IMG_20210329_124153_750-1536x2048.jpg 1536w, https:\/\/blogdafeira.com.br\/home\/wp-content\/uploads\/2021\/03\/IMG_20210329_124153_750-140x187.jpg 140w, https:\/\/blogdafeira.com.br\/home\/wp-content\/uploads\/2021\/03\/IMG_20210329_124153_750-1170x1560.jpg 1170w, https:\/\/blogdafeira.com.br\/home\/wp-content\/uploads\/2021\/03\/IMG_20210329_124153_750-scaled.jpg 1920w\" sizes=\"auto, (max-width: 225px) 100vw, 225px\" \/><\/a><\/p><div id=\"blogd-359037941\" class=\"blogd-conteudo-2-mobile blogd-entity-placement\"><a href=\"https:\/\/feirenses.com.br\/\" target=\"_blank\" aria-label=\"feirenses\"><img loading=\"lazy\" decoding=\"async\" src=\"https:\/\/blogdafeira.com.br\/home\/wp-content\/uploads\/2026\/04\/feirenses.png\" alt=\"\"  srcset=\"https:\/\/blogdafeira.com.br\/home\/wp-content\/uploads\/2026\/04\/feirenses.png 300w, https:\/\/blogdafeira.com.br\/home\/wp-content\/uploads\/2026\/04\/feirenses-170x45.png 170w, https:\/\/blogdafeira.com.br\/home\/wp-content\/uploads\/2026\/04\/feirenses-280x74.png 280w\" sizes=\"(max-width: 300px) 100vw, 300px\" class=\"no-lazyload\" width=\"300\" height=\"79\"  style=\"display: inline-block;\" \/><\/a><\/div>\n<p><strong>Nem tic, nem tac. <\/strong>Esse (da foto) era o movimento comercial no xope de elias hoje, segunda-feira, pela manh\u00e3&#8230;<\/p>\n<div id=\"blogd-346260896\" class=\"blogd-final-post blogd-entity-placement\"><a href=\"https:\/\/www.feiradesantana.ba.leg.br\/\" target=\"_blank\" aria-label=\"BANNER-SITE-ENTREGADECHEQUE-CAMARADEFEIRA\"><img loading=\"lazy\" decoding=\"async\" src=\"https:\/\/blogdafeira.com.br\/home\/wp-content\/uploads\/2026\/03\/BANNER-SITE-ENTREGADECHEQUE-CAMARADEFEIRA.gif\" alt=\"\"  class=\"no-lazyload\" width=\"728\" height=\"90\"   \/><\/a><\/div><p>O xope fez cair tamb\u00e9m o movimento comercial no que sobrou do Centro de Abastecimento&#8230; o de <span style=\"color: #3366ff;\"><a style=\"color: #3366ff;\" href=\"https:\/\/blogdafeira.com.br\/home\/2020\/05\/12\/assista-bie-dos-8-baixos-filme-disponivel-gratuitamente-no-youtube\/\" target=\"_blank\" rel=\"noopener\">Bi\u00e9<\/a><\/span>.<br \/>\nA situa\u00e7\u00e3o &#8216;l\u00e1 embaixo&#8217; \u00e9 dif\u00edcil.<\/p>\n","protected":false},"excerpt":{"rendered":"<p>Olhando, vesgos, para a Matriz de Santana e o entorno est\u00e3o os anjos guardi\u00f5es das ru\u00ednas do primeiro hospital da Santa Casa de Miseric\u00f3rdia de Feira de Santana, hoje sob a guarda casti\u00e7a do Sesc. \u00c9 um tema reincidente que a segunda-feira me trouxe, as ru\u00ednas. O que seria de Roma sem elas? Nem tic,<\/p>\n","protected":false},"author":8,"featured_media":0,"comment_status":"open","ping_status":"open","sticky":false,"template":"","format":"standard","meta":{"jetpack_post_was_ever_published":false,"cybocfi_hide_featured_image":"","_jetpack_newsletter_access":"","_jetpack_dont_email_post_to_subs":false,"_jetpack_newsletter_tier_id":0,"_jetpack_memberships_contains_paywalled_content":false,"_jetpack_memberships_contains_paid_content":false,"footnotes":"","jetpack_publicize_message":"","jetpack_publicize_feature_enabled":true,"jetpack_social_post_already_shared":true,"jetpack_social_options":{"image_generator_settings":{"template":"highway","default_image_id":0,"font":"","enabled":false},"version":2}},"categories":[3,592,1],"tags":[638,625],"class_list":["post-44477","post","type-post","status-publish","format-standard","hentry","category-cidade","category-colunistas","category-raiz","tag-centro-de-abastecimento","tag-shopping-popular"],"jetpack_publicize_connections":[],"jetpack_featured_media_url":"","jetpack_shortlink":"https:\/\/wp.me\/p3niVf-bzn","jetpack_sharing_enabled":true,"jetpack-related-posts":[{"id":27664,"url":"https:\/\/blogdafeira.com.br\/home\/2017\/07\/31\/ruinas-impedem-acesso-ao-centro-de-cultura-amelio-amorim-pela-av-pres-dutra-em-feira\/","url_meta":{"origin":44477,"position":0},"title":"Ru\u00ednas impedem acesso ao Centro de Cultura Am\u00e9lio Amorim pela av. Pres. Dutra em Feira","author":"Blog da Feira","date":"31\/07\/2017","format":false,"excerpt":"\u00c9 vergonhoso que nenhum governo da Bahia, \u00a0a come\u00e7ar pelo que criou o Centro de Cultura Am\u00e9lio Amorim em Feira de Santana,\u00a0conseguiu dar um destino a esse espa\u00e7o inutilizado pelas ru\u00ednas e escoramento de dois pr\u00e9dios sem valor hist\u00f3rico nem referencial nenhum para a maioria da popula\u00e7\u00e3o. Uma micro boate\u2026","rel":"","context":"Em &quot;Home&quot;","block_context":{"text":"Home","link":"https:\/\/blogdafeira.com.br\/home\/categoria\/raiz\/"},"img":{"alt_text":"img_20170731_141248688","src":"https:\/\/i0.wp.com\/blogdafeira.com.br\/home\/wp-content\/uploads\/2017\/07\/IMG_20170731_141248688-1-1024x576.jpg?resize=350%2C200","width":350,"height":200,"srcset":"https:\/\/i0.wp.com\/blogdafeira.com.br\/home\/wp-content\/uploads\/2017\/07\/IMG_20170731_141248688-1-1024x576.jpg?resize=350%2C200 1x, https:\/\/i0.wp.com\/blogdafeira.com.br\/home\/wp-content\/uploads\/2017\/07\/IMG_20170731_141248688-1-1024x576.jpg?resize=525%2C300 1.5x, https:\/\/i0.wp.com\/blogdafeira.com.br\/home\/wp-content\/uploads\/2017\/07\/IMG_20170731_141248688-1-1024x576.jpg?resize=700%2C400 2x"},"classes":[]},{"id":1441,"url":"https:\/\/blogdafeira.com.br\/home\/2013\/05\/10\/amelio-amorim-foi-reformado-mas-o-jerimum-continua-em-ruinas\/","url_meta":{"origin":44477,"position":1},"title":"Am\u00e9lio Amorim foi reformado mas o \u2018Jerimum\u2019 continua em ru\u00ednas","author":"Blog da Feira","date":"10\/05\/2013","format":false,"excerpt":"A Secretaria de Cultura do Estado da Bahia (Secult) prepara uma celebra\u00e7\u00e3o \u2018em grande estilo\u2019 para comemorar a reabertura, pr\u00f3ximo dia 16, do Centro de Cultura Am\u00e9lio Amorim, de Feira de Santana, ap\u00f3s uma reforma no local. A Secult anuncia uma ampla programa\u00e7\u00e3o de 16 a 30 deste m\u00eas para\u2026","rel":"","context":"Em &quot;Cultura&quot;","block_context":{"text":"Cultura","link":"https:\/\/blogdafeira.com.br\/home\/categoria\/cultura\/"},"img":{"alt_text":"a567","src":"https:\/\/i0.wp.com\/blogdafeira.com.br\/home\/wp-content\/uploads\/2013\/05\/a567-170x126.jpg?resize=350%2C200","width":350,"height":200},"classes":[]},{"id":32852,"url":"https:\/\/blogdafeira.com.br\/home\/2019\/09\/13\/centro-de-cultura-amelio-amorim-em-feira-de-santana-comemora-27-anos-com-uma-ocupacao-artistica\/","url_meta":{"origin":44477,"position":2},"title":"Centro de Cultura Am\u00e9lio Amorim, em Feira de Santana, comemora 27 anos com uma ocupa\u00e7\u00e3o art\u00edstica","author":"J\u00e2nio R\u00eago","date":"13\/09\/2019","format":false,"excerpt":"Neste s\u00e1bado a arte tem um endere\u00e7o certo: Centro de Cultura Am\u00e9lio Amorim que completa 27 anos de funda\u00e7\u00e3o comemorada com uma ampla interven\u00e7\u00e3o art\u00edstica nas depend\u00eancias do CCAA. Mais de uma dezena de de artistas dos mais diversos segmentos confirmaram presen\u00e7a. A ocupa\u00e7\u00e3o faz refer\u00eancia ao 'Jerimum', antiga boate\u2026","rel":"","context":"Em &quot;Home&quot;","block_context":{"text":"Home","link":"https:\/\/blogdafeira.com.br\/home\/categoria\/raiz\/"},"img":{"alt_text":"","src":"https:\/\/i0.wp.com\/blogdafeira.com.br\/home\/wp-content\/uploads\/2019\/09\/IMG-20190829-WA0031-975x1024.jpg?resize=350%2C200","width":350,"height":200,"srcset":"https:\/\/i0.wp.com\/blogdafeira.com.br\/home\/wp-content\/uploads\/2019\/09\/IMG-20190829-WA0031-975x1024.jpg?resize=350%2C200 1x, https:\/\/i0.wp.com\/blogdafeira.com.br\/home\/wp-content\/uploads\/2019\/09\/IMG-20190829-WA0031-975x1024.jpg?resize=525%2C300 1.5x, https:\/\/i0.wp.com\/blogdafeira.com.br\/home\/wp-content\/uploads\/2019\/09\/IMG-20190829-WA0031-975x1024.jpg?resize=700%2C400 2x"},"classes":[]},{"id":27896,"url":"https:\/\/blogdafeira.com.br\/home\/2017\/08\/22\/ruinas-no-amelio-amorim-em-feira-de-santana-nao-tem-valor-historico-demolicao-ja\/","url_meta":{"origin":44477,"position":3},"title":"Ru\u00ednas no Am\u00e9lio Amorim em Feira de Santana n\u00e3o t\u00eam valor hist\u00f3rico: demoli\u00e7\u00e3o j\u00e1!","author":"J\u00e2nio R\u00eago","date":"22\/08\/2017","format":false,"excerpt":"Passados mais de 30 anos da estatiza\u00e7\u00e3o da \u00e1rea e constru\u00e7\u00e3o do Centro de Cultura Am\u00e9lio Amorim, em Feira de Santana, n\u00e3o h\u00e1 mais sentido nem raz\u00e3o para deixar de p\u00e9 as ru\u00ednas do que foi um 'complexo\u00a0tur\u00edstico' de luxo ocupando inutilmente um valioso espa\u00e7o naquele local. Primeiro, n\u00e3o h\u00e1\u2026","rel":"","context":"Em &quot;Cidade&quot;","block_context":{"text":"Cidade","link":"https:\/\/blogdafeira.com.br\/home\/categoria\/cidade\/"},"img":{"alt_text":"img_20170818_100004098","src":"https:\/\/i0.wp.com\/blogdafeira.com.br\/home\/wp-content\/uploads\/2017\/08\/IMG_20170818_100004098-576x1024.jpg?resize=350%2C200","width":350,"height":200,"srcset":"https:\/\/i0.wp.com\/blogdafeira.com.br\/home\/wp-content\/uploads\/2017\/08\/IMG_20170818_100004098-576x1024.jpg?resize=350%2C200 1x, https:\/\/i0.wp.com\/blogdafeira.com.br\/home\/wp-content\/uploads\/2017\/08\/IMG_20170818_100004098-576x1024.jpg?resize=525%2C300 1.5x"},"classes":[]},{"id":39338,"url":"https:\/\/blogdafeira.com.br\/home\/2020\/08\/03\/jorge-portugal-tentou-recuperar-as-ruinas-do-carro-de-boi\/","url_meta":{"origin":44477,"position":4},"title":"Jorge Portugal tentou recuperar as ru\u00ednas do Carro de Boi","author":"Blog da Feira","date":"03\/08\/2020","format":false,"excerpt":"Nos dois anos (2015-2017) em que passou como secret\u00e1rio estadual de Cultura, o professor e compositor Jorge Portugal, falecido hoje em Salvador, tentou encontrar uma maneira de recuperar as ru\u00ednas do antigo restaurante Carro de Boi e boate Jerimum que fazem parte da \u00e1rea onde est\u00e1 localizado o Centro de\u2026","rel":"","context":"Em &quot;Cultura&quot;","block_context":{"text":"Cultura","link":"https:\/\/blogdafeira.com.br\/home\/categoria\/cultura\/"},"img":{"alt_text":"","src":"https:\/\/i0.wp.com\/blogdafeira.com.br\/home\/wp-content\/uploads\/2020\/08\/jorge-portugal-e-z%C3%A9-neto.-ccaa.jpg?resize=350%2C200&ssl=1","width":350,"height":200,"srcset":"https:\/\/i0.wp.com\/blogdafeira.com.br\/home\/wp-content\/uploads\/2020\/08\/jorge-portugal-e-z%C3%A9-neto.-ccaa.jpg?resize=350%2C200&ssl=1 1x, https:\/\/i0.wp.com\/blogdafeira.com.br\/home\/wp-content\/uploads\/2020\/08\/jorge-portugal-e-z%C3%A9-neto.-ccaa.jpg?resize=525%2C300&ssl=1 1.5x, https:\/\/i0.wp.com\/blogdafeira.com.br\/home\/wp-content\/uploads\/2020\/08\/jorge-portugal-e-z%C3%A9-neto.-ccaa.jpg?resize=700%2C400&ssl=1 2x"},"classes":[]},{"id":20571,"url":"https:\/\/blogdafeira.com.br\/home\/2016\/04\/04\/faixas-no-centro-de-abastecimento-em-feira-contra-o-shopping-popular\/","url_meta":{"origin":44477,"position":5},"title":"Faixas no Centro de Abastecimento em Feira contra o &#8216;shopping popular&#8217;","author":"Blog da Feira","date":"04\/04\/2016","format":false,"excerpt":"O Centro de Abastecimento em Feira de Santana amanheceu a segunda-feira cercado de faixas de protesto contra a implanta\u00e7\u00e3o do shopping popular que ir\u00e1 relocar a \u00e1rea de artesanato do local. \"O shopping n\u00e3o \u00e9 popular, \u00e9 particular\", \"Shopping Popular pra quem?\" e outros dizeres est\u00e3o escritos nas faixas fixadas\u2026","rel":"","context":"Em &quot;Home&quot;","block_context":{"text":"Home","link":"https:\/\/blogdafeira.com.br\/home\/categoria\/raiz\/"},"img":{"alt_text":"centro de ABASTECIMENTO PROTESTO","src":"https:\/\/i0.wp.com\/blogdafeira.com.br\/home\/wp-content\/uploads\/2016\/04\/centro-de-ABASTECIMENTO-PROTESTO.jpg?resize=350%2C200","width":350,"height":200,"srcset":"https:\/\/i0.wp.com\/blogdafeira.com.br\/home\/wp-content\/uploads\/2016\/04\/centro-de-ABASTECIMENTO-PROTESTO.jpg?resize=350%2C200 1x, https:\/\/i0.wp.com\/blogdafeira.com.br\/home\/wp-content\/uploads\/2016\/04\/centro-de-ABASTECIMENTO-PROTESTO.jpg?resize=525%2C300 1.5x, https:\/\/i0.wp.com\/blogdafeira.com.br\/home\/wp-content\/uploads\/2016\/04\/centro-de-ABASTECIMENTO-PROTESTO.jpg?resize=700%2C400 2x"},"classes":[]}],"_links":{"self":[{"href":"https:\/\/blogdafeira.com.br\/home\/wp-json\/wp\/v2\/posts\/44477","targetHints":{"allow":["GET"]}}],"collection":[{"href":"https:\/\/blogdafeira.com.br\/home\/wp-json\/wp\/v2\/posts"}],"about":[{"href":"https:\/\/blogdafeira.com.br\/home\/wp-json\/wp\/v2\/types\/post"}],"author":[{"embeddable":true,"href":"https:\/\/blogdafeira.com.br\/home\/wp-json\/wp\/v2\/users\/8"}],"replies":[{"embeddable":true,"href":"https:\/\/blogdafeira.com.br\/home\/wp-json\/wp\/v2\/comments?post=44477"}],"version-history":[{"count":14,"href":"https:\/\/blogdafeira.com.br\/home\/wp-json\/wp\/v2\/posts\/44477\/revisions"}],"predecessor-version":[{"id":44501,"href":"https:\/\/blogdafeira.com.br\/home\/wp-json\/wp\/v2\/posts\/44477\/revisions\/44501"}],"wp:attachment":[{"href":"https:\/\/blogdafeira.com.br\/home\/wp-json\/wp\/v2\/media?parent=44477"}],"wp:term":[{"taxonomy":"category","embeddable":true,"href":"https:\/\/blogdafeira.com.br\/home\/wp-json\/wp\/v2\/categories?post=44477"},{"taxonomy":"post_tag","embeddable":true,"href":"https:\/\/blogdafeira.com.br\/home\/wp-json\/wp\/v2\/tags?post=44477"}],"curies":[{"name":"wp","href":"https:\/\/api.w.org\/{rel}","templated":true}]}}